{"id":11424,"date":"2017-12-15T13:20:45","date_gmt":"2017-12-15T12:20:45","guid":{"rendered":"http:\/\/tiszacsege.hu\/?p=11424"},"modified":"2017-12-15T13:21:21","modified_gmt":"2017-12-15T12:21:21","slug":"tajekoztato-szunidei-gyermeketkeztetes-igenybevetelenek-lehetosegerol-20172018-as-tanev","status":"publish","type":"post","link":"https:\/\/tiszacsege.hu\/?p=11424","title":{"rendered":"T\u00c1J\u00c9KOZTAT\u00d3 sz\u00fcnidei gyermek\u00e9tkeztet\u00e9s ig\u00e9nybev\u00e9tel\u00e9nek lehet\u0151s\u00e9g\u00e9r\u0151l (2017\/2018-as tan\u00e9v)"},"content":{"rendered":"<p>Tiszacsege V\u00e1ros \u00d6nkorm\u00e1nyzat\u00e1nak Polg\u00e1rmestere, valamint Tiszacsege V\u00e1ros \u00d6nkorm\u00e1nyzat\u00e1nak Jegyz\u0151je t\u00e1j\u00e9koztatja a Tisztelt sz\u00fcl\u0151t\/t\u00f6rv\u00e9nyes k\u00e9pvisel\u0151t, hogy az 1997. \u00e9vi XXXI. t\u00f6rv\u00e9ny (tov\u00e1bbiakban Gyvt.) 21\/C. \u00a7-a alapj\u00e1n a telep\u00fcl\u00e9si \u00f6nkorm\u00e1nyzat a sz\u00fcnidei gyermek\u00e9tkeztet\u00e9s keret\u00e9ben a sz\u00fcl\u0151, t\u00f6rv\u00e9nyes k\u00e9pvisel\u0151 <strong>k\u00e9relm\u00e9re a d\u00e9li meleg f\u0151\u00e9tkez\u00e9st <\/strong>a Tiszacsege V\u00e1ros K\u00f6zigazgat\u00e1si ter\u00fclet\u00e9n<strong> lak\u00f3hellyel rendelkez\u0151<\/strong> <strong>h\u00e1tr\u00e1nyos helyzet\u0171, \u00e9s a rendszeres gyermekv\u00e9delmi kedvezm\u00e9nyben r\u00e9szes\u00fcl\u0151, halmozottan h\u00e1tr\u00e1nyos helyzet\u0171 gyermek r\u00e9sz\u00e9re 18 \u00e9ves korig ingyenesen biztos\u00edtja <\/strong>a t\u00e9li tan\u00edt\u00e1si sz\u00fcnetben.<\/p>\n<p style=\"text-align: center;\"><strong>A t\u00e9li sz\u00fcnet id\u0151szaka:<\/strong><\/p>\n<p style=\"text-align: center;\"><strong>2017.<\/strong><strong>december 27 &#8211; 2018. janu\u00e1r 2.<\/strong><\/p>\n<p>A sz\u00fcnidei gyermek\u00e9tkeztet\u00e9s ig\u00e9nybev\u00e9tele<strong> kiz\u00e1r\u00f3lag elvitellel <\/strong>lehets\u00e9ges, <strong>a jogosult gyermek sz\u00fcl\u0151je, m\u00e1s t\u00f6rv\u00e9nyes k\u00e9pvisel\u0151je, vagy a sz\u00fcl\u0151, m\u00e1s t\u00f6rv\u00e9nyes k\u00e9pvisel\u0151 \u00e1ltal megb\u00edzott szem\u00e9ly \u00e1ltal.<\/strong> A sz\u00fcl\u0151 vagy t\u00f6rv\u00e9nyes k\u00e9pvisel\u0151 \u00e1ltal megb\u00edzott szem\u00e9ly kiz\u00e1r\u00f3lag <strong>\u00edr\u00e1sbeli meghatalmaz\u00e1s<\/strong> alapj\u00e1n jogosult az \u00e9tel elvitel\u00e9re.<\/p>\n<p>&nbsp;<\/p>\n<p><strong>Az \u00e9tel kiad\u00e1s\u00e1nak helysz\u00edne:<\/strong><strong>\u00a0<\/strong><\/p>\n<p style=\"padding-left: 60px;\">Tiszacsegei Fekete Istv\u00e1n \u00c1ltal\u00e1nos Iskola Konyha<\/p>\n<p style=\"padding-left: 60px;\">4066 Tiszacsege, F\u0151 u. 95.<\/p>\n<p>&nbsp;<\/p>\n<p>Az \u00e9tel<strong> kiad\u00e1sa munkanapokon (2017. december 27-28-29., 2018. janu\u00e1r 2.) <\/strong><\/p>\n<p style=\"padding-left: 60px;\">\u00a0<strong>11:30 \u00f3r\u00e1t\u00f3l 13:30 \u00f3r\u00e1ig <\/strong>t\u00f6rt\u00e9nik.<\/p>\n<p>T\u00e1j\u00e9koztatjuk, hogy a sz\u00fcnidei gyermek\u00e9tkeztet\u00e9s <strong>kiz\u00e1r\u00f3lag munkanapokon<\/strong> vehet\u0151 ig\u00e9nybe, ez\u00e9rt a 2017. december 27 \u2013 2018. janu\u00e1r 2. napj\u00e1ig tart\u00f3 t\u00e9li sz\u00fcnetbe es\u0151 <strong>2018. janu\u00e1r 1.<\/strong> napj\u00e1n <strong>nem biztos\u00edtjuk<\/strong> az \u00e9tkeztet\u00e9st, tekintettel arra, hogy ez a nap munkasz\u00fcneti nap.<\/p>\n<p>&nbsp;<\/p>\n<p>Tiszacsege, 2017. december 13.<\/p>\n<p>Tisztelettel:<\/p>\n<p>&nbsp;<\/p>\n<p>Szil\u00e1gyi S\u00e1ndor sk.\u00a0\u00a0\u00a0\u00a0\u00a0\u00a0\u00a0\u00a0\u00a0\u00a0\u00a0\u00a0\u00a0\u00a0\u00a0\u00a0\u00a0\u00a0\u00a0\u00a0\u00a0\u00a0\u00a0\u00a0\u00a0 dr. B\u00f3n\u00e9 M\u00f3nika sk.<\/p>\n<p>polg\u00e1rmester\u00a0 \u00a0\u00a0\u00a0\u00a0\u00a0\u00a0\u00a0\u00a0\u00a0\u00a0\u00a0\u00a0\u00a0\u00a0\u00a0\u00a0\u00a0\u00a0\u00a0\u00a0\u00a0\u00a0\u00a0\u00a0\u00a0\u00a0\u00a0\u00a0\u00a0\u00a0\u00a0\u00a0\u00a0\u00a0\u00a0\u00a0\u00a0\u00a0\u00a0\u00a0\u00a0\u00a0\u00a0\u00a0\u00a0\u00a0jegyz\u0151<\/p>\n","protected":false},"excerpt":{"rendered":"<p>Tiszacsege V\u00e1ros \u00d6nkorm\u00e1nyzat\u00e1nak Polg\u00e1rmestere, valamint Tiszacsege V\u00e1ros \u00d6nkorm\u00e1nyzat\u00e1nak Jegyz\u0151je t\u00e1j\u00e9koztatja a Tisztelt sz\u00fcl\u0151t\/t\u00f6rv\u00e9nyes k\u00e9pvisel\u0151t, hogy az 1997. \u00e9vi XXXI. t\u00f6rv\u00e9ny (tov\u00e1bbiakban Gyvt.) 21\/C. \u00a7-a alapj\u00e1n a telep\u00fcl\u00e9si \u00f6nkorm\u00e1nyzat a sz\u00fcnidei gyermek\u00e9tkeztet\u00e9s keret\u00e9ben a sz\u00fcl\u0151, t\u00f6rv\u00e9nyes k\u00e9pvisel\u0151 k\u00e9relm\u00e9re a d\u00e9li meleg f\u0151\u00e9tkez\u00e9st a Tiszacsege V\u00e1ros K\u00f6zigazgat\u00e1si ter\u00fclet\u00e9n lak\u00f3hellyel rendelkez\u0151 h\u00e1tr\u00e1nyos helyzet\u0171, \u00e9s a rendszeres gyermekv\u00e9delmi kedvezm\u00e9nyben [&hellip;]<\/p>\n","protected":false},"author":1,"featured_media":11380,"comment_status":"closed","ping_status":"open","sticky":false,"template":"","format":"standard","meta":{"_editorskit_title_hidden":false,"_editorskit_reading_time":0,"_editorskit_is_block_options_detached":false,"_editorskit_block_options_position":"{}","_crdt_document":"","footnotes":""},"categories":[1],"tags":[],"post_folder":[],"class_list":["post-11424","post","type-post","status-publish","format-standard","has-post-thumbnail","hentry","category-hirek"],"yoast_head":"<!-- This site is optimized with the Yoast SEO plugin v27.4 - https:\/\/yoast.com\/product\/yoast-seo-wordpress\/ -->\n<title>T\u00c1J\u00c9KOZTAT\u00d3 sz\u00fcnidei gyermek\u00e9tkeztet\u00e9s ig\u00e9nybev\u00e9tel\u00e9nek lehet\u0151s\u00e9g\u00e9r\u0151l (2017\/2018-as tan\u00e9v)<\/title>\n<meta name=\"robots\" content=\"index, follow, max-snippet:-1, max-image-preview:large, max-video-preview:-1\" \/>\n<link rel=\"canonical\" href=\"https:\/\/tiszacsege.hu\/?p=11424\" \/>\n<meta property=\"og:locale\" content=\"hu_HU\" \/>\n<meta property=\"og:type\" content=\"article\" \/>\n<meta property=\"og:title\" content=\"T\u00c1J\u00c9KOZTAT\u00d3 sz\u00fcnidei gyermek\u00e9tkeztet\u00e9s ig\u00e9nybev\u00e9tel\u00e9nek lehet\u0151s\u00e9g\u00e9r\u0151l (2017\/2018-as tan\u00e9v)\" \/>\n<meta property=\"og:description\" content=\"Tiszacsege V\u00e1ros \u00d6nkorm\u00e1nyzat\u00e1nak Polg\u00e1rmestere, valamint Tiszacsege V\u00e1ros \u00d6nkorm\u00e1nyzat\u00e1nak Jegyz\u0151je t\u00e1j\u00e9koztatja a Tisztelt sz\u00fcl\u0151t\/t\u00f6rv\u00e9nyes k\u00e9pvisel\u0151t, hogy az 1997. \u00e9vi XXXI. t\u00f6rv\u00e9ny (tov\u00e1bbiakban Gyvt.) 21\/C. \u00a7-a alapj\u00e1n a telep\u00fcl\u00e9si \u00f6nkorm\u00e1nyzat a sz\u00fcnidei gyermek\u00e9tkeztet\u00e9s keret\u00e9ben a sz\u00fcl\u0151, t\u00f6rv\u00e9nyes k\u00e9pvisel\u0151 k\u00e9relm\u00e9re a d\u00e9li meleg f\u0151\u00e9tkez\u00e9st a Tiszacsege V\u00e1ros K\u00f6zigazgat\u00e1si ter\u00fclet\u00e9n lak\u00f3hellyel rendelkez\u0151 h\u00e1tr\u00e1nyos helyzet\u0171, \u00e9s a rendszeres gyermekv\u00e9delmi kedvezm\u00e9nyben [&hellip;]\" \/>\n<meta property=\"og:url\" content=\"https:\/\/tiszacsege.hu\/?p=11424\" \/>\n<meta property=\"og:site_name\" content=\"Tiszacsege\" \/>\n<meta property=\"article:publisher\" content=\"https:\/\/www.facebook.com\/tiszacsegeonkormanyzata\" \/>\n<meta property=\"article:published_time\" content=\"2017-12-15T12:20:45+00:00\" \/>\n<meta property=\"article:modified_time\" content=\"2017-12-15T12:21:21+00:00\" \/>\n<meta property=\"og:image\" content=\"https:\/\/tiszacsege.hu\/wp-content\/uploads\/2017\/11\/onkorm2.png\" \/>\n\t<meta property=\"og:image:width\" content=\"800\" \/>\n\t<meta property=\"og:image:height\" content=\"396\" \/>\n\t<meta property=\"og:image:type\" content=\"image\/png\" \/>\n<meta name=\"author\" content=\"admin\" \/>\n<meta name=\"twitter:card\" content=\"summary_large_image\" \/>\n<script type=\"application\/ld+json\" class=\"yoast-schema-graph\">{\"@context\":\"https:\\\/\\\/schema.org\",\"@graph\":[{\"@type\":\"Article\",\"@id\":\"https:\\\/\\\/tiszacsege.hu\\\/?p=11424#article\",\"isPartOf\":{\"@id\":\"https:\\\/\\\/tiszacsege.hu\\\/?p=11424\"},\"author\":{\"name\":\"admin\",\"@id\":\"https:\\\/\\\/tiszacsege.hu\\\/#\\\/schema\\\/person\\\/ff2f4e3a9747199f545a2cf351f25334\"},\"headline\":\"T\u00c1J\u00c9KOZTAT\u00d3 sz\u00fcnidei gyermek\u00e9tkeztet\u00e9s ig\u00e9nybev\u00e9tel\u00e9nek lehet\u0151s\u00e9g\u00e9r\u0151l (2017\\\/2018-as tan\u00e9v)\",\"datePublished\":\"2017-12-15T12:20:45+00:00\",\"dateModified\":\"2017-12-15T12:21:21+00:00\",\"mainEntityOfPage\":{\"@id\":\"https:\\\/\\\/tiszacsege.hu\\\/?p=11424\"},\"wordCount\":338,\"publisher\":{\"@id\":\"https:\\\/\\\/tiszacsege.hu\\\/#organization\"},\"image\":{\"@id\":\"https:\\\/\\\/tiszacsege.hu\\\/?p=11424#primaryimage\"},\"thumbnailUrl\":\"https:\\\/\\\/tiszacsege.hu\\\/wp-content\\\/uploads\\\/2017\\\/11\\\/onkorm2.png\",\"articleSection\":[\"Helyi h\u00edrek, t\u00e1j\u00e9koztat\u00f3k\"],\"inLanguage\":\"hu\"},{\"@type\":\"WebPage\",\"@id\":\"https:\\\/\\\/tiszacsege.hu\\\/?p=11424\",\"url\":\"https:\\\/\\\/tiszacsege.hu\\\/?p=11424\",\"name\":\"T\u00c1J\u00c9KOZTAT\u00d3 sz\u00fcnidei gyermek\u00e9tkeztet\u00e9s ig\u00e9nybev\u00e9tel\u00e9nek lehet\u0151s\u00e9g\u00e9r\u0151l (2017\\\/2018-as tan\u00e9v)\",\"isPartOf\":{\"@id\":\"https:\\\/\\\/tiszacsege.hu\\\/#website\"},\"primaryImageOfPage\":{\"@id\":\"https:\\\/\\\/tiszacsege.hu\\\/?p=11424#primaryimage\"},\"image\":{\"@id\":\"https:\\\/\\\/tiszacsege.hu\\\/?p=11424#primaryimage\"},\"thumbnailUrl\":\"https:\\\/\\\/tiszacsege.hu\\\/wp-content\\\/uploads\\\/2017\\\/11\\\/onkorm2.png\",\"datePublished\":\"2017-12-15T12:20:45+00:00\",\"dateModified\":\"2017-12-15T12:21:21+00:00\",\"breadcrumb\":{\"@id\":\"https:\\\/\\\/tiszacsege.hu\\\/?p=11424#breadcrumb\"},\"inLanguage\":\"hu\",\"potentialAction\":[{\"@type\":\"ReadAction\",\"target\":[\"https:\\\/\\\/tiszacsege.hu\\\/?p=11424\"]}]},{\"@type\":\"ImageObject\",\"inLanguage\":\"hu\",\"@id\":\"https:\\\/\\\/tiszacsege.hu\\\/?p=11424#primaryimage\",\"url\":\"https:\\\/\\\/tiszacsege.hu\\\/wp-content\\\/uploads\\\/2017\\\/11\\\/onkorm2.png\",\"contentUrl\":\"https:\\\/\\\/tiszacsege.hu\\\/wp-content\\\/uploads\\\/2017\\\/11\\\/onkorm2.png\",\"width\":800,\"height\":396},{\"@type\":\"BreadcrumbList\",\"@id\":\"https:\\\/\\\/tiszacsege.hu\\\/?p=11424#breadcrumb\",\"itemListElement\":[{\"@type\":\"ListItem\",\"position\":1,\"name\":\"Kezd\u0151lap\",\"item\":\"https:\\\/\\\/tiszacsege.hu\\\/\"},{\"@type\":\"ListItem\",\"position\":2,\"name\":\"T\u00c1J\u00c9KOZTAT\u00d3 sz\u00fcnidei gyermek\u00e9tkeztet\u00e9s ig\u00e9nybev\u00e9tel\u00e9nek lehet\u0151s\u00e9g\u00e9r\u0151l (2017\\\/2018-as tan\u00e9v)\"}]},{\"@type\":\"WebSite\",\"@id\":\"https:\\\/\\\/tiszacsege.hu\\\/#website\",\"url\":\"https:\\\/\\\/tiszacsege.hu\\\/\",\"name\":\"Tiszacsege\",\"description\":\"Tiszacsege hivatalos honlapja\",\"publisher\":{\"@id\":\"https:\\\/\\\/tiszacsege.hu\\\/#organization\"},\"potentialAction\":[{\"@type\":\"SearchAction\",\"target\":{\"@type\":\"EntryPoint\",\"urlTemplate\":\"https:\\\/\\\/tiszacsege.hu\\\/?s={search_term_string}\"},\"query-input\":{\"@type\":\"PropertyValueSpecification\",\"valueRequired\":true,\"valueName\":\"search_term_string\"}}],\"inLanguage\":\"hu\"},{\"@type\":\"Organization\",\"@id\":\"https:\\\/\\\/tiszacsege.hu\\\/#organization\",\"name\":\"Tiszacsege\",\"url\":\"https:\\\/\\\/tiszacsege.hu\\\/\",\"logo\":{\"@type\":\"ImageObject\",\"inLanguage\":\"hu\",\"@id\":\"https:\\\/\\\/tiszacsege.hu\\\/#\\\/schema\\\/logo\\\/image\\\/\",\"url\":\"https:\\\/\\\/tiszacsege.hu\\\/wp-content\\\/uploads\\\/2020\\\/10\\\/tiszacsege_logo_rovid2-1.png\",\"contentUrl\":\"https:\\\/\\\/tiszacsege.hu\\\/wp-content\\\/uploads\\\/2020\\\/10\\\/tiszacsege_logo_rovid2-1.png\",\"width\":500,\"height\":150,\"caption\":\"Tiszacsege\"},\"image\":{\"@id\":\"https:\\\/\\\/tiszacsege.hu\\\/#\\\/schema\\\/logo\\\/image\\\/\"},\"sameAs\":[\"https:\\\/\\\/www.facebook.com\\\/tiszacsegeonkormanyzata\"]},{\"@type\":\"Person\",\"@id\":\"https:\\\/\\\/tiszacsege.hu\\\/#\\\/schema\\\/person\\\/ff2f4e3a9747199f545a2cf351f25334\",\"name\":\"admin\",\"image\":{\"@type\":\"ImageObject\",\"inLanguage\":\"hu\",\"@id\":\"https:\\\/\\\/secure.gravatar.com\\\/avatar\\\/52224ccae048f9be8fd8d745a33eff630818f8bd5c43790479a2754dcef4b69b?s=96&d=mm&r=g\",\"url\":\"https:\\\/\\\/secure.gravatar.com\\\/avatar\\\/52224ccae048f9be8fd8d745a33eff630818f8bd5c43790479a2754dcef4b69b?s=96&d=mm&r=g\",\"contentUrl\":\"https:\\\/\\\/secure.gravatar.com\\\/avatar\\\/52224ccae048f9be8fd8d745a33eff630818f8bd5c43790479a2754dcef4b69b?s=96&d=mm&r=g\",\"caption\":\"admin\"},\"url\":\"https:\\\/\\\/tiszacsege.hu\\\/?author=1\"}]}<\/script>\n<!-- \/ Yoast SEO plugin. -->","yoast_head_json":{"title":"T\u00c1J\u00c9KOZTAT\u00d3 sz\u00fcnidei gyermek\u00e9tkeztet\u00e9s ig\u00e9nybev\u00e9tel\u00e9nek lehet\u0151s\u00e9g\u00e9r\u0151l (2017\/2018-as tan\u00e9v)","robots":{"index":"index","follow":"follow","max-snippet":"max-snippet:-1","max-image-preview":"max-image-preview:large","max-video-preview":"max-video-preview:-1"},"canonical":"https:\/\/tiszacsege.hu\/?p=11424","og_locale":"hu_HU","og_type":"article","og_title":"T\u00c1J\u00c9KOZTAT\u00d3 sz\u00fcnidei gyermek\u00e9tkeztet\u00e9s ig\u00e9nybev\u00e9tel\u00e9nek lehet\u0151s\u00e9g\u00e9r\u0151l (2017\/2018-as tan\u00e9v)","og_description":"Tiszacsege V\u00e1ros \u00d6nkorm\u00e1nyzat\u00e1nak Polg\u00e1rmestere, valamint Tiszacsege V\u00e1ros \u00d6nkorm\u00e1nyzat\u00e1nak Jegyz\u0151je t\u00e1j\u00e9koztatja a Tisztelt sz\u00fcl\u0151t\/t\u00f6rv\u00e9nyes k\u00e9pvisel\u0151t, hogy az 1997. \u00e9vi XXXI. t\u00f6rv\u00e9ny (tov\u00e1bbiakban Gyvt.) 21\/C. \u00a7-a alapj\u00e1n a telep\u00fcl\u00e9si \u00f6nkorm\u00e1nyzat a sz\u00fcnidei gyermek\u00e9tkeztet\u00e9s keret\u00e9ben a sz\u00fcl\u0151, t\u00f6rv\u00e9nyes k\u00e9pvisel\u0151 k\u00e9relm\u00e9re a d\u00e9li meleg f\u0151\u00e9tkez\u00e9st a Tiszacsege V\u00e1ros K\u00f6zigazgat\u00e1si ter\u00fclet\u00e9n lak\u00f3hellyel rendelkez\u0151 h\u00e1tr\u00e1nyos helyzet\u0171, \u00e9s a rendszeres gyermekv\u00e9delmi kedvezm\u00e9nyben [&hellip;]","og_url":"https:\/\/tiszacsege.hu\/?p=11424","og_site_name":"Tiszacsege","article_publisher":"https:\/\/www.facebook.com\/tiszacsegeonkormanyzata","article_published_time":"2017-12-15T12:20:45+00:00","article_modified_time":"2017-12-15T12:21:21+00:00","og_image":[{"width":800,"height":396,"url":"https:\/\/tiszacsege.hu\/wp-content\/uploads\/2017\/11\/onkorm2.png","type":"image\/png"}],"author":"admin","twitter_card":"summary_large_image","schema":{"@context":"https:\/\/schema.org","@graph":[{"@type":"Article","@id":"https:\/\/tiszacsege.hu\/?p=11424#article","isPartOf":{"@id":"https:\/\/tiszacsege.hu\/?p=11424"},"author":{"name":"admin","@id":"https:\/\/tiszacsege.hu\/#\/schema\/person\/ff2f4e3a9747199f545a2cf351f25334"},"headline":"T\u00c1J\u00c9KOZTAT\u00d3 sz\u00fcnidei gyermek\u00e9tkeztet\u00e9s ig\u00e9nybev\u00e9tel\u00e9nek lehet\u0151s\u00e9g\u00e9r\u0151l (2017\/2018-as tan\u00e9v)","datePublished":"2017-12-15T12:20:45+00:00","dateModified":"2017-12-15T12:21:21+00:00","mainEntityOfPage":{"@id":"https:\/\/tiszacsege.hu\/?p=11424"},"wordCount":338,"publisher":{"@id":"https:\/\/tiszacsege.hu\/#organization"},"image":{"@id":"https:\/\/tiszacsege.hu\/?p=11424#primaryimage"},"thumbnailUrl":"https:\/\/tiszacsege.hu\/wp-content\/uploads\/2017\/11\/onkorm2.png","articleSection":["Helyi h\u00edrek, t\u00e1j\u00e9koztat\u00f3k"],"inLanguage":"hu"},{"@type":"WebPage","@id":"https:\/\/tiszacsege.hu\/?p=11424","url":"https:\/\/tiszacsege.hu\/?p=11424","name":"T\u00c1J\u00c9KOZTAT\u00d3 sz\u00fcnidei gyermek\u00e9tkeztet\u00e9s ig\u00e9nybev\u00e9tel\u00e9nek lehet\u0151s\u00e9g\u00e9r\u0151l (2017\/2018-as tan\u00e9v)","isPartOf":{"@id":"https:\/\/tiszacsege.hu\/#website"},"primaryImageOfPage":{"@id":"https:\/\/tiszacsege.hu\/?p=11424#primaryimage"},"image":{"@id":"https:\/\/tiszacsege.hu\/?p=11424#primaryimage"},"thumbnailUrl":"https:\/\/tiszacsege.hu\/wp-content\/uploads\/2017\/11\/onkorm2.png","datePublished":"2017-12-15T12:20:45+00:00","dateModified":"2017-12-15T12:21:21+00:00","breadcrumb":{"@id":"https:\/\/tiszacsege.hu\/?p=11424#breadcrumb"},"inLanguage":"hu","potentialAction":[{"@type":"ReadAction","target":["https:\/\/tiszacsege.hu\/?p=11424"]}]},{"@type":"ImageObject","inLanguage":"hu","@id":"https:\/\/tiszacsege.hu\/?p=11424#primaryimage","url":"https:\/\/tiszacsege.hu\/wp-content\/uploads\/2017\/11\/onkorm2.png","contentUrl":"https:\/\/tiszacsege.hu\/wp-content\/uploads\/2017\/11\/onkorm2.png","width":800,"height":396},{"@type":"BreadcrumbList","@id":"https:\/\/tiszacsege.hu\/?p=11424#breadcrumb","itemListElement":[{"@type":"ListItem","position":1,"name":"Kezd\u0151lap","item":"https:\/\/tiszacsege.hu\/"},{"@type":"ListItem","position":2,"name":"T\u00c1J\u00c9KOZTAT\u00d3 sz\u00fcnidei gyermek\u00e9tkeztet\u00e9s ig\u00e9nybev\u00e9tel\u00e9nek lehet\u0151s\u00e9g\u00e9r\u0151l (2017\/2018-as tan\u00e9v)"}]},{"@type":"WebSite","@id":"https:\/\/tiszacsege.hu\/#website","url":"https:\/\/tiszacsege.hu\/","name":"Tiszacsege","description":"Tiszacsege hivatalos honlapja","publisher":{"@id":"https:\/\/tiszacsege.hu\/#organization"},"potentialAction":[{"@type":"SearchAction","target":{"@type":"EntryPoint","urlTemplate":"https:\/\/tiszacsege.hu\/?s={search_term_string}"},"query-input":{"@type":"PropertyValueSpecification","valueRequired":true,"valueName":"search_term_string"}}],"inLanguage":"hu"},{"@type":"Organization","@id":"https:\/\/tiszacsege.hu\/#organization","name":"Tiszacsege","url":"https:\/\/tiszacsege.hu\/","logo":{"@type":"ImageObject","inLanguage":"hu","@id":"https:\/\/tiszacsege.hu\/#\/schema\/logo\/image\/","url":"https:\/\/tiszacsege.hu\/wp-content\/uploads\/2020\/10\/tiszacsege_logo_rovid2-1.png","contentUrl":"https:\/\/tiszacsege.hu\/wp-content\/uploads\/2020\/10\/tiszacsege_logo_rovid2-1.png","width":500,"height":150,"caption":"Tiszacsege"},"image":{"@id":"https:\/\/tiszacsege.hu\/#\/schema\/logo\/image\/"},"sameAs":["https:\/\/www.facebook.com\/tiszacsegeonkormanyzata"]},{"@type":"Person","@id":"https:\/\/tiszacsege.hu\/#\/schema\/person\/ff2f4e3a9747199f545a2cf351f25334","name":"admin","image":{"@type":"ImageObject","inLanguage":"hu","@id":"https:\/\/secure.gravatar.com\/avatar\/52224ccae048f9be8fd8d745a33eff630818f8bd5c43790479a2754dcef4b69b?s=96&d=mm&r=g","url":"https:\/\/secure.gravatar.com\/avatar\/52224ccae048f9be8fd8d745a33eff630818f8bd5c43790479a2754dcef4b69b?s=96&d=mm&r=g","contentUrl":"https:\/\/secure.gravatar.com\/avatar\/52224ccae048f9be8fd8d745a33eff630818f8bd5c43790479a2754dcef4b69b?s=96&d=mm&r=g","caption":"admin"},"url":"https:\/\/tiszacsege.hu\/?author=1"}]}},"_links":{"self":[{"href":"https:\/\/tiszacsege.hu\/index.php?rest_route=\/wp\/v2\/posts\/11424","targetHints":{"allow":["GET"]}}],"collection":[{"href":"https:\/\/tiszacsege.hu\/index.php?rest_route=\/wp\/v2\/posts"}],"about":[{"href":"https:\/\/tiszacsege.hu\/index.php?rest_route=\/wp\/v2\/types\/post"}],"author":[{"embeddable":true,"href":"https:\/\/tiszacsege.hu\/index.php?rest_route=\/wp\/v2\/users\/1"}],"replies":[{"embeddable":true,"href":"https:\/\/tiszacsege.hu\/index.php?rest_route=%2Fwp%2Fv2%2Fcomments&post=11424"}],"version-history":[{"count":1,"href":"https:\/\/tiszacsege.hu\/index.php?rest_route=\/wp\/v2\/posts\/11424\/revisions"}],"predecessor-version":[{"id":11425,"href":"https:\/\/tiszacsege.hu\/index.php?rest_route=\/wp\/v2\/posts\/11424\/revisions\/11425"}],"wp:featuredmedia":[{"embeddable":true,"href":"https:\/\/tiszacsege.hu\/index.php?rest_route=\/wp\/v2\/media\/11380"}],"wp:attachment":[{"href":"https:\/\/tiszacsege.hu\/index.php?rest_route=%2Fwp%2Fv2%2Fmedia&parent=11424"}],"wp:term":[{"taxonomy":"category","embeddable":true,"href":"https:\/\/tiszacsege.hu\/index.php?rest_route=%2Fwp%2Fv2%2Fcategories&post=11424"},{"taxonomy":"post_tag","embeddable":true,"href":"https:\/\/tiszacsege.hu\/index.php?rest_route=%2Fwp%2Fv2%2Ftags&post=11424"},{"taxonomy":"post_folder","embeddable":true,"href":"https:\/\/tiszacsege.hu\/index.php?rest_route=%2Fwp%2Fv2%2Fpost_folder&post=11424"}],"curies":[{"name":"wp","href":"https:\/\/api.w.org\/{rel}","templated":true}]}}