{"id":11429,"date":"2017-12-15T13:31:24","date_gmt":"2017-12-15T12:31:24","guid":{"rendered":"http:\/\/tiszacsege.hu\/?p=11429"},"modified":"2017-12-15T13:31:24","modified_gmt":"2017-12-15T12:31:24","slug":"tajekoztato-a-polgarmesteri-hivatal-igazgatasi-szuneterol","status":"publish","type":"post","link":"https:\/\/tiszacsege.hu\/?p=11429","title":{"rendered":"T\u00e1j\u00e9koztat\u00f3 a polg\u00e1rmesteri hivatal igazgat\u00e1si sz\u00fcnet\u00e9r\u0151l"},"content":{"rendered":"<p><strong>Tisztelt \u00dcgyfeleink!<\/strong><strong>\u00a0<\/strong><\/p>\n<p>T\u00e1j\u00e9koztatjuk \u00d6n\u00f6ket, hogy Tiszacsege V\u00e1ros \u00d6nkorm\u00e1nyzat\u00e1nak K\u00e9pvisel\u0151-test\u00fclete 37\/2017. (III. 17.) KT. sz\u00e1m\u00fa hat\u00e1rozat\u00e1val<\/p>\n<p style=\"text-align: center;\"><strong>a Tiszacsegei Polg\u00e1rmesteri Hivatalban <\/strong><\/p>\n<p style=\"text-align: center;\"><strong><span style=\"text-decoration: underline;\">2017. december 18. napj\u00e1t\u00f3l &#8211; 2017. december 29. napj\u00e1ig <\/span><\/strong><\/p>\n<p style=\"text-align: center;\"><strong>tart\u00f3 igazgat\u00e1si sz\u00fcnetet rendelt el<\/strong>, <em>mely id\u0151szak alatt az \u00fcgyf\u00e9lfogad\u00e1s sz\u00fcnetel.<\/em><\/p>\n<p style=\"text-align: center;\"><strong>A Hivatal els\u0151 munkanapja 2018. janu\u00e1r 2. <\/strong><\/p>\n<p><strong><em>\u00a0<\/em><\/strong><\/p>\n<p><span style=\"color: #993366;\"><strong><em>(A Balmaz\u00fajv\u00e1rosi J\u00e1r\u00e1si Hivatal Tiszacsegei Korm\u00e1nyablak\u00e1ra jelen t\u00e1j\u00e9koztat\u00e1s nem vonatkozik, teh\u00e1t ott az \u00fcgyf\u00e9lfogad\u00e1s v\u00e1ltozatlanul meg lesz tartva.)<\/em><\/strong><\/span><\/p>\n<p>&nbsp;<\/p>\n<p>Halaszthatatlan esetben az al\u00e1bbi telefonsz\u00e1mok h\u00edvhat\u00f3ak:<strong>\u00a0<\/strong><\/p>\n<p><strong>K\u00f6zponti \u00fcgyeleti telefonsz\u00e1munk:<\/strong><strong>\u00a006 52\/588-400<\/strong><\/p>\n<p><strong>\u00a0<\/strong><strong>Szil\u00e1gyi S\u00e1ndor polg\u00e1rmester: 06 70\/902-09-40<\/strong><strong>\u00a0<\/strong><\/p>\n<p>&nbsp;<\/p>\n<p style=\"text-align: right;\">Sz\u00edves meg\u00e9rt\u00e9s\u00fcket el\u0151re is k\u00f6sz\u00f6nj\u00fck!<\/p>\n<p style=\"text-align: right;\">Tisztelettel:\u00a0 Szil\u00e1gyi S\u00e1ndor polg\u00e1rmester<\/p>\n","protected":false},"excerpt":{"rendered":"<p>Tisztelt \u00dcgyfeleink!\u00a0 T\u00e1j\u00e9koztatjuk \u00d6n\u00f6ket, hogy Tiszacsege V\u00e1ros \u00d6nkorm\u00e1nyzat\u00e1nak K\u00e9pvisel\u0151-test\u00fclete 37\/2017. (III. 17.) KT. sz\u00e1m\u00fa hat\u00e1rozat\u00e1val a Tiszacsegei Polg\u00e1rmesteri Hivatalban 2017. december 18. napj\u00e1t\u00f3l &#8211; 2017. december 29. napj\u00e1ig tart\u00f3 igazgat\u00e1si sz\u00fcnetet rendelt el, mely id\u0151szak alatt az \u00fcgyf\u00e9lfogad\u00e1s sz\u00fcnetel. A Hivatal els\u0151 munkanapja 2018. janu\u00e1r 2. \u00a0 (A Balmaz\u00fajv\u00e1rosi J\u00e1r\u00e1si Hivatal Tiszacsegei Korm\u00e1nyablak\u00e1ra jelen t\u00e1j\u00e9koztat\u00e1s [&hellip;]<\/p>\n","protected":false},"author":1,"featured_media":11432,"comment_status":"closed","ping_status":"open","sticky":false,"template":"","format":"standard","meta":{"_editorskit_title_hidden":false,"_editorskit_reading_time":0,"_editorskit_is_block_options_detached":false,"_editorskit_block_options_position":"{}","_crdt_document":"","footnotes":""},"categories":[1],"tags":[],"post_folder":[],"class_list":["post-11429","post","type-post","status-publish","format-standard","has-post-thumbnail","hentry","category-hirek"],"yoast_head":"<!-- This site is optimized with the Yoast SEO plugin v27.4 - https:\/\/yoast.com\/product\/yoast-seo-wordpress\/ -->\n<title>T\u00e1j\u00e9koztat\u00f3 a polg\u00e1rmesteri hivatal igazgat\u00e1si sz\u00fcnet\u00e9r\u0151l<\/title>\n<meta name=\"robots\" content=\"index, follow, max-snippet:-1, max-image-preview:large, max-video-preview:-1\" \/>\n<link rel=\"canonical\" href=\"https:\/\/tiszacsege.hu\/?p=11429\" \/>\n<meta property=\"og:locale\" content=\"hu_HU\" \/>\n<meta property=\"og:type\" content=\"article\" \/>\n<meta property=\"og:title\" content=\"T\u00e1j\u00e9koztat\u00f3 a polg\u00e1rmesteri hivatal igazgat\u00e1si sz\u00fcnet\u00e9r\u0151l\" \/>\n<meta property=\"og:description\" content=\"Tisztelt \u00dcgyfeleink!\u00a0 T\u00e1j\u00e9koztatjuk \u00d6n\u00f6ket, hogy Tiszacsege V\u00e1ros \u00d6nkorm\u00e1nyzat\u00e1nak K\u00e9pvisel\u0151-test\u00fclete 37\/2017. (III. 17.) KT. sz\u00e1m\u00fa hat\u00e1rozat\u00e1val a Tiszacsegei Polg\u00e1rmesteri Hivatalban 2017. december 18. napj\u00e1t\u00f3l &#8211; 2017. december 29. napj\u00e1ig tart\u00f3 igazgat\u00e1si sz\u00fcnetet rendelt el, mely id\u0151szak alatt az \u00fcgyf\u00e9lfogad\u00e1s sz\u00fcnetel. A Hivatal els\u0151 munkanapja 2018. janu\u00e1r 2. \u00a0 (A Balmaz\u00fajv\u00e1rosi J\u00e1r\u00e1si Hivatal Tiszacsegei Korm\u00e1nyablak\u00e1ra jelen t\u00e1j\u00e9koztat\u00e1s [&hellip;]\" \/>\n<meta property=\"og:url\" content=\"https:\/\/tiszacsege.hu\/?p=11429\" \/>\n<meta property=\"og:site_name\" content=\"Tiszacsege\" \/>\n<meta property=\"article:publisher\" content=\"https:\/\/www.facebook.com\/tiszacsegeonkormanyzata\" \/>\n<meta property=\"article:published_time\" content=\"2017-12-15T12:31:24+00:00\" \/>\n<meta property=\"og:image\" content=\"https:\/\/tiszacsege.hu\/wp-content\/uploads\/2017\/12\/DSC4537.jpg\" \/>\n\t<meta property=\"og:image:width\" content=\"700\" \/>\n\t<meta property=\"og:image:height\" content=\"469\" \/>\n\t<meta property=\"og:image:type\" content=\"image\/jpeg\" \/>\n<meta name=\"author\" content=\"admin\" \/>\n<meta name=\"twitter:card\" content=\"summary_large_image\" \/>\n<script type=\"application\/ld+json\" class=\"yoast-schema-graph\">{\"@context\":\"https:\\\/\\\/schema.org\",\"@graph\":[{\"@type\":\"Article\",\"@id\":\"https:\\\/\\\/tiszacsege.hu\\\/?p=11429#article\",\"isPartOf\":{\"@id\":\"https:\\\/\\\/tiszacsege.hu\\\/?p=11429\"},\"author\":{\"name\":\"admin\",\"@id\":\"https:\\\/\\\/tiszacsege.hu\\\/#\\\/schema\\\/person\\\/ff2f4e3a9747199f545a2cf351f25334\"},\"headline\":\"T\u00e1j\u00e9koztat\u00f3 a polg\u00e1rmesteri hivatal igazgat\u00e1si sz\u00fcnet\u00e9r\u0151l\",\"datePublished\":\"2017-12-15T12:31:24+00:00\",\"mainEntityOfPage\":{\"@id\":\"https:\\\/\\\/tiszacsege.hu\\\/?p=11429\"},\"wordCount\":151,\"publisher\":{\"@id\":\"https:\\\/\\\/tiszacsege.hu\\\/#organization\"},\"image\":{\"@id\":\"https:\\\/\\\/tiszacsege.hu\\\/?p=11429#primaryimage\"},\"thumbnailUrl\":\"https:\\\/\\\/tiszacsege.hu\\\/wp-content\\\/uploads\\\/2017\\\/12\\\/DSC4537.jpg\",\"articleSection\":[\"Helyi h\u00edrek, t\u00e1j\u00e9koztat\u00f3k\"],\"inLanguage\":\"hu\"},{\"@type\":\"WebPage\",\"@id\":\"https:\\\/\\\/tiszacsege.hu\\\/?p=11429\",\"url\":\"https:\\\/\\\/tiszacsege.hu\\\/?p=11429\",\"name\":\"T\u00e1j\u00e9koztat\u00f3 a polg\u00e1rmesteri hivatal igazgat\u00e1si sz\u00fcnet\u00e9r\u0151l\",\"isPartOf\":{\"@id\":\"https:\\\/\\\/tiszacsege.hu\\\/#website\"},\"primaryImageOfPage\":{\"@id\":\"https:\\\/\\\/tiszacsege.hu\\\/?p=11429#primaryimage\"},\"image\":{\"@id\":\"https:\\\/\\\/tiszacsege.hu\\\/?p=11429#primaryimage\"},\"thumbnailUrl\":\"https:\\\/\\\/tiszacsege.hu\\\/wp-content\\\/uploads\\\/2017\\\/12\\\/DSC4537.jpg\",\"datePublished\":\"2017-12-15T12:31:24+00:00\",\"breadcrumb\":{\"@id\":\"https:\\\/\\\/tiszacsege.hu\\\/?p=11429#breadcrumb\"},\"inLanguage\":\"hu\",\"potentialAction\":[{\"@type\":\"ReadAction\",\"target\":[\"https:\\\/\\\/tiszacsege.hu\\\/?p=11429\"]}]},{\"@type\":\"ImageObject\",\"inLanguage\":\"hu\",\"@id\":\"https:\\\/\\\/tiszacsege.hu\\\/?p=11429#primaryimage\",\"url\":\"https:\\\/\\\/tiszacsege.hu\\\/wp-content\\\/uploads\\\/2017\\\/12\\\/DSC4537.jpg\",\"contentUrl\":\"https:\\\/\\\/tiszacsege.hu\\\/wp-content\\\/uploads\\\/2017\\\/12\\\/DSC4537.jpg\",\"width\":700,\"height\":469},{\"@type\":\"BreadcrumbList\",\"@id\":\"https:\\\/\\\/tiszacsege.hu\\\/?p=11429#breadcrumb\",\"itemListElement\":[{\"@type\":\"ListItem\",\"position\":1,\"name\":\"Kezd\u0151lap\",\"item\":\"https:\\\/\\\/tiszacsege.hu\\\/\"},{\"@type\":\"ListItem\",\"position\":2,\"name\":\"T\u00e1j\u00e9koztat\u00f3 a polg\u00e1rmesteri hivatal igazgat\u00e1si sz\u00fcnet\u00e9r\u0151l\"}]},{\"@type\":\"WebSite\",\"@id\":\"https:\\\/\\\/tiszacsege.hu\\\/#website\",\"url\":\"https:\\\/\\\/tiszacsege.hu\\\/\",\"name\":\"Tiszacsege\",\"description\":\"Tiszacsege hivatalos honlapja\",\"publisher\":{\"@id\":\"https:\\\/\\\/tiszacsege.hu\\\/#organization\"},\"potentialAction\":[{\"@type\":\"SearchAction\",\"target\":{\"@type\":\"EntryPoint\",\"urlTemplate\":\"https:\\\/\\\/tiszacsege.hu\\\/?s={search_term_string}\"},\"query-input\":{\"@type\":\"PropertyValueSpecification\",\"valueRequired\":true,\"valueName\":\"search_term_string\"}}],\"inLanguage\":\"hu\"},{\"@type\":\"Organization\",\"@id\":\"https:\\\/\\\/tiszacsege.hu\\\/#organization\",\"name\":\"Tiszacsege\",\"url\":\"https:\\\/\\\/tiszacsege.hu\\\/\",\"logo\":{\"@type\":\"ImageObject\",\"inLanguage\":\"hu\",\"@id\":\"https:\\\/\\\/tiszacsege.hu\\\/#\\\/schema\\\/logo\\\/image\\\/\",\"url\":\"https:\\\/\\\/tiszacsege.hu\\\/wp-content\\\/uploads\\\/2020\\\/10\\\/tiszacsege_logo_rovid2-1.png\",\"contentUrl\":\"https:\\\/\\\/tiszacsege.hu\\\/wp-content\\\/uploads\\\/2020\\\/10\\\/tiszacsege_logo_rovid2-1.png\",\"width\":500,\"height\":150,\"caption\":\"Tiszacsege\"},\"image\":{\"@id\":\"https:\\\/\\\/tiszacsege.hu\\\/#\\\/schema\\\/logo\\\/image\\\/\"},\"sameAs\":[\"https:\\\/\\\/www.facebook.com\\\/tiszacsegeonkormanyzata\"]},{\"@type\":\"Person\",\"@id\":\"https:\\\/\\\/tiszacsege.hu\\\/#\\\/schema\\\/person\\\/ff2f4e3a9747199f545a2cf351f25334\",\"name\":\"admin\",\"image\":{\"@type\":\"ImageObject\",\"inLanguage\":\"hu\",\"@id\":\"https:\\\/\\\/secure.gravatar.com\\\/avatar\\\/52224ccae048f9be8fd8d745a33eff630818f8bd5c43790479a2754dcef4b69b?s=96&d=mm&r=g\",\"url\":\"https:\\\/\\\/secure.gravatar.com\\\/avatar\\\/52224ccae048f9be8fd8d745a33eff630818f8bd5c43790479a2754dcef4b69b?s=96&d=mm&r=g\",\"contentUrl\":\"https:\\\/\\\/secure.gravatar.com\\\/avatar\\\/52224ccae048f9be8fd8d745a33eff630818f8bd5c43790479a2754dcef4b69b?s=96&d=mm&r=g\",\"caption\":\"admin\"},\"url\":\"https:\\\/\\\/tiszacsege.hu\\\/?author=1\"}]}<\/script>\n<!-- \/ Yoast SEO plugin. -->","yoast_head_json":{"title":"T\u00e1j\u00e9koztat\u00f3 a polg\u00e1rmesteri hivatal igazgat\u00e1si sz\u00fcnet\u00e9r\u0151l","robots":{"index":"index","follow":"follow","max-snippet":"max-snippet:-1","max-image-preview":"max-image-preview:large","max-video-preview":"max-video-preview:-1"},"canonical":"https:\/\/tiszacsege.hu\/?p=11429","og_locale":"hu_HU","og_type":"article","og_title":"T\u00e1j\u00e9koztat\u00f3 a polg\u00e1rmesteri hivatal igazgat\u00e1si sz\u00fcnet\u00e9r\u0151l","og_description":"Tisztelt \u00dcgyfeleink!\u00a0 T\u00e1j\u00e9koztatjuk \u00d6n\u00f6ket, hogy Tiszacsege V\u00e1ros \u00d6nkorm\u00e1nyzat\u00e1nak K\u00e9pvisel\u0151-test\u00fclete 37\/2017. (III. 17.) KT. sz\u00e1m\u00fa hat\u00e1rozat\u00e1val a Tiszacsegei Polg\u00e1rmesteri Hivatalban 2017. december 18. napj\u00e1t\u00f3l &#8211; 2017. december 29. napj\u00e1ig tart\u00f3 igazgat\u00e1si sz\u00fcnetet rendelt el, mely id\u0151szak alatt az \u00fcgyf\u00e9lfogad\u00e1s sz\u00fcnetel. A Hivatal els\u0151 munkanapja 2018. janu\u00e1r 2. \u00a0 (A Balmaz\u00fajv\u00e1rosi J\u00e1r\u00e1si Hivatal Tiszacsegei Korm\u00e1nyablak\u00e1ra jelen t\u00e1j\u00e9koztat\u00e1s [&hellip;]","og_url":"https:\/\/tiszacsege.hu\/?p=11429","og_site_name":"Tiszacsege","article_publisher":"https:\/\/www.facebook.com\/tiszacsegeonkormanyzata","article_published_time":"2017-12-15T12:31:24+00:00","og_image":[{"width":700,"height":469,"url":"https:\/\/tiszacsege.hu\/wp-content\/uploads\/2017\/12\/DSC4537.jpg","type":"image\/jpeg"}],"author":"admin","twitter_card":"summary_large_image","schema":{"@context":"https:\/\/schema.org","@graph":[{"@type":"Article","@id":"https:\/\/tiszacsege.hu\/?p=11429#article","isPartOf":{"@id":"https:\/\/tiszacsege.hu\/?p=11429"},"author":{"name":"admin","@id":"https:\/\/tiszacsege.hu\/#\/schema\/person\/ff2f4e3a9747199f545a2cf351f25334"},"headline":"T\u00e1j\u00e9koztat\u00f3 a polg\u00e1rmesteri hivatal igazgat\u00e1si sz\u00fcnet\u00e9r\u0151l","datePublished":"2017-12-15T12:31:24+00:00","mainEntityOfPage":{"@id":"https:\/\/tiszacsege.hu\/?p=11429"},"wordCount":151,"publisher":{"@id":"https:\/\/tiszacsege.hu\/#organization"},"image":{"@id":"https:\/\/tiszacsege.hu\/?p=11429#primaryimage"},"thumbnailUrl":"https:\/\/tiszacsege.hu\/wp-content\/uploads\/2017\/12\/DSC4537.jpg","articleSection":["Helyi h\u00edrek, t\u00e1j\u00e9koztat\u00f3k"],"inLanguage":"hu"},{"@type":"WebPage","@id":"https:\/\/tiszacsege.hu\/?p=11429","url":"https:\/\/tiszacsege.hu\/?p=11429","name":"T\u00e1j\u00e9koztat\u00f3 a polg\u00e1rmesteri hivatal igazgat\u00e1si sz\u00fcnet\u00e9r\u0151l","isPartOf":{"@id":"https:\/\/tiszacsege.hu\/#website"},"primaryImageOfPage":{"@id":"https:\/\/tiszacsege.hu\/?p=11429#primaryimage"},"image":{"@id":"https:\/\/tiszacsege.hu\/?p=11429#primaryimage"},"thumbnailUrl":"https:\/\/tiszacsege.hu\/wp-content\/uploads\/2017\/12\/DSC4537.jpg","datePublished":"2017-12-15T12:31:24+00:00","breadcrumb":{"@id":"https:\/\/tiszacsege.hu\/?p=11429#breadcrumb"},"inLanguage":"hu","potentialAction":[{"@type":"ReadAction","target":["https:\/\/tiszacsege.hu\/?p=11429"]}]},{"@type":"ImageObject","inLanguage":"hu","@id":"https:\/\/tiszacsege.hu\/?p=11429#primaryimage","url":"https:\/\/tiszacsege.hu\/wp-content\/uploads\/2017\/12\/DSC4537.jpg","contentUrl":"https:\/\/tiszacsege.hu\/wp-content\/uploads\/2017\/12\/DSC4537.jpg","width":700,"height":469},{"@type":"BreadcrumbList","@id":"https:\/\/tiszacsege.hu\/?p=11429#breadcrumb","itemListElement":[{"@type":"ListItem","position":1,"name":"Kezd\u0151lap","item":"https:\/\/tiszacsege.hu\/"},{"@type":"ListItem","position":2,"name":"T\u00e1j\u00e9koztat\u00f3 a polg\u00e1rmesteri hivatal igazgat\u00e1si sz\u00fcnet\u00e9r\u0151l"}]},{"@type":"WebSite","@id":"https:\/\/tiszacsege.hu\/#website","url":"https:\/\/tiszacsege.hu\/","name":"Tiszacsege","description":"Tiszacsege hivatalos honlapja","publisher":{"@id":"https:\/\/tiszacsege.hu\/#organization"},"potentialAction":[{"@type":"SearchAction","target":{"@type":"EntryPoint","urlTemplate":"https:\/\/tiszacsege.hu\/?s={search_term_string}"},"query-input":{"@type":"PropertyValueSpecification","valueRequired":true,"valueName":"search_term_string"}}],"inLanguage":"hu"},{"@type":"Organization","@id":"https:\/\/tiszacsege.hu\/#organization","name":"Tiszacsege","url":"https:\/\/tiszacsege.hu\/","logo":{"@type":"ImageObject","inLanguage":"hu","@id":"https:\/\/tiszacsege.hu\/#\/schema\/logo\/image\/","url":"https:\/\/tiszacsege.hu\/wp-content\/uploads\/2020\/10\/tiszacsege_logo_rovid2-1.png","contentUrl":"https:\/\/tiszacsege.hu\/wp-content\/uploads\/2020\/10\/tiszacsege_logo_rovid2-1.png","width":500,"height":150,"caption":"Tiszacsege"},"image":{"@id":"https:\/\/tiszacsege.hu\/#\/schema\/logo\/image\/"},"sameAs":["https:\/\/www.facebook.com\/tiszacsegeonkormanyzata"]},{"@type":"Person","@id":"https:\/\/tiszacsege.hu\/#\/schema\/person\/ff2f4e3a9747199f545a2cf351f25334","name":"admin","image":{"@type":"ImageObject","inLanguage":"hu","@id":"https:\/\/secure.gravatar.com\/avatar\/52224ccae048f9be8fd8d745a33eff630818f8bd5c43790479a2754dcef4b69b?s=96&d=mm&r=g","url":"https:\/\/secure.gravatar.com\/avatar\/52224ccae048f9be8fd8d745a33eff630818f8bd5c43790479a2754dcef4b69b?s=96&d=mm&r=g","contentUrl":"https:\/\/secure.gravatar.com\/avatar\/52224ccae048f9be8fd8d745a33eff630818f8bd5c43790479a2754dcef4b69b?s=96&d=mm&r=g","caption":"admin"},"url":"https:\/\/tiszacsege.hu\/?author=1"}]}},"_links":{"self":[{"href":"https:\/\/tiszacsege.hu\/index.php?rest_route=\/wp\/v2\/posts\/11429","targetHints":{"allow":["GET"]}}],"collection":[{"href":"https:\/\/tiszacsege.hu\/index.php?rest_route=\/wp\/v2\/posts"}],"about":[{"href":"https:\/\/tiszacsege.hu\/index.php?rest_route=\/wp\/v2\/types\/post"}],"author":[{"embeddable":true,"href":"https:\/\/tiszacsege.hu\/index.php?rest_route=\/wp\/v2\/users\/1"}],"replies":[{"embeddable":true,"href":"https:\/\/tiszacsege.hu\/index.php?rest_route=%2Fwp%2Fv2%2Fcomments&post=11429"}],"version-history":[{"count":2,"href":"https:\/\/tiszacsege.hu\/index.php?rest_route=\/wp\/v2\/posts\/11429\/revisions"}],"predecessor-version":[{"id":11431,"href":"https:\/\/tiszacsege.hu\/index.php?rest_route=\/wp\/v2\/posts\/11429\/revisions\/11431"}],"wp:featuredmedia":[{"embeddable":true,"href":"https:\/\/tiszacsege.hu\/index.php?rest_route=\/wp\/v2\/media\/11432"}],"wp:attachment":[{"href":"https:\/\/tiszacsege.hu\/index.php?rest_route=%2Fwp%2Fv2%2Fmedia&parent=11429"}],"wp:term":[{"taxonomy":"category","embeddable":true,"href":"https:\/\/tiszacsege.hu\/index.php?rest_route=%2Fwp%2Fv2%2Fcategories&post=11429"},{"taxonomy":"post_tag","embeddable":true,"href":"https:\/\/tiszacsege.hu\/index.php?rest_route=%2Fwp%2Fv2%2Ftags&post=11429"},{"taxonomy":"post_folder","embeddable":true,"href":"https:\/\/tiszacsege.hu\/index.php?rest_route=%2Fwp%2Fv2%2Fpost_folder&post=11429"}],"curies":[{"name":"wp","href":"https:\/\/api.w.org\/{rel}","templated":true}]}}