{"id":14188,"date":"2019-05-20T14:55:14","date_gmt":"2019-05-20T12:55:14","guid":{"rendered":"http:\/\/tiszacsege.hu\/?p=14188"},"modified":"2019-05-20T14:55:14","modified_gmt":"2019-05-20T12:55:14","slug":"tekerj-otthonrol-hazaig","status":"publish","type":"post","link":"https:\/\/tiszacsege.hu\/?p=14188","title":{"rendered":"Tekerj otthonr\u00f3l haz\u00e1ig!"},"content":{"rendered":"\n<p class=\"wp-block-paragraph\">A Pesti Fiatalok\u00e9rt Egyes\u00fclet (sz\u00e9khely: 1077, Budapest Damjanich utca 30. 1. em. 2\/B, nyilv\u00e1ntart\u00e1si sz\u00e1m: 01-02-0016764) nev\u00e9ben egy hi\u00e1nyp\u00f3tl\u00f3 esem\u00e9nyt szervez\u00fcnk, amellyel egyszerre k\u00edv\u00e1njuk a hazafias nevel\u00e9st, a nemzettudat er\u0151s\u00edt\u00e9s\u00e9t, a nemzeti \u00f6sszetartoz\u00e1st \u00e9s az eg\u00e9szs\u00e9ges \u00e9letm\u00f3dra, a sportra nevel\u00e9st megval\u00f3s\u00edtani egy k\u00f6z\u00f6ss\u00e9gi \u00e9lm\u00e9nyen kereszt\u00fcl.<br><br>K\u00e1rp\u00e1t-medenc\u00e9ben \u00e9l\u0151 magyar fiatalokk\u00e9nt a Nemzeti \u00d6sszetartoz\u00e1s Napja alkalm\u00e1b\u00f3l a gener\u00e1ci\u00f3k k\u00f6z\u00f6tti egy\u00fcttm\u0171k\u00f6d\u00e9ssel k\u00edv\u00e1njuk kifejezni, hogy b\u00e1rhol is \u00e9lj\u00fcnk a K\u00e1rp\u00e1t-medenc\u00e9ben, Budapest f\u0151v\u00e1roshoz t\u00e1vol vagy k\u00f6zel, sz\u00e1m\u00edthatunk egym\u00e1sra.<br><br>A \u201eMagyarok \u2013 Egym\u00e1s\u00e9rt\u201d Tekerj otthonr\u00f3l haz\u00e1ig! eml\u00e9kt\u00far\u00e1nkkal az \u00d6n telep\u00fcl\u00e9s\u00e9t is \u00e9rintj\u00fck, ez\u00e9rt ez al\u00e1bbiakban szeretn\u00e9m a programunkat a figyelm\u00e9be aj\u00e1nlani illet\u0151leg a seg\u00edts\u00e9g\u00e9t k\u00e9rni.<br><br>A t\u00fara t\u00f6bb v\u00e1rosb\u00f3l indul, k\u00fcl\u00f6nb\u00f6z\u0151 id\u0151pontokban, de minden biciklis csapat j\u00fanius 4-\u00e9n a Nemzeti \u00d6sszetartoz\u00e1s Napj\u00e1n \u00e9rkezik meg a f\u0151v\u00e1rosba. Az \u00fatvonal szerint \u00e9rintett v\u00e1rosokb\u00f3l is indulnak ker\u00e9kp\u00e1rosok, akik csatlakoznak az indul\u00f3khoz, \u00edgy k\u00f6z\u00f6sen \u00e9rkez\u00fcnk meg a c\u00e9lba, a Nemzeti M\u00fazeum kertj\u00e9be, amely a magyar nemzet t\u00f6rt\u00e9nelm\u00e9nek, a Nemzeti \u00d6sszetartoz\u00e1s Napj\u00e1nak emblematikus helysz\u00edne.<br><br>A program al\u00e1bbi linken kereszt\u00fcl el\u00e9rhet\u0151 honlapj\u00e1n tov\u00e1bbi r\u00e9szleteket is tal\u00e1l: <a href=\"http:\/\/otthonrolhaza.hu\/\" target=\"_blank\" rel=\"noreferrer noopener\" aria-label=\" (opens in a new tab)\">http:\/\/otthonrolhaza.hu\/<\/a><br><br>A ker\u00e9kp\u00e1rt\u00fara az \u00d6n\u00f6k telep\u00fcl\u00e9s\u00e9n is \u00e1thalad, \u00edgy h\u00e1l\u00e1san megk\u00f6sz\u00f6nn\u00e9nk a seg\u00edts\u00e9g\u00fcket, ha a jelen \u00fczenetem mell\u00e9kletek\u00e9nt csatolva k\u00fcld\u00f6tt plak\u00e1t n\u00e9pszer\u0171s\u00edt\u00e9s\u00e9ben, a ker\u00e9kp\u00e1rosokat esetleges kitelep\u00fcl\u00e9ssel, n\u00e9mi \u00fcd\u00edt\u0151vel, v\u00edzzel esetleg kis ell\u00e1tm\u00e1nnyal (pog\u00e1cs\u00e1k, s\u00f3s s\u00fctem\u00e9nyek, szendvicsek) friss\u00edt\u0151 ponttal v\u00e1rn\u00e1k. A legt\u00f6bbet term\u00e9szetesen az jelenten\u00e9, ha a biciklisek buzd\u00edt\u00e1st kapnak a telep\u00fcl\u00e9s lak\u00f3it\u00f3l.<br><br>A ker\u00e9kp\u00e1rosokat egy st\u00e1b is elk\u00eds\u00e9ri, akik folyamatosan t\u00e1j\u00e9koztat\u00e1st adnak a biciklisek helyzet\u00e9r\u0151l, \u00edgy viszonylag pontosan tudjuk jelezni a kontingens \u00e9rkez\u00e9s\u00e9t. A program sor\u00e1n el\u0151 \u00e9s ut\u00f3 kommunik\u00e1ci\u00f3 a szoci\u00e1lis m\u00e9dia fel\u00fcleteken \u00e9s a weblapon kereszt\u00fcl t\u00f6rt\u00e9nik. Az esem\u00e9nyr\u0151l online \u00e9s print cikkek, fot\u00f3gal\u00e9ri\u00e1k, \u00e9s vide\u00f3s anyagok teszik sz\u00ednesebb\u00e9 \u00e9s sz\u00e9lesebb k\u00f6rben ismertt\u00e9 a biciklit\u00far\u00e1t, valamint hozz\u00e1j\u00e1rul\u00e1suk eset\u00e9n az \u00d6n\u00f6k telep\u00fcl\u00e9s\u00e9t is.<br><br>B\u00edzom benne, hogy a \u201eMagyarok \u2013 Egym\u00e1s\u00e9rt\u201d Tekerj otthonr\u00f3l haz\u00e1ig! eml\u00e9k ker\u00e9kp\u00e1rt\u00fara felkeltette \u00e9rdekl\u0151d\u00e9s\u00e9t.<br><br>Vincze Em\u00edlia eln\u00f6k<\/p>\n\n\n\n<figure class=\"wp-block-image\"><img fetchpriority=\"high\" decoding=\"async\" width=\"882\" height=\"1247\" src=\"http:\/\/tiszacsege.hu\/wp-content\/uploads\/2019\/05\/1-882x1247.jpg\" alt=\"\" class=\"wp-image-14192\" srcset=\"https:\/\/tiszacsege.hu\/wp-content\/uploads\/2019\/05\/1-882x1247.jpg 882w, https:\/\/tiszacsege.hu\/wp-content\/uploads\/2019\/05\/1.jpg 1588w\" sizes=\"(max-width: 882px) 100vw, 882px\" \/><\/figure>\n\n\n\n<figure class=\"wp-block-image\"><img decoding=\"async\" width=\"882\" height=\"1247\" src=\"http:\/\/tiszacsege.hu\/wp-content\/uploads\/2019\/05\/2-882x1247.jpg\" alt=\"\" class=\"wp-image-14193\" srcset=\"https:\/\/tiszacsege.hu\/wp-content\/uploads\/2019\/05\/2-882x1247.jpg 882w, https:\/\/tiszacsege.hu\/wp-content\/uploads\/2019\/05\/2.jpg 1588w\" sizes=\"(max-width: 882px) 100vw, 882px\" \/><\/figure>\n","protected":false},"excerpt":{"rendered":"<p>A Pesti Fiatalok\u00e9rt Egyes\u00fclet (sz\u00e9khely: 1077, Budapest Damjanich utca 30. 1. em. 2\/B, nyilv\u00e1ntart\u00e1si sz\u00e1m: 01-02-0016764) nev\u00e9ben egy hi\u00e1nyp\u00f3tl\u00f3 esem\u00e9nyt szervez\u00fcnk, amellyel egyszerre k\u00edv\u00e1njuk a hazafias nevel\u00e9st, a nemzettudat er\u0151s\u00edt\u00e9s\u00e9t, a nemzeti \u00f6sszetartoz\u00e1st \u00e9s az eg\u00e9szs\u00e9ges \u00e9letm\u00f3dra, a sportra nevel\u00e9st megval\u00f3s\u00edtani egy k\u00f6z\u00f6ss\u00e9gi \u00e9lm\u00e9nyen kereszt\u00fcl. K\u00e1rp\u00e1t-medenc\u00e9ben \u00e9l\u0151 magyar fiatalokk\u00e9nt a Nemzeti \u00d6sszetartoz\u00e1s Napja alkalm\u00e1b\u00f3l a [&hellip;]<\/p>\n","protected":false},"author":1,"featured_media":14195,"comment_status":"closed","ping_status":"open","sticky":false,"template":"","format":"standard","meta":{"_editorskit_title_hidden":false,"_editorskit_reading_time":0,"_editorskit_is_block_options_detached":false,"_editorskit_block_options_position":"{}","_crdt_document":"","footnotes":""},"categories":[1],"tags":[],"post_folder":[],"class_list":["post-14188","post","type-post","status-publish","format-standard","has-post-thumbnail","hentry","category-hirek"],"yoast_head":"<!-- This site is optimized with the Yoast SEO plugin v27.4 - https:\/\/yoast.com\/product\/yoast-seo-wordpress\/ -->\n<title>Tekerj otthonr\u00f3l haz\u00e1ig!<\/title>\n<meta name=\"robots\" content=\"index, follow, max-snippet:-1, max-image-preview:large, max-video-preview:-1\" \/>\n<link rel=\"canonical\" href=\"https:\/\/tiszacsege.hu\/?p=14188\" \/>\n<meta property=\"og:locale\" content=\"hu_HU\" \/>\n<meta property=\"og:type\" content=\"article\" \/>\n<meta property=\"og:title\" content=\"Tekerj otthonr\u00f3l haz\u00e1ig!\" \/>\n<meta property=\"og:description\" content=\"A Pesti Fiatalok\u00e9rt Egyes\u00fclet (sz\u00e9khely: 1077, Budapest Damjanich utca 30. 1. em. 2\/B, nyilv\u00e1ntart\u00e1si sz\u00e1m: 01-02-0016764) nev\u00e9ben egy hi\u00e1nyp\u00f3tl\u00f3 esem\u00e9nyt szervez\u00fcnk, amellyel egyszerre k\u00edv\u00e1njuk a hazafias nevel\u00e9st, a nemzettudat er\u0151s\u00edt\u00e9s\u00e9t, a nemzeti \u00f6sszetartoz\u00e1st \u00e9s az eg\u00e9szs\u00e9ges \u00e9letm\u00f3dra, a sportra nevel\u00e9st megval\u00f3s\u00edtani egy k\u00f6z\u00f6ss\u00e9gi \u00e9lm\u00e9nyen kereszt\u00fcl. K\u00e1rp\u00e1t-medenc\u00e9ben \u00e9l\u0151 magyar fiatalokk\u00e9nt a Nemzeti \u00d6sszetartoz\u00e1s Napja alkalm\u00e1b\u00f3l a [&hellip;]\" \/>\n<meta property=\"og:url\" content=\"https:\/\/tiszacsege.hu\/?p=14188\" \/>\n<meta property=\"og:site_name\" content=\"Tiszacsege\" \/>\n<meta property=\"article:publisher\" content=\"https:\/\/www.facebook.com\/tiszacsegeonkormanyzata\" \/>\n<meta property=\"article:published_time\" content=\"2019-05-20T12:55:14+00:00\" \/>\n<meta property=\"og:image\" content=\"https:\/\/tiszacsege.hu\/wp-content\/uploads\/2019\/05\/logo.png\" \/>\n\t<meta property=\"og:image:width\" content=\"600\" \/>\n\t<meta property=\"og:image:height\" content=\"391\" \/>\n\t<meta property=\"og:image:type\" content=\"image\/png\" \/>\n<meta name=\"author\" content=\"admin\" \/>\n<meta name=\"twitter:card\" content=\"summary_large_image\" \/>\n<script type=\"application\/ld+json\" class=\"yoast-schema-graph\">{\"@context\":\"https:\\\/\\\/schema.org\",\"@graph\":[{\"@type\":\"Article\",\"@id\":\"https:\\\/\\\/tiszacsege.hu\\\/?p=14188#article\",\"isPartOf\":{\"@id\":\"https:\\\/\\\/tiszacsege.hu\\\/?p=14188\"},\"author\":{\"name\":\"admin\",\"@id\":\"https:\\\/\\\/tiszacsege.hu\\\/#\\\/schema\\\/person\\\/ff2f4e3a9747199f545a2cf351f25334\"},\"headline\":\"Tekerj otthonr\u00f3l haz\u00e1ig!\",\"datePublished\":\"2019-05-20T12:55:14+00:00\",\"mainEntityOfPage\":{\"@id\":\"https:\\\/\\\/tiszacsege.hu\\\/?p=14188\"},\"wordCount\":520,\"publisher\":{\"@id\":\"https:\\\/\\\/tiszacsege.hu\\\/#organization\"},\"image\":{\"@id\":\"https:\\\/\\\/tiszacsege.hu\\\/?p=14188#primaryimage\"},\"thumbnailUrl\":\"https:\\\/\\\/tiszacsege.hu\\\/wp-content\\\/uploads\\\/2019\\\/05\\\/logo.png\",\"articleSection\":[\"Helyi h\u00edrek, t\u00e1j\u00e9koztat\u00f3k\"],\"inLanguage\":\"hu\"},{\"@type\":\"WebPage\",\"@id\":\"https:\\\/\\\/tiszacsege.hu\\\/?p=14188\",\"url\":\"https:\\\/\\\/tiszacsege.hu\\\/?p=14188\",\"name\":\"Tekerj otthonr\u00f3l haz\u00e1ig!\",\"isPartOf\":{\"@id\":\"https:\\\/\\\/tiszacsege.hu\\\/#website\"},\"primaryImageOfPage\":{\"@id\":\"https:\\\/\\\/tiszacsege.hu\\\/?p=14188#primaryimage\"},\"image\":{\"@id\":\"https:\\\/\\\/tiszacsege.hu\\\/?p=14188#primaryimage\"},\"thumbnailUrl\":\"https:\\\/\\\/tiszacsege.hu\\\/wp-content\\\/uploads\\\/2019\\\/05\\\/logo.png\",\"datePublished\":\"2019-05-20T12:55:14+00:00\",\"breadcrumb\":{\"@id\":\"https:\\\/\\\/tiszacsege.hu\\\/?p=14188#breadcrumb\"},\"inLanguage\":\"hu\",\"potentialAction\":[{\"@type\":\"ReadAction\",\"target\":[\"https:\\\/\\\/tiszacsege.hu\\\/?p=14188\"]}]},{\"@type\":\"ImageObject\",\"inLanguage\":\"hu\",\"@id\":\"https:\\\/\\\/tiszacsege.hu\\\/?p=14188#primaryimage\",\"url\":\"https:\\\/\\\/tiszacsege.hu\\\/wp-content\\\/uploads\\\/2019\\\/05\\\/logo.png\",\"contentUrl\":\"https:\\\/\\\/tiszacsege.hu\\\/wp-content\\\/uploads\\\/2019\\\/05\\\/logo.png\",\"width\":600,\"height\":391},{\"@type\":\"BreadcrumbList\",\"@id\":\"https:\\\/\\\/tiszacsege.hu\\\/?p=14188#breadcrumb\",\"itemListElement\":[{\"@type\":\"ListItem\",\"position\":1,\"name\":\"Kezd\u0151lap\",\"item\":\"https:\\\/\\\/tiszacsege.hu\\\/\"},{\"@type\":\"ListItem\",\"position\":2,\"name\":\"Tekerj otthonr\u00f3l haz\u00e1ig!\"}]},{\"@type\":\"WebSite\",\"@id\":\"https:\\\/\\\/tiszacsege.hu\\\/#website\",\"url\":\"https:\\\/\\\/tiszacsege.hu\\\/\",\"name\":\"Tiszacsege\",\"description\":\"Tiszacsege hivatalos honlapja\",\"publisher\":{\"@id\":\"https:\\\/\\\/tiszacsege.hu\\\/#organization\"},\"potentialAction\":[{\"@type\":\"SearchAction\",\"target\":{\"@type\":\"EntryPoint\",\"urlTemplate\":\"https:\\\/\\\/tiszacsege.hu\\\/?s={search_term_string}\"},\"query-input\":{\"@type\":\"PropertyValueSpecification\",\"valueRequired\":true,\"valueName\":\"search_term_string\"}}],\"inLanguage\":\"hu\"},{\"@type\":\"Organization\",\"@id\":\"https:\\\/\\\/tiszacsege.hu\\\/#organization\",\"name\":\"Tiszacsege\",\"url\":\"https:\\\/\\\/tiszacsege.hu\\\/\",\"logo\":{\"@type\":\"ImageObject\",\"inLanguage\":\"hu\",\"@id\":\"https:\\\/\\\/tiszacsege.hu\\\/#\\\/schema\\\/logo\\\/image\\\/\",\"url\":\"https:\\\/\\\/tiszacsege.hu\\\/wp-content\\\/uploads\\\/2020\\\/10\\\/tiszacsege_logo_rovid2-1.png\",\"contentUrl\":\"https:\\\/\\\/tiszacsege.hu\\\/wp-content\\\/uploads\\\/2020\\\/10\\\/tiszacsege_logo_rovid2-1.png\",\"width\":500,\"height\":150,\"caption\":\"Tiszacsege\"},\"image\":{\"@id\":\"https:\\\/\\\/tiszacsege.hu\\\/#\\\/schema\\\/logo\\\/image\\\/\"},\"sameAs\":[\"https:\\\/\\\/www.facebook.com\\\/tiszacsegeonkormanyzata\"]},{\"@type\":\"Person\",\"@id\":\"https:\\\/\\\/tiszacsege.hu\\\/#\\\/schema\\\/person\\\/ff2f4e3a9747199f545a2cf351f25334\",\"name\":\"admin\",\"image\":{\"@type\":\"ImageObject\",\"inLanguage\":\"hu\",\"@id\":\"https:\\\/\\\/secure.gravatar.com\\\/avatar\\\/52224ccae048f9be8fd8d745a33eff630818f8bd5c43790479a2754dcef4b69b?s=96&d=mm&r=g\",\"url\":\"https:\\\/\\\/secure.gravatar.com\\\/avatar\\\/52224ccae048f9be8fd8d745a33eff630818f8bd5c43790479a2754dcef4b69b?s=96&d=mm&r=g\",\"contentUrl\":\"https:\\\/\\\/secure.gravatar.com\\\/avatar\\\/52224ccae048f9be8fd8d745a33eff630818f8bd5c43790479a2754dcef4b69b?s=96&d=mm&r=g\",\"caption\":\"admin\"},\"url\":\"https:\\\/\\\/tiszacsege.hu\\\/?author=1\"}]}<\/script>\n<!-- \/ Yoast SEO plugin. -->","yoast_head_json":{"title":"Tekerj otthonr\u00f3l haz\u00e1ig!","robots":{"index":"index","follow":"follow","max-snippet":"max-snippet:-1","max-image-preview":"max-image-preview:large","max-video-preview":"max-video-preview:-1"},"canonical":"https:\/\/tiszacsege.hu\/?p=14188","og_locale":"hu_HU","og_type":"article","og_title":"Tekerj otthonr\u00f3l haz\u00e1ig!","og_description":"A Pesti Fiatalok\u00e9rt Egyes\u00fclet (sz\u00e9khely: 1077, Budapest Damjanich utca 30. 1. em. 2\/B, nyilv\u00e1ntart\u00e1si sz\u00e1m: 01-02-0016764) nev\u00e9ben egy hi\u00e1nyp\u00f3tl\u00f3 esem\u00e9nyt szervez\u00fcnk, amellyel egyszerre k\u00edv\u00e1njuk a hazafias nevel\u00e9st, a nemzettudat er\u0151s\u00edt\u00e9s\u00e9t, a nemzeti \u00f6sszetartoz\u00e1st \u00e9s az eg\u00e9szs\u00e9ges \u00e9letm\u00f3dra, a sportra nevel\u00e9st megval\u00f3s\u00edtani egy k\u00f6z\u00f6ss\u00e9gi \u00e9lm\u00e9nyen kereszt\u00fcl. K\u00e1rp\u00e1t-medenc\u00e9ben \u00e9l\u0151 magyar fiatalokk\u00e9nt a Nemzeti \u00d6sszetartoz\u00e1s Napja alkalm\u00e1b\u00f3l a [&hellip;]","og_url":"https:\/\/tiszacsege.hu\/?p=14188","og_site_name":"Tiszacsege","article_publisher":"https:\/\/www.facebook.com\/tiszacsegeonkormanyzata","article_published_time":"2019-05-20T12:55:14+00:00","og_image":[{"width":600,"height":391,"url":"https:\/\/tiszacsege.hu\/wp-content\/uploads\/2019\/05\/logo.png","type":"image\/png"}],"author":"admin","twitter_card":"summary_large_image","schema":{"@context":"https:\/\/schema.org","@graph":[{"@type":"Article","@id":"https:\/\/tiszacsege.hu\/?p=14188#article","isPartOf":{"@id":"https:\/\/tiszacsege.hu\/?p=14188"},"author":{"name":"admin","@id":"https:\/\/tiszacsege.hu\/#\/schema\/person\/ff2f4e3a9747199f545a2cf351f25334"},"headline":"Tekerj otthonr\u00f3l haz\u00e1ig!","datePublished":"2019-05-20T12:55:14+00:00","mainEntityOfPage":{"@id":"https:\/\/tiszacsege.hu\/?p=14188"},"wordCount":520,"publisher":{"@id":"https:\/\/tiszacsege.hu\/#organization"},"image":{"@id":"https:\/\/tiszacsege.hu\/?p=14188#primaryimage"},"thumbnailUrl":"https:\/\/tiszacsege.hu\/wp-content\/uploads\/2019\/05\/logo.png","articleSection":["Helyi h\u00edrek, t\u00e1j\u00e9koztat\u00f3k"],"inLanguage":"hu"},{"@type":"WebPage","@id":"https:\/\/tiszacsege.hu\/?p=14188","url":"https:\/\/tiszacsege.hu\/?p=14188","name":"Tekerj otthonr\u00f3l haz\u00e1ig!","isPartOf":{"@id":"https:\/\/tiszacsege.hu\/#website"},"primaryImageOfPage":{"@id":"https:\/\/tiszacsege.hu\/?p=14188#primaryimage"},"image":{"@id":"https:\/\/tiszacsege.hu\/?p=14188#primaryimage"},"thumbnailUrl":"https:\/\/tiszacsege.hu\/wp-content\/uploads\/2019\/05\/logo.png","datePublished":"2019-05-20T12:55:14+00:00","breadcrumb":{"@id":"https:\/\/tiszacsege.hu\/?p=14188#breadcrumb"},"inLanguage":"hu","potentialAction":[{"@type":"ReadAction","target":["https:\/\/tiszacsege.hu\/?p=14188"]}]},{"@type":"ImageObject","inLanguage":"hu","@id":"https:\/\/tiszacsege.hu\/?p=14188#primaryimage","url":"https:\/\/tiszacsege.hu\/wp-content\/uploads\/2019\/05\/logo.png","contentUrl":"https:\/\/tiszacsege.hu\/wp-content\/uploads\/2019\/05\/logo.png","width":600,"height":391},{"@type":"BreadcrumbList","@id":"https:\/\/tiszacsege.hu\/?p=14188#breadcrumb","itemListElement":[{"@type":"ListItem","position":1,"name":"Kezd\u0151lap","item":"https:\/\/tiszacsege.hu\/"},{"@type":"ListItem","position":2,"name":"Tekerj otthonr\u00f3l haz\u00e1ig!"}]},{"@type":"WebSite","@id":"https:\/\/tiszacsege.hu\/#website","url":"https:\/\/tiszacsege.hu\/","name":"Tiszacsege","description":"Tiszacsege hivatalos honlapja","publisher":{"@id":"https:\/\/tiszacsege.hu\/#organization"},"potentialAction":[{"@type":"SearchAction","target":{"@type":"EntryPoint","urlTemplate":"https:\/\/tiszacsege.hu\/?s={search_term_string}"},"query-input":{"@type":"PropertyValueSpecification","valueRequired":true,"valueName":"search_term_string"}}],"inLanguage":"hu"},{"@type":"Organization","@id":"https:\/\/tiszacsege.hu\/#organization","name":"Tiszacsege","url":"https:\/\/tiszacsege.hu\/","logo":{"@type":"ImageObject","inLanguage":"hu","@id":"https:\/\/tiszacsege.hu\/#\/schema\/logo\/image\/","url":"https:\/\/tiszacsege.hu\/wp-content\/uploads\/2020\/10\/tiszacsege_logo_rovid2-1.png","contentUrl":"https:\/\/tiszacsege.hu\/wp-content\/uploads\/2020\/10\/tiszacsege_logo_rovid2-1.png","width":500,"height":150,"caption":"Tiszacsege"},"image":{"@id":"https:\/\/tiszacsege.hu\/#\/schema\/logo\/image\/"},"sameAs":["https:\/\/www.facebook.com\/tiszacsegeonkormanyzata"]},{"@type":"Person","@id":"https:\/\/tiszacsege.hu\/#\/schema\/person\/ff2f4e3a9747199f545a2cf351f25334","name":"admin","image":{"@type":"ImageObject","inLanguage":"hu","@id":"https:\/\/secure.gravatar.com\/avatar\/52224ccae048f9be8fd8d745a33eff630818f8bd5c43790479a2754dcef4b69b?s=96&d=mm&r=g","url":"https:\/\/secure.gravatar.com\/avatar\/52224ccae048f9be8fd8d745a33eff630818f8bd5c43790479a2754dcef4b69b?s=96&d=mm&r=g","contentUrl":"https:\/\/secure.gravatar.com\/avatar\/52224ccae048f9be8fd8d745a33eff630818f8bd5c43790479a2754dcef4b69b?s=96&d=mm&r=g","caption":"admin"},"url":"https:\/\/tiszacsege.hu\/?author=1"}]}},"_links":{"self":[{"href":"https:\/\/tiszacsege.hu\/index.php?rest_route=\/wp\/v2\/posts\/14188","targetHints":{"allow":["GET"]}}],"collection":[{"href":"https:\/\/tiszacsege.hu\/index.php?rest_route=\/wp\/v2\/posts"}],"about":[{"href":"https:\/\/tiszacsege.hu\/index.php?rest_route=\/wp\/v2\/types\/post"}],"author":[{"embeddable":true,"href":"https:\/\/tiszacsege.hu\/index.php?rest_route=\/wp\/v2\/users\/1"}],"replies":[{"embeddable":true,"href":"https:\/\/tiszacsege.hu\/index.php?rest_route=%2Fwp%2Fv2%2Fcomments&post=14188"}],"version-history":[{"count":4,"href":"https:\/\/tiszacsege.hu\/index.php?rest_route=\/wp\/v2\/posts\/14188\/revisions"}],"predecessor-version":[{"id":14194,"href":"https:\/\/tiszacsege.hu\/index.php?rest_route=\/wp\/v2\/posts\/14188\/revisions\/14194"}],"wp:featuredmedia":[{"embeddable":true,"href":"https:\/\/tiszacsege.hu\/index.php?rest_route=\/wp\/v2\/media\/14195"}],"wp:attachment":[{"href":"https:\/\/tiszacsege.hu\/index.php?rest_route=%2Fwp%2Fv2%2Fmedia&parent=14188"}],"wp:term":[{"taxonomy":"category","embeddable":true,"href":"https:\/\/tiszacsege.hu\/index.php?rest_route=%2Fwp%2Fv2%2Fcategories&post=14188"},{"taxonomy":"post_tag","embeddable":true,"href":"https:\/\/tiszacsege.hu\/index.php?rest_route=%2Fwp%2Fv2%2Ftags&post=14188"},{"taxonomy":"post_folder","embeddable":true,"href":"https:\/\/tiszacsege.hu\/index.php?rest_route=%2Fwp%2Fv2%2Fpost_folder&post=14188"}],"curies":[{"name":"wp","href":"https:\/\/api.w.org\/{rel}","templated":true}]}}