{"id":16349,"date":"2020-11-04T14:05:41","date_gmt":"2020-11-04T13:05:41","guid":{"rendered":"https:\/\/tiszacsege.hu\/?p=16349"},"modified":"2020-11-06T19:59:37","modified_gmt":"2020-11-06T18:59:37","slug":"tajekoztato-a-jarvanyugyi-veszelyhelyzettel-kapcsolatban","status":"publish","type":"post","link":"https:\/\/tiszacsege.hu\/?p=16349","title":{"rendered":"T\u00c1J\u00c9KOZTAT\u00d3 A J\u00c1RV\u00c1NY\u00dcGYI VESZ\u00c9LYHELYZETTEL KAPCSOLATBAN"},"content":{"rendered":"\n<h2 class=\"wp-block-heading\">Tisztelt lakoss\u00e1g!<\/h2>\n\n\n\n<p class=\"wp-block-paragraph\"><\/p>\n\n\n\n<p class=\"wp-block-paragraph\"><strong>Magyarorsz\u00e1g korm\u00e1nya 2020. november 3-\u00e1n kih\u00edrdette a j\u00e1rv\u00e1ny\u00fcgyi vesz\u00e9lyhelyzetet, mely 2020. november 4. 0:00 \u00f3r\u00e1t\u00f3l \u00e9rv\u00e9nyes.<\/strong><\/p>\n\n\n\n<p class=\"wp-block-paragraph\"> <\/p>\n\n\n\n<div class=\"wp-block-file\"><a href=\"https:\/\/tiszacsege.hu\/wp-content\/uploads\/2020\/11\/MK_20_237.pdf\">A Korm\u00e1ny 478\/2020. (XI. 3.) Korm. rendelete a vesz\u00e9lyhelyzet kihirdet\u00e9s\u00e9r\u0151l<\/a><a href=\"https:\/\/tiszacsege.hu\/wp-content\/uploads\/2020\/11\/MK_20_237.pdf\" class=\"wp-block-file__button\" download>Download<\/a><\/div>\n\n\n\n<div style=\"height:45px\" aria-hidden=\"true\" class=\"wp-block-spacer\"><\/div>\n\n\n\n<p class=\"wp-block-paragraph\"><strong>A vesz\u00e9lyhelyzet idej\u00e9n alkalmazand\u00f3 tov\u00e1bbi v\u00e9delmi int\u00e9zked\u00e9sekr\u0151l:<\/strong><\/p>\n\n\n\n<p class=\"wp-block-paragraph\"><strong>A kij\u00e1r\u00e1si korl\u00e1toz\u00e1s<\/strong>, miszerint mindenki k\u00f6teles 0:00 \u00f3ra \u00e9s 5:00 \u00f3ra k\u00f6z\u00f6tt a lak\u00f3hely\u00e9n, a tart\u00f3zkod\u00e1si hely\u00e9n vagy a sz\u00e1ll\u00e1shely\u00e9n tart\u00f3zkodni. Kiv\u00e9tel ez al\u00f3l a munk\u00e1ba j\u00e1r\u00e1s, \u00e9s eg\u00e9szs\u00e9gk\u00e1rosod\u00e1ssal, \u00e9letvesz\u00e9llyel vagy s\u00falyos k\u00e1rral fenyeget\u0151 helyzet eset\u00e9n, valamint \u00e9letv\u00e9delmi c\u00e9llal a tart\u00f3zkod\u00e1si hely vagy a sz\u00e1ll\u00e1shely elhagy\u00e1sa, illetve a k\u00f6zter\u00fcleten t\u00f6rt\u00e9n\u0151 tart\u00f3zkod\u00e1s<\/p>\n\n\n\n<p class=\"wp-block-paragraph\"><strong>A rendezv\u00e9nyekre vonatkoz\u00f3 v\u00e9delmi int\u00e9zked\u00e9sek<\/strong> \u00e9rtelm\u00e9ben TILOS az olyan rendezv\u00e9ny helysz\u00edn\u00e9n tart\u00f3zkodni,  amely rendszeresen vagy meghat\u00e1rozott alkalomb\u00f3l, illetve id\u0151pontban tartott, nyilv\u00e1nos, valamint nem nyilv\u00e1nos, v\u00e1logatott lemezbemutat\u00e1s vagy \u00e9l\u0151 el\u0151ad\u00e1s \u00fatj\u00e1n ny\u00fajtott zeneszolg\u00e1ltat\u00e1st f\u0151szolg\u00e1ltat\u00e1sk\u00e9nt ny\u00fajt \u00e9s amelyen a r\u00e9szv\u00e9telhez nem kell megv\u00e1ltott \u00fcl\u0151hellyel rendelkezni.  Tilos az (1) bekezd\u00e9s szerinti rendezv\u00e9nyt szervezni, illetve tartani.<\/p>\n\n\n\n<p class=\"wp-block-paragraph\"><strong>A kultur\u00e1lis rendezv\u00e9nyekre \u00e9s helysz\u00ednekre, a moziel\u0151ad\u00e1sokra, valamint a sportrendezv\u00e9nyekre vonatoz\u00f3 v\u00e9delmi int\u00e9zked\u00e9sek:<\/strong> csak minden harmadik \u00fcl\u0151helyet foglalhatj\u00e1k el, k\u00e9t n\u00e9z\u0151 k\u00f6z\u00f6tt k\u00e9t \u00fcl\u0151helyet \u00fcresen kell hagyni \u00e9s a k\u00f6zvetlen\u00fcl egym\u00e1s m\u00f6g\u00f6tti \u00fcl\u0151helyeket nem foglalhatj\u00e1k el, azzal, hogy az egym\u00e1s mellett \u00e9s a k\u00fcl\u00f6nb\u00f6z\u0151 sorokban \u00fcl\u0151k k\u00f6z\u00f6tt is lehet\u0151s\u00e9g szerint 1,5 m\u00e9teres t\u00e1vols\u00e1got kell biztos\u00edtani. A rendezv\u00e9nyek alatt \u00e9s a sz\u00fcnetekben is k\u00f6telez\u0151 a 1,5m-es t\u00e1vols\u00e1gtart\u00e1s \u00e9s a maszkvisel\u00e9s!<\/p>\n\n\n\n<div style=\"height:47px\" aria-hidden=\"true\" class=\"wp-block-spacer\"><\/div>\n\n\n\n<p class=\"wp-block-paragraph\"><strong>Tiszacseg\u00e9n is magasabb a fert\u0151z\u00f6ttek sz\u00e1ma ez\u00e9rt k\u00e9rek mindenkit, hogy fokozott odafigyel\u00e9ssel tartsuk be a v\u00e9dekez\u00e9s el\u0151\u00edr\u00e1sait, szab\u00e1lyait<\/strong> ( szigor\u00fa maszkhaszn\u00e1lat, t\u00e1vols\u00e1g betart\u00e1sa, s\u0171r\u0171bb k\u00e9zmos\u00e1s). A vesz\u00e9lyeztetetteb koroszt\u00e1ly, betegs\u00e9g miatt nagyobb vesz\u00e9lynek kitett lakosok a lehet\u0151s\u00e9gekhez k\u00e9pest ker\u00fclj\u00e9k a t\u00f6meges \u00e9rintkez\u00e9st, aki megteheti tart\u00f3zkodjon otthon. <\/p>\n\n\n\n<p class=\"wp-block-paragraph\"><strong>Azok a lakosok akiknek seg\u00edts\u00e9gre van sz\u00fcks\u00e9g\u00fck, k\u00e9rem keress\u00e9k az \u00f6nkorm\u00e1nyzat szoci\u00e1lis csoportj\u00e1t az al\u00e1bbi telefonsz\u00e1mon:<\/strong> <strong>588-404<\/strong><\/p>\n\n\n\n<p class=\"has-text-align-right wp-block-paragraph\"><strong>Vigy\u00e1zzunk magunkra, vigy\u00e1zzunk egym\u00e1sra, seg\u00edts\u00fck egym\u00e1st!<\/strong><\/p>\n\n\n\n<p class=\"has-text-align-right wp-block-paragraph\">Tisztelettel Szeli Zolt\u00e1n polg\u00e1rmester s.k.<\/p>\n","protected":false},"excerpt":{"rendered":"<p>Tisztelt lakoss\u00e1g! Magyarorsz\u00e1g korm\u00e1nya 2020. november 3-\u00e1n kih\u00edrdette a j\u00e1rv\u00e1ny\u00fcgyi vesz\u00e9lyhelyzetet, mely 2020. november 4. 0:00 \u00f3r\u00e1t\u00f3l \u00e9rv\u00e9nyes. A vesz\u00e9lyhelyzet idej\u00e9n alkalmazand\u00f3 tov\u00e1bbi v\u00e9delmi int\u00e9zked\u00e9sekr\u0151l: A kij\u00e1r\u00e1si korl\u00e1toz\u00e1s, miszerint mindenki k\u00f6teles 0:00 \u00f3ra \u00e9s 5:00 \u00f3ra k\u00f6z\u00f6tt a lak\u00f3hely\u00e9n, a tart\u00f3zkod\u00e1si hely\u00e9n vagy a sz\u00e1ll\u00e1shely\u00e9n tart\u00f3zkodni. Kiv\u00e9tel ez al\u00f3l a munk\u00e1ba j\u00e1r\u00e1s, \u00e9s eg\u00e9szs\u00e9gk\u00e1rosod\u00e1ssal, \u00e9letvesz\u00e9llyel [&hellip;]<\/p>\n","protected":false},"author":1,"featured_media":16052,"comment_status":"closed","ping_status":"closed","sticky":false,"template":"","format":"standard","meta":{"_editorskit_title_hidden":false,"_editorskit_reading_time":0,"_editorskit_is_block_options_detached":false,"_editorskit_block_options_position":"{}","_crdt_document":"","footnotes":""},"categories":[1,232,62],"tags":[],"post_folder":[],"class_list":["post-16349","post","type-post","status-publish","format-standard","has-post-thumbnail","hentry","category-hirek","category-intezkedesek","category-kiemelt"],"yoast_head":"<!-- This site is optimized with the Yoast SEO plugin v27.5 - https:\/\/yoast.com\/product\/yoast-seo-wordpress\/ -->\n<title>T\u00c1J\u00c9KOZTAT\u00d3 A J\u00c1RV\u00c1NY\u00dcGYI VESZ\u00c9LYHELYZETTEL KAPCSOLATBAN<\/title>\n<meta name=\"robots\" content=\"index, follow, max-snippet:-1, max-image-preview:large, max-video-preview:-1\" \/>\n<link rel=\"canonical\" href=\"https:\/\/tiszacsege.hu\/?p=16349\" \/>\n<meta property=\"og:locale\" content=\"hu_HU\" \/>\n<meta property=\"og:type\" content=\"article\" \/>\n<meta property=\"og:title\" content=\"T\u00c1J\u00c9KOZTAT\u00d3 A J\u00c1RV\u00c1NY\u00dcGYI VESZ\u00c9LYHELYZETTEL KAPCSOLATBAN\" \/>\n<meta property=\"og:description\" content=\"Tisztelt lakoss\u00e1g! Magyarorsz\u00e1g korm\u00e1nya 2020. november 3-\u00e1n kih\u00edrdette a j\u00e1rv\u00e1ny\u00fcgyi vesz\u00e9lyhelyzetet, mely 2020. november 4. 0:00 \u00f3r\u00e1t\u00f3l \u00e9rv\u00e9nyes. A vesz\u00e9lyhelyzet idej\u00e9n alkalmazand\u00f3 tov\u00e1bbi v\u00e9delmi int\u00e9zked\u00e9sekr\u0151l: A kij\u00e1r\u00e1si korl\u00e1toz\u00e1s, miszerint mindenki k\u00f6teles 0:00 \u00f3ra \u00e9s 5:00 \u00f3ra k\u00f6z\u00f6tt a lak\u00f3hely\u00e9n, a tart\u00f3zkod\u00e1si hely\u00e9n vagy a sz\u00e1ll\u00e1shely\u00e9n tart\u00f3zkodni. Kiv\u00e9tel ez al\u00f3l a munk\u00e1ba j\u00e1r\u00e1s, \u00e9s eg\u00e9szs\u00e9gk\u00e1rosod\u00e1ssal, \u00e9letvesz\u00e9llyel [&hellip;]\" \/>\n<meta property=\"og:url\" content=\"https:\/\/tiszacsege.hu\/?p=16349\" \/>\n<meta property=\"og:site_name\" content=\"Tiszacsege\" \/>\n<meta property=\"article:publisher\" content=\"https:\/\/www.facebook.com\/tiszacsegeonkormanyzata\" \/>\n<meta property=\"article:published_time\" content=\"2020-11-04T13:05:41+00:00\" \/>\n<meta property=\"article:modified_time\" content=\"2020-11-06T18:59:37+00:00\" \/>\n<meta property=\"og:image\" content=\"https:\/\/tiszacsege.hu\/wp-content\/uploads\/2020\/03\/covid1.jpg\" \/>\n\t<meta property=\"og:image:width\" content=\"850\" \/>\n\t<meta property=\"og:image:height\" content=\"477\" \/>\n\t<meta property=\"og:image:type\" content=\"image\/jpeg\" \/>\n<meta name=\"author\" content=\"admin\" \/>\n<meta name=\"twitter:card\" content=\"summary_large_image\" \/>\n<meta name=\"twitter:title\" content=\"T\u00c1J\u00c9KOZTAT\u00d3 A J\u00c1RV\u00c1NY\u00dcGYI VESZ\u00c9LYHELYZETTEL KAPCSOLATBAN\" \/>\n<meta name=\"twitter:image\" content=\"https:\/\/tiszacsege.hu\/wp-content\/uploads\/2020\/03\/covid1.jpg\" \/>\n<script type=\"application\/ld+json\" class=\"yoast-schema-graph\">{\"@context\":\"https:\\\/\\\/schema.org\",\"@graph\":[{\"@type\":\"Article\",\"@id\":\"https:\\\/\\\/tiszacsege.hu\\\/?p=16349#article\",\"isPartOf\":{\"@id\":\"https:\\\/\\\/tiszacsege.hu\\\/?p=16349\"},\"author\":{\"name\":\"admin\",\"@id\":\"https:\\\/\\\/tiszacsege.hu\\\/#\\\/schema\\\/person\\\/ff2f4e3a9747199f545a2cf351f25334\"},\"headline\":\"T\u00c1J\u00c9KOZTAT\u00d3 A J\u00c1RV\u00c1NY\u00dcGYI VESZ\u00c9LYHELYZETTEL KAPCSOLATBAN\",\"datePublished\":\"2020-11-04T13:05:41+00:00\",\"dateModified\":\"2020-11-06T18:59:37+00:00\",\"mainEntityOfPage\":{\"@id\":\"https:\\\/\\\/tiszacsege.hu\\\/?p=16349\"},\"wordCount\":477,\"publisher\":{\"@id\":\"https:\\\/\\\/tiszacsege.hu\\\/#organization\"},\"image\":{\"@id\":\"https:\\\/\\\/tiszacsege.hu\\\/?p=16349#primaryimage\"},\"thumbnailUrl\":\"https:\\\/\\\/tiszacsege.hu\\\/wp-content\\\/uploads\\\/2020\\\/03\\\/covid1.jpg\",\"articleSection\":[\"Helyi h\u00edrek, t\u00e1j\u00e9koztat\u00f3k\",\"intezkedesek\",\"Kiemelt\"],\"inLanguage\":\"hu\"},{\"@type\":\"WebPage\",\"@id\":\"https:\\\/\\\/tiszacsege.hu\\\/?p=16349\",\"url\":\"https:\\\/\\\/tiszacsege.hu\\\/?p=16349\",\"name\":\"T\u00c1J\u00c9KOZTAT\u00d3 A J\u00c1RV\u00c1NY\u00dcGYI VESZ\u00c9LYHELYZETTEL KAPCSOLATBAN\",\"isPartOf\":{\"@id\":\"https:\\\/\\\/tiszacsege.hu\\\/#website\"},\"primaryImageOfPage\":{\"@id\":\"https:\\\/\\\/tiszacsege.hu\\\/?p=16349#primaryimage\"},\"image\":{\"@id\":\"https:\\\/\\\/tiszacsege.hu\\\/?p=16349#primaryimage\"},\"thumbnailUrl\":\"https:\\\/\\\/tiszacsege.hu\\\/wp-content\\\/uploads\\\/2020\\\/03\\\/covid1.jpg\",\"datePublished\":\"2020-11-04T13:05:41+00:00\",\"dateModified\":\"2020-11-06T18:59:37+00:00\",\"breadcrumb\":{\"@id\":\"https:\\\/\\\/tiszacsege.hu\\\/?p=16349#breadcrumb\"},\"inLanguage\":\"hu\",\"potentialAction\":[{\"@type\":\"ReadAction\",\"target\":[\"https:\\\/\\\/tiszacsege.hu\\\/?p=16349\"]}]},{\"@type\":\"ImageObject\",\"inLanguage\":\"hu\",\"@id\":\"https:\\\/\\\/tiszacsege.hu\\\/?p=16349#primaryimage\",\"url\":\"https:\\\/\\\/tiszacsege.hu\\\/wp-content\\\/uploads\\\/2020\\\/03\\\/covid1.jpg\",\"contentUrl\":\"https:\\\/\\\/tiszacsege.hu\\\/wp-content\\\/uploads\\\/2020\\\/03\\\/covid1.jpg\",\"width\":850,\"height\":477},{\"@type\":\"BreadcrumbList\",\"@id\":\"https:\\\/\\\/tiszacsege.hu\\\/?p=16349#breadcrumb\",\"itemListElement\":[{\"@type\":\"ListItem\",\"position\":1,\"name\":\"Kezd\u0151lap\",\"item\":\"https:\\\/\\\/tiszacsege.hu\\\/\"},{\"@type\":\"ListItem\",\"position\":2,\"name\":\"T\u00c1J\u00c9KOZTAT\u00d3 A J\u00c1RV\u00c1NY\u00dcGYI VESZ\u00c9LYHELYZETTEL KAPCSOLATBAN\"}]},{\"@type\":\"WebSite\",\"@id\":\"https:\\\/\\\/tiszacsege.hu\\\/#website\",\"url\":\"https:\\\/\\\/tiszacsege.hu\\\/\",\"name\":\"Tiszacsege\",\"description\":\"Tiszacsege hivatalos honlapja\",\"publisher\":{\"@id\":\"https:\\\/\\\/tiszacsege.hu\\\/#organization\"},\"potentialAction\":[{\"@type\":\"SearchAction\",\"target\":{\"@type\":\"EntryPoint\",\"urlTemplate\":\"https:\\\/\\\/tiszacsege.hu\\\/?s={search_term_string}\"},\"query-input\":{\"@type\":\"PropertyValueSpecification\",\"valueRequired\":true,\"valueName\":\"search_term_string\"}}],\"inLanguage\":\"hu\"},{\"@type\":\"Organization\",\"@id\":\"https:\\\/\\\/tiszacsege.hu\\\/#organization\",\"name\":\"Tiszacsege\",\"url\":\"https:\\\/\\\/tiszacsege.hu\\\/\",\"logo\":{\"@type\":\"ImageObject\",\"inLanguage\":\"hu\",\"@id\":\"https:\\\/\\\/tiszacsege.hu\\\/#\\\/schema\\\/logo\\\/image\\\/\",\"url\":\"https:\\\/\\\/tiszacsege.hu\\\/wp-content\\\/uploads\\\/2020\\\/10\\\/tiszacsege_logo_rovid2-1.png\",\"contentUrl\":\"https:\\\/\\\/tiszacsege.hu\\\/wp-content\\\/uploads\\\/2020\\\/10\\\/tiszacsege_logo_rovid2-1.png\",\"width\":500,\"height\":150,\"caption\":\"Tiszacsege\"},\"image\":{\"@id\":\"https:\\\/\\\/tiszacsege.hu\\\/#\\\/schema\\\/logo\\\/image\\\/\"},\"sameAs\":[\"https:\\\/\\\/www.facebook.com\\\/tiszacsegeonkormanyzata\"]},{\"@type\":\"Person\",\"@id\":\"https:\\\/\\\/tiszacsege.hu\\\/#\\\/schema\\\/person\\\/ff2f4e3a9747199f545a2cf351f25334\",\"name\":\"admin\",\"image\":{\"@type\":\"ImageObject\",\"inLanguage\":\"hu\",\"@id\":\"https:\\\/\\\/secure.gravatar.com\\\/avatar\\\/52224ccae048f9be8fd8d745a33eff630818f8bd5c43790479a2754dcef4b69b?s=96&d=mm&r=g\",\"url\":\"https:\\\/\\\/secure.gravatar.com\\\/avatar\\\/52224ccae048f9be8fd8d745a33eff630818f8bd5c43790479a2754dcef4b69b?s=96&d=mm&r=g\",\"contentUrl\":\"https:\\\/\\\/secure.gravatar.com\\\/avatar\\\/52224ccae048f9be8fd8d745a33eff630818f8bd5c43790479a2754dcef4b69b?s=96&d=mm&r=g\",\"caption\":\"admin\"},\"url\":\"https:\\\/\\\/tiszacsege.hu\\\/?author=1\"}]}<\/script>\n<!-- \/ Yoast SEO plugin. -->","yoast_head_json":{"title":"T\u00c1J\u00c9KOZTAT\u00d3 A J\u00c1RV\u00c1NY\u00dcGYI VESZ\u00c9LYHELYZETTEL KAPCSOLATBAN","robots":{"index":"index","follow":"follow","max-snippet":"max-snippet:-1","max-image-preview":"max-image-preview:large","max-video-preview":"max-video-preview:-1"},"canonical":"https:\/\/tiszacsege.hu\/?p=16349","og_locale":"hu_HU","og_type":"article","og_title":"T\u00c1J\u00c9KOZTAT\u00d3 A J\u00c1RV\u00c1NY\u00dcGYI VESZ\u00c9LYHELYZETTEL KAPCSOLATBAN","og_description":"Tisztelt lakoss\u00e1g! Magyarorsz\u00e1g korm\u00e1nya 2020. november 3-\u00e1n kih\u00edrdette a j\u00e1rv\u00e1ny\u00fcgyi vesz\u00e9lyhelyzetet, mely 2020. november 4. 0:00 \u00f3r\u00e1t\u00f3l \u00e9rv\u00e9nyes. A vesz\u00e9lyhelyzet idej\u00e9n alkalmazand\u00f3 tov\u00e1bbi v\u00e9delmi int\u00e9zked\u00e9sekr\u0151l: A kij\u00e1r\u00e1si korl\u00e1toz\u00e1s, miszerint mindenki k\u00f6teles 0:00 \u00f3ra \u00e9s 5:00 \u00f3ra k\u00f6z\u00f6tt a lak\u00f3hely\u00e9n, a tart\u00f3zkod\u00e1si hely\u00e9n vagy a sz\u00e1ll\u00e1shely\u00e9n tart\u00f3zkodni. Kiv\u00e9tel ez al\u00f3l a munk\u00e1ba j\u00e1r\u00e1s, \u00e9s eg\u00e9szs\u00e9gk\u00e1rosod\u00e1ssal, \u00e9letvesz\u00e9llyel [&hellip;]","og_url":"https:\/\/tiszacsege.hu\/?p=16349","og_site_name":"Tiszacsege","article_publisher":"https:\/\/www.facebook.com\/tiszacsegeonkormanyzata","article_published_time":"2020-11-04T13:05:41+00:00","article_modified_time":"2020-11-06T18:59:37+00:00","og_image":[{"width":850,"height":477,"url":"https:\/\/tiszacsege.hu\/wp-content\/uploads\/2020\/03\/covid1.jpg","type":"image\/jpeg"}],"author":"admin","twitter_card":"summary_large_image","twitter_title":"T\u00c1J\u00c9KOZTAT\u00d3 A J\u00c1RV\u00c1NY\u00dcGYI VESZ\u00c9LYHELYZETTEL KAPCSOLATBAN","twitter_image":"https:\/\/tiszacsege.hu\/wp-content\/uploads\/2020\/03\/covid1.jpg","schema":{"@context":"https:\/\/schema.org","@graph":[{"@type":"Article","@id":"https:\/\/tiszacsege.hu\/?p=16349#article","isPartOf":{"@id":"https:\/\/tiszacsege.hu\/?p=16349"},"author":{"name":"admin","@id":"https:\/\/tiszacsege.hu\/#\/schema\/person\/ff2f4e3a9747199f545a2cf351f25334"},"headline":"T\u00c1J\u00c9KOZTAT\u00d3 A J\u00c1RV\u00c1NY\u00dcGYI VESZ\u00c9LYHELYZETTEL KAPCSOLATBAN","datePublished":"2020-11-04T13:05:41+00:00","dateModified":"2020-11-06T18:59:37+00:00","mainEntityOfPage":{"@id":"https:\/\/tiszacsege.hu\/?p=16349"},"wordCount":477,"publisher":{"@id":"https:\/\/tiszacsege.hu\/#organization"},"image":{"@id":"https:\/\/tiszacsege.hu\/?p=16349#primaryimage"},"thumbnailUrl":"https:\/\/tiszacsege.hu\/wp-content\/uploads\/2020\/03\/covid1.jpg","articleSection":["Helyi h\u00edrek, t\u00e1j\u00e9koztat\u00f3k","intezkedesek","Kiemelt"],"inLanguage":"hu"},{"@type":"WebPage","@id":"https:\/\/tiszacsege.hu\/?p=16349","url":"https:\/\/tiszacsege.hu\/?p=16349","name":"T\u00c1J\u00c9KOZTAT\u00d3 A J\u00c1RV\u00c1NY\u00dcGYI VESZ\u00c9LYHELYZETTEL KAPCSOLATBAN","isPartOf":{"@id":"https:\/\/tiszacsege.hu\/#website"},"primaryImageOfPage":{"@id":"https:\/\/tiszacsege.hu\/?p=16349#primaryimage"},"image":{"@id":"https:\/\/tiszacsege.hu\/?p=16349#primaryimage"},"thumbnailUrl":"https:\/\/tiszacsege.hu\/wp-content\/uploads\/2020\/03\/covid1.jpg","datePublished":"2020-11-04T13:05:41+00:00","dateModified":"2020-11-06T18:59:37+00:00","breadcrumb":{"@id":"https:\/\/tiszacsege.hu\/?p=16349#breadcrumb"},"inLanguage":"hu","potentialAction":[{"@type":"ReadAction","target":["https:\/\/tiszacsege.hu\/?p=16349"]}]},{"@type":"ImageObject","inLanguage":"hu","@id":"https:\/\/tiszacsege.hu\/?p=16349#primaryimage","url":"https:\/\/tiszacsege.hu\/wp-content\/uploads\/2020\/03\/covid1.jpg","contentUrl":"https:\/\/tiszacsege.hu\/wp-content\/uploads\/2020\/03\/covid1.jpg","width":850,"height":477},{"@type":"BreadcrumbList","@id":"https:\/\/tiszacsege.hu\/?p=16349#breadcrumb","itemListElement":[{"@type":"ListItem","position":1,"name":"Kezd\u0151lap","item":"https:\/\/tiszacsege.hu\/"},{"@type":"ListItem","position":2,"name":"T\u00c1J\u00c9KOZTAT\u00d3 A J\u00c1RV\u00c1NY\u00dcGYI VESZ\u00c9LYHELYZETTEL KAPCSOLATBAN"}]},{"@type":"WebSite","@id":"https:\/\/tiszacsege.hu\/#website","url":"https:\/\/tiszacsege.hu\/","name":"Tiszacsege","description":"Tiszacsege hivatalos honlapja","publisher":{"@id":"https:\/\/tiszacsege.hu\/#organization"},"potentialAction":[{"@type":"SearchAction","target":{"@type":"EntryPoint","urlTemplate":"https:\/\/tiszacsege.hu\/?s={search_term_string}"},"query-input":{"@type":"PropertyValueSpecification","valueRequired":true,"valueName":"search_term_string"}}],"inLanguage":"hu"},{"@type":"Organization","@id":"https:\/\/tiszacsege.hu\/#organization","name":"Tiszacsege","url":"https:\/\/tiszacsege.hu\/","logo":{"@type":"ImageObject","inLanguage":"hu","@id":"https:\/\/tiszacsege.hu\/#\/schema\/logo\/image\/","url":"https:\/\/tiszacsege.hu\/wp-content\/uploads\/2020\/10\/tiszacsege_logo_rovid2-1.png","contentUrl":"https:\/\/tiszacsege.hu\/wp-content\/uploads\/2020\/10\/tiszacsege_logo_rovid2-1.png","width":500,"height":150,"caption":"Tiszacsege"},"image":{"@id":"https:\/\/tiszacsege.hu\/#\/schema\/logo\/image\/"},"sameAs":["https:\/\/www.facebook.com\/tiszacsegeonkormanyzata"]},{"@type":"Person","@id":"https:\/\/tiszacsege.hu\/#\/schema\/person\/ff2f4e3a9747199f545a2cf351f25334","name":"admin","image":{"@type":"ImageObject","inLanguage":"hu","@id":"https:\/\/secure.gravatar.com\/avatar\/52224ccae048f9be8fd8d745a33eff630818f8bd5c43790479a2754dcef4b69b?s=96&d=mm&r=g","url":"https:\/\/secure.gravatar.com\/avatar\/52224ccae048f9be8fd8d745a33eff630818f8bd5c43790479a2754dcef4b69b?s=96&d=mm&r=g","contentUrl":"https:\/\/secure.gravatar.com\/avatar\/52224ccae048f9be8fd8d745a33eff630818f8bd5c43790479a2754dcef4b69b?s=96&d=mm&r=g","caption":"admin"},"url":"https:\/\/tiszacsege.hu\/?author=1"}]}},"_links":{"self":[{"href":"https:\/\/tiszacsege.hu\/index.php?rest_route=\/wp\/v2\/posts\/16349","targetHints":{"allow":["GET"]}}],"collection":[{"href":"https:\/\/tiszacsege.hu\/index.php?rest_route=\/wp\/v2\/posts"}],"about":[{"href":"https:\/\/tiszacsege.hu\/index.php?rest_route=\/wp\/v2\/types\/post"}],"author":[{"embeddable":true,"href":"https:\/\/tiszacsege.hu\/index.php?rest_route=\/wp\/v2\/users\/1"}],"replies":[{"embeddable":true,"href":"https:\/\/tiszacsege.hu\/index.php?rest_route=%2Fwp%2Fv2%2Fcomments&post=16349"}],"version-history":[{"count":14,"href":"https:\/\/tiszacsege.hu\/index.php?rest_route=\/wp\/v2\/posts\/16349\/revisions"}],"predecessor-version":[{"id":16373,"href":"https:\/\/tiszacsege.hu\/index.php?rest_route=\/wp\/v2\/posts\/16349\/revisions\/16373"}],"wp:featuredmedia":[{"embeddable":true,"href":"https:\/\/tiszacsege.hu\/index.php?rest_route=\/wp\/v2\/media\/16052"}],"wp:attachment":[{"href":"https:\/\/tiszacsege.hu\/index.php?rest_route=%2Fwp%2Fv2%2Fmedia&parent=16349"}],"wp:term":[{"taxonomy":"category","embeddable":true,"href":"https:\/\/tiszacsege.hu\/index.php?rest_route=%2Fwp%2Fv2%2Fcategories&post=16349"},{"taxonomy":"post_tag","embeddable":true,"href":"https:\/\/tiszacsege.hu\/index.php?rest_route=%2Fwp%2Fv2%2Ftags&post=16349"},{"taxonomy":"post_folder","embeddable":true,"href":"https:\/\/tiszacsege.hu\/index.php?rest_route=%2Fwp%2Fv2%2Fpost_folder&post=16349"}],"curies":[{"name":"wp","href":"https:\/\/api.w.org\/{rel}","templated":true}]}}