{"id":16434,"date":"2020-11-11T11:54:18","date_gmt":"2020-11-11T10:54:18","guid":{"rendered":"https:\/\/tiszacsege.hu\/?p=16434"},"modified":"2020-11-11T11:54:20","modified_gmt":"2020-11-11T10:54:20","slug":"a-kormany-484-2020-xi-10-korm-rendelete-a-veszelyhelyzet-idejen-alkalmazando-vedelmi-intezkedesek-masodik-utemerol","status":"publish","type":"post","link":"https:\/\/tiszacsege.hu\/?p=16434","title":{"rendered":"A Korm\u00e1ny 484\/2020. (XI. 10.) Korm. rendelete a vesz\u00e9lyhelyzet idej\u00e9n alkalmazand\u00f3 v\u00e9delmi int\u00e9zked\u00e9sek m\u00e1sodik \u00fctem\u00e9r\u0151l"},"content":{"rendered":"\n<p class=\"wp-block-paragraph\"><strong>A Korm\u00e1ny \u00e9rt\u00e9kelte Magyarorsz\u00e1g j\u00e1rv\u00e1ny\u00fcgyi helyzet\u00e9t \u00e9s az eddig meghozott int\u00e9zked\u00e9seket, ennek alapj\u00e1n meg\u00e1llap\u00edtotta, hogy az eddig meghozott int\u00e9zked\u00e9sek fenntart\u00e1sa mellett \u00fajabb v\u00e9delmi int\u00e9zked\u00e9sek bevezet\u00e9se v\u00e1lt sz\u00fcks\u00e9gess\u00e9, ezek a k\u00f6vetkez\u0151k:<\/strong><\/p>\n\n\n\n<p class=\"wp-block-paragraph\" style=\"font-size:14px\"><br>Este 8 \u00f3ra \u00e9s reggel 5 \u00f3ra k\u00f6z\u00f6tt kij\u00e1r\u00e1si tilalom l\u00e9p \u00e9letbe, mindenkinek haza kell \u00e9rnie este 8 \u00f3r\u00e1ig. A kij\u00e1r\u00e1si tilalom al\u00f3li mentes\u00fcl\u00e9s egyik esete a munkav\u00e9gz\u00e9s, amelyet azonban igazolni sz\u00fcks\u00e9ges.<br><\/p>\n\n\n\n<p class=\"wp-block-paragraph\" style=\"font-size:14px\">Minden gy\u00fclekez\u00e9s tilos.<br><\/p>\n\n\n\n<p class=\"wp-block-paragraph\" style=\"font-size:14px\">Az \u00e9ttermek vend\u00e9get nem fogadhatnak, vend\u00e9gnek ott csak az \u00e9tel elvitele c\u00e9lj\u00e1b\u00f3l lehet tart\u00f3zkodni. A h\u00e1zhoz sz\u00e1ll\u00edt\u00e1s adminisztrat\u00edv terheit a Korm\u00e1ny cs\u00f6kkenti, \u00e9s bevonhat\u00f3v\u00e1 teszi a taxisokat a feladat ell\u00e1t\u00e1s\u00e1ba. Az \u00fczemi \u00e9tkezd\u00e9k nyitva tarthatnak.<br><\/p>\n\n\n\n<p class=\"wp-block-paragraph\" style=\"font-size:14px\">Az \u00fczletek \u2013 a gy\u00f3gyszert\u00e1rak \u00e9s a benzinkutak kiv\u00e9tel\u00e9vel \u2013 este 7 \u00f3r\u00e1ig maradhatnak nyitva, \u00e9s ut\u00e1na a kij\u00e1r\u00e1si tilalom lej\u00e1rt\u00e1val, teh\u00e1t leghamarabb reggel 5 \u00f3rakor nyithatnak ki. Az e rendeletben nem eml\u00edtett szolg\u00e1ltat\u00f3k \u00e9s szolg\u00e1ltat\u00e1sok (p\u00e9ld\u00e1ul fodr\u00e1sz, massz\u0151r, szem\u00e9lyi edz\u0151) a szokott rendben m\u0171k\u00f6dhetnek a kij\u00e1r\u00e1si tilalom szab\u00e1lyai mellett.<br><\/p>\n\n\n\n<p class=\"wp-block-paragraph\" style=\"font-size:14px\">A sz\u00e1llod\u00e1k turist\u00e1kat nem, csak \u00fczleti, gazdas\u00e1gi vagy oktat\u00e1si c\u00e9lb\u00f3l \u00e9rkezett vend\u00e9geket fogadhatnak. Mindennem\u0171 rendezv\u00e9ny megtart\u00e1sa tilos, ide\u00e9rtve a kultur\u00e1lis esem\u00e9nyeket, valamint a kar\u00e1csonyi v\u00e1s\u00e1rokat. A vall\u00e1si k\u00f6z\u00f6ss\u00e9gek szertart\u00e1sai a vall\u00e1si k\u00f6z\u00f6ss\u00e9g d\u00f6nt\u00e9se szerint tarthat\u00f3ak meg. A Korm\u00e1ny felk\u00e9ri a vall\u00e1si k\u00f6z\u00f6ss\u00e9geket, hogy a szertart\u00e1saik sor\u00e1n a magatart\u00e1si szab\u00e1lyokat az \u00e1ltal\u00e1nos szab\u00e1lyokkal \u00f6sszhangban hat\u00e1rozz\u00e1k meg.<br><\/p>\n\n\n\n<p class=\"wp-block-paragraph\" style=\"font-size:14px\">A sportm\u00e9rk\u0151z\u00e9seket z\u00e1rt kapuk m\u00f6g\u00f6tt kell megtartani.<br><\/p>\n\n\n\n<p class=\"wp-block-paragraph\" style=\"font-size:14px\">Az egy\u00e9ni szabadt\u00e9ri sportok gyakorl\u00e1sa enged\u00e9lyezett. A vonatkoz\u00f3 jogszab\u00e1lyok szerint versenyszer\u0171en sportol\u00f3k e tev\u00e9kenys\u00e9g\u00fckben nem korl\u00e1tozhat\u00f3ak.<br><\/p>\n\n\n\n<p class=\"wp-block-paragraph\" style=\"font-size:14px\">A szabadid\u0151s l\u00e9tes\u00edtm\u00e9nyek haszn\u00e1lata tilos, bele\u00e9rtve k\u00fcl\u00f6n\u00f6sen a fitnesztermeket, fedett uszod\u00e1kat, m\u00fazeumokat, k\u00f6nyvt\u00e1rakat, mozikat, \u00e1llatkerteket \u00e9s korcsolyap\u00e1ly\u00e1kat.<br><\/p>\n\n\n\n<p class=\"wp-block-paragraph\" style=\"font-size:14px\">A b\u00f6lcs\u0151d\u00e9k, az \u00f3vod\u00e1k \u00e9s az \u00e1ltal\u00e1nos iskol\u00e1k a 8. oszt\u00e1lyig a megszokott rend szerint nyitva tartanak, a speci\u00e1lis int\u00e9zm\u00e9nyi v\u00e9delmi int\u00e9zked\u00e9seket az igazgat\u00f3 hat\u00e1rozza meg. Az iskol\u00e1k a k\u00f6z\u00e9pfok\u00fa oktat\u00e1sban 9. oszt\u00e1lyt\u00f3l digit\u00e1lis munkarendben m\u0171k\u00f6dnek. A k\u00f6z\u00e9pfok\u00fa int\u00e9zm\u00e9nyek koll\u00e9giumai az iskolaigazgat\u00f3 d\u00f6nt\u00e9se szerint m\u0171k\u00f6dnek.<br><\/p>\n\n\n\n<p class=\"wp-block-paragraph\" style=\"font-size:14px\">Az egyetemek, f\u0151iskol\u00e1k digit\u00e1lis munkarendre t\u00e9rnek \u00e1t. A fels\u0151oktat\u00e1si int\u00e9zm\u00e9nyek koll\u00e9giumai bez\u00e1rnak, ez al\u00f3l kiv\u00e9teleket a rektor \u00e1llap\u00edthat meg. A tart\u00f3zkod\u00e1s k\u00fcl\u00f6n\u00f6sen a hat\u00e1ron t\u00fali \u00e9s k\u00fclf\u00f6ldi di\u00e1kok, illetve a hat\u00f3s\u00e1gi h\u00e1zi karant\u00e9n k\u00f6telezetts\u00e9get a koll\u00e9giumban teljes\u00edt\u0151k sz\u00e1m\u00e1ra enged\u00e9lyezhet\u0151.<br><\/p>\n\n\n\n<p class=\"wp-block-paragraph\" style=\"font-size:14px\">Mag\u00e1n \u00e9s csal\u00e1di rendezv\u00e9nyek (p\u00e9ld\u00e1ul sz\u00fclet\u00e9snap) 10 f\u0151ig megtarthat\u00f3ak.<br><\/p>\n\n\n\n<p class=\"wp-block-paragraph\" style=\"font-size:14px\">Temet\u00e9s legfeljebb 50 f\u0151vel tarthat\u00f3 meg.<br><\/p>\n\n\n\n<p class=\"wp-block-paragraph\" style=\"font-size:14px\">Esk\u00fcv\u0151k lakodalom n\u00e9lk\u00fcl tarthat\u00f3ak meg, azonban az esem\u00e9nyen csak meghat\u00e1rozott szem\u00e9lyek vehetnek r\u00e9szt.<br><\/p>\n\n\n\n<p class=\"wp-block-paragraph\" style=\"font-size:14px\">K\u00f3rh\u00e1zak, iskol\u00e1k, \u00f3vod\u00e1k, b\u00f6lcs\u0151d\u00e9k dolgoz\u00f3it \u00e9s a szoci\u00e1lis int\u00e9zm\u00e9nyben dolgoz\u00f3kat \u2013 k\u00fcl\u00f6n korm\u00e1nyrendeletben foglaltak szerint \u2013 hetente tesztelni kell.<br><\/p>\n\n\n\n<p class=\"wp-block-paragraph\" style=\"font-size:14px\">A maszkvisel\u00e9ssel \u00e9s t\u00e1vols\u00e1gtart\u00e1ssal kapcsolatosan eddig bevezetett szab\u00e1lyok tov\u00e1bbra is \u00e9rv\u00e9nyesek, azzal, hogy a 10 000 f\u0151n\u00e9l nagyobb telep\u00fcl\u00e9s egyes k\u00f6zter\u00fcletein a maszkvisel\u00e9s k\u00f6telez\u0151. A ter\u00fcletek kijel\u00f6l\u00e9se a polg\u00e1rmester feladata.<br><\/p>\n\n\n\n<p class=\"wp-block-paragraph\" style=\"font-size:14px\">Sporttev\u00e9kenys\u00e9g sor\u00e1n, valamint a parkokban, illetve z\u00f6ldter\u00fcleteken a maszk visel\u00e9se tov\u00e1bbra sem k\u00f6telez\u0151.<\/p>\n\n\n\n<div style=\"height:45px\" aria-hidden=\"true\" class=\"wp-block-spacer\"><\/div>\n\n\n\n<p class=\"wp-block-paragraph\"><strong>A tov\u00e1bbi int\u00e9zked\u00e9seket, r\u00e9szletek a korm\u00e1nyrendelet tartalmazza<\/strong><\/p>\n\n\n\n<div class=\"wp-block-file\"><a href=\"https:\/\/tiszacsege.hu\/wp-content\/uploads\/2020\/11\/korm_rend_484_2020.pdf\">A Korm\u00e1ny 484\/2020. (XI. 10.) Korm. rendelete<\/a><a href=\"https:\/\/tiszacsege.hu\/wp-content\/uploads\/2020\/11\/korm_rend_484_2020.pdf\" class=\"wp-block-file__button\" download>Download<\/a><\/div>\n","protected":false},"excerpt":{"rendered":"<p>A Korm\u00e1ny \u00e9rt\u00e9kelte Magyarorsz\u00e1g j\u00e1rv\u00e1ny\u00fcgyi helyzet\u00e9t \u00e9s az eddig meghozott int\u00e9zked\u00e9seket, ennek alapj\u00e1n meg\u00e1llap\u00edtotta, hogy az eddig meghozott int\u00e9zked\u00e9sek fenntart\u00e1sa mellett \u00fajabb v\u00e9delmi int\u00e9zked\u00e9sek bevezet\u00e9se v\u00e1lt sz\u00fcks\u00e9gess\u00e9, ezek a k\u00f6vetkez\u0151k: Este 8 \u00f3ra \u00e9s reggel 5 \u00f3ra k\u00f6z\u00f6tt kij\u00e1r\u00e1si tilalom l\u00e9p \u00e9letbe, mindenkinek haza kell \u00e9rnie este 8 \u00f3r\u00e1ig. A kij\u00e1r\u00e1si tilalom al\u00f3li mentes\u00fcl\u00e9s egyik [&hellip;]<\/p>\n","protected":false},"author":1,"featured_media":16445,"comment_status":"closed","ping_status":"closed","sticky":false,"template":"","format":"standard","meta":{"_editorskit_title_hidden":false,"_editorskit_reading_time":0,"_editorskit_is_block_options_detached":false,"_editorskit_block_options_position":"{}","_crdt_document":"","footnotes":""},"categories":[1,232,62],"tags":[],"post_folder":[],"class_list":["post-16434","post","type-post","status-publish","format-standard","has-post-thumbnail","hentry","category-hirek","category-intezkedesek","category-kiemelt"],"yoast_head":"<!-- This site is optimized with the Yoast SEO plugin v27.5 - https:\/\/yoast.com\/product\/yoast-seo-wordpress\/ -->\n<title>A Korm\u00e1ny 484\/2020. (XI. 10.) Korm. rendelete a vesz\u00e9lyhelyzet idej\u00e9n alkalmazand\u00f3 v\u00e9delmi int\u00e9zked\u00e9sek m\u00e1sodik \u00fctem\u00e9r\u0151l<\/title>\n<meta name=\"robots\" content=\"index, follow, max-snippet:-1, max-image-preview:large, max-video-preview:-1\" \/>\n<link rel=\"canonical\" href=\"https:\/\/tiszacsege.hu\/?p=16434\" \/>\n<meta property=\"og:locale\" content=\"hu_HU\" \/>\n<meta property=\"og:type\" content=\"article\" \/>\n<meta property=\"og:title\" content=\"A Korm\u00e1ny 484\/2020. (XI. 10.) Korm. rendelete a vesz\u00e9lyhelyzet idej\u00e9n alkalmazand\u00f3 v\u00e9delmi int\u00e9zked\u00e9sek m\u00e1sodik \u00fctem\u00e9r\u0151l\" \/>\n<meta property=\"og:description\" content=\"A Korm\u00e1ny \u00e9rt\u00e9kelte Magyarorsz\u00e1g j\u00e1rv\u00e1ny\u00fcgyi helyzet\u00e9t \u00e9s az eddig meghozott int\u00e9zked\u00e9seket, ennek alapj\u00e1n meg\u00e1llap\u00edtotta, hogy az eddig meghozott int\u00e9zked\u00e9sek fenntart\u00e1sa mellett \u00fajabb v\u00e9delmi int\u00e9zked\u00e9sek bevezet\u00e9se v\u00e1lt sz\u00fcks\u00e9gess\u00e9, ezek a k\u00f6vetkez\u0151k: Este 8 \u00f3ra \u00e9s reggel 5 \u00f3ra k\u00f6z\u00f6tt kij\u00e1r\u00e1si tilalom l\u00e9p \u00e9letbe, mindenkinek haza kell \u00e9rnie este 8 \u00f3r\u00e1ig. A kij\u00e1r\u00e1si tilalom al\u00f3li mentes\u00fcl\u00e9s egyik [&hellip;]\" \/>\n<meta property=\"og:url\" content=\"https:\/\/tiszacsege.hu\/?p=16434\" \/>\n<meta property=\"og:site_name\" content=\"Tiszacsege\" \/>\n<meta property=\"article:publisher\" content=\"https:\/\/www.facebook.com\/tiszacsegeonkormanyzata\" \/>\n<meta property=\"article:published_time\" content=\"2020-11-11T10:54:18+00:00\" \/>\n<meta property=\"article:modified_time\" content=\"2020-11-11T10:54:20+00:00\" \/>\n<meta property=\"og:image\" content=\"https:\/\/tiszacsege.hu\/wp-content\/uploads\/2020\/11\/intezkedesek.png\" \/>\n\t<meta property=\"og:image:width\" content=\"693\" \/>\n\t<meta property=\"og:image:height\" content=\"439\" \/>\n\t<meta property=\"og:image:type\" content=\"image\/png\" \/>\n<meta name=\"author\" content=\"admin\" \/>\n<meta name=\"twitter:card\" content=\"summary_large_image\" \/>\n<script type=\"application\/ld+json\" class=\"yoast-schema-graph\">{\"@context\":\"https:\\\/\\\/schema.org\",\"@graph\":[{\"@type\":\"Article\",\"@id\":\"https:\\\/\\\/tiszacsege.hu\\\/?p=16434#article\",\"isPartOf\":{\"@id\":\"https:\\\/\\\/tiszacsege.hu\\\/?p=16434\"},\"author\":{\"name\":\"admin\",\"@id\":\"https:\\\/\\\/tiszacsege.hu\\\/#\\\/schema\\\/person\\\/ff2f4e3a9747199f545a2cf351f25334\"},\"headline\":\"A Korm\u00e1ny 484\\\/2020. (XI. 10.) Korm. rendelete a vesz\u00e9lyhelyzet idej\u00e9n alkalmazand\u00f3 v\u00e9delmi int\u00e9zked\u00e9sek m\u00e1sodik \u00fctem\u00e9r\u0151l\",\"datePublished\":\"2020-11-11T10:54:18+00:00\",\"dateModified\":\"2020-11-11T10:54:20+00:00\",\"mainEntityOfPage\":{\"@id\":\"https:\\\/\\\/tiszacsege.hu\\\/?p=16434\"},\"wordCount\":734,\"publisher\":{\"@id\":\"https:\\\/\\\/tiszacsege.hu\\\/#organization\"},\"image\":{\"@id\":\"https:\\\/\\\/tiszacsege.hu\\\/?p=16434#primaryimage\"},\"thumbnailUrl\":\"https:\\\/\\\/tiszacsege.hu\\\/wp-content\\\/uploads\\\/2020\\\/11\\\/intezkedesek.png\",\"articleSection\":[\"Helyi h\u00edrek, t\u00e1j\u00e9koztat\u00f3k\",\"intezkedesek\",\"Kiemelt\"],\"inLanguage\":\"hu\"},{\"@type\":\"WebPage\",\"@id\":\"https:\\\/\\\/tiszacsege.hu\\\/?p=16434\",\"url\":\"https:\\\/\\\/tiszacsege.hu\\\/?p=16434\",\"name\":\"A Korm\u00e1ny 484\\\/2020. (XI. 10.) Korm. rendelete a vesz\u00e9lyhelyzet idej\u00e9n alkalmazand\u00f3 v\u00e9delmi int\u00e9zked\u00e9sek m\u00e1sodik \u00fctem\u00e9r\u0151l\",\"isPartOf\":{\"@id\":\"https:\\\/\\\/tiszacsege.hu\\\/#website\"},\"primaryImageOfPage\":{\"@id\":\"https:\\\/\\\/tiszacsege.hu\\\/?p=16434#primaryimage\"},\"image\":{\"@id\":\"https:\\\/\\\/tiszacsege.hu\\\/?p=16434#primaryimage\"},\"thumbnailUrl\":\"https:\\\/\\\/tiszacsege.hu\\\/wp-content\\\/uploads\\\/2020\\\/11\\\/intezkedesek.png\",\"datePublished\":\"2020-11-11T10:54:18+00:00\",\"dateModified\":\"2020-11-11T10:54:20+00:00\",\"breadcrumb\":{\"@id\":\"https:\\\/\\\/tiszacsege.hu\\\/?p=16434#breadcrumb\"},\"inLanguage\":\"hu\",\"potentialAction\":[{\"@type\":\"ReadAction\",\"target\":[\"https:\\\/\\\/tiszacsege.hu\\\/?p=16434\"]}]},{\"@type\":\"ImageObject\",\"inLanguage\":\"hu\",\"@id\":\"https:\\\/\\\/tiszacsege.hu\\\/?p=16434#primaryimage\",\"url\":\"https:\\\/\\\/tiszacsege.hu\\\/wp-content\\\/uploads\\\/2020\\\/11\\\/intezkedesek.png\",\"contentUrl\":\"https:\\\/\\\/tiszacsege.hu\\\/wp-content\\\/uploads\\\/2020\\\/11\\\/intezkedesek.png\",\"width\":693,\"height\":439},{\"@type\":\"BreadcrumbList\",\"@id\":\"https:\\\/\\\/tiszacsege.hu\\\/?p=16434#breadcrumb\",\"itemListElement\":[{\"@type\":\"ListItem\",\"position\":1,\"name\":\"Kezd\u0151lap\",\"item\":\"https:\\\/\\\/tiszacsege.hu\\\/\"},{\"@type\":\"ListItem\",\"position\":2,\"name\":\"A Korm\u00e1ny 484\\\/2020. (XI. 10.) Korm. rendelete a vesz\u00e9lyhelyzet idej\u00e9n alkalmazand\u00f3 v\u00e9delmi int\u00e9zked\u00e9sek m\u00e1sodik \u00fctem\u00e9r\u0151l\"}]},{\"@type\":\"WebSite\",\"@id\":\"https:\\\/\\\/tiszacsege.hu\\\/#website\",\"url\":\"https:\\\/\\\/tiszacsege.hu\\\/\",\"name\":\"Tiszacsege\",\"description\":\"Tiszacsege hivatalos honlapja\",\"publisher\":{\"@id\":\"https:\\\/\\\/tiszacsege.hu\\\/#organization\"},\"potentialAction\":[{\"@type\":\"SearchAction\",\"target\":{\"@type\":\"EntryPoint\",\"urlTemplate\":\"https:\\\/\\\/tiszacsege.hu\\\/?s={search_term_string}\"},\"query-input\":{\"@type\":\"PropertyValueSpecification\",\"valueRequired\":true,\"valueName\":\"search_term_string\"}}],\"inLanguage\":\"hu\"},{\"@type\":\"Organization\",\"@id\":\"https:\\\/\\\/tiszacsege.hu\\\/#organization\",\"name\":\"Tiszacsege\",\"url\":\"https:\\\/\\\/tiszacsege.hu\\\/\",\"logo\":{\"@type\":\"ImageObject\",\"inLanguage\":\"hu\",\"@id\":\"https:\\\/\\\/tiszacsege.hu\\\/#\\\/schema\\\/logo\\\/image\\\/\",\"url\":\"https:\\\/\\\/tiszacsege.hu\\\/wp-content\\\/uploads\\\/2020\\\/10\\\/tiszacsege_logo_rovid2-1.png\",\"contentUrl\":\"https:\\\/\\\/tiszacsege.hu\\\/wp-content\\\/uploads\\\/2020\\\/10\\\/tiszacsege_logo_rovid2-1.png\",\"width\":500,\"height\":150,\"caption\":\"Tiszacsege\"},\"image\":{\"@id\":\"https:\\\/\\\/tiszacsege.hu\\\/#\\\/schema\\\/logo\\\/image\\\/\"},\"sameAs\":[\"https:\\\/\\\/www.facebook.com\\\/tiszacsegeonkormanyzata\"]},{\"@type\":\"Person\",\"@id\":\"https:\\\/\\\/tiszacsege.hu\\\/#\\\/schema\\\/person\\\/ff2f4e3a9747199f545a2cf351f25334\",\"name\":\"admin\",\"image\":{\"@type\":\"ImageObject\",\"inLanguage\":\"hu\",\"@id\":\"https:\\\/\\\/secure.gravatar.com\\\/avatar\\\/52224ccae048f9be8fd8d745a33eff630818f8bd5c43790479a2754dcef4b69b?s=96&d=mm&r=g\",\"url\":\"https:\\\/\\\/secure.gravatar.com\\\/avatar\\\/52224ccae048f9be8fd8d745a33eff630818f8bd5c43790479a2754dcef4b69b?s=96&d=mm&r=g\",\"contentUrl\":\"https:\\\/\\\/secure.gravatar.com\\\/avatar\\\/52224ccae048f9be8fd8d745a33eff630818f8bd5c43790479a2754dcef4b69b?s=96&d=mm&r=g\",\"caption\":\"admin\"},\"url\":\"https:\\\/\\\/tiszacsege.hu\\\/?author=1\"}]}<\/script>\n<!-- \/ Yoast SEO plugin. -->","yoast_head_json":{"title":"A Korm\u00e1ny 484\/2020. (XI. 10.) Korm. rendelete a vesz\u00e9lyhelyzet idej\u00e9n alkalmazand\u00f3 v\u00e9delmi int\u00e9zked\u00e9sek m\u00e1sodik \u00fctem\u00e9r\u0151l","robots":{"index":"index","follow":"follow","max-snippet":"max-snippet:-1","max-image-preview":"max-image-preview:large","max-video-preview":"max-video-preview:-1"},"canonical":"https:\/\/tiszacsege.hu\/?p=16434","og_locale":"hu_HU","og_type":"article","og_title":"A Korm\u00e1ny 484\/2020. (XI. 10.) Korm. rendelete a vesz\u00e9lyhelyzet idej\u00e9n alkalmazand\u00f3 v\u00e9delmi int\u00e9zked\u00e9sek m\u00e1sodik \u00fctem\u00e9r\u0151l","og_description":"A Korm\u00e1ny \u00e9rt\u00e9kelte Magyarorsz\u00e1g j\u00e1rv\u00e1ny\u00fcgyi helyzet\u00e9t \u00e9s az eddig meghozott int\u00e9zked\u00e9seket, ennek alapj\u00e1n meg\u00e1llap\u00edtotta, hogy az eddig meghozott int\u00e9zked\u00e9sek fenntart\u00e1sa mellett \u00fajabb v\u00e9delmi int\u00e9zked\u00e9sek bevezet\u00e9se v\u00e1lt sz\u00fcks\u00e9gess\u00e9, ezek a k\u00f6vetkez\u0151k: Este 8 \u00f3ra \u00e9s reggel 5 \u00f3ra k\u00f6z\u00f6tt kij\u00e1r\u00e1si tilalom l\u00e9p \u00e9letbe, mindenkinek haza kell \u00e9rnie este 8 \u00f3r\u00e1ig. A kij\u00e1r\u00e1si tilalom al\u00f3li mentes\u00fcl\u00e9s egyik [&hellip;]","og_url":"https:\/\/tiszacsege.hu\/?p=16434","og_site_name":"Tiszacsege","article_publisher":"https:\/\/www.facebook.com\/tiszacsegeonkormanyzata","article_published_time":"2020-11-11T10:54:18+00:00","article_modified_time":"2020-11-11T10:54:20+00:00","og_image":[{"width":693,"height":439,"url":"https:\/\/tiszacsege.hu\/wp-content\/uploads\/2020\/11\/intezkedesek.png","type":"image\/png"}],"author":"admin","twitter_card":"summary_large_image","schema":{"@context":"https:\/\/schema.org","@graph":[{"@type":"Article","@id":"https:\/\/tiszacsege.hu\/?p=16434#article","isPartOf":{"@id":"https:\/\/tiszacsege.hu\/?p=16434"},"author":{"name":"admin","@id":"https:\/\/tiszacsege.hu\/#\/schema\/person\/ff2f4e3a9747199f545a2cf351f25334"},"headline":"A Korm\u00e1ny 484\/2020. (XI. 10.) Korm. rendelete a vesz\u00e9lyhelyzet idej\u00e9n alkalmazand\u00f3 v\u00e9delmi int\u00e9zked\u00e9sek m\u00e1sodik \u00fctem\u00e9r\u0151l","datePublished":"2020-11-11T10:54:18+00:00","dateModified":"2020-11-11T10:54:20+00:00","mainEntityOfPage":{"@id":"https:\/\/tiszacsege.hu\/?p=16434"},"wordCount":734,"publisher":{"@id":"https:\/\/tiszacsege.hu\/#organization"},"image":{"@id":"https:\/\/tiszacsege.hu\/?p=16434#primaryimage"},"thumbnailUrl":"https:\/\/tiszacsege.hu\/wp-content\/uploads\/2020\/11\/intezkedesek.png","articleSection":["Helyi h\u00edrek, t\u00e1j\u00e9koztat\u00f3k","intezkedesek","Kiemelt"],"inLanguage":"hu"},{"@type":"WebPage","@id":"https:\/\/tiszacsege.hu\/?p=16434","url":"https:\/\/tiszacsege.hu\/?p=16434","name":"A Korm\u00e1ny 484\/2020. (XI. 10.) Korm. rendelete a vesz\u00e9lyhelyzet idej\u00e9n alkalmazand\u00f3 v\u00e9delmi int\u00e9zked\u00e9sek m\u00e1sodik \u00fctem\u00e9r\u0151l","isPartOf":{"@id":"https:\/\/tiszacsege.hu\/#website"},"primaryImageOfPage":{"@id":"https:\/\/tiszacsege.hu\/?p=16434#primaryimage"},"image":{"@id":"https:\/\/tiszacsege.hu\/?p=16434#primaryimage"},"thumbnailUrl":"https:\/\/tiszacsege.hu\/wp-content\/uploads\/2020\/11\/intezkedesek.png","datePublished":"2020-11-11T10:54:18+00:00","dateModified":"2020-11-11T10:54:20+00:00","breadcrumb":{"@id":"https:\/\/tiszacsege.hu\/?p=16434#breadcrumb"},"inLanguage":"hu","potentialAction":[{"@type":"ReadAction","target":["https:\/\/tiszacsege.hu\/?p=16434"]}]},{"@type":"ImageObject","inLanguage":"hu","@id":"https:\/\/tiszacsege.hu\/?p=16434#primaryimage","url":"https:\/\/tiszacsege.hu\/wp-content\/uploads\/2020\/11\/intezkedesek.png","contentUrl":"https:\/\/tiszacsege.hu\/wp-content\/uploads\/2020\/11\/intezkedesek.png","width":693,"height":439},{"@type":"BreadcrumbList","@id":"https:\/\/tiszacsege.hu\/?p=16434#breadcrumb","itemListElement":[{"@type":"ListItem","position":1,"name":"Kezd\u0151lap","item":"https:\/\/tiszacsege.hu\/"},{"@type":"ListItem","position":2,"name":"A Korm\u00e1ny 484\/2020. (XI. 10.) Korm. rendelete a vesz\u00e9lyhelyzet idej\u00e9n alkalmazand\u00f3 v\u00e9delmi int\u00e9zked\u00e9sek m\u00e1sodik \u00fctem\u00e9r\u0151l"}]},{"@type":"WebSite","@id":"https:\/\/tiszacsege.hu\/#website","url":"https:\/\/tiszacsege.hu\/","name":"Tiszacsege","description":"Tiszacsege hivatalos honlapja","publisher":{"@id":"https:\/\/tiszacsege.hu\/#organization"},"potentialAction":[{"@type":"SearchAction","target":{"@type":"EntryPoint","urlTemplate":"https:\/\/tiszacsege.hu\/?s={search_term_string}"},"query-input":{"@type":"PropertyValueSpecification","valueRequired":true,"valueName":"search_term_string"}}],"inLanguage":"hu"},{"@type":"Organization","@id":"https:\/\/tiszacsege.hu\/#organization","name":"Tiszacsege","url":"https:\/\/tiszacsege.hu\/","logo":{"@type":"ImageObject","inLanguage":"hu","@id":"https:\/\/tiszacsege.hu\/#\/schema\/logo\/image\/","url":"https:\/\/tiszacsege.hu\/wp-content\/uploads\/2020\/10\/tiszacsege_logo_rovid2-1.png","contentUrl":"https:\/\/tiszacsege.hu\/wp-content\/uploads\/2020\/10\/tiszacsege_logo_rovid2-1.png","width":500,"height":150,"caption":"Tiszacsege"},"image":{"@id":"https:\/\/tiszacsege.hu\/#\/schema\/logo\/image\/"},"sameAs":["https:\/\/www.facebook.com\/tiszacsegeonkormanyzata"]},{"@type":"Person","@id":"https:\/\/tiszacsege.hu\/#\/schema\/person\/ff2f4e3a9747199f545a2cf351f25334","name":"admin","image":{"@type":"ImageObject","inLanguage":"hu","@id":"https:\/\/secure.gravatar.com\/avatar\/52224ccae048f9be8fd8d745a33eff630818f8bd5c43790479a2754dcef4b69b?s=96&d=mm&r=g","url":"https:\/\/secure.gravatar.com\/avatar\/52224ccae048f9be8fd8d745a33eff630818f8bd5c43790479a2754dcef4b69b?s=96&d=mm&r=g","contentUrl":"https:\/\/secure.gravatar.com\/avatar\/52224ccae048f9be8fd8d745a33eff630818f8bd5c43790479a2754dcef4b69b?s=96&d=mm&r=g","caption":"admin"},"url":"https:\/\/tiszacsege.hu\/?author=1"}]}},"_links":{"self":[{"href":"https:\/\/tiszacsege.hu\/index.php?rest_route=\/wp\/v2\/posts\/16434","targetHints":{"allow":["GET"]}}],"collection":[{"href":"https:\/\/tiszacsege.hu\/index.php?rest_route=\/wp\/v2\/posts"}],"about":[{"href":"https:\/\/tiszacsege.hu\/index.php?rest_route=\/wp\/v2\/types\/post"}],"author":[{"embeddable":true,"href":"https:\/\/tiszacsege.hu\/index.php?rest_route=\/wp\/v2\/users\/1"}],"replies":[{"embeddable":true,"href":"https:\/\/tiszacsege.hu\/index.php?rest_route=%2Fwp%2Fv2%2Fcomments&post=16434"}],"version-history":[{"count":7,"href":"https:\/\/tiszacsege.hu\/index.php?rest_route=\/wp\/v2\/posts\/16434\/revisions"}],"predecessor-version":[{"id":16442,"href":"https:\/\/tiszacsege.hu\/index.php?rest_route=\/wp\/v2\/posts\/16434\/revisions\/16442"}],"wp:featuredmedia":[{"embeddable":true,"href":"https:\/\/tiszacsege.hu\/index.php?rest_route=\/wp\/v2\/media\/16445"}],"wp:attachment":[{"href":"https:\/\/tiszacsege.hu\/index.php?rest_route=%2Fwp%2Fv2%2Fmedia&parent=16434"}],"wp:term":[{"taxonomy":"category","embeddable":true,"href":"https:\/\/tiszacsege.hu\/index.php?rest_route=%2Fwp%2Fv2%2Fcategories&post=16434"},{"taxonomy":"post_tag","embeddable":true,"href":"https:\/\/tiszacsege.hu\/index.php?rest_route=%2Fwp%2Fv2%2Ftags&post=16434"},{"taxonomy":"post_folder","embeddable":true,"href":"https:\/\/tiszacsege.hu\/index.php?rest_route=%2Fwp%2Fv2%2Fpost_folder&post=16434"}],"curies":[{"name":"wp","href":"https:\/\/api.w.org\/{rel}","templated":true}]}}