{"id":19026,"date":"2022-01-26T19:13:31","date_gmt":"2022-01-26T18:13:31","guid":{"rendered":"https:\/\/tiszacsege.hu\/?p=19026"},"modified":"2022-01-30T10:58:06","modified_gmt":"2022-01-30T09:58:06","slug":"evertekeles-es-jovobetekintes","status":"publish","type":"post","link":"https:\/\/tiszacsege.hu\/?p=19026","title":{"rendered":"\u00c9v\u00e9rt\u00e9kel\u00e9s \u00e9s j\u00f6v\u0151betekint\u00e9s"},"content":{"rendered":"\n<p class=\"has-large-font-size wp-block-paragraph\"><strong>Tisztelt tiszacsegei Lakosok!<\/strong><\/p>\n\n\n\n<div style=\"height:20px\" aria-hidden=\"true\" class=\"wp-block-spacer\"><\/div>\n\n\n\n<p class=\"has-medium-font-size wp-block-paragraph\">Minden \u00faj \u00e9vkezd\u00e9s arra inti az embereket, hogy \u00e1lljanak meg egy pillanatra, tekintsenek vissza az eltelt \u00e9vre \u00e9s gondolj\u00e1k v\u00e9gig, mik voltak azok a j\u00f3 dolgok, amiknek \u00f6r\u00fclhetnek \u00e9s melyek azok a neh\u00e9zs\u00e9gek, probl\u00e9m\u00e1k, amikb\u0151l k\u00f6vetkeztet\u00e9seket vonhatnak le, tanulhatnak bel\u0151l\u00fck.<\/p>\n\n\n\n<div style=\"height:20px\" aria-hidden=\"true\" class=\"wp-block-spacer\"><\/div>\n\n\n\n<p class=\"has-medium-font-size wp-block-paragraph\">2021, mint \u00e1ltal\u00e1ban minden \u00e9v, tele volt \u00f6r\u00f6m\u00f6kkel \u00e9s gondokkal. Mindkett\u0151 er\u0151s\u00edtheti k\u00f6z\u00f6ss\u00e9g\u00fcnket, mert a j\u00f3 dolgok meg\u00e9l\u00e9se \u00e9s a probl\u00e9m\u00e1k k\u00f6z\u00f6s megold\u00e1sa is \u00f6sszekov\u00e1csolja a telep\u00fcl\u00e9s lak\u00f3inak k\u00f6z\u00f6ss\u00e9g\u00e9t.<\/p>\n\n\n\n<div style=\"height:20px\" aria-hidden=\"true\" class=\"wp-block-spacer\"><\/div>\n\n\n\n<p class=\"has-medium-font-size wp-block-paragraph\">A probl\u00e9m\u00e1k egy r\u00e9sze a lakoss\u00e1gt\u00f3l f\u00fcggetlen, egy r\u00e9sz\u00e9t mi, lakosok gener\u00e1ljuk \u00e9s ezek olyan plusz terheket r\u00f3nak az \u00f6nkorm\u00e1nyzatra, amelyek elker\u00fclhet\u0151ek lenn\u00e9nek.<\/p>\n\n\n\n<div style=\"height:20px\" aria-hidden=\"true\" class=\"wp-block-spacer\"><\/div>\n\n\n\n<p class=\"has-medium-font-size wp-block-paragraph\">A term\u00e9szeti adotts\u00e1gaink \/v\u00edzpart\/ miatt m\u00e1r m\u00e1just\u00f3l beindul a sz\u00fanyogszezon, ami ny\u00e1rra, ha olyanok az id\u0151j\u00e1r\u00e1si viszonyok, szinte elviselhetetlenn\u00e9 v\u00e1lik. Az \u00e1llam v\u00e1llalta mag\u00e1ra ennek a probl\u00e9m\u00e1nak a kezel\u00e9s\u00e9t m\u00e1r \u00e9vek \u00f3ta. Az irt\u00e1s m\u00f3dja is f\u00f6ldi, nem l\u00e9gi hivatalosan. Ennek ellen\u00e9re \u00f6nkorm\u00e1nyzatunk saj\u00e1t k\u00f6lts\u00e9gen l\u00e9gi irt\u00e1ssal pr\u00f3b\u00e1lta elviselhet\u0151bb\u00e9 tenni az itt \u00e9l\u0151k \u00e9let\u00e9t. A katasztr\u00f3fav\u00e9delemn\u00e9l egyeztettem a bejelentett ter\u00fclet nagys\u00e1g\u00e1r\u00f3l. Kider\u00fclt, hogy \u00e9vek \u00f3ta nem megfelel\u0151 a leadott km2, ez\u00e9rt kezdem\u00e9nyeztem az irt\u00e1sra kijel\u00f6lt ter\u00fclet m\u00f3dos\u00edt\u00e1s\u00e1t. Rem\u00e9lj\u00fck, ennek az int\u00e9zked\u00e9snek a hat\u00e1s\u00e1ra javul a sz\u00fanyogirt\u00e1s hat\u00e9konys\u00e1ga!<\/p>\n\n\n\n<div style=\"height:20px\" aria-hidden=\"true\" class=\"wp-block-spacer\"><\/div>\n\n\n\n<p class=\"has-medium-font-size wp-block-paragraph\">Sajnos a sz\u00e9ls\u0151s\u00e9ges id\u0151j\u00e1r\u00e1s az id\u00e9n sem k\u00edm\u00e9lt benn\u00fcnket, augusztus 1-\u00e9n \u00f3ri\u00e1si vihar t\u00e9p\u00e1zta meg h\u00e1zainkat, f\u00e1inkat. Az \u00f6nkorm\u00e1nyzati tulajdonban l\u00e9v\u0151 \u00e9p\u00fcletek tetej\u00e9nek jav\u00edt\u00e1sa mellett seg\u00edts\u00e9get ny\u00fajtottunk v\u00e1rosunk lak\u00f3inak p\u00e9nzbeli \u00e9s anyagi t\u00e1mogat\u00e1ssal.<\/p>\n\n\n\n<div style=\"height:20px\" aria-hidden=\"true\" class=\"wp-block-spacer\"><\/div>\n\n\n\n<p class=\"has-medium-font-size wp-block-paragraph\">Vannak azonban olyan negat\u00edvumok, amelyeket az itt \u00e9l\u0151k okoznak. Els\u0151sorban az illeg\u00e1lis szem\u00e9tlerak\u00e1sra gondolok, amelynek kezel\u00e9se rengeteg id\u0151t, p\u00e9nzt \u00e9s energi\u00e1t vesz el v\u00e1rosunk lak\u00f3it\u00f3l.<\/p>\n\n\n\n<div style=\"height:20px\" aria-hidden=\"true\" class=\"wp-block-spacer\"><\/div>\n\n\n\n<p class=\"has-medium-font-size wp-block-paragraph\">Szomor\u00fa l\u00e1tni, mennyi k\u00f3bor kutya csatangol gazd\u00e1tlanul a v\u00e1ros utc\u00e1in. Felel\u0151tlen emberek okoznak ezzel riadalmat \u00e9s k\u00e1rokat, a k\u00f6vetkezm\u00e9nyeket azonban nem v\u00e1llalj\u00e1k magukra. \u00d6nkorm\u00e1nyzatunk sz\u00e1m\u00e1ra komoly anyagi terhet jelent elvitetni az \u00e1llatokat a gyepmesterekkel. Itt szeretn\u00e9m megk\u00f6sz\u00f6nni azoknak a j\u00f3 sz\u00e1nd\u00e9k\u00fa lakosoknak a seg\u00edts\u00e9get, akik a lelkiismeretlen gazd\u00e1k helyett hoznak anyagi \u00e1ldozatokat, nem sajn\u00e1lva id\u0151t \u00e9s energi\u00e1t, hogy ezek a szerencs\u00e9tlen sors\u00fa \u00e1llatok jobb k\u00f6r\u00fclm\u00e9nyek k\u00f6z\u00e9 ker\u00fclhessenek. Nagyobb figyelmet fogunk ford\u00edtani a felel\u0151s \u00e1llattart\u00e1s betartat\u00e1s\u00e1ra.<\/p>\n\n\n\n<div style=\"height:20px\" aria-hidden=\"true\" class=\"wp-block-spacer\"><\/div>\n\n\n\n<p class=\"has-medium-font-size wp-block-paragraph\">A sorozatos n\u00e9vtelen \u00e9s t\u00f6bbnyire alaptalan, feljelent\u00e9sek sem seg\u00edtik v\u00e1rosunk fejl\u0151d\u00e9s\u00e9t. A szervek k\u00f6telesek kivizsg\u00e1lni az \u00fcgyeket minden feljelent\u00e9s eset\u00e9ben, \u00edgy az \u00f6nkorm\u00e1nyzati munkav\u00e9gz\u00e9st h\u00e1tr\u00e1ltatva.<\/p>\n\n\n\n<div style=\"height:20px\" aria-hidden=\"true\" class=\"wp-block-spacer\"><\/div>\n\n\n\n<p class=\"has-medium-font-size wp-block-paragraph\">Szerencs\u00e9re az elm\u00falt \u00e9vben b\u0151velkedt\u00fcnk \u201eJ\u00f3\u201d dolgokban is, j\u00f3 hangulat\u00fa rendezv\u00e9nyeket, sikeres p\u00e1ly\u00e1zatokat tudhatunk magunk m\u00f6g\u00f6tt.<\/p>\n\n\n\n<div style=\"height:20px\" aria-hidden=\"true\" class=\"wp-block-spacer\"><\/div>\n\n\n\n<p class=\"has-medium-font-size wp-block-paragraph\">Sok rendezv\u00e9ny\u00fcnk volt\u2013 Csege-nap, Sz\u00fcreti mulats\u00e1g, Halloween, Advent- amelyek bebizony\u00edtott\u00e1k, hogy v\u00e1rosunk legf\u0151bb ereje az \u00f6sszefog\u00e1s, j\u00f3akarat \u00e9s tenni akar\u00e1s.<\/p>\n\n\n\n<div style=\"height:20px\" aria-hidden=\"true\" class=\"wp-block-spacer\"><\/div>\n\n\n\n<p class=\"has-medium-font-size wp-block-paragraph\">Siker\u00fclt a szoci\u00e1lis juttat\u00e1sok ter\u00e9n is el\u0151re l\u00e9pn\u00fcnk \u00e9s a m\u00e1r megl\u00e9v\u0151 t\u00e1mogat\u00e1sokat emelni, illetve \u00fajabb programokat bevezetni.<\/p>\n\n\n\n<div style=\"height:20px\" aria-hidden=\"true\" class=\"wp-block-spacer\"><\/div>\n\n\n\n<p class=\"has-medium-font-size wp-block-paragraph\">Tiszacsege, mint a legt\u00f6bb telep\u00fcl\u00e9s, f\u0151k\u00e9nt p\u00e1ly\u00e1zatok \u00fatj\u00e1n tud nagyobb fejleszt\u00e9seket v\u00e9grehajtani. Az elm\u00falt \u00e9vben 115 862 474 Ft-ot siker\u00fclt elnyerni, mely \u00f6sszegb\u0151l t\u00f6bbek k\u00f6z\u00f6tt \u00faj utakat, kommun\u00e1lis eszk\u00f6zt, tanyagondnoki buszt, ravataloz\u00f3 bels\u0151 fel\u00faj\u00edt\u00e1st (ny\u00edl\u00e1sz\u00e1r\u00f3 csere, burkolatfel\u00faj\u00edt\u00e1s, h\u0171t\u0151csere), temet\u0151n bel\u00fcli \u00fat \u00e9s v\u00edzh\u00e1l\u00f3zat b\u0151v\u00edt\u00e9st, \u00faj fogorvosi rendel\u0151 kialak\u00edt\u00e1s\u00e1t, komp-\u00e9s m\u00fazeum fel\u00faj\u00edt\u00e1st tudunk finansz\u00edrozni.<\/p>\n\n\n\n<div style=\"height:20px\" aria-hidden=\"true\" class=\"wp-block-spacer\"><\/div>\n\n\n\n<figure class=\"wp-block-gallery has-nested-images columns-default is-cropped wp-block-gallery-1 is-layout-flex wp-block-gallery-is-layout-flex\">\n<figure class=\"wp-block-image\"><a href=\"https:\/\/tiszacsege.hu\/wp-content\/uploads\/2022\/01\/utfelujitas-2.jpg\"><img fetchpriority=\"high\" decoding=\"async\" width=\"1269\" height=\"923\" data-id=\"19016\" src=\"https:\/\/tiszacsege.hu\/wp-content\/uploads\/2022\/01\/utfelujitas-2.jpg\" alt=\"\" class=\"wp-image-19016\" srcset=\"https:\/\/tiszacsege.hu\/wp-content\/uploads\/2022\/01\/utfelujitas-2.jpg 1269w, https:\/\/tiszacsege.hu\/wp-content\/uploads\/2022\/01\/utfelujitas-2-567x412.jpg 567w, https:\/\/tiszacsege.hu\/wp-content\/uploads\/2022\/01\/utfelujitas-2-1280x931.jpg 1280w, https:\/\/tiszacsege.hu\/wp-content\/uploads\/2022\/01\/utfelujitas-2-175x127.jpg 175w\" sizes=\"(max-width: 1269px) 100vw, 1269px\" \/><\/a><\/figure>\n\n\n\n<figure class=\"wp-block-image\"><a href=\"https:\/\/tiszacsege.hu\/wp-content\/uploads\/2022\/01\/utfelujitas-1.jpg\"><img decoding=\"async\" width=\"1385\" height=\"1038\" data-id=\"19019\" src=\"https:\/\/tiszacsege.hu\/wp-content\/uploads\/2022\/01\/utfelujitas-1.jpg\" alt=\"\" class=\"wp-image-19019\" srcset=\"https:\/\/tiszacsege.hu\/wp-content\/uploads\/2022\/01\/utfelujitas-1.jpg 1385w, https:\/\/tiszacsege.hu\/wp-content\/uploads\/2022\/01\/utfelujitas-1-567x424.jpg 567w, https:\/\/tiszacsege.hu\/wp-content\/uploads\/2022\/01\/utfelujitas-1-1280x959.jpg 1280w, https:\/\/tiszacsege.hu\/wp-content\/uploads\/2022\/01\/utfelujitas-1-175x131.jpg 175w, https:\/\/tiszacsege.hu\/wp-content\/uploads\/2022\/01\/utfelujitas-1-131x97.jpg 131w\" sizes=\"(max-width: 1385px) 100vw, 1385px\" \/><\/a><\/figure>\n\n\n\n<figure class=\"wp-block-image\"><a href=\"https:\/\/tiszacsege.hu\/wp-content\/uploads\/2022\/01\/ravatalozo-2.jpg\"><img decoding=\"async\" width=\"1248\" height=\"936\" data-id=\"19018\" src=\"https:\/\/tiszacsege.hu\/wp-content\/uploads\/2022\/01\/ravatalozo-2.jpg\" alt=\"\" class=\"wp-image-19018\" srcset=\"https:\/\/tiszacsege.hu\/wp-content\/uploads\/2022\/01\/ravatalozo-2.jpg 1248w, https:\/\/tiszacsege.hu\/wp-content\/uploads\/2022\/01\/ravatalozo-2-567x425.jpg 567w, https:\/\/tiszacsege.hu\/wp-content\/uploads\/2022\/01\/ravatalozo-2-1280x960.jpg 1280w, https:\/\/tiszacsege.hu\/wp-content\/uploads\/2022\/01\/ravatalozo-2-175x131.jpg 175w, https:\/\/tiszacsege.hu\/wp-content\/uploads\/2022\/01\/ravatalozo-2-131x97.jpg 131w\" sizes=\"(max-width: 1248px) 100vw, 1248px\" \/><\/a><\/figure>\n\n\n\n<figure class=\"wp-block-image\"><a href=\"https:\/\/tiszacsege.hu\/wp-content\/uploads\/2022\/01\/ravatalozo-1.jpg\"><img loading=\"lazy\" decoding=\"async\" width=\"1248\" height=\"936\" data-id=\"19012\" src=\"https:\/\/tiszacsege.hu\/wp-content\/uploads\/2022\/01\/ravatalozo-1.jpg\" alt=\"\" class=\"wp-image-19012\" srcset=\"https:\/\/tiszacsege.hu\/wp-content\/uploads\/2022\/01\/ravatalozo-1.jpg 1248w, https:\/\/tiszacsege.hu\/wp-content\/uploads\/2022\/01\/ravatalozo-1-567x425.jpg 567w, https:\/\/tiszacsege.hu\/wp-content\/uploads\/2022\/01\/ravatalozo-1-1280x960.jpg 1280w, https:\/\/tiszacsege.hu\/wp-content\/uploads\/2022\/01\/ravatalozo-1-175x131.jpg 175w, https:\/\/tiszacsege.hu\/wp-content\/uploads\/2022\/01\/ravatalozo-1-131x97.jpg 131w\" sizes=\"(max-width: 1248px) 100vw, 1248px\" \/><\/a><\/figure>\n\n\n\n<figure class=\"wp-block-image\"><a href=\"https:\/\/tiszacsege.hu\/wp-content\/uploads\/2022\/01\/tanyabusz.jpg\"><img loading=\"lazy\" decoding=\"async\" width=\"1355\" height=\"1016\" data-id=\"19017\" src=\"https:\/\/tiszacsege.hu\/wp-content\/uploads\/2022\/01\/tanyabusz.jpg\" alt=\"\" class=\"wp-image-19017\" srcset=\"https:\/\/tiszacsege.hu\/wp-content\/uploads\/2022\/01\/tanyabusz.jpg 1355w, https:\/\/tiszacsege.hu\/wp-content\/uploads\/2022\/01\/tanyabusz-567x425.jpg 567w, https:\/\/tiszacsege.hu\/wp-content\/uploads\/2022\/01\/tanyabusz-1280x959.jpg 1280w, https:\/\/tiszacsege.hu\/wp-content\/uploads\/2022\/01\/tanyabusz-175x131.jpg 175w, https:\/\/tiszacsege.hu\/wp-content\/uploads\/2022\/01\/tanyabusz-131x97.jpg 131w\" sizes=\"(max-width: 1355px) 100vw, 1355px\" \/><\/a><\/figure>\n\n\n\n<figure class=\"wp-block-image\"><a href=\"https:\/\/tiszacsege.hu\/wp-content\/uploads\/2022\/01\/ovoda-teto-2.jpg\"><img loading=\"lazy\" decoding=\"async\" width=\"1387\" height=\"1038\" data-id=\"19015\" src=\"https:\/\/tiszacsege.hu\/wp-content\/uploads\/2022\/01\/ovoda-teto-2.jpg\" alt=\"\" class=\"wp-image-19015\" srcset=\"https:\/\/tiszacsege.hu\/wp-content\/uploads\/2022\/01\/ovoda-teto-2.jpg 1387w, https:\/\/tiszacsege.hu\/wp-content\/uploads\/2022\/01\/ovoda-teto-2-567x424.jpg 567w, https:\/\/tiszacsege.hu\/wp-content\/uploads\/2022\/01\/ovoda-teto-2-1280x957.jpg 1280w, https:\/\/tiszacsege.hu\/wp-content\/uploads\/2022\/01\/ovoda-teto-2-175x130.jpg 175w, https:\/\/tiszacsege.hu\/wp-content\/uploads\/2022\/01\/ovoda-teto-2-131x97.jpg 131w\" sizes=\"(max-width: 1387px) 100vw, 1387px\" \/><\/a><\/figure>\n\n\n\n<figure class=\"wp-block-image\"><a href=\"https:\/\/tiszacsege.hu\/wp-content\/uploads\/2022\/01\/ovoda-teto-1.jpg\"><img loading=\"lazy\" decoding=\"async\" width=\"1387\" height=\"1038\" data-id=\"19011\" src=\"https:\/\/tiszacsege.hu\/wp-content\/uploads\/2022\/01\/ovoda-teto-1.jpg\" alt=\"\" class=\"wp-image-19011\" srcset=\"https:\/\/tiszacsege.hu\/wp-content\/uploads\/2022\/01\/ovoda-teto-1.jpg 1387w, https:\/\/tiszacsege.hu\/wp-content\/uploads\/2022\/01\/ovoda-teto-1-567x424.jpg 567w, https:\/\/tiszacsege.hu\/wp-content\/uploads\/2022\/01\/ovoda-teto-1-1280x957.jpg 1280w, https:\/\/tiszacsege.hu\/wp-content\/uploads\/2022\/01\/ovoda-teto-1-175x130.jpg 175w, https:\/\/tiszacsege.hu\/wp-content\/uploads\/2022\/01\/ovoda-teto-1-131x97.jpg 131w\" sizes=\"(max-width: 1387px) 100vw, 1387px\" \/><\/a><\/figure>\n\n\n\n<figure class=\"wp-block-image\"><a href=\"https:\/\/tiszacsege.hu\/wp-content\/uploads\/2022\/01\/jatszoter-2.jpg\"><img loading=\"lazy\" decoding=\"async\" width=\"1248\" height=\"936\" data-id=\"19014\" src=\"https:\/\/tiszacsege.hu\/wp-content\/uploads\/2022\/01\/jatszoter-2.jpg\" alt=\"\" class=\"wp-image-19014\" srcset=\"https:\/\/tiszacsege.hu\/wp-content\/uploads\/2022\/01\/jatszoter-2.jpg 1248w, https:\/\/tiszacsege.hu\/wp-content\/uploads\/2022\/01\/jatszoter-2-567x425.jpg 567w, https:\/\/tiszacsege.hu\/wp-content\/uploads\/2022\/01\/jatszoter-2-1280x960.jpg 1280w, https:\/\/tiszacsege.hu\/wp-content\/uploads\/2022\/01\/jatszoter-2-175x131.jpg 175w, https:\/\/tiszacsege.hu\/wp-content\/uploads\/2022\/01\/jatszoter-2-131x97.jpg 131w\" sizes=\"(max-width: 1248px) 100vw, 1248px\" \/><\/a><\/figure>\n\n\n\n<figure class=\"wp-block-image\"><a href=\"https:\/\/tiszacsege.hu\/wp-content\/uploads\/2022\/01\/jatszoter-3.jpg\"><img loading=\"lazy\" decoding=\"async\" width=\"1248\" height=\"936\" data-id=\"19013\" src=\"https:\/\/tiszacsege.hu\/wp-content\/uploads\/2022\/01\/jatszoter-3.jpg\" alt=\"\" class=\"wp-image-19013\" srcset=\"https:\/\/tiszacsege.hu\/wp-content\/uploads\/2022\/01\/jatszoter-3.jpg 1248w, https:\/\/tiszacsege.hu\/wp-content\/uploads\/2022\/01\/jatszoter-3-567x425.jpg 567w, https:\/\/tiszacsege.hu\/wp-content\/uploads\/2022\/01\/jatszoter-3-1280x960.jpg 1280w, https:\/\/tiszacsege.hu\/wp-content\/uploads\/2022\/01\/jatszoter-3-175x131.jpg 175w, https:\/\/tiszacsege.hu\/wp-content\/uploads\/2022\/01\/jatszoter-3-131x97.jpg 131w\" sizes=\"(max-width: 1248px) 100vw, 1248px\" \/><\/a><\/figure>\n\n\n\n<figure class=\"wp-block-image\"><a href=\"https:\/\/tiszacsege.hu\/wp-content\/uploads\/2022\/01\/jatszoter-1.jpg\"><img loading=\"lazy\" decoding=\"async\" width=\"1248\" height=\"936\" data-id=\"19010\" src=\"https:\/\/tiszacsege.hu\/wp-content\/uploads\/2022\/01\/jatszoter-1.jpg\" alt=\"\" class=\"wp-image-19010\" srcset=\"https:\/\/tiszacsege.hu\/wp-content\/uploads\/2022\/01\/jatszoter-1.jpg 1248w, https:\/\/tiszacsege.hu\/wp-content\/uploads\/2022\/01\/jatszoter-1-567x425.jpg 567w, https:\/\/tiszacsege.hu\/wp-content\/uploads\/2022\/01\/jatszoter-1-1280x960.jpg 1280w, https:\/\/tiszacsege.hu\/wp-content\/uploads\/2022\/01\/jatszoter-1-175x131.jpg 175w, https:\/\/tiszacsege.hu\/wp-content\/uploads\/2022\/01\/jatszoter-1-131x97.jpg 131w\" sizes=\"(max-width: 1248px) 100vw, 1248px\" \/><\/a><\/figure>\n\n\n\n<figure class=\"wp-block-image\"><a href=\"https:\/\/tiszacsege.hu\/wp-content\/uploads\/2022\/01\/traki-1.jpg\"><img loading=\"lazy\" decoding=\"async\" width=\"1040\" height=\"780\" data-id=\"19000\" src=\"https:\/\/tiszacsege.hu\/wp-content\/uploads\/2022\/01\/traki-1.jpg\" alt=\"\" class=\"wp-image-19000\" srcset=\"https:\/\/tiszacsege.hu\/wp-content\/uploads\/2022\/01\/traki-1.jpg 1040w, https:\/\/tiszacsege.hu\/wp-content\/uploads\/2022\/01\/traki-1-567x425.jpg 567w, https:\/\/tiszacsege.hu\/wp-content\/uploads\/2022\/01\/traki-1-1280x960.jpg 1280w, https:\/\/tiszacsege.hu\/wp-content\/uploads\/2022\/01\/traki-1-175x131.jpg 175w, https:\/\/tiszacsege.hu\/wp-content\/uploads\/2022\/01\/traki-1-131x97.jpg 131w\" sizes=\"(max-width: 1040px) 100vw, 1040px\" \/><\/a><\/figure>\n\n\n\n<figure class=\"wp-block-image\"><a href=\"https:\/\/tiszacsege.hu\/wp-content\/uploads\/2022\/01\/traki-2.jpg\"><img loading=\"lazy\" decoding=\"async\" width=\"1040\" height=\"780\" data-id=\"19001\" src=\"https:\/\/tiszacsege.hu\/wp-content\/uploads\/2022\/01\/traki-2.jpg\" alt=\"\" class=\"wp-image-19001\" srcset=\"https:\/\/tiszacsege.hu\/wp-content\/uploads\/2022\/01\/traki-2.jpg 1040w, https:\/\/tiszacsege.hu\/wp-content\/uploads\/2022\/01\/traki-2-567x425.jpg 567w, https:\/\/tiszacsege.hu\/wp-content\/uploads\/2022\/01\/traki-2-1280x960.jpg 1280w, https:\/\/tiszacsege.hu\/wp-content\/uploads\/2022\/01\/traki-2-175x131.jpg 175w, https:\/\/tiszacsege.hu\/wp-content\/uploads\/2022\/01\/traki-2-131x97.jpg 131w\" sizes=\"(max-width: 1040px) 100vw, 1040px\" \/><\/a><\/figure>\n\n\n\n<figure class=\"wp-block-image\"><a href=\"https:\/\/tiszacsege.hu\/wp-content\/uploads\/2022\/01\/jarda-2.jpg\"><img loading=\"lazy\" decoding=\"async\" width=\"780\" height=\"1040\" data-id=\"18997\" src=\"https:\/\/tiszacsege.hu\/wp-content\/uploads\/2022\/01\/jarda-2.jpg\" alt=\"\" class=\"wp-image-18997\" srcset=\"https:\/\/tiszacsege.hu\/wp-content\/uploads\/2022\/01\/jarda-2.jpg 780w, https:\/\/tiszacsege.hu\/wp-content\/uploads\/2022\/01\/jarda-2-567x756.jpg 567w, https:\/\/tiszacsege.hu\/wp-content\/uploads\/2022\/01\/jarda-2-1280x1706.jpg 1280w, https:\/\/tiszacsege.hu\/wp-content\/uploads\/2022\/01\/jarda-2-175x233.jpg 175w\" sizes=\"(max-width: 780px) 100vw, 780px\" \/><\/a><\/figure>\n\n\n\n<figure class=\"wp-block-image\"><a href=\"https:\/\/tiszacsege.hu\/wp-content\/uploads\/2022\/01\/jarda-3.jpg\"><img loading=\"lazy\" decoding=\"async\" width=\"780\" height=\"1040\" data-id=\"18995\" src=\"https:\/\/tiszacsege.hu\/wp-content\/uploads\/2022\/01\/jarda-3.jpg\" alt=\"\" class=\"wp-image-18995\" srcset=\"https:\/\/tiszacsege.hu\/wp-content\/uploads\/2022\/01\/jarda-3.jpg 780w, https:\/\/tiszacsege.hu\/wp-content\/uploads\/2022\/01\/jarda-3-567x756.jpg 567w, https:\/\/tiszacsege.hu\/wp-content\/uploads\/2022\/01\/jarda-3-1280x1706.jpg 1280w, https:\/\/tiszacsege.hu\/wp-content\/uploads\/2022\/01\/jarda-3-175x233.jpg 175w\" sizes=\"(max-width: 780px) 100vw, 780px\" \/><\/a><\/figure>\n<\/figure>\n\n\n\n<div style=\"height:20px\" aria-hidden=\"true\" class=\"wp-block-spacer\"><\/div>\n\n\n\n<p class=\"has-medium-font-size wp-block-paragraph\">2021. december 17-\u00e9n \u201d\u00c9v\u00e9rt\u00e9kel\u0151-j\u00f6v\u0151be tekint\u0151\u201d rendezv\u00e9ny keret\u00e9ben \u00f6sszegezt\u00fck eddig el\u00e9rt eredm\u00e9nyeinket \u00e9s \u00e1tbesz\u00e9lt\u00fck j\u00f6v\u0151beni terveinket. A megh\u00edvott vend\u00e9geink k\u00f6z\u00f6tt k\u00f6sz\u00f6nthett\u00fck Bod\u00f3 S\u00e1ndor \u00e1llamtitk\u00e1r urat, aki ismertette a k\u00f6vetkez\u0151 p\u00e1ly\u00e1zati ciklus lehet\u0151s\u00e9geit \u00e9s biztos\u00edtotta telep\u00fcl\u00e9s\u00fcnket tov\u00e1bbi t\u00e1mogat\u00e1s\u00e1r\u00f3l. A konferenci\u00e1n r\u00e9szt vettek k\u00e9pvisel\u0151t\u00e1rsaim, jegyz\u0151 \u00far, p\u00e9nz\u00fcgyi oszt\u00e1lyunk vezet\u0151je, p\u00e1ly\u00e1zat\u00edr\u00f3 munkat\u00e1rsunk , a v\u00e1ros int\u00e9zm\u00e9nyeinek vezet\u0151i \u00e9s reform\u00e1tus egyh\u00e1zunk lelk\u00e9sz asszonya. 2022 el\u00e9 bizakod\u00e1ssal tekint\u00fcnk. Folytatjuk az elkezdett fejleszt\u00e9si munk\u00e1kat, illetve \u00faj lehet\u0151s\u00e9geket, p\u00e1ly\u00e1zatokat keres\u00fcnk \u00e9s igyeksz\u00fcnk kihaszn\u00e1lni.<\/p>\n\n\n\n<div style=\"height:20px\" aria-hidden=\"true\" class=\"wp-block-spacer\"><\/div>\n\n\n\n<p class=\"has-medium-font-size wp-block-paragraph\">A TOP_PLUSZ keret\u00e9n bel\u00fcl beny\u00fajt\u00e1sra ker\u00fclt egy olyan p\u00e1ly\u00e1zat v\u00e1rosk\u00f6zpont kialak\u00edt\u00e1sa, amely mind az itt \u00e9l\u0151k komfort\u00e9rzet\u00e9t jav\u00edtan\u00e1, mind az idel\u00e1togat\u00f3k tetsz\u00e9s\u00e9t elnyeri.<\/p>\n\n\n\n<div style=\"height:20px\" aria-hidden=\"true\" class=\"wp-block-spacer\"><\/div>\n\n\n\n<p class=\"has-medium-font-size wp-block-paragraph\">A v\u00e1roslak\u00f3k mindennapi \u00e9let\u00e9ben kiemelt fontoss\u00e1g\u00fa a k\u00f6zleked\u00e9si lehet\u0151s\u00e9g min\u0151s\u00e9ge, ez\u00e9rt \u00e1lland\u00f3 feladatot jelent a bel-\u00e9s k\u00fclter\u00fcleti utak korszer\u0171s\u00edt\u00e9se. Meg\u00fajult a Toldi, R\u00e1k\u00f3czi utca egy r\u00e9sze, az Esze Tam\u00e1s \u00e9s a Z\u00e1tony III. utca. \u00datalappal l\u00e1ttuk el a T\u00f3 \u00e9s Bercs\u00e9nyi utc\u00e1kat. Fejleszt\u00e9sre, fel\u00faj\u00edt\u00e1sra szorul m\u00e9g nagyon sok belt\u00e9ri utunk, a j\u00e1rd\u00e1ink, a k\u00f6z\u00f6ss\u00e9gi terek, a megl\u00e9v\u0151 ker\u00e9kp\u00e1rutunk. Folytatjuk ebben az \u00e9vben is a \u00fat\u00e9p\u00edt\u00e9si, \u00fatjav\u00edt\u00e1si munk\u00e1inkat. Mind saj\u00e1t er\u0151b\u0151l, mind p\u00e1ly\u00e1zatokb\u00f3l szeretn\u00e9nk, hogy telep\u00fcl\u00e9s\u00fcnk egyre t\u00f6bb utc\u00e1ja \u00fajuljon meg, illetve \u00fatalap n\u00e9lk\u00fcli utc\u00e1k ne legyenek.<\/p>\n\n\n\n<div style=\"height:20px\" aria-hidden=\"true\" class=\"wp-block-spacer\"><\/div>\n\n\n\n<p class=\"has-medium-font-size wp-block-paragraph\">Ennek \u00e9rdek\u00e9ben az id\u00e9n is p\u00e1ly\u00e1zatot ny\u00fajtunk be a Magyar Falu Programban, a Bel\u00fcgyminiszt\u00e9rium \u00e1ltal, a TOP_PLUSZ keret\u00e9n bel\u00fcl ki\u00edrt \u00fatp\u00e1ly\u00e1zatokban. \u201cK\u00fclter\u00fcleti helyi k\u00f6zutak fejleszt\u00e9se Tiszacseg\u00e9n\u201d nev\u0171 projekt\u00fcnk, melyet 2021 \u0151sz\u00e9n adtunk be, v\u00e1rhat\u00f3an a napokban ker\u00fcl elb\u00edr\u00e1l\u00e1sra.<\/p>\n\n\n\n<div style=\"height:20px\" aria-hidden=\"true\" class=\"wp-block-spacer\"><\/div>\n\n\n\n<p class=\"has-medium-font-size wp-block-paragraph\">A r\u00e9gi piact\u00e9r alkalmatlan a helyi termel\u0151k komfortos, higi\u00e9nikus \u00e1rus\u00edt\u00e1s\u00e1ra, ez\u00e9rt \u00faj, a mai kor elv\u00e1r\u00e1sainak megfelel\u0151 piaccsarnokot szeretn\u00e9nk \u00e9p\u00edteni, melyre szint\u00e9n beadtuk a p\u00e1ly\u00e1zatot.<\/p>\n\n\n\n<div style=\"height:20px\" aria-hidden=\"true\" class=\"wp-block-spacer\"><\/div>\n\n\n\n<p class=\"has-medium-font-size wp-block-paragraph\">Jelent\u0151s anyagi megtakar\u00edt\u00e1st jelentene \u00f6nkorm\u00e1nyzatunknak az \u00f6nkorm\u00e1nyzati \u00e9p\u00fcletek energetikai korszer\u0171s\u00edt\u00e9se. A TOP_PLUSZ p\u00e1ly\u00e1zati ki\u00edr\u00e1son bel\u00fcl beny\u00fajtottuk p\u00e1ly\u00e1zatunkat a k\u00f6nyvt\u00e1runk \u00e9s a v\u00e1rosh\u00e1z\u00e1nk ilyen t\u00edpus\u00fa fejleszt\u00e9s\u00e9re. K\u00fcls\u0151 h\u0151szigetel\u00e9st, \u00faj ny\u00edl\u00e1sz\u00e1r\u00f3kat kapn\u00e1nak az \u00e9p\u00fcletek, valamint az elektromos energia ell\u00e1t\u00e1s\u00e1hoz napelemeket telep\u00edten\u00e9nk.<\/p>\n\n\n\n<div style=\"height:20px\" aria-hidden=\"true\" class=\"wp-block-spacer\"><\/div>\n\n\n\n<p class=\"has-medium-font-size wp-block-paragraph\">A Magyar Falu Program keret\u00e9n bel\u00fcl p\u00e1ly\u00e1zunk az \u00f3vod\u00e1nk j\u00e1tsz\u00f3t\u00e9ri elemeinek fel\u00faj\u00edt\u00e1s\u00e1ra, fejleszt\u00e9s\u00e9re, \u00faj j\u00e1t\u00e9kelemekre.<\/p>\n\n\n\n<div style=\"height:20px\" aria-hidden=\"true\" class=\"wp-block-spacer\"><\/div>\n\n\n\n<p class=\"has-medium-font-size wp-block-paragraph\">Szint\u00e9n a Magyar Falu Program keret\u00e9n bel\u00fcl p\u00e1ly\u00e1zunk a ravataloz\u00f3 tet\u0151szerkezet\u00e9nek fel\u00faj\u00edt\u00e1s\u00e1ra \u00e9s tov\u00e1bbi kommun\u00e1lis eszk\u00f6z\u00f6kre.<\/p>\n\n\n\n<div style=\"height:20px\" aria-hidden=\"true\" class=\"wp-block-spacer\"><\/div>\n\n\n\n<p class=\"has-medium-font-size wp-block-paragraph\">Feladatunknak tekintj\u00fck strandunk olyan szeml\u00e9let\u0171 \u00e1talak\u00edt\u00e1s\u00e1t, amely a gy\u00f3gy- \u00e9s wellness szolg\u00e1ltat\u00e1sokat ig\u00e9nyl\u0151k, valamint a kisgyermekes csal\u00e1dok elv\u00e1r\u00e1sait is ki tudja szolg\u00e1lni. Az el\u0151z\u0151 \u00e9vek p\u00e1ly\u00e1zati id\u0151szak\u00e1ban v\u00e1rosunk nem jutott p\u00e1ly\u00e1zati forr\u00e1shoz a term\u00e1lf\u00fcrd\u0151 fejleszt\u00e9s\u00e9hez, de a 2021-2027-es uni\u00f3s p\u00e1ly\u00e1zati ciklusban v\u00e1rhat\u00f3an ki\u00edr\u00e1sra ker\u00fclnek erre a c\u00e9lra ki\u00edrt programok. Folyamatosan figyelj\u00fck a p\u00e1ly\u00e1zati ki\u00edr\u00e1sokat, de saj\u00e1t er\u0151b\u0151l is v\u00e9gz\u00fcnk apr\u00f3 fejleszt\u00e9seket. Az id\u00e9n a gyerekeknek k\u00edv\u00e1nunk kedvezni v\u00edzi j\u00e1t\u00e9k elemekkel \u00e9s a j\u00e1tsz\u00f3t\u00e9r rendbet\u00e9tel\u00e9vel. Szeretn\u00e9nk bekapcsol\u00f3dni a Tisza-tavi programturizmusba, ker\u00e9kp\u00e1ros, v\u00edzi szolg\u00e1ltat\u00e1sok megteremt\u00e9s\u00e9vel, ez\u00e9rt t\u00e1vlati c\u00e9lunk szabadstrand kialak\u00edt\u00e1sa a Tisza-parton a hozz\u00e1 tartoz\u00f3 kiszolg\u00e1l\u00f3 egys\u00e9gek l\u00e9trehoz\u00e1s\u00e1val.<\/p>\n\n\n\n<div style=\"height:20px\" aria-hidden=\"true\" class=\"wp-block-spacer\"><\/div>\n\n\n\n<p class=\"has-medium-font-size wp-block-paragraph\">Fejleszt\u00e9si elk\u00e9pzel\u00e9seink k\u00f6z\u00f6tt vannak r\u00f6vid, k\u00f6z\u00e9p \u00e9s hossz\u00fa t\u00e1v\u00faak, kisebb beruh\u00e1z\u00e1sokat \u00e9s komoly anyagi befektet\u00e9seket ig\u00e9nyl\u0151k. Az elm\u00falt p\u00e1ly\u00e1zati ciklusban is igyekezt\u00fcnk megragadni a lehet\u0151s\u00e9geket \u00e9s b\u00edzunk abban, hogy a k\u00f6vetkez\u0151 id\u0151szak is lehet\u0151v\u00e9 teszi v\u00e1rosunk tov\u00e1bbi fejl\u0151d\u00e9s\u00e9t!<\/p>\n\n\n\n<div style=\"height:20px\" aria-hidden=\"true\" class=\"wp-block-spacer\"><\/div>\n\n\n\n<p class=\"has-medium-font-size wp-block-paragraph\">K\u00edv\u00e1nok a 2022-es \u00e9vre mindenkinek j\u00f3 eg\u00e9szs\u00e9get, b\u00e9k\u00e9s, sikerekben gazdag, boldog \u00faj \u00e9vet!<\/p>\n\n\n\n<div style=\"height:20px\" aria-hidden=\"true\" class=\"wp-block-spacer\"><\/div>\n\n\n\n<p class=\"has-medium-font-size wp-block-paragraph\">Tiszacsege, 2022. janu\u00e1r 26.<\/p>\n\n\n\n<div style=\"height:20px\" aria-hidden=\"true\" class=\"wp-block-spacer\"><\/div>\n\n\n\n<p class=\"has-medium-font-size wp-block-paragraph\">Szeli Zolt\u00e1n, polg\u00e1rmester<\/p>\n","protected":false},"excerpt":{"rendered":"<p>Tisztelt tiszacsegei Lakosok! Minden \u00faj \u00e9vkezd\u00e9s arra inti az embereket, hogy \u00e1lljanak meg egy pillanatra, tekintsenek vissza az eltelt \u00e9vre \u00e9s gondolj\u00e1k v\u00e9gig, mik voltak azok a j\u00f3 dolgok, amiknek \u00f6r\u00fclhetnek \u00e9s melyek azok a neh\u00e9zs\u00e9gek, probl\u00e9m\u00e1k, amikb\u0151l k\u00f6vetkeztet\u00e9seket vonhatnak le, tanulhatnak bel\u0151l\u00fck. 2021, mint \u00e1ltal\u00e1ban minden \u00e9v, tele volt \u00f6r\u00f6m\u00f6kkel \u00e9s gondokkal. Mindkett\u0151 er\u0151s\u00edtheti [&hellip;]<\/p>\n","protected":false},"author":1,"featured_media":19035,"comment_status":"closed","ping_status":"closed","sticky":false,"template":"","format":"standard","meta":{"_editorskit_title_hidden":false,"_editorskit_reading_time":0,"_editorskit_is_block_options_detached":false,"_editorskit_block_options_position":"{}","_crdt_document":"","footnotes":""},"categories":[1],"tags":[],"post_folder":[],"class_list":["post-19026","post","type-post","status-publish","format-standard","has-post-thumbnail","hentry","category-hirek"],"yoast_head":"<!-- This site is optimized with the Yoast SEO plugin v27.5 - https:\/\/yoast.com\/product\/yoast-seo-wordpress\/ -->\n<title>\u00c9v\u00e9rt\u00e9kel\u00e9s \u00e9s j\u00f6v\u0151betekint\u00e9s<\/title>\n<meta name=\"robots\" content=\"index, follow, max-snippet:-1, max-image-preview:large, max-video-preview:-1\" \/>\n<link rel=\"canonical\" href=\"https:\/\/tiszacsege.hu\/?p=19026\" \/>\n<meta property=\"og:locale\" content=\"hu_HU\" \/>\n<meta property=\"og:type\" content=\"article\" \/>\n<meta property=\"og:title\" content=\"\u00c9v\u00e9rt\u00e9kel\u00e9s \u00e9s j\u00f6v\u0151betekint\u00e9s\" \/>\n<meta property=\"og:description\" content=\"Tisztelt tiszacsegei Lakosok! Minden \u00faj \u00e9vkezd\u00e9s arra inti az embereket, hogy \u00e1lljanak meg egy pillanatra, tekintsenek vissza az eltelt \u00e9vre \u00e9s gondolj\u00e1k v\u00e9gig, mik voltak azok a j\u00f3 dolgok, amiknek \u00f6r\u00fclhetnek \u00e9s melyek azok a neh\u00e9zs\u00e9gek, probl\u00e9m\u00e1k, amikb\u0151l k\u00f6vetkeztet\u00e9seket vonhatnak le, tanulhatnak bel\u0151l\u00fck. 2021, mint \u00e1ltal\u00e1ban minden \u00e9v, tele volt \u00f6r\u00f6m\u00f6kkel \u00e9s gondokkal. Mindkett\u0151 er\u0151s\u00edtheti [&hellip;]\" \/>\n<meta property=\"og:url\" content=\"https:\/\/tiszacsege.hu\/?p=19026\" \/>\n<meta property=\"og:site_name\" content=\"Tiszacsege\" \/>\n<meta property=\"article:publisher\" content=\"https:\/\/www.facebook.com\/tiszacsegeonkormanyzata\" \/>\n<meta property=\"article:published_time\" content=\"2022-01-26T18:13:31+00:00\" \/>\n<meta property=\"article:modified_time\" content=\"2022-01-30T09:58:06+00:00\" \/>\n<meta property=\"og:image\" content=\"https:\/\/tiszacsege.hu\/wp-content\/uploads\/2022\/01\/evertekelo-1280x794.png\" \/>\n\t<meta property=\"og:image:width\" content=\"1280\" \/>\n\t<meta property=\"og:image:height\" content=\"794\" \/>\n\t<meta property=\"og:image:type\" content=\"image\/png\" \/>\n<meta name=\"author\" content=\"admin\" \/>\n<meta name=\"twitter:card\" content=\"summary_large_image\" \/>\n<script type=\"application\/ld+json\" class=\"yoast-schema-graph\">{\"@context\":\"https:\\\/\\\/schema.org\",\"@graph\":[{\"@type\":\"Article\",\"@id\":\"https:\\\/\\\/tiszacsege.hu\\\/?p=19026#article\",\"isPartOf\":{\"@id\":\"https:\\\/\\\/tiszacsege.hu\\\/?p=19026\"},\"author\":{\"name\":\"admin\",\"@id\":\"https:\\\/\\\/tiszacsege.hu\\\/#\\\/schema\\\/person\\\/ff2f4e3a9747199f545a2cf351f25334\"},\"headline\":\"\u00c9v\u00e9rt\u00e9kel\u00e9s \u00e9s j\u00f6v\u0151betekint\u00e9s\",\"datePublished\":\"2022-01-26T18:13:31+00:00\",\"dateModified\":\"2022-01-30T09:58:06+00:00\",\"mainEntityOfPage\":{\"@id\":\"https:\\\/\\\/tiszacsege.hu\\\/?p=19026\"},\"wordCount\":1583,\"publisher\":{\"@id\":\"https:\\\/\\\/tiszacsege.hu\\\/#organization\"},\"image\":{\"@id\":\"https:\\\/\\\/tiszacsege.hu\\\/?p=19026#primaryimage\"},\"thumbnailUrl\":\"https:\\\/\\\/tiszacsege.hu\\\/wp-content\\\/uploads\\\/2022\\\/01\\\/evertekelo.png\",\"articleSection\":[\"Helyi h\u00edrek, t\u00e1j\u00e9koztat\u00f3k\"],\"inLanguage\":\"hu\"},{\"@type\":\"WebPage\",\"@id\":\"https:\\\/\\\/tiszacsege.hu\\\/?p=19026\",\"url\":\"https:\\\/\\\/tiszacsege.hu\\\/?p=19026\",\"name\":\"\u00c9v\u00e9rt\u00e9kel\u00e9s \u00e9s j\u00f6v\u0151betekint\u00e9s\",\"isPartOf\":{\"@id\":\"https:\\\/\\\/tiszacsege.hu\\\/#website\"},\"primaryImageOfPage\":{\"@id\":\"https:\\\/\\\/tiszacsege.hu\\\/?p=19026#primaryimage\"},\"image\":{\"@id\":\"https:\\\/\\\/tiszacsege.hu\\\/?p=19026#primaryimage\"},\"thumbnailUrl\":\"https:\\\/\\\/tiszacsege.hu\\\/wp-content\\\/uploads\\\/2022\\\/01\\\/evertekelo.png\",\"datePublished\":\"2022-01-26T18:13:31+00:00\",\"dateModified\":\"2022-01-30T09:58:06+00:00\",\"breadcrumb\":{\"@id\":\"https:\\\/\\\/tiszacsege.hu\\\/?p=19026#breadcrumb\"},\"inLanguage\":\"hu\",\"potentialAction\":[{\"@type\":\"ReadAction\",\"target\":[\"https:\\\/\\\/tiszacsege.hu\\\/?p=19026\"]}]},{\"@type\":\"ImageObject\",\"inLanguage\":\"hu\",\"@id\":\"https:\\\/\\\/tiszacsege.hu\\\/?p=19026#primaryimage\",\"url\":\"https:\\\/\\\/tiszacsege.hu\\\/wp-content\\\/uploads\\\/2022\\\/01\\\/evertekelo.png\",\"contentUrl\":\"https:\\\/\\\/tiszacsege.hu\\\/wp-content\\\/uploads\\\/2022\\\/01\\\/evertekelo.png\",\"width\":1999,\"height\":1241},{\"@type\":\"BreadcrumbList\",\"@id\":\"https:\\\/\\\/tiszacsege.hu\\\/?p=19026#breadcrumb\",\"itemListElement\":[{\"@type\":\"ListItem\",\"position\":1,\"name\":\"Kezd\u0151lap\",\"item\":\"https:\\\/\\\/tiszacsege.hu\\\/\"},{\"@type\":\"ListItem\",\"position\":2,\"name\":\"\u00c9v\u00e9rt\u00e9kel\u00e9s \u00e9s j\u00f6v\u0151betekint\u00e9s\"}]},{\"@type\":\"WebSite\",\"@id\":\"https:\\\/\\\/tiszacsege.hu\\\/#website\",\"url\":\"https:\\\/\\\/tiszacsege.hu\\\/\",\"name\":\"Tiszacsege\",\"description\":\"Tiszacsege hivatalos honlapja\",\"publisher\":{\"@id\":\"https:\\\/\\\/tiszacsege.hu\\\/#organization\"},\"potentialAction\":[{\"@type\":\"SearchAction\",\"target\":{\"@type\":\"EntryPoint\",\"urlTemplate\":\"https:\\\/\\\/tiszacsege.hu\\\/?s={search_term_string}\"},\"query-input\":{\"@type\":\"PropertyValueSpecification\",\"valueRequired\":true,\"valueName\":\"search_term_string\"}}],\"inLanguage\":\"hu\"},{\"@type\":\"Organization\",\"@id\":\"https:\\\/\\\/tiszacsege.hu\\\/#organization\",\"name\":\"Tiszacsege\",\"url\":\"https:\\\/\\\/tiszacsege.hu\\\/\",\"logo\":{\"@type\":\"ImageObject\",\"inLanguage\":\"hu\",\"@id\":\"https:\\\/\\\/tiszacsege.hu\\\/#\\\/schema\\\/logo\\\/image\\\/\",\"url\":\"https:\\\/\\\/tiszacsege.hu\\\/wp-content\\\/uploads\\\/2020\\\/10\\\/tiszacsege_logo_rovid2-1.png\",\"contentUrl\":\"https:\\\/\\\/tiszacsege.hu\\\/wp-content\\\/uploads\\\/2020\\\/10\\\/tiszacsege_logo_rovid2-1.png\",\"width\":500,\"height\":150,\"caption\":\"Tiszacsege\"},\"image\":{\"@id\":\"https:\\\/\\\/tiszacsege.hu\\\/#\\\/schema\\\/logo\\\/image\\\/\"},\"sameAs\":[\"https:\\\/\\\/www.facebook.com\\\/tiszacsegeonkormanyzata\"]},{\"@type\":\"Person\",\"@id\":\"https:\\\/\\\/tiszacsege.hu\\\/#\\\/schema\\\/person\\\/ff2f4e3a9747199f545a2cf351f25334\",\"name\":\"admin\",\"image\":{\"@type\":\"ImageObject\",\"inLanguage\":\"hu\",\"@id\":\"https:\\\/\\\/secure.gravatar.com\\\/avatar\\\/52224ccae048f9be8fd8d745a33eff630818f8bd5c43790479a2754dcef4b69b?s=96&d=mm&r=g\",\"url\":\"https:\\\/\\\/secure.gravatar.com\\\/avatar\\\/52224ccae048f9be8fd8d745a33eff630818f8bd5c43790479a2754dcef4b69b?s=96&d=mm&r=g\",\"contentUrl\":\"https:\\\/\\\/secure.gravatar.com\\\/avatar\\\/52224ccae048f9be8fd8d745a33eff630818f8bd5c43790479a2754dcef4b69b?s=96&d=mm&r=g\",\"caption\":\"admin\"},\"url\":\"https:\\\/\\\/tiszacsege.hu\\\/?author=1\"}]}<\/script>\n<!-- \/ Yoast SEO plugin. -->","yoast_head_json":{"title":"\u00c9v\u00e9rt\u00e9kel\u00e9s \u00e9s j\u00f6v\u0151betekint\u00e9s","robots":{"index":"index","follow":"follow","max-snippet":"max-snippet:-1","max-image-preview":"max-image-preview:large","max-video-preview":"max-video-preview:-1"},"canonical":"https:\/\/tiszacsege.hu\/?p=19026","og_locale":"hu_HU","og_type":"article","og_title":"\u00c9v\u00e9rt\u00e9kel\u00e9s \u00e9s j\u00f6v\u0151betekint\u00e9s","og_description":"Tisztelt tiszacsegei Lakosok! Minden \u00faj \u00e9vkezd\u00e9s arra inti az embereket, hogy \u00e1lljanak meg egy pillanatra, tekintsenek vissza az eltelt \u00e9vre \u00e9s gondolj\u00e1k v\u00e9gig, mik voltak azok a j\u00f3 dolgok, amiknek \u00f6r\u00fclhetnek \u00e9s melyek azok a neh\u00e9zs\u00e9gek, probl\u00e9m\u00e1k, amikb\u0151l k\u00f6vetkeztet\u00e9seket vonhatnak le, tanulhatnak bel\u0151l\u00fck. 2021, mint \u00e1ltal\u00e1ban minden \u00e9v, tele volt \u00f6r\u00f6m\u00f6kkel \u00e9s gondokkal. Mindkett\u0151 er\u0151s\u00edtheti [&hellip;]","og_url":"https:\/\/tiszacsege.hu\/?p=19026","og_site_name":"Tiszacsege","article_publisher":"https:\/\/www.facebook.com\/tiszacsegeonkormanyzata","article_published_time":"2022-01-26T18:13:31+00:00","article_modified_time":"2022-01-30T09:58:06+00:00","og_image":[{"width":1280,"height":794,"url":"https:\/\/tiszacsege.hu\/wp-content\/uploads\/2022\/01\/evertekelo-1280x794.png","type":"image\/png"}],"author":"admin","twitter_card":"summary_large_image","schema":{"@context":"https:\/\/schema.org","@graph":[{"@type":"Article","@id":"https:\/\/tiszacsege.hu\/?p=19026#article","isPartOf":{"@id":"https:\/\/tiszacsege.hu\/?p=19026"},"author":{"name":"admin","@id":"https:\/\/tiszacsege.hu\/#\/schema\/person\/ff2f4e3a9747199f545a2cf351f25334"},"headline":"\u00c9v\u00e9rt\u00e9kel\u00e9s \u00e9s j\u00f6v\u0151betekint\u00e9s","datePublished":"2022-01-26T18:13:31+00:00","dateModified":"2022-01-30T09:58:06+00:00","mainEntityOfPage":{"@id":"https:\/\/tiszacsege.hu\/?p=19026"},"wordCount":1583,"publisher":{"@id":"https:\/\/tiszacsege.hu\/#organization"},"image":{"@id":"https:\/\/tiszacsege.hu\/?p=19026#primaryimage"},"thumbnailUrl":"https:\/\/tiszacsege.hu\/wp-content\/uploads\/2022\/01\/evertekelo.png","articleSection":["Helyi h\u00edrek, t\u00e1j\u00e9koztat\u00f3k"],"inLanguage":"hu"},{"@type":"WebPage","@id":"https:\/\/tiszacsege.hu\/?p=19026","url":"https:\/\/tiszacsege.hu\/?p=19026","name":"\u00c9v\u00e9rt\u00e9kel\u00e9s \u00e9s j\u00f6v\u0151betekint\u00e9s","isPartOf":{"@id":"https:\/\/tiszacsege.hu\/#website"},"primaryImageOfPage":{"@id":"https:\/\/tiszacsege.hu\/?p=19026#primaryimage"},"image":{"@id":"https:\/\/tiszacsege.hu\/?p=19026#primaryimage"},"thumbnailUrl":"https:\/\/tiszacsege.hu\/wp-content\/uploads\/2022\/01\/evertekelo.png","datePublished":"2022-01-26T18:13:31+00:00","dateModified":"2022-01-30T09:58:06+00:00","breadcrumb":{"@id":"https:\/\/tiszacsege.hu\/?p=19026#breadcrumb"},"inLanguage":"hu","potentialAction":[{"@type":"ReadAction","target":["https:\/\/tiszacsege.hu\/?p=19026"]}]},{"@type":"ImageObject","inLanguage":"hu","@id":"https:\/\/tiszacsege.hu\/?p=19026#primaryimage","url":"https:\/\/tiszacsege.hu\/wp-content\/uploads\/2022\/01\/evertekelo.png","contentUrl":"https:\/\/tiszacsege.hu\/wp-content\/uploads\/2022\/01\/evertekelo.png","width":1999,"height":1241},{"@type":"BreadcrumbList","@id":"https:\/\/tiszacsege.hu\/?p=19026#breadcrumb","itemListElement":[{"@type":"ListItem","position":1,"name":"Kezd\u0151lap","item":"https:\/\/tiszacsege.hu\/"},{"@type":"ListItem","position":2,"name":"\u00c9v\u00e9rt\u00e9kel\u00e9s \u00e9s j\u00f6v\u0151betekint\u00e9s"}]},{"@type":"WebSite","@id":"https:\/\/tiszacsege.hu\/#website","url":"https:\/\/tiszacsege.hu\/","name":"Tiszacsege","description":"Tiszacsege hivatalos honlapja","publisher":{"@id":"https:\/\/tiszacsege.hu\/#organization"},"potentialAction":[{"@type":"SearchAction","target":{"@type":"EntryPoint","urlTemplate":"https:\/\/tiszacsege.hu\/?s={search_term_string}"},"query-input":{"@type":"PropertyValueSpecification","valueRequired":true,"valueName":"search_term_string"}}],"inLanguage":"hu"},{"@type":"Organization","@id":"https:\/\/tiszacsege.hu\/#organization","name":"Tiszacsege","url":"https:\/\/tiszacsege.hu\/","logo":{"@type":"ImageObject","inLanguage":"hu","@id":"https:\/\/tiszacsege.hu\/#\/schema\/logo\/image\/","url":"https:\/\/tiszacsege.hu\/wp-content\/uploads\/2020\/10\/tiszacsege_logo_rovid2-1.png","contentUrl":"https:\/\/tiszacsege.hu\/wp-content\/uploads\/2020\/10\/tiszacsege_logo_rovid2-1.png","width":500,"height":150,"caption":"Tiszacsege"},"image":{"@id":"https:\/\/tiszacsege.hu\/#\/schema\/logo\/image\/"},"sameAs":["https:\/\/www.facebook.com\/tiszacsegeonkormanyzata"]},{"@type":"Person","@id":"https:\/\/tiszacsege.hu\/#\/schema\/person\/ff2f4e3a9747199f545a2cf351f25334","name":"admin","image":{"@type":"ImageObject","inLanguage":"hu","@id":"https:\/\/secure.gravatar.com\/avatar\/52224ccae048f9be8fd8d745a33eff630818f8bd5c43790479a2754dcef4b69b?s=96&d=mm&r=g","url":"https:\/\/secure.gravatar.com\/avatar\/52224ccae048f9be8fd8d745a33eff630818f8bd5c43790479a2754dcef4b69b?s=96&d=mm&r=g","contentUrl":"https:\/\/secure.gravatar.com\/avatar\/52224ccae048f9be8fd8d745a33eff630818f8bd5c43790479a2754dcef4b69b?s=96&d=mm&r=g","caption":"admin"},"url":"https:\/\/tiszacsege.hu\/?author=1"}]}},"_links":{"self":[{"href":"https:\/\/tiszacsege.hu\/index.php?rest_route=\/wp\/v2\/posts\/19026","targetHints":{"allow":["GET"]}}],"collection":[{"href":"https:\/\/tiszacsege.hu\/index.php?rest_route=\/wp\/v2\/posts"}],"about":[{"href":"https:\/\/tiszacsege.hu\/index.php?rest_route=\/wp\/v2\/types\/post"}],"author":[{"embeddable":true,"href":"https:\/\/tiszacsege.hu\/index.php?rest_route=\/wp\/v2\/users\/1"}],"replies":[{"embeddable":true,"href":"https:\/\/tiszacsege.hu\/index.php?rest_route=%2Fwp%2Fv2%2Fcomments&post=19026"}],"version-history":[{"count":4,"href":"https:\/\/tiszacsege.hu\/index.php?rest_route=\/wp\/v2\/posts\/19026\/revisions"}],"predecessor-version":[{"id":19044,"href":"https:\/\/tiszacsege.hu\/index.php?rest_route=\/wp\/v2\/posts\/19026\/revisions\/19044"}],"wp:featuredmedia":[{"embeddable":true,"href":"https:\/\/tiszacsege.hu\/index.php?rest_route=\/wp\/v2\/media\/19035"}],"wp:attachment":[{"href":"https:\/\/tiszacsege.hu\/index.php?rest_route=%2Fwp%2Fv2%2Fmedia&parent=19026"}],"wp:term":[{"taxonomy":"category","embeddable":true,"href":"https:\/\/tiszacsege.hu\/index.php?rest_route=%2Fwp%2Fv2%2Fcategories&post=19026"},{"taxonomy":"post_tag","embeddable":true,"href":"https:\/\/tiszacsege.hu\/index.php?rest_route=%2Fwp%2Fv2%2Ftags&post=19026"},{"taxonomy":"post_folder","embeddable":true,"href":"https:\/\/tiszacsege.hu\/index.php?rest_route=%2Fwp%2Fv2%2Fpost_folder&post=19026"}],"curies":[{"name":"wp","href":"https:\/\/api.w.org\/{rel}","templated":true}]}}