{"id":19366,"date":"2022-04-01T08:58:33","date_gmt":"2022-04-01T06:58:33","guid":{"rendered":"https:\/\/tiszacsege.hu\/?p=19366"},"modified":"2022-04-01T09:00:00","modified_gmt":"2022-04-01T07:00:00","slug":"hirdetmeny-az-ovodai-felvetelrol-a-2022-2023-as-nevelesi-evre","status":"publish","type":"post","link":"https:\/\/tiszacsege.hu\/?p=19366","title":{"rendered":"Hirdetm\u00e9ny az \u00f3vodai felv\u00e9telr\u0151l a 2022\/2023-as nevel\u00e9si \u00e9vre"},"content":{"rendered":"\n<p class=\"wp-block-paragraph\">A nemzeti k\u00f6znevel\u00e9sr\u0151l sz\u00f3l\u00f3 2011. \u00e9vi CXC. t\u00f6rv\u00e9ny (tov\u00e1bbiakban: Nkt.) 8. \u00a7 (1) bekezd\u00e9se \u00e9rtelm\u00e9ben: az \u00f3voda a gyermek h\u00e1rom\u00e9ves kor\u00e1t\u00f3l a tank\u00f6telezetts\u00e9g kezdet\u00e9ig nevel\u0151 int\u00e9zm\u00e9ny.<\/p>\n\n\n\n<div style=\"height:20px\" aria-hidden=\"true\" class=\"wp-block-spacer\"><\/div>\n\n\n\n<p class=\"wp-block-paragraph\">A nevel\u00e9si-oktat\u00e1si int\u00e9zm\u00e9nyek m\u0171k\u00f6d\u00e9s\u00e9r\u0151l \u00e9s a k\u00f6znevel\u00e9si int\u00e9zm\u00e9nyek n\u00e9vhaszn\u00e1lat\u00e1r\u00f3l sz\u00f3l\u00f3 20\/2012. (VIII. 31.) EMMI rendelet hat\u00e1lyos rendelkez\u00e9se:<\/p>\n\n\n\n<div style=\"height:20px\" aria-hidden=\"true\" class=\"wp-block-spacer\"><\/div>\n\n\n\n<p class=\"wp-block-paragraph\">\u201e20. \u00a7 (2) <strong><u>A sz\u00fcl\u0151<\/u><\/strong> &#8211; a b\u00f6lcs\u0151dei ell\u00e1t\u00e1sban r\u00e9szes\u00fcl\u0151 gyermek kiv\u00e9tel\u00e9vel &#8211; <strong><u>az \u00f3vodai nevel\u00e9sben t\u00f6rt\u00e9n\u0151 r\u00e9szv\u00e9telre jogszab\u00e1ly alapj\u00e1n k\u00f6telezett gyermek\u00e9t k\u00f6teles be\u00edratni a telep\u00fcl\u00e9si \u00f6nkorm\u00e1nyzat vagy a fenntart\u00f3 \u00e1ltal k\u00f6zz\u00e9tett k\u00f6zlem\u00e9nyben vagy hirdetm\u00e9nyben meghat\u00e1rozott id\u0151pontban<\/u><\/strong>, vagy az \u00f3vodal\u00e1togat\u00e1si k\u00f6telezetts\u00e9g al\u00f3l felment\u00e9s\u00e9t k\u00e9rni. (\u2026)\u201d<\/p>\n\n\n\n<div style=\"height:20px\" aria-hidden=\"true\" class=\"wp-block-spacer\"><\/div>\n\n\n\n<p class=\"wp-block-paragraph\"><strong>Az Nkt. 8.\u00a7-\u00e1nak rendelkez\u00e9se alapj\u00e1n:<\/strong><\/p>\n\n\n\n<p class=\"wp-block-paragraph\">\u201e8. \u00a7 (2) A gyermek <strong><u>abban az \u00e9vben, amelynek augusztus 31. napj\u00e1ig a harmadik \u00e9let\u00e9v\u00e9t bet\u00f6lti, a nevel\u00e9si \u00e9v kezd\u0151 napj\u00e1t\u00f3l legal\u00e1bb napi n\u00e9gy \u00f3r\u00e1ban \u00f3vodai foglalkoz\u00e1son vesz r\u00e9szt<\/u><\/strong>. A sz\u00fcl\u0151 &#8211; t\u00e1rgy\u00e9v \u00e1prilis 15. napj\u00e1ig beny\u00fajtott &#8211; k\u00e9relme alapj\u00e1n a gyermek jogos \u00e9rdek\u00e9t szem el\u0151tt tartva, annak az \u00e9vnek az augusztus 31. napj\u00e1ig, amelyben a gyermek a negyedik \u00e9let\u00e9v\u00e9t bet\u00f6lti, k\u00fcl\u00f6n\u00f6s m\u00e9lt\u00e1nyl\u00e1st \u00e9rdeml\u0151 esetben, \u00fajabb k\u00e9relem alapj\u00e1n annak az \u00e9vnek az augusztus 31. napj\u00e1ig, amelyben a gyermek az \u00f6t\u00f6dik \u00e9let\u00e9v\u00e9t bet\u00f6lti a Korm\u00e1ny rendelet\u00e9ben kijel\u00f6lt szerv (a tov\u00e1bbiakban: felment\u00e9st enged\u00e9lyez\u0151 szerv) felmentheti az \u00f3vodai foglalkoz\u00e1son val\u00f3 r\u00e9szv\u00e9tel al\u00f3l, ha a gyermek csal\u00e1di k\u00f6r\u00fclm\u00e9nyei, saj\u00e1tos helyzete indokolja. Ha az elj\u00e1r\u00e1sban szak\u00e9rt\u0151t kell meghallgatni, csak az \u00f3vodavezet\u0151 vagy a v\u00e9d\u0151n\u0151, tov\u00e1bb\u00e1 tart\u00f3s gy\u00f3gykezel\u00e9s alatt \u00e1ll\u00f3 gyermek eset\u00e9ben az E\u00fctv. 89. \u00a7-a szerinti \u00e1ltal\u00e1nos j\u00e1r\u00f3beteg-szakell\u00e1t\u00e1sban, vagy az E\u00fctv. 91. \u00a7-a szerinti \u00e1ltal\u00e1nos fekv\u0151beteg-szakell\u00e1t\u00e1sban r\u00e9szt vev\u0151 szakorvos rendelhet\u0151 ki. Tart\u00f3s gy\u00f3gykezel\u00e9s alatt \u00e1ll\u00f3 gyermek eset\u00e9ben a k\u00e9relem a t\u00e1rgy\u00e9v \u00e1prilis 15. napja ut\u00e1n is beny\u00fajthat\u00f3. Az elj\u00e1r\u00e1s id\u0151tartama \u00f6tven nap.\u201d<\/p>\n\n\n\n<div style=\"height:20px\" aria-hidden=\"true\" class=\"wp-block-spacer\"><\/div>\n\n\n\n<p class=\"wp-block-paragraph\">A k\u00f6telez\u0151 \u00f3vod\u00e1ba j\u00e1r\u00e1s 2015. szeptember 1-j\u00e9t\u0151l hat\u00e1lyos, teh\u00e1t <strong>azokra a gyermekekre vonatkozik<\/strong>, akik jelen esetben <strong><u>2022. augusztus 31. napj\u00e1ig bet\u00f6ltik a 3. \u00e9let\u00e9v\u00fcket<\/u><\/strong>.<\/p>\n\n\n\n<div style=\"height:20px\" aria-hidden=\"true\" class=\"wp-block-spacer\"><\/div>\n\n\n\n<p class=\"wp-block-paragraph\">A szab\u00e1lys\u00e9rt\u00e9sekr\u0151l, a szab\u00e1lys\u00e9rt\u00e9si elj\u00e1r\u00e1sr\u00f3l \u00e9s a szab\u00e1lys\u00e9rt\u00e9si nyilv\u00e1ntart\u00e1si rendszerr\u0151l sz\u00f3l\u00f3 2012. \u00e9vi II. t\u00f6rv\u00e9ny alapj\u00e1n:<\/p>\n\n\n\n<p class=\"wp-block-paragraph\">\u201e247. \u00a7 (1) Az a sz\u00fcl\u0151 vagy t\u00f6rv\u00e9nyes k\u00e9pvisel\u0151<\/p>\n\n\n\n<p class=\"wp-block-paragraph\">a) aki a sz\u00fcl\u0151i fel\u00fcgyelete vagy gy\u00e1ms\u00e1ga alatt \u00e1ll\u00f3 gyermeket kell\u0151 id\u0151ben az \u00f3vod\u00e1ba, illetve az iskol\u00e1ba nem \u00edratja be,<\/p>\n\n\n\n<p class=\"wp-block-paragraph\">b) aki nem biztos\u00edtja, hogy s\u00falyos \u00e9s halmozottan fogyat\u00e9kos gyermeke a fejl\u0151d\u00e9s\u00e9t biztos\u00edt\u00f3 nevel\u00e9sben, nevel\u00e9s-oktat\u00e1sban vegyen r\u00e9szt,<\/p>\n\n\n\n<p class=\"wp-block-paragraph\">c) akinek a sz\u00fcl\u0151i fel\u00fcgyelete vagy gy\u00e1ms\u00e1ga &#8211; kiv\u00e9ve a gyermekv\u00e9delmi gy\u00e1ms\u00e1ga &#8211; alatt \u00e1ll\u00f3 gyermeke ugyanabban az \u00f3vodai nevel\u00e9si \u00e9vben az iskolai \u00e9letm\u00f3dra felk\u00e9sz\u00edt\u0151 foglalkoz\u00e1sokr\u00f3l vagy ugyanabban a tan\u00e9vben az iskolai k\u00f6telez\u0151 tan\u00edt\u00e1si \u00f3r\u00e1r\u00f3l, illetve foglalkoz\u00e1sokr\u00f3l igazolatlanul a jogszab\u00e1lyban meghat\u00e1rozott m\u00e9rt\u00e9ket vagy ann\u00e1l t\u00f6bbet mulaszt,<\/p>\n\n\n\n<p class=\"wp-block-paragraph\">szab\u00e1lys\u00e9rt\u00e9st k\u00f6vet el.<\/p>\n\n\n\n<div style=\"height:20px\" aria-hidden=\"true\" class=\"wp-block-spacer\"><\/div>\n\n\n\n<p class=\"wp-block-paragraph\"><strong><u>Mit kell tudni az \u00f3vodai felv\u00e9telr\u0151l?<\/u><\/strong><\/p>\n\n\n\n<ul class=\"wp-block-list\"><li>A Nkt. 49. \u00a7 (1) bekezd\u00e9se alapj\u00e1n, az \u00f3vodai felv\u00e9tel, \u00e1tv\u00e9tel jelentkez\u00e9s alapj\u00e1n t\u00f6rt\u00e9nik.<\/li><li>A jelenleg b\u00f6lcs\u0151d\u00e9ben elhelyezett gyermekekre vonatkoz\u00f3 ig\u00e9nyt is ekkor kell jelenteni.<\/li><li>Az \u00f3vod\u00e1ba a gyermek a harmadik \u00e9let\u00e9v\u00e9nek bet\u00f6lt\u00e9se ut\u00e1n vehet\u0151 fel.<\/li><li>A Nkt. 8. \u00a7 (1) bekezd\u00e9se alapj\u00e1n, az \u00f3voda felveheti azt a gyermeket is, aki harmadik \u00e9let\u00e9v\u00e9t a felv\u00e9telt\u0151l sz\u00e1m\u00edtott f\u00e9l \u00e9ven bel\u00fcl bet\u00f6lti, felt\u00e9ve, hogy minden, a telep\u00fcl\u00e9sen lak\u00f3hellyel, ennek hi\u00e1ny\u00e1ban tart\u00f3zkod\u00e1si hellyel rendelkez\u0151 h\u00e1rom\u00e9ves \u00e9s ann\u00e1l id\u0151sebb gyermek \u00f3vodai felv\u00e9teli k\u00e9relme teljes\u00edthet\u0151.<\/li><li>A nevel\u00e9si-oktat\u00e1si int\u00e9zm\u00e9nyek m\u0171k\u00f6d\u00e9s\u00e9r\u0151l \u00e9s k\u00f6znevel\u00e9si int\u00e9zm\u00e9nyek n\u00e9vhaszn\u00e1lat\u00e1r\u00f3l sz\u00f3l\u00f3 20\/2012. (VIII. 31) EMMI rendelet 20.\u00a7 (1a) bekezd\u00e9s e) \u00e9s f) pontja szerint, az \u00f3vod\u00e1ban a hat\u00e1lyos Alap\u00edt\u00f3 Okirat \u00e9s Pedag\u00f3giai Programnak megfelel\u0151en folyik a saj\u00e1tos nevel\u00e9si ig\u00e9ny\u0171 gyermekek ell\u00e1t\u00e1sa.<\/li><\/ul>\n\n\n\n<div style=\"height:20px\" aria-hidden=\"true\" class=\"wp-block-spacer\"><\/div>\n\n\n\n<p class=\"has-text-align-center wp-block-paragraph\"><strong><u>Az \u00f6nkorm\u00e1nyzati fenntart\u00e1s\u00fa \u00f3vod\u00e1ba t\u00f6rt\u00e9n\u0151 jelentkez\u00e9s id\u0151pontja<\/u><\/strong><strong><u>:<\/u><\/strong><\/p>\n\n\n\n<p class=\"has-text-align-center wp-block-paragraph\"><strong>2022. m\u00e1jus 2. \u2013 2022. m\u00e1jus 6., h\u00e9tk\u00f6znapokon 8 \u2013 11 \u00f3ra k\u00f6z\u00f6tt<\/strong><strong><\/strong><\/p>\n\n\n\n<div style=\"height:20px\" aria-hidden=\"true\" class=\"wp-block-spacer\"><\/div>\n\n\n\n<p class=\"has-text-align-center wp-block-paragraph\"><strong><u>A jelentkez\u00e9s helysz\u00edne:<\/u><\/strong><\/p>\n\n\n\n<p class=\"has-text-align-center wp-block-paragraph\"><strong>Tiszacsegei V\u00e1rosi \u00d3voda \u00e9s B\u00f6lcs\u0151de, Tiszacsege \u00d3voda u. 3\/A., titk\u00e1rs\u00e1g.<\/strong><\/p>\n\n\n\n<p class=\"has-text-align-center wp-block-paragraph\"><strong>Telefon: 52\/373-069<\/strong><\/p>\n\n\n\n<div style=\"height:20px\" aria-hidden=\"true\" class=\"wp-block-spacer\"><\/div>\n\n\n\n<p class=\"wp-block-paragraph\"><strong><u>A beiratkoz\u00e1skor be kell mutatni:<\/u><\/strong><strong><u><\/u><\/strong><\/p>\n\n\n\n<ul class=\"wp-block-list\"><li>a gyermek szem\u00e9lyazonos\u00edt\u00e1s\u00e1ra alkalmas, a gyermek nev\u00e9re ki\u00e1ll\u00edtott szem\u00e9lyi azonos\u00edt\u00f3t (anyak\u00f6nyvi kivonat, vagy szem\u00e9lyi azonos\u00edt\u00f3) \u00e9s lakc\u00edmet igazol\u00f3 hat\u00f3s\u00e1gi igazolv\u00e1nyt (azaz a gyermek lakc\u00edmk\u00e1rty\u00e1j\u00e1t),<\/li><li>a sz\u00fcl\u0151 szem\u00e9lyi azonos\u00edt\u00f3 igazolv\u00e1ny\u00e1t,<\/li><li>a sz\u00fcl\u0151 lakc\u00edmet igazol\u00f3 hat\u00f3s\u00e1gi igazolv\u00e1ny\u00e1t,<\/li><li>nem magyar \u00e1llampolg\u00e1r kiskor\u00fa \u00f3vodai be\u00edrat\u00e1s\u00e1n\u00e1l a sz\u00fcl\u0151knek igazolnia kell azt is, hogy milyen jogc\u00edmen tart\u00f3zkodik a gyermek Magyarorsz\u00e1g ter\u00fclet\u00e9n,<\/li><li>a saj\u00e1tos nevel\u00e9si ig\u00e9ny\u0171 gyermekeket nevel\u0151 \u00f3vod\u00e1ba val\u00f3 jelentkez\u00e9shez a szak\u00e9rt\u0151i \u00e9s rehabilit\u00e1ci\u00f3s bizotts\u00e1g javaslata sz\u00fcks\u00e9ges,<\/li><li>amennyiben a gyermek h\u00e1tr\u00e1nyos-, vagy halmozottan h\u00e1tr\u00e1nyos helyzet\u0171, \u00fagy az ezt igazol\u00f3 jegyz\u0151i hat\u00e1rozatot.<\/li><\/ul>\n\n\n\n<div style=\"height:20px\" aria-hidden=\"true\" class=\"wp-block-spacer\"><\/div>\n\n\n\n<p class=\"wp-block-paragraph\">Az \u00d3voda vezet\u0151je a felv\u00e9teli, \u00e1tv\u00e9teli k\u00e9relmek elb\u00edr\u00e1l\u00e1s\u00e1r\u00f3l \u00edr\u00e1sban \u00e9rtes\u00edti a sz\u00fcl\u0151ket, legk\u00e9s\u0151bb a beiratkoz\u00e1sra ki\u00edrt utols\u00f3 hat\u00e1rnapot k\u00f6vet\u0151 huszonegyedik munkanapig.<\/p>\n\n\n\n<div style=\"height:20px\" aria-hidden=\"true\" class=\"wp-block-spacer\"><\/div>\n\n\n\n<p class=\"wp-block-paragraph\">A Nkt. 37. \u00a7 (2) bekezd\u00e9se szerint, az \u00f3voda d\u00f6nt\u00e9se ellen a sz\u00fcl\u0151 a k\u00f6zl\u00e9st\u0151l sz\u00e1m\u00edtott tizen\u00f6t napon bel\u00fcl elj\u00e1r\u00e1st megind\u00edt\u00f3 k\u00e9relmet ny\u00fajthat be az \u00d3voda vezet\u0151j\u00e9n\u00e9l, amely k\u00e9relmet az \u00f3vodavezet\u0151 az \u00fcgy \u00f6sszes irat\u00e1val nyolc napon bel\u00fcl a jegyz\u0151h\u00f6z k\u00fcldi meg. Az \u00fcgyben a fenntart\u00f3 j\u00e1r el \u00e9s hoz m\u00e1sodfok\u00fa d\u00f6nt\u00e9st. A sz\u00fcl\u0151 a fenntart\u00f3 d\u00f6nt\u00e9s\u00e9nek a b\u00edr\u00f3s\u00e1gi fel\u00fclvizsg\u00e1lat\u00e1t k\u00e9rheti, a k\u00f6zl\u00e9st\u0151l sz\u00e1m\u00edtott harminc napon bel\u00fcl, jogszab\u00e1lys\u00e9rt\u00e9sre hivatkoz\u00e1ssal.<\/p>\n\n\n\n<div style=\"height:20px\" aria-hidden=\"true\" class=\"wp-block-spacer\"><\/div>\n\n\n\n<p class=\"wp-block-paragraph\"><strong><u>Az \u00f3vodai nevel\u00e9si \u00e9v kezdete:<\/u><\/strong><strong> 2022. szeptember 1. (cs\u00fct\u00f6rt\u00f6k).<\/strong><\/p>\n\n\n\n<div style=\"height:20px\" aria-hidden=\"true\" class=\"wp-block-spacer\"><\/div>\n\n\n\n<p class=\"wp-block-paragraph\">Tiszacsege, 2022. m\u00e1rcius 31.<\/p>\n\n\n\n<p class=\"has-text-align-right wp-block-paragraph\">Szeli Zolt\u00e1n s.k.<\/p>\n\n\n\n<p class=\"has-text-align-right wp-block-paragraph\">polg\u00e1rmester<\/p>\n","protected":false},"excerpt":{"rendered":"<p>A nemzeti k\u00f6znevel\u00e9sr\u0151l sz\u00f3l\u00f3 2011. \u00e9vi CXC. t\u00f6rv\u00e9ny (tov\u00e1bbiakban: Nkt.) 8. \u00a7 (1) bekezd\u00e9se \u00e9rtelm\u00e9ben: az \u00f3voda a gyermek h\u00e1rom\u00e9ves kor\u00e1t\u00f3l a tank\u00f6telezetts\u00e9g kezdet\u00e9ig nevel\u0151 int\u00e9zm\u00e9ny. A nevel\u00e9si-oktat\u00e1si int\u00e9zm\u00e9nyek m\u0171k\u00f6d\u00e9s\u00e9r\u0151l \u00e9s a k\u00f6znevel\u00e9si int\u00e9zm\u00e9nyek n\u00e9vhaszn\u00e1lat\u00e1r\u00f3l sz\u00f3l\u00f3 20\/2012. (VIII. 31.) EMMI rendelet hat\u00e1lyos rendelkez\u00e9se: \u201e20. \u00a7 (2) A sz\u00fcl\u0151 &#8211; a b\u00f6lcs\u0151dei ell\u00e1t\u00e1sban r\u00e9szes\u00fcl\u0151 gyermek kiv\u00e9tel\u00e9vel [&hellip;]<\/p>\n","protected":false},"author":1,"featured_media":16721,"comment_status":"closed","ping_status":"closed","sticky":false,"template":"","format":"standard","meta":{"_editorskit_title_hidden":false,"_editorskit_reading_time":0,"_editorskit_is_block_options_detached":false,"_editorskit_block_options_position":"{}","_crdt_document":"","footnotes":""},"categories":[1],"tags":[],"post_folder":[],"class_list":["post-19366","post","type-post","status-publish","format-standard","has-post-thumbnail","hentry","category-hirek"],"yoast_head":"<!-- This site is optimized with the Yoast SEO plugin v27.5 - https:\/\/yoast.com\/product\/yoast-seo-wordpress\/ -->\n<title>Hirdetm\u00e9ny az \u00f3vodai felv\u00e9telr\u0151l a 2022\/2023-as nevel\u00e9si \u00e9vre<\/title>\n<meta name=\"description\" content=\"Az \u00f6nkorm\u00e1nyzati fenntart\u00e1s\u00fa \u00f3vod\u00e1ba t\u00f6rt\u00e9n\u0151 jelentkez\u00e9s id\u0151pontja: 2022. m\u00e1jus 2. \u2013 2022. m\u00e1jus 6., h\u00e9tk\u00f6znapokon 8 \u2013 11 \u00f3ra k\u00f6z\u00f6tt.\" \/>\n<meta name=\"robots\" content=\"index, follow, max-snippet:-1, max-image-preview:large, max-video-preview:-1\" \/>\n<link rel=\"canonical\" href=\"https:\/\/tiszacsege.hu\/?p=19366\" \/>\n<meta property=\"og:locale\" content=\"hu_HU\" \/>\n<meta property=\"og:type\" content=\"article\" \/>\n<meta property=\"og:title\" content=\"Hirdetm\u00e9ny az \u00f3vodai felv\u00e9telr\u0151l a 2022\/2023-as nevel\u00e9si \u00e9vre\" \/>\n<meta property=\"og:description\" content=\"Az \u00f6nkorm\u00e1nyzati fenntart\u00e1s\u00fa \u00f3vod\u00e1ba t\u00f6rt\u00e9n\u0151 jelentkez\u00e9s id\u0151pontja: 2022. m\u00e1jus 2. \u2013 2022. m\u00e1jus 6., h\u00e9tk\u00f6znapokon 8 \u2013 11 \u00f3ra k\u00f6z\u00f6tt.\" \/>\n<meta property=\"og:url\" content=\"https:\/\/tiszacsege.hu\/?p=19366\" \/>\n<meta property=\"og:site_name\" content=\"Tiszacsege\" \/>\n<meta property=\"article:publisher\" content=\"https:\/\/www.facebook.com\/tiszacsegeonkormanyzata\" \/>\n<meta property=\"article:published_time\" content=\"2022-04-01T06:58:33+00:00\" \/>\n<meta property=\"article:modified_time\" content=\"2022-04-01T07:00:00+00:00\" \/>\n<meta property=\"og:image\" content=\"https:\/\/tiszacsege.hu\/wp-content\/uploads\/2020\/11\/DSC4625.jpg\" \/>\n\t<meta property=\"og:image:width\" content=\"2000\" \/>\n\t<meta property=\"og:image:height\" content=\"1339\" \/>\n\t<meta property=\"og:image:type\" content=\"image\/jpeg\" \/>\n<meta name=\"author\" content=\"admin\" \/>\n<meta name=\"twitter:card\" content=\"summary_large_image\" \/>\n<script type=\"application\/ld+json\" class=\"yoast-schema-graph\">{\"@context\":\"https:\\\/\\\/schema.org\",\"@graph\":[{\"@type\":\"Article\",\"@id\":\"https:\\\/\\\/tiszacsege.hu\\\/?p=19366#article\",\"isPartOf\":{\"@id\":\"https:\\\/\\\/tiszacsege.hu\\\/?p=19366\"},\"author\":{\"name\":\"admin\",\"@id\":\"https:\\\/\\\/tiszacsege.hu\\\/#\\\/schema\\\/person\\\/ff2f4e3a9747199f545a2cf351f25334\"},\"headline\":\"Hirdetm\u00e9ny az \u00f3vodai felv\u00e9telr\u0151l a 2022\\\/2023-as nevel\u00e9si \u00e9vre\",\"datePublished\":\"2022-04-01T06:58:33+00:00\",\"dateModified\":\"2022-04-01T07:00:00+00:00\",\"mainEntityOfPage\":{\"@id\":\"https:\\\/\\\/tiszacsege.hu\\\/?p=19366\"},\"wordCount\":1202,\"publisher\":{\"@id\":\"https:\\\/\\\/tiszacsege.hu\\\/#organization\"},\"image\":{\"@id\":\"https:\\\/\\\/tiszacsege.hu\\\/?p=19366#primaryimage\"},\"thumbnailUrl\":\"https:\\\/\\\/tiszacsege.hu\\\/wp-content\\\/uploads\\\/2020\\\/11\\\/DSC4625.jpg\",\"articleSection\":[\"Helyi h\u00edrek, t\u00e1j\u00e9koztat\u00f3k\"],\"inLanguage\":\"hu\"},{\"@type\":\"WebPage\",\"@id\":\"https:\\\/\\\/tiszacsege.hu\\\/?p=19366\",\"url\":\"https:\\\/\\\/tiszacsege.hu\\\/?p=19366\",\"name\":\"Hirdetm\u00e9ny az \u00f3vodai felv\u00e9telr\u0151l a 2022\\\/2023-as nevel\u00e9si \u00e9vre\",\"isPartOf\":{\"@id\":\"https:\\\/\\\/tiszacsege.hu\\\/#website\"},\"primaryImageOfPage\":{\"@id\":\"https:\\\/\\\/tiszacsege.hu\\\/?p=19366#primaryimage\"},\"image\":{\"@id\":\"https:\\\/\\\/tiszacsege.hu\\\/?p=19366#primaryimage\"},\"thumbnailUrl\":\"https:\\\/\\\/tiszacsege.hu\\\/wp-content\\\/uploads\\\/2020\\\/11\\\/DSC4625.jpg\",\"datePublished\":\"2022-04-01T06:58:33+00:00\",\"dateModified\":\"2022-04-01T07:00:00+00:00\",\"description\":\"Az \u00f6nkorm\u00e1nyzati fenntart\u00e1s\u00fa \u00f3vod\u00e1ba t\u00f6rt\u00e9n\u0151 jelentkez\u00e9s id\u0151pontja: 2022. m\u00e1jus 2. \u2013 2022. m\u00e1jus 6., h\u00e9tk\u00f6znapokon 8 \u2013 11 \u00f3ra k\u00f6z\u00f6tt.\",\"breadcrumb\":{\"@id\":\"https:\\\/\\\/tiszacsege.hu\\\/?p=19366#breadcrumb\"},\"inLanguage\":\"hu\",\"potentialAction\":[{\"@type\":\"ReadAction\",\"target\":[\"https:\\\/\\\/tiszacsege.hu\\\/?p=19366\"]}]},{\"@type\":\"ImageObject\",\"inLanguage\":\"hu\",\"@id\":\"https:\\\/\\\/tiszacsege.hu\\\/?p=19366#primaryimage\",\"url\":\"https:\\\/\\\/tiszacsege.hu\\\/wp-content\\\/uploads\\\/2020\\\/11\\\/DSC4625.jpg\",\"contentUrl\":\"https:\\\/\\\/tiszacsege.hu\\\/wp-content\\\/uploads\\\/2020\\\/11\\\/DSC4625.jpg\",\"width\":2000,\"height\":1339},{\"@type\":\"BreadcrumbList\",\"@id\":\"https:\\\/\\\/tiszacsege.hu\\\/?p=19366#breadcrumb\",\"itemListElement\":[{\"@type\":\"ListItem\",\"position\":1,\"name\":\"Kezd\u0151lap\",\"item\":\"https:\\\/\\\/tiszacsege.hu\\\/\"},{\"@type\":\"ListItem\",\"position\":2,\"name\":\"Hirdetm\u00e9ny az \u00f3vodai felv\u00e9telr\u0151l a 2022\\\/2023-as nevel\u00e9si \u00e9vre\"}]},{\"@type\":\"WebSite\",\"@id\":\"https:\\\/\\\/tiszacsege.hu\\\/#website\",\"url\":\"https:\\\/\\\/tiszacsege.hu\\\/\",\"name\":\"Tiszacsege\",\"description\":\"Tiszacsege hivatalos honlapja\",\"publisher\":{\"@id\":\"https:\\\/\\\/tiszacsege.hu\\\/#organization\"},\"potentialAction\":[{\"@type\":\"SearchAction\",\"target\":{\"@type\":\"EntryPoint\",\"urlTemplate\":\"https:\\\/\\\/tiszacsege.hu\\\/?s={search_term_string}\"},\"query-input\":{\"@type\":\"PropertyValueSpecification\",\"valueRequired\":true,\"valueName\":\"search_term_string\"}}],\"inLanguage\":\"hu\"},{\"@type\":\"Organization\",\"@id\":\"https:\\\/\\\/tiszacsege.hu\\\/#organization\",\"name\":\"Tiszacsege\",\"url\":\"https:\\\/\\\/tiszacsege.hu\\\/\",\"logo\":{\"@type\":\"ImageObject\",\"inLanguage\":\"hu\",\"@id\":\"https:\\\/\\\/tiszacsege.hu\\\/#\\\/schema\\\/logo\\\/image\\\/\",\"url\":\"https:\\\/\\\/tiszacsege.hu\\\/wp-content\\\/uploads\\\/2020\\\/10\\\/tiszacsege_logo_rovid2-1.png\",\"contentUrl\":\"https:\\\/\\\/tiszacsege.hu\\\/wp-content\\\/uploads\\\/2020\\\/10\\\/tiszacsege_logo_rovid2-1.png\",\"width\":500,\"height\":150,\"caption\":\"Tiszacsege\"},\"image\":{\"@id\":\"https:\\\/\\\/tiszacsege.hu\\\/#\\\/schema\\\/logo\\\/image\\\/\"},\"sameAs\":[\"https:\\\/\\\/www.facebook.com\\\/tiszacsegeonkormanyzata\"]},{\"@type\":\"Person\",\"@id\":\"https:\\\/\\\/tiszacsege.hu\\\/#\\\/schema\\\/person\\\/ff2f4e3a9747199f545a2cf351f25334\",\"name\":\"admin\",\"image\":{\"@type\":\"ImageObject\",\"inLanguage\":\"hu\",\"@id\":\"https:\\\/\\\/secure.gravatar.com\\\/avatar\\\/52224ccae048f9be8fd8d745a33eff630818f8bd5c43790479a2754dcef4b69b?s=96&d=mm&r=g\",\"url\":\"https:\\\/\\\/secure.gravatar.com\\\/avatar\\\/52224ccae048f9be8fd8d745a33eff630818f8bd5c43790479a2754dcef4b69b?s=96&d=mm&r=g\",\"contentUrl\":\"https:\\\/\\\/secure.gravatar.com\\\/avatar\\\/52224ccae048f9be8fd8d745a33eff630818f8bd5c43790479a2754dcef4b69b?s=96&d=mm&r=g\",\"caption\":\"admin\"},\"url\":\"https:\\\/\\\/tiszacsege.hu\\\/?author=1\"}]}<\/script>\n<!-- \/ Yoast SEO plugin. -->","yoast_head_json":{"title":"Hirdetm\u00e9ny az \u00f3vodai felv\u00e9telr\u0151l a 2022\/2023-as nevel\u00e9si \u00e9vre","description":"Az \u00f6nkorm\u00e1nyzati fenntart\u00e1s\u00fa \u00f3vod\u00e1ba t\u00f6rt\u00e9n\u0151 jelentkez\u00e9s id\u0151pontja: 2022. m\u00e1jus 2. \u2013 2022. m\u00e1jus 6., h\u00e9tk\u00f6znapokon 8 \u2013 11 \u00f3ra k\u00f6z\u00f6tt.","robots":{"index":"index","follow":"follow","max-snippet":"max-snippet:-1","max-image-preview":"max-image-preview:large","max-video-preview":"max-video-preview:-1"},"canonical":"https:\/\/tiszacsege.hu\/?p=19366","og_locale":"hu_HU","og_type":"article","og_title":"Hirdetm\u00e9ny az \u00f3vodai felv\u00e9telr\u0151l a 2022\/2023-as nevel\u00e9si \u00e9vre","og_description":"Az \u00f6nkorm\u00e1nyzati fenntart\u00e1s\u00fa \u00f3vod\u00e1ba t\u00f6rt\u00e9n\u0151 jelentkez\u00e9s id\u0151pontja: 2022. m\u00e1jus 2. \u2013 2022. m\u00e1jus 6., h\u00e9tk\u00f6znapokon 8 \u2013 11 \u00f3ra k\u00f6z\u00f6tt.","og_url":"https:\/\/tiszacsege.hu\/?p=19366","og_site_name":"Tiszacsege","article_publisher":"https:\/\/www.facebook.com\/tiszacsegeonkormanyzata","article_published_time":"2022-04-01T06:58:33+00:00","article_modified_time":"2022-04-01T07:00:00+00:00","og_image":[{"width":2000,"height":1339,"url":"https:\/\/tiszacsege.hu\/wp-content\/uploads\/2020\/11\/DSC4625.jpg","type":"image\/jpeg"}],"author":"admin","twitter_card":"summary_large_image","schema":{"@context":"https:\/\/schema.org","@graph":[{"@type":"Article","@id":"https:\/\/tiszacsege.hu\/?p=19366#article","isPartOf":{"@id":"https:\/\/tiszacsege.hu\/?p=19366"},"author":{"name":"admin","@id":"https:\/\/tiszacsege.hu\/#\/schema\/person\/ff2f4e3a9747199f545a2cf351f25334"},"headline":"Hirdetm\u00e9ny az \u00f3vodai felv\u00e9telr\u0151l a 2022\/2023-as nevel\u00e9si \u00e9vre","datePublished":"2022-04-01T06:58:33+00:00","dateModified":"2022-04-01T07:00:00+00:00","mainEntityOfPage":{"@id":"https:\/\/tiszacsege.hu\/?p=19366"},"wordCount":1202,"publisher":{"@id":"https:\/\/tiszacsege.hu\/#organization"},"image":{"@id":"https:\/\/tiszacsege.hu\/?p=19366#primaryimage"},"thumbnailUrl":"https:\/\/tiszacsege.hu\/wp-content\/uploads\/2020\/11\/DSC4625.jpg","articleSection":["Helyi h\u00edrek, t\u00e1j\u00e9koztat\u00f3k"],"inLanguage":"hu"},{"@type":"WebPage","@id":"https:\/\/tiszacsege.hu\/?p=19366","url":"https:\/\/tiszacsege.hu\/?p=19366","name":"Hirdetm\u00e9ny az \u00f3vodai felv\u00e9telr\u0151l a 2022\/2023-as nevel\u00e9si \u00e9vre","isPartOf":{"@id":"https:\/\/tiszacsege.hu\/#website"},"primaryImageOfPage":{"@id":"https:\/\/tiszacsege.hu\/?p=19366#primaryimage"},"image":{"@id":"https:\/\/tiszacsege.hu\/?p=19366#primaryimage"},"thumbnailUrl":"https:\/\/tiszacsege.hu\/wp-content\/uploads\/2020\/11\/DSC4625.jpg","datePublished":"2022-04-01T06:58:33+00:00","dateModified":"2022-04-01T07:00:00+00:00","description":"Az \u00f6nkorm\u00e1nyzati fenntart\u00e1s\u00fa \u00f3vod\u00e1ba t\u00f6rt\u00e9n\u0151 jelentkez\u00e9s id\u0151pontja: 2022. m\u00e1jus 2. \u2013 2022. m\u00e1jus 6., h\u00e9tk\u00f6znapokon 8 \u2013 11 \u00f3ra k\u00f6z\u00f6tt.","breadcrumb":{"@id":"https:\/\/tiszacsege.hu\/?p=19366#breadcrumb"},"inLanguage":"hu","potentialAction":[{"@type":"ReadAction","target":["https:\/\/tiszacsege.hu\/?p=19366"]}]},{"@type":"ImageObject","inLanguage":"hu","@id":"https:\/\/tiszacsege.hu\/?p=19366#primaryimage","url":"https:\/\/tiszacsege.hu\/wp-content\/uploads\/2020\/11\/DSC4625.jpg","contentUrl":"https:\/\/tiszacsege.hu\/wp-content\/uploads\/2020\/11\/DSC4625.jpg","width":2000,"height":1339},{"@type":"BreadcrumbList","@id":"https:\/\/tiszacsege.hu\/?p=19366#breadcrumb","itemListElement":[{"@type":"ListItem","position":1,"name":"Kezd\u0151lap","item":"https:\/\/tiszacsege.hu\/"},{"@type":"ListItem","position":2,"name":"Hirdetm\u00e9ny az \u00f3vodai felv\u00e9telr\u0151l a 2022\/2023-as nevel\u00e9si \u00e9vre"}]},{"@type":"WebSite","@id":"https:\/\/tiszacsege.hu\/#website","url":"https:\/\/tiszacsege.hu\/","name":"Tiszacsege","description":"Tiszacsege hivatalos honlapja","publisher":{"@id":"https:\/\/tiszacsege.hu\/#organization"},"potentialAction":[{"@type":"SearchAction","target":{"@type":"EntryPoint","urlTemplate":"https:\/\/tiszacsege.hu\/?s={search_term_string}"},"query-input":{"@type":"PropertyValueSpecification","valueRequired":true,"valueName":"search_term_string"}}],"inLanguage":"hu"},{"@type":"Organization","@id":"https:\/\/tiszacsege.hu\/#organization","name":"Tiszacsege","url":"https:\/\/tiszacsege.hu\/","logo":{"@type":"ImageObject","inLanguage":"hu","@id":"https:\/\/tiszacsege.hu\/#\/schema\/logo\/image\/","url":"https:\/\/tiszacsege.hu\/wp-content\/uploads\/2020\/10\/tiszacsege_logo_rovid2-1.png","contentUrl":"https:\/\/tiszacsege.hu\/wp-content\/uploads\/2020\/10\/tiszacsege_logo_rovid2-1.png","width":500,"height":150,"caption":"Tiszacsege"},"image":{"@id":"https:\/\/tiszacsege.hu\/#\/schema\/logo\/image\/"},"sameAs":["https:\/\/www.facebook.com\/tiszacsegeonkormanyzata"]},{"@type":"Person","@id":"https:\/\/tiszacsege.hu\/#\/schema\/person\/ff2f4e3a9747199f545a2cf351f25334","name":"admin","image":{"@type":"ImageObject","inLanguage":"hu","@id":"https:\/\/secure.gravatar.com\/avatar\/52224ccae048f9be8fd8d745a33eff630818f8bd5c43790479a2754dcef4b69b?s=96&d=mm&r=g","url":"https:\/\/secure.gravatar.com\/avatar\/52224ccae048f9be8fd8d745a33eff630818f8bd5c43790479a2754dcef4b69b?s=96&d=mm&r=g","contentUrl":"https:\/\/secure.gravatar.com\/avatar\/52224ccae048f9be8fd8d745a33eff630818f8bd5c43790479a2754dcef4b69b?s=96&d=mm&r=g","caption":"admin"},"url":"https:\/\/tiszacsege.hu\/?author=1"}]}},"_links":{"self":[{"href":"https:\/\/tiszacsege.hu\/index.php?rest_route=\/wp\/v2\/posts\/19366","targetHints":{"allow":["GET"]}}],"collection":[{"href":"https:\/\/tiszacsege.hu\/index.php?rest_route=\/wp\/v2\/posts"}],"about":[{"href":"https:\/\/tiszacsege.hu\/index.php?rest_route=\/wp\/v2\/types\/post"}],"author":[{"embeddable":true,"href":"https:\/\/tiszacsege.hu\/index.php?rest_route=\/wp\/v2\/users\/1"}],"replies":[{"embeddable":true,"href":"https:\/\/tiszacsege.hu\/index.php?rest_route=%2Fwp%2Fv2%2Fcomments&post=19366"}],"version-history":[{"count":4,"href":"https:\/\/tiszacsege.hu\/index.php?rest_route=\/wp\/v2\/posts\/19366\/revisions"}],"predecessor-version":[{"id":19370,"href":"https:\/\/tiszacsege.hu\/index.php?rest_route=\/wp\/v2\/posts\/19366\/revisions\/19370"}],"wp:featuredmedia":[{"embeddable":true,"href":"https:\/\/tiszacsege.hu\/index.php?rest_route=\/wp\/v2\/media\/16721"}],"wp:attachment":[{"href":"https:\/\/tiszacsege.hu\/index.php?rest_route=%2Fwp%2Fv2%2Fmedia&parent=19366"}],"wp:term":[{"taxonomy":"category","embeddable":true,"href":"https:\/\/tiszacsege.hu\/index.php?rest_route=%2Fwp%2Fv2%2Fcategories&post=19366"},{"taxonomy":"post_tag","embeddable":true,"href":"https:\/\/tiszacsege.hu\/index.php?rest_route=%2Fwp%2Fv2%2Ftags&post=19366"},{"taxonomy":"post_folder","embeddable":true,"href":"https:\/\/tiszacsege.hu\/index.php?rest_route=%2Fwp%2Fv2%2Fpost_folder&post=19366"}],"curies":[{"name":"wp","href":"https:\/\/api.w.org\/{rel}","templated":true}]}}