{"id":2131,"date":"2013-04-02T11:52:51","date_gmt":"2013-04-02T09:52:51","guid":{"rendered":"http:\/\/tiszacsege.hu\/?p=2131"},"modified":"2013-04-03T14:56:27","modified_gmt":"2013-04-03T12:56:27","slug":"hirdetmeny-az-ovodai-felvetelekrol-a-20132014-es-nevelesi-evre","status":"publish","type":"post","link":"https:\/\/tiszacsege.hu\/?p=2131","title":{"rendered":"HIRDETM\u00c9NY az \u00f3vodai felv\u00e9telekr\u0151l a 2013\/2014-es nevel\u00e9si \u00e9vre"},"content":{"rendered":"<p style=\"text-align: justify;\">A nemzeti k\u00f6znevel\u00e9sr\u0151l sz\u00f3l\u00f3 2011. \u00e9vi CXC. t\u00f6rv\u00e9ny (tov\u00e1bbiakban: Nknt.) 8. \u00a7 (1) bekezd\u00e9se \u00e9rtelm\u00e9ben az \u00f3voda a gyermek h\u00e1rom \u00e9ves kor\u00e1t\u00f3l a tank\u00f6telezetts\u00e9g kezdet\u00e9ig nevel\u0151 int\u00e9zm\u00e9ny.<\/p>\n<p style=\"text-align: justify;\">\u00a0<\/p>\n<p style=\"text-align: justify;\">A k\u00f6zoktat\u00e1sr\u00f3l sz\u00f3l\u00f3 1993. \u00e9vi LXXIX. t\u00f6rv\u00e9ny 24. \u00a7 (3) bekezd\u00e9se \u00e9rtelm\u00e9ben, a gyermek abban az \u00e9vben, amelyben az \u00f6t\u00f6dik \u00e9let\u00e9v\u00e9t bet\u00f6lti, a nevel\u00e9si \u00e9v kezd\u0151 napj\u00e1t\u00f3l napi n\u00e9gy \u00f3r\u00e1t k\u00f6teles \u00f3vodai nevel\u00e9sben r\u00e9szt venni. A szab\u00e1lys\u00e9rt\u00e9sekr\u0151l, a szab\u00e1lys\u00e9rt\u00e9si elj\u00e1r\u00e1sr\u00f3l \u00e9s a szab\u00e1lys\u00e9rt\u00e9si nyilv\u00e1ntart\u00e1si rendszerr\u0151l sz\u00f3l\u00f3 2012. \u00e9vi II. t\u00f6rv\u00e9ny 247. \u00a7 alapj\u00e1n \u201eaz a sz\u00fcl\u0151 vagy t\u00f6rv\u00e9nyes k\u00e9pvisel\u0151:<\/p>\n<p style=\"text-align: justify;\">\u00a0<\/p>\n<p style=\"text-align: justify;\">a) aki a sz\u00fcl\u0151i fel\u00fcgyelete vagy gy\u00e1ms\u00e1ga alatt \u00e1ll\u00f3 gyermeket kell\u0151 id\u0151ben az \u00f3vod\u00e1ba, illetve az iskol\u00e1ba nem \u00edratja be,<\/p>\n<p style=\"text-align: justify;\">b) aki nem biztos\u00edtja, hogy s\u00falyos \u00e9s halmozottan fogyat\u00e9kos gyermeke a fejl\u0151d\u00e9s\u00e9t biztos\u00edt\u00f3<\/p>\n<p style=\"text-align: justify;\">nevel\u00e9sben, nevel\u00e9s-oktat\u00e1sban vegyen r\u00e9szt,<\/p>\n<p style=\"text-align: justify;\">c) akinek a sz\u00fcl\u0151i fel\u00fcgyelete vagy gy\u00e1ms\u00e1ga alatt \u00e1ll\u00f3 gyermeke ugyanabban az \u00f3vodai nevel\u00e9si \u00e9vben az iskolai \u00e9letm\u00f3dra felk\u00e9sz\u00edt\u0151 foglalkoz\u00e1sokr\u00f3l, illet\u0151leg ugyanabban a tan\u00e9vben az iskolai k\u00f6telez\u0151 tan\u00f3rai foglalkoz\u00e1sokr\u00f3l igazolatlanul a jogszab\u00e1lyban meghat\u00e1rozott m\u00e9rt\u00e9k\u0171n\u00e9l t\u00f6bbet mulaszt, szab\u00e1lys\u00e9rt\u00e9st k\u00f6vet el.\u201d<\/p>\n<p style=\"text-align: justify;\">\u00a0<\/p>\n<p style=\"text-align: justify;\"><strong>Mit kell tudni az \u00f3vodai felv\u00e9telekr\u0151l?<\/strong><\/p>\n<ul style=\"text-align: justify;\">\n<li>A Nknt. 49. \u00a7 (1) bekezd\u00e9se alapj\u00e1n az \u00f3vodai felv\u00e9tel, \u00e1tv\u00e9tel jelentkez\u00e9s alapj\u00e1n t\u00f6rt\u00e9nik.<\/li>\n<li>A jelenleg b\u00f6lcs\u0151d\u00e9ben elhelyezett gyermekekre vonatkoz\u00f3 ig\u00e9nyt is ekkor kell jelenteni.<\/li>\n<li>A Nknt. 49. \u00a7 (1) bekezd\u00e9s \u00e9rtelm\u00e9ben az \u00f3vod\u00e1ba a gyermek a harmadik \u00e9let\u00e9v\u00e9nek bet\u00f6lt\u00e9se ut\u00e1n vehet\u0151 fel.<\/li>\n<li>A Nknt. 8. \u00a7 (1) bekezd\u00e9se alapj\u00e1n az \u00f3voda felveheti azt a gyermeket is, aki harmadik \u00e9let\u00e9v\u00e9t a felv\u00e9telt\u0151l sz\u00e1m\u00edtott f\u00e9l \u00e9ven bel\u00fcl bet\u00f6lti, felt\u00e9ve, hogy minden, a telep\u00fcl\u00e9sen lak\u00f3hellyel, ennek hi\u00e1ny\u00e1ban tart\u00f3zkod\u00e1si hellyel rendelkez\u0151 h\u00e1rom \u00e9ves \u00e9s ann\u00e1l id\u0151sebb gyermek \u00f3vodai felv\u00e9teli k\u00e9relme teljes\u00edthet\u0151.<\/li>\n<li>Tiszacsege V\u00e1ros \u00d6nkorm\u00e1nyzat K\u00e9pvisel\u0151-test\u00fclet\u00e9nek a 41\/2013. (III.29.) KT sz\u00e1m\u00fa hat\u00e1rozata alapj\u00e1n az \u00f3voda felv\u00e9teli k\u00f6rzete Tiszacsege v\u00e1ros k\u00f6zigazgat\u00e1si ter\u00fclete.<\/li>\n<li>A nevel\u00e9si-oktat\u00e1si int\u00e9zm\u00e9nyek m\u0171k\u00f6d\u00e9s\u00e9r\u0151l \u00e9s k\u00f6znevel\u00e9si int\u00e9zm\u00e9nyek n\u00e9vhaszn\u00e1lat\u00e1r\u00f3l sz\u00f3l\u00f3 20\/2012. (VIII.31.) EMMI rendelet 20.\u00a7 (1a) bekezd\u00e9s e) \u00e9s f) pontja szerint az \u00f3vod\u00e1ban \u2013 a hat\u00e1lyos Alap\u00edt\u00f3 Okirat \u00e9s Pedag\u00f3giai Program alapj\u00e1n &#8211; folyik a saj\u00e1tos nevel\u00e9si ig\u00e9ny\u0171 gyermekek ell\u00e1t\u00e1sa, illetve a \u00a0cig\u00e1ny identit\u00e1s\u00fa gyermekek nemzetis\u00e9gi nevel\u00e9se.<\/li>\n<\/ul>\n<p style=\"text-align: justify;\">\u00a0<\/p>\n<p style=\"text-align: justify;\"><strong>Az \u00f6nkorm\u00e1nyzati fenntart\u00e1s\u00fa \u00f3vod\u00e1kba t\u00f6rt\u00e9n\u0151 jelentkez\u00e9s id\u0151pontja: <\/strong><strong><b>2013. m\u00e1jus 6-t\u00f3l 2013. m\u00e1jus 17-ig, munkanapokon 08.00 \u00e9s 16.00 k\u00f6z\u00f6tt.<\/b><\/strong><b><\/b><\/p>\n<p style=\"text-align: justify;\">\u00a0<\/p>\n<p style=\"text-align: justify;\"><strong>A jelentkez\u00e9s helysz\u00edne: <\/strong><strong><b>V\u00e1rosi \u00d3voda \u00e9s B\u00f6lcs\u0151de,<\/b> <\/strong><strong>Tiszacsege, \u00d3voda u. 3\/a<\/strong><b><\/b><\/p>\n<p style=\"text-align: justify;\">\u00a0<\/p>\n<p style=\"text-align: justify;\"><strong>A beiratkoz\u00e1skor be kell mutatni:<\/strong><\/p>\n<ul style=\"text-align: justify;\">\n<li>a gyermek szem\u00e9lyazonos\u00edt\u00e1s\u00e1ra alkalmas, a gyermek nev\u00e9re ki\u00e1ll\u00edtott szem\u00e9lyi azonos\u00edt\u00f3t \u00e9s lakc\u00edmet igazol\u00f3 hat\u00f3s\u00e1gi igazolv\u00e1nyt (azaz a gyermek lakc\u00edmk\u00e1rty\u00e1j\u00e1t),<\/li>\n<li>a sz\u00fcl\u0151 szem\u00e9lyi azonos\u00edt\u00f3 igazolv\u00e1ny\u00e1t,<\/li>\n<li>a sz\u00fcl\u0151 lakc\u00edmet igazol\u00f3 hat\u00f3s\u00e1gi igazolv\u00e1ny\u00e1t,<\/li>\n<li>nem magyar \u00e1llampolg\u00e1r kiskor\u00fa \u00f3vodai be\u00edrat\u00e1s\u00e1n\u00e1l a sz\u00fcl\u0151knek igazolnia kell azt is, hogy milyen jogc\u00edmen tart\u00f3zkodik a gyermek Magyarorsz\u00e1g ter\u00fclet\u00e9n,<\/li>\n<li>a saj\u00e1tos nevel\u00e9si ig\u00e9ny\u0171 gyermekeket nevel\u0151 \u00f3vod\u00e1ba val\u00f3 jelentkez\u00e9shez a szak\u00e9rt\u0151i \u00e9s rehabilit\u00e1ci\u00f3s bizotts\u00e1g javaslata sz\u00fcks\u00e9ges.<\/li>\n<\/ul>\n<p style=\"text-align: justify;\">\u00a0<\/p>\n<p style=\"text-align: justify;\">Az \u00d3voda vezet\u0151je a felv\u00e9teli, \u00e1tv\u00e9teli k\u00e9relmek elb\u00edr\u00e1l\u00e1s\u00e1r\u00f3l \u2013 \u00edr\u00e1sban \u2013 <strong>hirdetm\u00e9nyben <\/strong>\u00e9rtes\u00edti a sz\u00fcl\u0151ket.<\/p>\n<p style=\"text-align: justify;\">\u00a0<\/p>\n<p style=\"text-align: justify;\">A Nknt. 37. \u00a7 szerint az \u00f3voda d\u00f6nt\u00e9se ellen a sz\u00fcl\u0151 a k\u00f6zl\u00e9st\u0151l sz\u00e1m\u00edtott tizen\u00f6t napon bel\u00fcl elj\u00e1r\u00e1st megind\u00edt\u00f3 k\u00e9relmet ny\u00fajthat be az \u00d3voda vezet\u0151j\u00e9n\u00e9l, amely k\u00e9relmet az \u00f3vodavezet\u0151 az \u00fcgy \u00f6sszes irat\u00e1val nyolc napon bel\u00fcl jegyz\u0151h\u00f6z k\u00fcldi meg. Az \u00fcgyben a fenntart\u00f3 j\u00e1r el \u00e9s hoz m\u00e1sodfok\u00fa d\u00f6nt\u00e9st. A sz\u00fcl\u0151 a fenntart\u00f3 d\u00f6nt\u00e9s\u00e9nek a b\u00edr\u00f3s\u00e1gi fel\u00fclvizsg\u00e1lat\u00e1t k\u00e9rheti, a k\u00f6zl\u00e9st\u0151l sz\u00e1m\u00edtott harminc napon bel\u00fcl, jogszab\u00e1lys\u00e9rt\u00e9sre hivatkoz\u00e1ssal.<\/p>\n<p>&nbsp;<\/p>\n<p><strong>Az \u00f3vodai nevel\u00e9si \u00e9v kezdete:<\/strong> <strong><b>2013. szeptember 2. (h\u00e9tf\u0151).<\/b><\/strong><\/p>\n<p>Tiszacsege, 2013. m\u00e1rcius\u00a0 29.<\/p>\n<p>&nbsp;<\/p>\n<table border=\"0\" cellspacing=\"0\" cellpadding=\"0\">\n<tbody>\n<tr>\n<td valign=\"top\" width=\"229\">\n<p style=\"text-align: right;\" align=\"center\">Szil\u00e1gyi S\u00e1ndor<\/p>\n<p style=\"text-align: right;\" align=\"center\">polg\u00e1rmester<\/p>\n<\/td>\n<\/tr>\n<\/tbody>\n<\/table>\n","protected":false},"excerpt":{"rendered":"<p>Az \u00f6nkorm\u00e1nyzati fenntart\u00e1s\u00fa \u00f3vod\u00e1kba t\u00f6rt\u00e9n\u0151 jelentkez\u00e9s id\u0151pontja: 2013. m\u00e1jus 6-t\u00f3l 2013. m\u00e1jus 17-ig, munkanapokon 08.00 \u00e9s 16.00 k\u00f6z\u00f6tt. A jelentkez\u00e9s helysz\u00edne: V\u00e1rosi \u00d3voda \u00e9s B\u00f6lcs\u0151de, Tiszacsege, \u00d3voda u. 3\/a<\/p>\n","protected":false},"author":1,"featured_media":2203,"comment_status":"closed","ping_status":"open","sticky":false,"template":"","format":"standard","meta":{"_editorskit_title_hidden":false,"_editorskit_reading_time":0,"_editorskit_is_block_options_detached":false,"_editorskit_block_options_position":"{}","_crdt_document":"","footnotes":""},"categories":[7],"tags":[],"post_folder":[],"class_list":["post-2131","post","type-post","status-publish","format-standard","has-post-thumbnail","hentry","category-hirdetmenyek"],"yoast_head":"<!-- This site is optimized with the Yoast SEO plugin v27.5 - https:\/\/yoast.com\/product\/yoast-seo-wordpress\/ -->\n<title>HIRDETM\u00c9NY az \u00f3vodai felv\u00e9telekr\u0151l a 2013\/2014-es nevel\u00e9si \u00e9vre<\/title>\n<meta name=\"robots\" content=\"index, follow, max-snippet:-1, max-image-preview:large, max-video-preview:-1\" \/>\n<link rel=\"canonical\" href=\"https:\/\/tiszacsege.hu\/?p=2131\" \/>\n<meta property=\"og:locale\" content=\"hu_HU\" \/>\n<meta property=\"og:type\" content=\"article\" \/>\n<meta property=\"og:title\" content=\"HIRDETM\u00c9NY az \u00f3vodai felv\u00e9telekr\u0151l a 2013\/2014-es nevel\u00e9si \u00e9vre\" \/>\n<meta property=\"og:description\" content=\"Az \u00f6nkorm\u00e1nyzati fenntart\u00e1s\u00fa \u00f3vod\u00e1kba t\u00f6rt\u00e9n\u0151 jelentkez\u00e9s id\u0151pontja: 2013. m\u00e1jus 6-t\u00f3l 2013. m\u00e1jus 17-ig, munkanapokon 08.00 \u00e9s 16.00 k\u00f6z\u00f6tt. A jelentkez\u00e9s helysz\u00edne: V\u00e1rosi \u00d3voda \u00e9s B\u00f6lcs\u0151de, Tiszacsege, \u00d3voda u. 3\/a\" \/>\n<meta property=\"og:url\" content=\"https:\/\/tiszacsege.hu\/?p=2131\" \/>\n<meta property=\"og:site_name\" content=\"Tiszacsege\" \/>\n<meta property=\"article:publisher\" content=\"https:\/\/www.facebook.com\/tiszacsegeonkormanyzata\" \/>\n<meta property=\"article:published_time\" content=\"2013-04-02T09:52:51+00:00\" \/>\n<meta property=\"article:modified_time\" content=\"2013-04-03T12:56:27+00:00\" \/>\n<meta property=\"og:image\" content=\"https:\/\/tiszacsege.hu\/wp-content\/uploads\/2013\/04\/hirdetmeny_logo2.png\" \/>\n\t<meta property=\"og:image:width\" content=\"300\" \/>\n\t<meta property=\"og:image:height\" content=\"170\" \/>\n\t<meta property=\"og:image:type\" content=\"image\/png\" \/>\n<meta name=\"author\" content=\"admin\" \/>\n<meta name=\"twitter:card\" content=\"summary_large_image\" \/>\n<script type=\"application\/ld+json\" class=\"yoast-schema-graph\">{\"@context\":\"https:\\\/\\\/schema.org\",\"@graph\":[{\"@type\":\"Article\",\"@id\":\"https:\\\/\\\/tiszacsege.hu\\\/?p=2131#article\",\"isPartOf\":{\"@id\":\"https:\\\/\\\/tiszacsege.hu\\\/?p=2131\"},\"author\":{\"name\":\"admin\",\"@id\":\"https:\\\/\\\/tiszacsege.hu\\\/#\\\/schema\\\/person\\\/ff2f4e3a9747199f545a2cf351f25334\"},\"headline\":\"HIRDETM\u00c9NY az \u00f3vodai felv\u00e9telekr\u0151l a 2013\\\/2014-es nevel\u00e9si \u00e9vre\",\"datePublished\":\"2013-04-02T09:52:51+00:00\",\"dateModified\":\"2013-04-03T12:56:27+00:00\",\"mainEntityOfPage\":{\"@id\":\"https:\\\/\\\/tiszacsege.hu\\\/?p=2131\"},\"wordCount\":840,\"publisher\":{\"@id\":\"https:\\\/\\\/tiszacsege.hu\\\/#organization\"},\"image\":{\"@id\":\"https:\\\/\\\/tiszacsege.hu\\\/?p=2131#primaryimage\"},\"thumbnailUrl\":\"https:\\\/\\\/tiszacsege.hu\\\/wp-content\\\/uploads\\\/2013\\\/04\\\/hirdetmeny_logo2.png\",\"articleSection\":[\"Felh\u00edv\u00e1sok, t\u00e1j\u00e9koztat\u00f3k\"],\"inLanguage\":\"hu\"},{\"@type\":\"WebPage\",\"@id\":\"https:\\\/\\\/tiszacsege.hu\\\/?p=2131\",\"url\":\"https:\\\/\\\/tiszacsege.hu\\\/?p=2131\",\"name\":\"HIRDETM\u00c9NY az \u00f3vodai felv\u00e9telekr\u0151l a 2013\\\/2014-es nevel\u00e9si \u00e9vre\",\"isPartOf\":{\"@id\":\"https:\\\/\\\/tiszacsege.hu\\\/#website\"},\"primaryImageOfPage\":{\"@id\":\"https:\\\/\\\/tiszacsege.hu\\\/?p=2131#primaryimage\"},\"image\":{\"@id\":\"https:\\\/\\\/tiszacsege.hu\\\/?p=2131#primaryimage\"},\"thumbnailUrl\":\"https:\\\/\\\/tiszacsege.hu\\\/wp-content\\\/uploads\\\/2013\\\/04\\\/hirdetmeny_logo2.png\",\"datePublished\":\"2013-04-02T09:52:51+00:00\",\"dateModified\":\"2013-04-03T12:56:27+00:00\",\"breadcrumb\":{\"@id\":\"https:\\\/\\\/tiszacsege.hu\\\/?p=2131#breadcrumb\"},\"inLanguage\":\"hu\",\"potentialAction\":[{\"@type\":\"ReadAction\",\"target\":[\"https:\\\/\\\/tiszacsege.hu\\\/?p=2131\"]}]},{\"@type\":\"ImageObject\",\"inLanguage\":\"hu\",\"@id\":\"https:\\\/\\\/tiszacsege.hu\\\/?p=2131#primaryimage\",\"url\":\"https:\\\/\\\/tiszacsege.hu\\\/wp-content\\\/uploads\\\/2013\\\/04\\\/hirdetmeny_logo2.png\",\"contentUrl\":\"https:\\\/\\\/tiszacsege.hu\\\/wp-content\\\/uploads\\\/2013\\\/04\\\/hirdetmeny_logo2.png\",\"width\":300,\"height\":170},{\"@type\":\"BreadcrumbList\",\"@id\":\"https:\\\/\\\/tiszacsege.hu\\\/?p=2131#breadcrumb\",\"itemListElement\":[{\"@type\":\"ListItem\",\"position\":1,\"name\":\"Kezd\u0151lap\",\"item\":\"https:\\\/\\\/tiszacsege.hu\\\/\"},{\"@type\":\"ListItem\",\"position\":2,\"name\":\"HIRDETM\u00c9NY az \u00f3vodai felv\u00e9telekr\u0151l a 2013\\\/2014-es nevel\u00e9si \u00e9vre\"}]},{\"@type\":\"WebSite\",\"@id\":\"https:\\\/\\\/tiszacsege.hu\\\/#website\",\"url\":\"https:\\\/\\\/tiszacsege.hu\\\/\",\"name\":\"Tiszacsege\",\"description\":\"Tiszacsege hivatalos honlapja\",\"publisher\":{\"@id\":\"https:\\\/\\\/tiszacsege.hu\\\/#organization\"},\"potentialAction\":[{\"@type\":\"SearchAction\",\"target\":{\"@type\":\"EntryPoint\",\"urlTemplate\":\"https:\\\/\\\/tiszacsege.hu\\\/?s={search_term_string}\"},\"query-input\":{\"@type\":\"PropertyValueSpecification\",\"valueRequired\":true,\"valueName\":\"search_term_string\"}}],\"inLanguage\":\"hu\"},{\"@type\":\"Organization\",\"@id\":\"https:\\\/\\\/tiszacsege.hu\\\/#organization\",\"name\":\"Tiszacsege\",\"url\":\"https:\\\/\\\/tiszacsege.hu\\\/\",\"logo\":{\"@type\":\"ImageObject\",\"inLanguage\":\"hu\",\"@id\":\"https:\\\/\\\/tiszacsege.hu\\\/#\\\/schema\\\/logo\\\/image\\\/\",\"url\":\"https:\\\/\\\/tiszacsege.hu\\\/wp-content\\\/uploads\\\/2020\\\/10\\\/tiszacsege_logo_rovid2-1.png\",\"contentUrl\":\"https:\\\/\\\/tiszacsege.hu\\\/wp-content\\\/uploads\\\/2020\\\/10\\\/tiszacsege_logo_rovid2-1.png\",\"width\":500,\"height\":150,\"caption\":\"Tiszacsege\"},\"image\":{\"@id\":\"https:\\\/\\\/tiszacsege.hu\\\/#\\\/schema\\\/logo\\\/image\\\/\"},\"sameAs\":[\"https:\\\/\\\/www.facebook.com\\\/tiszacsegeonkormanyzata\"]},{\"@type\":\"Person\",\"@id\":\"https:\\\/\\\/tiszacsege.hu\\\/#\\\/schema\\\/person\\\/ff2f4e3a9747199f545a2cf351f25334\",\"name\":\"admin\",\"image\":{\"@type\":\"ImageObject\",\"inLanguage\":\"hu\",\"@id\":\"https:\\\/\\\/secure.gravatar.com\\\/avatar\\\/52224ccae048f9be8fd8d745a33eff630818f8bd5c43790479a2754dcef4b69b?s=96&d=mm&r=g\",\"url\":\"https:\\\/\\\/secure.gravatar.com\\\/avatar\\\/52224ccae048f9be8fd8d745a33eff630818f8bd5c43790479a2754dcef4b69b?s=96&d=mm&r=g\",\"contentUrl\":\"https:\\\/\\\/secure.gravatar.com\\\/avatar\\\/52224ccae048f9be8fd8d745a33eff630818f8bd5c43790479a2754dcef4b69b?s=96&d=mm&r=g\",\"caption\":\"admin\"},\"url\":\"https:\\\/\\\/tiszacsege.hu\\\/?author=1\"}]}<\/script>\n<!-- \/ Yoast SEO plugin. -->","yoast_head_json":{"title":"HIRDETM\u00c9NY az \u00f3vodai felv\u00e9telekr\u0151l a 2013\/2014-es nevel\u00e9si \u00e9vre","robots":{"index":"index","follow":"follow","max-snippet":"max-snippet:-1","max-image-preview":"max-image-preview:large","max-video-preview":"max-video-preview:-1"},"canonical":"https:\/\/tiszacsege.hu\/?p=2131","og_locale":"hu_HU","og_type":"article","og_title":"HIRDETM\u00c9NY az \u00f3vodai felv\u00e9telekr\u0151l a 2013\/2014-es nevel\u00e9si \u00e9vre","og_description":"Az \u00f6nkorm\u00e1nyzati fenntart\u00e1s\u00fa \u00f3vod\u00e1kba t\u00f6rt\u00e9n\u0151 jelentkez\u00e9s id\u0151pontja: 2013. m\u00e1jus 6-t\u00f3l 2013. m\u00e1jus 17-ig, munkanapokon 08.00 \u00e9s 16.00 k\u00f6z\u00f6tt. A jelentkez\u00e9s helysz\u00edne: V\u00e1rosi \u00d3voda \u00e9s B\u00f6lcs\u0151de, Tiszacsege, \u00d3voda u. 3\/a","og_url":"https:\/\/tiszacsege.hu\/?p=2131","og_site_name":"Tiszacsege","article_publisher":"https:\/\/www.facebook.com\/tiszacsegeonkormanyzata","article_published_time":"2013-04-02T09:52:51+00:00","article_modified_time":"2013-04-03T12:56:27+00:00","og_image":[{"width":300,"height":170,"url":"https:\/\/tiszacsege.hu\/wp-content\/uploads\/2013\/04\/hirdetmeny_logo2.png","type":"image\/png"}],"author":"admin","twitter_card":"summary_large_image","schema":{"@context":"https:\/\/schema.org","@graph":[{"@type":"Article","@id":"https:\/\/tiszacsege.hu\/?p=2131#article","isPartOf":{"@id":"https:\/\/tiszacsege.hu\/?p=2131"},"author":{"name":"admin","@id":"https:\/\/tiszacsege.hu\/#\/schema\/person\/ff2f4e3a9747199f545a2cf351f25334"},"headline":"HIRDETM\u00c9NY az \u00f3vodai felv\u00e9telekr\u0151l a 2013\/2014-es nevel\u00e9si \u00e9vre","datePublished":"2013-04-02T09:52:51+00:00","dateModified":"2013-04-03T12:56:27+00:00","mainEntityOfPage":{"@id":"https:\/\/tiszacsege.hu\/?p=2131"},"wordCount":840,"publisher":{"@id":"https:\/\/tiszacsege.hu\/#organization"},"image":{"@id":"https:\/\/tiszacsege.hu\/?p=2131#primaryimage"},"thumbnailUrl":"https:\/\/tiszacsege.hu\/wp-content\/uploads\/2013\/04\/hirdetmeny_logo2.png","articleSection":["Felh\u00edv\u00e1sok, t\u00e1j\u00e9koztat\u00f3k"],"inLanguage":"hu"},{"@type":"WebPage","@id":"https:\/\/tiszacsege.hu\/?p=2131","url":"https:\/\/tiszacsege.hu\/?p=2131","name":"HIRDETM\u00c9NY az \u00f3vodai felv\u00e9telekr\u0151l a 2013\/2014-es nevel\u00e9si \u00e9vre","isPartOf":{"@id":"https:\/\/tiszacsege.hu\/#website"},"primaryImageOfPage":{"@id":"https:\/\/tiszacsege.hu\/?p=2131#primaryimage"},"image":{"@id":"https:\/\/tiszacsege.hu\/?p=2131#primaryimage"},"thumbnailUrl":"https:\/\/tiszacsege.hu\/wp-content\/uploads\/2013\/04\/hirdetmeny_logo2.png","datePublished":"2013-04-02T09:52:51+00:00","dateModified":"2013-04-03T12:56:27+00:00","breadcrumb":{"@id":"https:\/\/tiszacsege.hu\/?p=2131#breadcrumb"},"inLanguage":"hu","potentialAction":[{"@type":"ReadAction","target":["https:\/\/tiszacsege.hu\/?p=2131"]}]},{"@type":"ImageObject","inLanguage":"hu","@id":"https:\/\/tiszacsege.hu\/?p=2131#primaryimage","url":"https:\/\/tiszacsege.hu\/wp-content\/uploads\/2013\/04\/hirdetmeny_logo2.png","contentUrl":"https:\/\/tiszacsege.hu\/wp-content\/uploads\/2013\/04\/hirdetmeny_logo2.png","width":300,"height":170},{"@type":"BreadcrumbList","@id":"https:\/\/tiszacsege.hu\/?p=2131#breadcrumb","itemListElement":[{"@type":"ListItem","position":1,"name":"Kezd\u0151lap","item":"https:\/\/tiszacsege.hu\/"},{"@type":"ListItem","position":2,"name":"HIRDETM\u00c9NY az \u00f3vodai felv\u00e9telekr\u0151l a 2013\/2014-es nevel\u00e9si \u00e9vre"}]},{"@type":"WebSite","@id":"https:\/\/tiszacsege.hu\/#website","url":"https:\/\/tiszacsege.hu\/","name":"Tiszacsege","description":"Tiszacsege hivatalos honlapja","publisher":{"@id":"https:\/\/tiszacsege.hu\/#organization"},"potentialAction":[{"@type":"SearchAction","target":{"@type":"EntryPoint","urlTemplate":"https:\/\/tiszacsege.hu\/?s={search_term_string}"},"query-input":{"@type":"PropertyValueSpecification","valueRequired":true,"valueName":"search_term_string"}}],"inLanguage":"hu"},{"@type":"Organization","@id":"https:\/\/tiszacsege.hu\/#organization","name":"Tiszacsege","url":"https:\/\/tiszacsege.hu\/","logo":{"@type":"ImageObject","inLanguage":"hu","@id":"https:\/\/tiszacsege.hu\/#\/schema\/logo\/image\/","url":"https:\/\/tiszacsege.hu\/wp-content\/uploads\/2020\/10\/tiszacsege_logo_rovid2-1.png","contentUrl":"https:\/\/tiszacsege.hu\/wp-content\/uploads\/2020\/10\/tiszacsege_logo_rovid2-1.png","width":500,"height":150,"caption":"Tiszacsege"},"image":{"@id":"https:\/\/tiszacsege.hu\/#\/schema\/logo\/image\/"},"sameAs":["https:\/\/www.facebook.com\/tiszacsegeonkormanyzata"]},{"@type":"Person","@id":"https:\/\/tiszacsege.hu\/#\/schema\/person\/ff2f4e3a9747199f545a2cf351f25334","name":"admin","image":{"@type":"ImageObject","inLanguage":"hu","@id":"https:\/\/secure.gravatar.com\/avatar\/52224ccae048f9be8fd8d745a33eff630818f8bd5c43790479a2754dcef4b69b?s=96&d=mm&r=g","url":"https:\/\/secure.gravatar.com\/avatar\/52224ccae048f9be8fd8d745a33eff630818f8bd5c43790479a2754dcef4b69b?s=96&d=mm&r=g","contentUrl":"https:\/\/secure.gravatar.com\/avatar\/52224ccae048f9be8fd8d745a33eff630818f8bd5c43790479a2754dcef4b69b?s=96&d=mm&r=g","caption":"admin"},"url":"https:\/\/tiszacsege.hu\/?author=1"}]}},"_links":{"self":[{"href":"https:\/\/tiszacsege.hu\/index.php?rest_route=\/wp\/v2\/posts\/2131","targetHints":{"allow":["GET"]}}],"collection":[{"href":"https:\/\/tiszacsege.hu\/index.php?rest_route=\/wp\/v2\/posts"}],"about":[{"href":"https:\/\/tiszacsege.hu\/index.php?rest_route=\/wp\/v2\/types\/post"}],"author":[{"embeddable":true,"href":"https:\/\/tiszacsege.hu\/index.php?rest_route=\/wp\/v2\/users\/1"}],"replies":[{"embeddable":true,"href":"https:\/\/tiszacsege.hu\/index.php?rest_route=%2Fwp%2Fv2%2Fcomments&post=2131"}],"version-history":[{"count":9,"href":"https:\/\/tiszacsege.hu\/index.php?rest_route=\/wp\/v2\/posts\/2131\/revisions"}],"predecessor-version":[{"id":2204,"href":"https:\/\/tiszacsege.hu\/index.php?rest_route=\/wp\/v2\/posts\/2131\/revisions\/2204"}],"wp:featuredmedia":[{"embeddable":true,"href":"https:\/\/tiszacsege.hu\/index.php?rest_route=\/wp\/v2\/media\/2203"}],"wp:attachment":[{"href":"https:\/\/tiszacsege.hu\/index.php?rest_route=%2Fwp%2Fv2%2Fmedia&parent=2131"}],"wp:term":[{"taxonomy":"category","embeddable":true,"href":"https:\/\/tiszacsege.hu\/index.php?rest_route=%2Fwp%2Fv2%2Fcategories&post=2131"},{"taxonomy":"post_tag","embeddable":true,"href":"https:\/\/tiszacsege.hu\/index.php?rest_route=%2Fwp%2Fv2%2Ftags&post=2131"},{"taxonomy":"post_folder","embeddable":true,"href":"https:\/\/tiszacsege.hu\/index.php?rest_route=%2Fwp%2Fv2%2Fpost_folder&post=2131"}],"curies":[{"name":"wp","href":"https:\/\/api.w.org\/{rel}","templated":true}]}}