{"id":2213,"date":"2013-04-04T10:06:49","date_gmt":"2013-04-04T08:06:49","guid":{"rendered":"http:\/\/tiszacsege.hu\/?p=2213"},"modified":"2013-04-04T10:06:49","modified_gmt":"2013-04-04T08:06:49","slug":"a-varosi-ovoda-es-bolcsode-nyari-zarva-tartasanak-idopontja","status":"publish","type":"post","link":"https:\/\/tiszacsege.hu\/?p=2213","title":{"rendered":"A V\u00e1rosi \u00d3voda \u00e9s B\u00f6lcs\u0151de ny\u00e1ri z\u00e1rva tart\u00e1s\u00e1nak id\u0151pontja"},"content":{"rendered":"<p style=\"text-align: left;\" align=\"center\"><strong><span style=\"font-size: large;\">HIRDETM\u00c9NY &#8211;\u00a0A V\u00e1rosi \u00d3voda \u00e9s B\u00f6lcs\u0151de ny\u00e1ri z\u00e1rva tart\u00e1s\u00e1nak id\u0151pontj\u00e1r\u00f3l<\/span><\/strong><\/p>\n<p>&nbsp;<\/p>\n<p>Tiszacsege V\u00e1ros K\u00e9pvisel\u0151-test\u00fclete 42\/2013. (III.29.) sz\u00e1m\u00fa Hat\u00e1rozat\u00e1ban az int\u00e9zm\u00e9ny ny\u00e1ri z\u00e1rva tart\u00e1s\u00e1nak id\u0151pontj\u00e1r\u00f3l az al\u00e1bbiak szerint rendelkezett.<\/p>\n<p>&nbsp;<\/p>\n<p>A ny\u00e1ri z\u00e1rva tart\u00e1s 2013. augusztus 5-t\u0151l 30-ig tart.<\/p>\n<p>&nbsp;<\/p>\n<p>A z\u00e1rva tart\u00e1st megel\u0151z\u0151 utols\u00f3 nyitva tart\u00e1si nap: 2013. augusztus 2. (p\u00e9ntek).<\/p>\n<p>&nbsp;<\/p>\n<p>A z\u00e1rva tart\u00e1st k\u00f6vet\u0151 els\u0151 nyitva tart\u00e1si nap (a 2013\/2014. nevel\u00e9si \u00e9v kezd\u0151 napja): 2013. szeptember 2. (h\u00e9tf\u0151)<\/p>\n<p>&nbsp;<\/p>\n<p>&nbsp;<\/p>\n<p>Tiszacsege, 2013. \u00e1prilis 3.<\/p>\n<p>&nbsp;<\/p>\n<table border=\"0\" cellspacing=\"0\" cellpadding=\"0\">\n<tbody>\n<tr>\n<td valign=\"top\" width=\"229\">\n<p style=\"text-align: right;\" align=\"center\">Szil\u00e1gyi S\u00e1ndor<\/p>\n<p style=\"text-align: right;\" align=\"center\">polg\u00e1rmester<\/p>\n<\/td>\n<\/tr>\n<\/tbody>\n<\/table>\n<p style=\"text-align: right;\">\u00a0<\/p>\n","protected":false},"excerpt":{"rendered":"<p>HIRDETM\u00c9NY &#8211;\u00a0A V\u00e1rosi \u00d3voda \u00e9s B\u00f6lcs\u0151de ny\u00e1ri z\u00e1rva tart\u00e1s\u00e1nak id\u0151pontj\u00e1r\u00f3l &nbsp; Tiszacsege V\u00e1ros K\u00e9pvisel\u0151-test\u00fclete 42\/2013. (III.29.) sz\u00e1m\u00fa Hat\u00e1rozat\u00e1ban az int\u00e9zm\u00e9ny ny\u00e1ri z\u00e1rva tart\u00e1s\u00e1nak id\u0151pontj\u00e1r\u00f3l az al\u00e1bbiak szerint rendelkezett. &nbsp; A ny\u00e1ri z\u00e1rva tart\u00e1s 2013. augusztus 5-t\u0151l 30-ig tart. &nbsp; A z\u00e1rva tart\u00e1st megel\u0151z\u0151 utols\u00f3 nyitva tart\u00e1si nap: 2013. augusztus 2. (p\u00e9ntek). &nbsp; A z\u00e1rva tart\u00e1st [&hellip;]<\/p>\n","protected":false},"author":1,"featured_media":2203,"comment_status":"closed","ping_status":"open","sticky":false,"template":"","format":"standard","meta":{"_editorskit_title_hidden":false,"_editorskit_reading_time":0,"_editorskit_is_block_options_detached":false,"_editorskit_block_options_position":"{}","_crdt_document":"","footnotes":""},"categories":[7],"tags":[],"post_folder":[],"class_list":["post-2213","post","type-post","status-publish","format-standard","has-post-thumbnail","hentry","category-hirdetmenyek"],"yoast_head":"<!-- This site is optimized with the Yoast SEO plugin v27.5 - https:\/\/yoast.com\/product\/yoast-seo-wordpress\/ -->\n<title>A V\u00e1rosi \u00d3voda \u00e9s B\u00f6lcs\u0151de ny\u00e1ri z\u00e1rva tart\u00e1s\u00e1nak id\u0151pontja<\/title>\n<meta name=\"robots\" content=\"index, follow, max-snippet:-1, max-image-preview:large, max-video-preview:-1\" \/>\n<link rel=\"canonical\" href=\"https:\/\/tiszacsege.hu\/?p=2213\" \/>\n<meta property=\"og:locale\" content=\"hu_HU\" \/>\n<meta property=\"og:type\" content=\"article\" \/>\n<meta property=\"og:title\" content=\"A V\u00e1rosi \u00d3voda \u00e9s B\u00f6lcs\u0151de ny\u00e1ri z\u00e1rva tart\u00e1s\u00e1nak id\u0151pontja\" \/>\n<meta property=\"og:description\" content=\"HIRDETM\u00c9NY &#8211;\u00a0A V\u00e1rosi \u00d3voda \u00e9s B\u00f6lcs\u0151de ny\u00e1ri z\u00e1rva tart\u00e1s\u00e1nak id\u0151pontj\u00e1r\u00f3l &nbsp; Tiszacsege V\u00e1ros K\u00e9pvisel\u0151-test\u00fclete 42\/2013. (III.29.) sz\u00e1m\u00fa Hat\u00e1rozat\u00e1ban az int\u00e9zm\u00e9ny ny\u00e1ri z\u00e1rva tart\u00e1s\u00e1nak id\u0151pontj\u00e1r\u00f3l az al\u00e1bbiak szerint rendelkezett. &nbsp; A ny\u00e1ri z\u00e1rva tart\u00e1s 2013. augusztus 5-t\u0151l 30-ig tart. &nbsp; A z\u00e1rva tart\u00e1st megel\u0151z\u0151 utols\u00f3 nyitva tart\u00e1si nap: 2013. augusztus 2. (p\u00e9ntek). &nbsp; A z\u00e1rva tart\u00e1st [&hellip;]\" \/>\n<meta property=\"og:url\" content=\"https:\/\/tiszacsege.hu\/?p=2213\" \/>\n<meta property=\"og:site_name\" content=\"Tiszacsege\" \/>\n<meta property=\"article:publisher\" content=\"https:\/\/www.facebook.com\/tiszacsegeonkormanyzata\" \/>\n<meta property=\"article:published_time\" content=\"2013-04-04T08:06:49+00:00\" \/>\n<meta property=\"og:image\" content=\"https:\/\/tiszacsege.hu\/wp-content\/uploads\/2013\/04\/hirdetmeny_logo2.png\" \/>\n\t<meta property=\"og:image:width\" content=\"300\" \/>\n\t<meta property=\"og:image:height\" content=\"170\" \/>\n\t<meta property=\"og:image:type\" content=\"image\/png\" \/>\n<meta name=\"author\" content=\"admin\" \/>\n<meta name=\"twitter:card\" content=\"summary_large_image\" \/>\n<script type=\"application\/ld+json\" class=\"yoast-schema-graph\">{\"@context\":\"https:\\\/\\\/schema.org\",\"@graph\":[{\"@type\":\"Article\",\"@id\":\"https:\\\/\\\/tiszacsege.hu\\\/?p=2213#article\",\"isPartOf\":{\"@id\":\"https:\\\/\\\/tiszacsege.hu\\\/?p=2213\"},\"author\":{\"name\":\"admin\",\"@id\":\"https:\\\/\\\/tiszacsege.hu\\\/#\\\/schema\\\/person\\\/ff2f4e3a9747199f545a2cf351f25334\"},\"headline\":\"A V\u00e1rosi \u00d3voda \u00e9s B\u00f6lcs\u0151de ny\u00e1ri z\u00e1rva tart\u00e1s\u00e1nak id\u0151pontja\",\"datePublished\":\"2013-04-04T08:06:49+00:00\",\"mainEntityOfPage\":{\"@id\":\"https:\\\/\\\/tiszacsege.hu\\\/?p=2213\"},\"wordCount\":135,\"publisher\":{\"@id\":\"https:\\\/\\\/tiszacsege.hu\\\/#organization\"},\"image\":{\"@id\":\"https:\\\/\\\/tiszacsege.hu\\\/?p=2213#primaryimage\"},\"thumbnailUrl\":\"https:\\\/\\\/tiszacsege.hu\\\/wp-content\\\/uploads\\\/2013\\\/04\\\/hirdetmeny_logo2.png\",\"articleSection\":[\"Felh\u00edv\u00e1sok, t\u00e1j\u00e9koztat\u00f3k\"],\"inLanguage\":\"hu\"},{\"@type\":\"WebPage\",\"@id\":\"https:\\\/\\\/tiszacsege.hu\\\/?p=2213\",\"url\":\"https:\\\/\\\/tiszacsege.hu\\\/?p=2213\",\"name\":\"A V\u00e1rosi \u00d3voda \u00e9s B\u00f6lcs\u0151de ny\u00e1ri z\u00e1rva tart\u00e1s\u00e1nak id\u0151pontja\",\"isPartOf\":{\"@id\":\"https:\\\/\\\/tiszacsege.hu\\\/#website\"},\"primaryImageOfPage\":{\"@id\":\"https:\\\/\\\/tiszacsege.hu\\\/?p=2213#primaryimage\"},\"image\":{\"@id\":\"https:\\\/\\\/tiszacsege.hu\\\/?p=2213#primaryimage\"},\"thumbnailUrl\":\"https:\\\/\\\/tiszacsege.hu\\\/wp-content\\\/uploads\\\/2013\\\/04\\\/hirdetmeny_logo2.png\",\"datePublished\":\"2013-04-04T08:06:49+00:00\",\"breadcrumb\":{\"@id\":\"https:\\\/\\\/tiszacsege.hu\\\/?p=2213#breadcrumb\"},\"inLanguage\":\"hu\",\"potentialAction\":[{\"@type\":\"ReadAction\",\"target\":[\"https:\\\/\\\/tiszacsege.hu\\\/?p=2213\"]}]},{\"@type\":\"ImageObject\",\"inLanguage\":\"hu\",\"@id\":\"https:\\\/\\\/tiszacsege.hu\\\/?p=2213#primaryimage\",\"url\":\"https:\\\/\\\/tiszacsege.hu\\\/wp-content\\\/uploads\\\/2013\\\/04\\\/hirdetmeny_logo2.png\",\"contentUrl\":\"https:\\\/\\\/tiszacsege.hu\\\/wp-content\\\/uploads\\\/2013\\\/04\\\/hirdetmeny_logo2.png\",\"width\":300,\"height\":170},{\"@type\":\"BreadcrumbList\",\"@id\":\"https:\\\/\\\/tiszacsege.hu\\\/?p=2213#breadcrumb\",\"itemListElement\":[{\"@type\":\"ListItem\",\"position\":1,\"name\":\"Kezd\u0151lap\",\"item\":\"https:\\\/\\\/tiszacsege.hu\\\/\"},{\"@type\":\"ListItem\",\"position\":2,\"name\":\"A V\u00e1rosi \u00d3voda \u00e9s B\u00f6lcs\u0151de ny\u00e1ri z\u00e1rva tart\u00e1s\u00e1nak id\u0151pontja\"}]},{\"@type\":\"WebSite\",\"@id\":\"https:\\\/\\\/tiszacsege.hu\\\/#website\",\"url\":\"https:\\\/\\\/tiszacsege.hu\\\/\",\"name\":\"Tiszacsege\",\"description\":\"Tiszacsege hivatalos honlapja\",\"publisher\":{\"@id\":\"https:\\\/\\\/tiszacsege.hu\\\/#organization\"},\"potentialAction\":[{\"@type\":\"SearchAction\",\"target\":{\"@type\":\"EntryPoint\",\"urlTemplate\":\"https:\\\/\\\/tiszacsege.hu\\\/?s={search_term_string}\"},\"query-input\":{\"@type\":\"PropertyValueSpecification\",\"valueRequired\":true,\"valueName\":\"search_term_string\"}}],\"inLanguage\":\"hu\"},{\"@type\":\"Organization\",\"@id\":\"https:\\\/\\\/tiszacsege.hu\\\/#organization\",\"name\":\"Tiszacsege\",\"url\":\"https:\\\/\\\/tiszacsege.hu\\\/\",\"logo\":{\"@type\":\"ImageObject\",\"inLanguage\":\"hu\",\"@id\":\"https:\\\/\\\/tiszacsege.hu\\\/#\\\/schema\\\/logo\\\/image\\\/\",\"url\":\"https:\\\/\\\/tiszacsege.hu\\\/wp-content\\\/uploads\\\/2020\\\/10\\\/tiszacsege_logo_rovid2-1.png\",\"contentUrl\":\"https:\\\/\\\/tiszacsege.hu\\\/wp-content\\\/uploads\\\/2020\\\/10\\\/tiszacsege_logo_rovid2-1.png\",\"width\":500,\"height\":150,\"caption\":\"Tiszacsege\"},\"image\":{\"@id\":\"https:\\\/\\\/tiszacsege.hu\\\/#\\\/schema\\\/logo\\\/image\\\/\"},\"sameAs\":[\"https:\\\/\\\/www.facebook.com\\\/tiszacsegeonkormanyzata\"]},{\"@type\":\"Person\",\"@id\":\"https:\\\/\\\/tiszacsege.hu\\\/#\\\/schema\\\/person\\\/ff2f4e3a9747199f545a2cf351f25334\",\"name\":\"admin\",\"image\":{\"@type\":\"ImageObject\",\"inLanguage\":\"hu\",\"@id\":\"https:\\\/\\\/secure.gravatar.com\\\/avatar\\\/52224ccae048f9be8fd8d745a33eff630818f8bd5c43790479a2754dcef4b69b?s=96&d=mm&r=g\",\"url\":\"https:\\\/\\\/secure.gravatar.com\\\/avatar\\\/52224ccae048f9be8fd8d745a33eff630818f8bd5c43790479a2754dcef4b69b?s=96&d=mm&r=g\",\"contentUrl\":\"https:\\\/\\\/secure.gravatar.com\\\/avatar\\\/52224ccae048f9be8fd8d745a33eff630818f8bd5c43790479a2754dcef4b69b?s=96&d=mm&r=g\",\"caption\":\"admin\"},\"url\":\"https:\\\/\\\/tiszacsege.hu\\\/?author=1\"}]}<\/script>\n<!-- \/ Yoast SEO plugin. -->","yoast_head_json":{"title":"A V\u00e1rosi \u00d3voda \u00e9s B\u00f6lcs\u0151de ny\u00e1ri z\u00e1rva tart\u00e1s\u00e1nak id\u0151pontja","robots":{"index":"index","follow":"follow","max-snippet":"max-snippet:-1","max-image-preview":"max-image-preview:large","max-video-preview":"max-video-preview:-1"},"canonical":"https:\/\/tiszacsege.hu\/?p=2213","og_locale":"hu_HU","og_type":"article","og_title":"A V\u00e1rosi \u00d3voda \u00e9s B\u00f6lcs\u0151de ny\u00e1ri z\u00e1rva tart\u00e1s\u00e1nak id\u0151pontja","og_description":"HIRDETM\u00c9NY &#8211;\u00a0A V\u00e1rosi \u00d3voda \u00e9s B\u00f6lcs\u0151de ny\u00e1ri z\u00e1rva tart\u00e1s\u00e1nak id\u0151pontj\u00e1r\u00f3l &nbsp; Tiszacsege V\u00e1ros K\u00e9pvisel\u0151-test\u00fclete 42\/2013. (III.29.) sz\u00e1m\u00fa Hat\u00e1rozat\u00e1ban az int\u00e9zm\u00e9ny ny\u00e1ri z\u00e1rva tart\u00e1s\u00e1nak id\u0151pontj\u00e1r\u00f3l az al\u00e1bbiak szerint rendelkezett. &nbsp; A ny\u00e1ri z\u00e1rva tart\u00e1s 2013. augusztus 5-t\u0151l 30-ig tart. &nbsp; A z\u00e1rva tart\u00e1st megel\u0151z\u0151 utols\u00f3 nyitva tart\u00e1si nap: 2013. augusztus 2. (p\u00e9ntek). &nbsp; A z\u00e1rva tart\u00e1st [&hellip;]","og_url":"https:\/\/tiszacsege.hu\/?p=2213","og_site_name":"Tiszacsege","article_publisher":"https:\/\/www.facebook.com\/tiszacsegeonkormanyzata","article_published_time":"2013-04-04T08:06:49+00:00","og_image":[{"width":300,"height":170,"url":"https:\/\/tiszacsege.hu\/wp-content\/uploads\/2013\/04\/hirdetmeny_logo2.png","type":"image\/png"}],"author":"admin","twitter_card":"summary_large_image","schema":{"@context":"https:\/\/schema.org","@graph":[{"@type":"Article","@id":"https:\/\/tiszacsege.hu\/?p=2213#article","isPartOf":{"@id":"https:\/\/tiszacsege.hu\/?p=2213"},"author":{"name":"admin","@id":"https:\/\/tiszacsege.hu\/#\/schema\/person\/ff2f4e3a9747199f545a2cf351f25334"},"headline":"A V\u00e1rosi \u00d3voda \u00e9s B\u00f6lcs\u0151de ny\u00e1ri z\u00e1rva tart\u00e1s\u00e1nak id\u0151pontja","datePublished":"2013-04-04T08:06:49+00:00","mainEntityOfPage":{"@id":"https:\/\/tiszacsege.hu\/?p=2213"},"wordCount":135,"publisher":{"@id":"https:\/\/tiszacsege.hu\/#organization"},"image":{"@id":"https:\/\/tiszacsege.hu\/?p=2213#primaryimage"},"thumbnailUrl":"https:\/\/tiszacsege.hu\/wp-content\/uploads\/2013\/04\/hirdetmeny_logo2.png","articleSection":["Felh\u00edv\u00e1sok, t\u00e1j\u00e9koztat\u00f3k"],"inLanguage":"hu"},{"@type":"WebPage","@id":"https:\/\/tiszacsege.hu\/?p=2213","url":"https:\/\/tiszacsege.hu\/?p=2213","name":"A V\u00e1rosi \u00d3voda \u00e9s B\u00f6lcs\u0151de ny\u00e1ri z\u00e1rva tart\u00e1s\u00e1nak id\u0151pontja","isPartOf":{"@id":"https:\/\/tiszacsege.hu\/#website"},"primaryImageOfPage":{"@id":"https:\/\/tiszacsege.hu\/?p=2213#primaryimage"},"image":{"@id":"https:\/\/tiszacsege.hu\/?p=2213#primaryimage"},"thumbnailUrl":"https:\/\/tiszacsege.hu\/wp-content\/uploads\/2013\/04\/hirdetmeny_logo2.png","datePublished":"2013-04-04T08:06:49+00:00","breadcrumb":{"@id":"https:\/\/tiszacsege.hu\/?p=2213#breadcrumb"},"inLanguage":"hu","potentialAction":[{"@type":"ReadAction","target":["https:\/\/tiszacsege.hu\/?p=2213"]}]},{"@type":"ImageObject","inLanguage":"hu","@id":"https:\/\/tiszacsege.hu\/?p=2213#primaryimage","url":"https:\/\/tiszacsege.hu\/wp-content\/uploads\/2013\/04\/hirdetmeny_logo2.png","contentUrl":"https:\/\/tiszacsege.hu\/wp-content\/uploads\/2013\/04\/hirdetmeny_logo2.png","width":300,"height":170},{"@type":"BreadcrumbList","@id":"https:\/\/tiszacsege.hu\/?p=2213#breadcrumb","itemListElement":[{"@type":"ListItem","position":1,"name":"Kezd\u0151lap","item":"https:\/\/tiszacsege.hu\/"},{"@type":"ListItem","position":2,"name":"A V\u00e1rosi \u00d3voda \u00e9s B\u00f6lcs\u0151de ny\u00e1ri z\u00e1rva tart\u00e1s\u00e1nak id\u0151pontja"}]},{"@type":"WebSite","@id":"https:\/\/tiszacsege.hu\/#website","url":"https:\/\/tiszacsege.hu\/","name":"Tiszacsege","description":"Tiszacsege hivatalos honlapja","publisher":{"@id":"https:\/\/tiszacsege.hu\/#organization"},"potentialAction":[{"@type":"SearchAction","target":{"@type":"EntryPoint","urlTemplate":"https:\/\/tiszacsege.hu\/?s={search_term_string}"},"query-input":{"@type":"PropertyValueSpecification","valueRequired":true,"valueName":"search_term_string"}}],"inLanguage":"hu"},{"@type":"Organization","@id":"https:\/\/tiszacsege.hu\/#organization","name":"Tiszacsege","url":"https:\/\/tiszacsege.hu\/","logo":{"@type":"ImageObject","inLanguage":"hu","@id":"https:\/\/tiszacsege.hu\/#\/schema\/logo\/image\/","url":"https:\/\/tiszacsege.hu\/wp-content\/uploads\/2020\/10\/tiszacsege_logo_rovid2-1.png","contentUrl":"https:\/\/tiszacsege.hu\/wp-content\/uploads\/2020\/10\/tiszacsege_logo_rovid2-1.png","width":500,"height":150,"caption":"Tiszacsege"},"image":{"@id":"https:\/\/tiszacsege.hu\/#\/schema\/logo\/image\/"},"sameAs":["https:\/\/www.facebook.com\/tiszacsegeonkormanyzata"]},{"@type":"Person","@id":"https:\/\/tiszacsege.hu\/#\/schema\/person\/ff2f4e3a9747199f545a2cf351f25334","name":"admin","image":{"@type":"ImageObject","inLanguage":"hu","@id":"https:\/\/secure.gravatar.com\/avatar\/52224ccae048f9be8fd8d745a33eff630818f8bd5c43790479a2754dcef4b69b?s=96&d=mm&r=g","url":"https:\/\/secure.gravatar.com\/avatar\/52224ccae048f9be8fd8d745a33eff630818f8bd5c43790479a2754dcef4b69b?s=96&d=mm&r=g","contentUrl":"https:\/\/secure.gravatar.com\/avatar\/52224ccae048f9be8fd8d745a33eff630818f8bd5c43790479a2754dcef4b69b?s=96&d=mm&r=g","caption":"admin"},"url":"https:\/\/tiszacsege.hu\/?author=1"}]}},"_links":{"self":[{"href":"https:\/\/tiszacsege.hu\/index.php?rest_route=\/wp\/v2\/posts\/2213","targetHints":{"allow":["GET"]}}],"collection":[{"href":"https:\/\/tiszacsege.hu\/index.php?rest_route=\/wp\/v2\/posts"}],"about":[{"href":"https:\/\/tiszacsege.hu\/index.php?rest_route=\/wp\/v2\/types\/post"}],"author":[{"embeddable":true,"href":"https:\/\/tiszacsege.hu\/index.php?rest_route=\/wp\/v2\/users\/1"}],"replies":[{"embeddable":true,"href":"https:\/\/tiszacsege.hu\/index.php?rest_route=%2Fwp%2Fv2%2Fcomments&post=2213"}],"version-history":[{"count":3,"href":"https:\/\/tiszacsege.hu\/index.php?rest_route=\/wp\/v2\/posts\/2213\/revisions"}],"predecessor-version":[{"id":2216,"href":"https:\/\/tiszacsege.hu\/index.php?rest_route=\/wp\/v2\/posts\/2213\/revisions\/2216"}],"wp:featuredmedia":[{"embeddable":true,"href":"https:\/\/tiszacsege.hu\/index.php?rest_route=\/wp\/v2\/media\/2203"}],"wp:attachment":[{"href":"https:\/\/tiszacsege.hu\/index.php?rest_route=%2Fwp%2Fv2%2Fmedia&parent=2213"}],"wp:term":[{"taxonomy":"category","embeddable":true,"href":"https:\/\/tiszacsege.hu\/index.php?rest_route=%2Fwp%2Fv2%2Fcategories&post=2213"},{"taxonomy":"post_tag","embeddable":true,"href":"https:\/\/tiszacsege.hu\/index.php?rest_route=%2Fwp%2Fv2%2Ftags&post=2213"},{"taxonomy":"post_folder","embeddable":true,"href":"https:\/\/tiszacsege.hu\/index.php?rest_route=%2Fwp%2Fv2%2Fpost_folder&post=2213"}],"curies":[{"name":"wp","href":"https:\/\/api.w.org\/{rel}","templated":true}]}}