{"id":23354,"date":"2024-01-16T12:00:36","date_gmt":"2024-01-16T11:00:36","guid":{"rendered":"https:\/\/tiszacsege.hu\/?p=23354"},"modified":"2024-01-16T12:00:39","modified_gmt":"2024-01-16T11:00:39","slug":"veradasi-idopontok-tiszacsegen-2024-ben","status":"publish","type":"post","link":"https:\/\/tiszacsege.hu\/?p=23354","title":{"rendered":"V\u00e9rad\u00e1si id\u0151pontok Tiszacseg\u00e9n 2024-ben"},"content":{"rendered":"\n<p class=\"wp-block-paragraph\" style=\"font-size:24px\"><strong>Tisztelt Lakoss\u00e1g!<\/strong><\/p>\n\n\n\n<div style=\"height:20px\" aria-hidden=\"true\" class=\"wp-block-spacer\"><\/div>\n\n\n\n<p class=\"has-medium-font-size wp-block-paragraph\">A Magyar V\u00f6r\u00f6skereszt t\u00e1j\u00e9koztat\u00e1sa alapj\u00e1n a tiszacsegei v\u00e9rad\u00e1sok tervezett id\u0151pontjai az al\u00e1bbiak:<\/p>\n\n\n\n<div style=\"height:20px\" aria-hidden=\"true\" class=\"wp-block-spacer\"><\/div>\n\n\n\n<ul class=\"wp-block-list\">\n<li class=\"has-medium-font-size\">2024. 04. 09<\/li>\n\n\n\n<li class=\"has-medium-font-size\">2024. 09. 10<\/li>\n<\/ul>\n\n\n\n<div style=\"height:20px\" aria-hidden=\"true\" class=\"wp-block-spacer\"><\/div>\n\n\n\n<p class=\"has-medium-font-size wp-block-paragraph\">Sajnos a kev\u00e9s v\u00e9rad\u00f3sz\u00e1mra tekintettel id\u00e9n m\u00e1r csak k\u00e9t betervezett kisz\u00e1ll\u00e1sos v\u00e9rad\u00e1s ker\u00fcl megrendez\u00e9sre a telep\u00fcl\u00e9sen. Azonban a tervek k\u00f6z\u00f6tt szerepel a v\u00e1rosi rendezv\u00e9nyeken \u00fctemterven k\u00edv\u00fcli, rendk\u00edv\u00fcl v\u00e9rad\u00e1st is szervezni.<\/p>\n\n\n\n<div style=\"height:20px\" aria-hidden=\"true\" class=\"wp-block-spacer\"><\/div>\n\n\n\n<p class=\"has-medium-font-size wp-block-paragraph\">Tiszacsege V\u00e1ros \u00d6nkorm\u00e1nyzata<\/p>\n","protected":false},"excerpt":{"rendered":"<p>Tisztelt Lakoss\u00e1g! A Magyar V\u00f6r\u00f6skereszt t\u00e1j\u00e9koztat\u00e1sa alapj\u00e1n a tiszacsegei v\u00e9rad\u00e1sok tervezett id\u0151pontjai az al\u00e1bbiak: Sajnos a kev\u00e9s v\u00e9rad\u00f3sz\u00e1mra tekintettel id\u00e9n m\u00e1r csak k\u00e9t betervezett kisz\u00e1ll\u00e1sos v\u00e9rad\u00e1s ker\u00fcl megrendez\u00e9sre a telep\u00fcl\u00e9sen. Azonban a tervek k\u00f6z\u00f6tt szerepel a v\u00e1rosi rendezv\u00e9nyeken \u00fctemterven k\u00edv\u00fcli, rendk\u00edv\u00fcl v\u00e9rad\u00e1st is szervezni. Tiszacsege V\u00e1ros \u00d6nkorm\u00e1nyzata<\/p>\n","protected":false},"author":1,"featured_media":17642,"comment_status":"closed","ping_status":"closed","sticky":false,"template":"","format":"standard","meta":{"_editorskit_title_hidden":false,"_editorskit_reading_time":0,"_editorskit_is_block_options_detached":false,"_editorskit_block_options_position":"{}","_crdt_document":"","footnotes":""},"categories":[1],"tags":[],"post_folder":[],"class_list":["post-23354","post","type-post","status-publish","format-standard","has-post-thumbnail","hentry","category-hirek"],"yoast_head":"<!-- This site is optimized with the Yoast SEO plugin v27.4 - https:\/\/yoast.com\/product\/yoast-seo-wordpress\/ -->\n<title>V\u00e9rad\u00e1si id\u0151pontok Tiszacseg\u00e9n 2024-ben<\/title>\n<meta name=\"robots\" content=\"index, follow, max-snippet:-1, max-image-preview:large, max-video-preview:-1\" \/>\n<link rel=\"canonical\" href=\"https:\/\/tiszacsege.hu\/?p=23354\" \/>\n<meta property=\"og:locale\" content=\"hu_HU\" \/>\n<meta property=\"og:type\" content=\"article\" \/>\n<meta property=\"og:title\" content=\"V\u00e9rad\u00e1si id\u0151pontok Tiszacseg\u00e9n 2024-ben\" \/>\n<meta property=\"og:description\" content=\"Tisztelt Lakoss\u00e1g! A Magyar V\u00f6r\u00f6skereszt t\u00e1j\u00e9koztat\u00e1sa alapj\u00e1n a tiszacsegei v\u00e9rad\u00e1sok tervezett id\u0151pontjai az al\u00e1bbiak: Sajnos a kev\u00e9s v\u00e9rad\u00f3sz\u00e1mra tekintettel id\u00e9n m\u00e1r csak k\u00e9t betervezett kisz\u00e1ll\u00e1sos v\u00e9rad\u00e1s ker\u00fcl megrendez\u00e9sre a telep\u00fcl\u00e9sen. Azonban a tervek k\u00f6z\u00f6tt szerepel a v\u00e1rosi rendezv\u00e9nyeken \u00fctemterven k\u00edv\u00fcli, rendk\u00edv\u00fcl v\u00e9rad\u00e1st is szervezni. Tiszacsege V\u00e1ros \u00d6nkorm\u00e1nyzata\" \/>\n<meta property=\"og:url\" content=\"https:\/\/tiszacsege.hu\/?p=23354\" \/>\n<meta property=\"og:site_name\" content=\"Tiszacsege\" \/>\n<meta property=\"article:publisher\" content=\"https:\/\/www.facebook.com\/tiszacsegeonkormanyzata\" \/>\n<meta property=\"article:published_time\" content=\"2024-01-16T11:00:36+00:00\" \/>\n<meta property=\"article:modified_time\" content=\"2024-01-16T11:00:39+00:00\" \/>\n<meta property=\"og:image\" content=\"https:\/\/tiszacsege.hu\/wp-content\/uploads\/2021\/05\/veradas.png\" \/>\n\t<meta property=\"og:image:width\" content=\"550\" \/>\n\t<meta property=\"og:image:height\" content=\"420\" \/>\n\t<meta property=\"og:image:type\" content=\"image\/png\" \/>\n<meta name=\"author\" content=\"admin\" \/>\n<meta name=\"twitter:card\" content=\"summary_large_image\" \/>\n<script type=\"application\/ld+json\" class=\"yoast-schema-graph\">{\"@context\":\"https:\\\/\\\/schema.org\",\"@graph\":[{\"@type\":\"Article\",\"@id\":\"https:\\\/\\\/tiszacsege.hu\\\/?p=23354#article\",\"isPartOf\":{\"@id\":\"https:\\\/\\\/tiszacsege.hu\\\/?p=23354\"},\"author\":{\"name\":\"admin\",\"@id\":\"https:\\\/\\\/tiszacsege.hu\\\/#\\\/schema\\\/person\\\/ff2f4e3a9747199f545a2cf351f25334\"},\"headline\":\"V\u00e9rad\u00e1si id\u0151pontok Tiszacseg\u00e9n 2024-ben\",\"datePublished\":\"2024-01-16T11:00:36+00:00\",\"dateModified\":\"2024-01-16T11:00:39+00:00\",\"mainEntityOfPage\":{\"@id\":\"https:\\\/\\\/tiszacsege.hu\\\/?p=23354\"},\"wordCount\":93,\"publisher\":{\"@id\":\"https:\\\/\\\/tiszacsege.hu\\\/#organization\"},\"image\":{\"@id\":\"https:\\\/\\\/tiszacsege.hu\\\/?p=23354#primaryimage\"},\"thumbnailUrl\":\"https:\\\/\\\/tiszacsege.hu\\\/wp-content\\\/uploads\\\/2021\\\/05\\\/veradas.png\",\"articleSection\":[\"Helyi h\u00edrek, t\u00e1j\u00e9koztat\u00f3k\"],\"inLanguage\":\"hu\"},{\"@type\":\"WebPage\",\"@id\":\"https:\\\/\\\/tiszacsege.hu\\\/?p=23354\",\"url\":\"https:\\\/\\\/tiszacsege.hu\\\/?p=23354\",\"name\":\"V\u00e9rad\u00e1si id\u0151pontok Tiszacseg\u00e9n 2024-ben\",\"isPartOf\":{\"@id\":\"https:\\\/\\\/tiszacsege.hu\\\/#website\"},\"primaryImageOfPage\":{\"@id\":\"https:\\\/\\\/tiszacsege.hu\\\/?p=23354#primaryimage\"},\"image\":{\"@id\":\"https:\\\/\\\/tiszacsege.hu\\\/?p=23354#primaryimage\"},\"thumbnailUrl\":\"https:\\\/\\\/tiszacsege.hu\\\/wp-content\\\/uploads\\\/2021\\\/05\\\/veradas.png\",\"datePublished\":\"2024-01-16T11:00:36+00:00\",\"dateModified\":\"2024-01-16T11:00:39+00:00\",\"breadcrumb\":{\"@id\":\"https:\\\/\\\/tiszacsege.hu\\\/?p=23354#breadcrumb\"},\"inLanguage\":\"hu\",\"potentialAction\":[{\"@type\":\"ReadAction\",\"target\":[\"https:\\\/\\\/tiszacsege.hu\\\/?p=23354\"]}]},{\"@type\":\"ImageObject\",\"inLanguage\":\"hu\",\"@id\":\"https:\\\/\\\/tiszacsege.hu\\\/?p=23354#primaryimage\",\"url\":\"https:\\\/\\\/tiszacsege.hu\\\/wp-content\\\/uploads\\\/2021\\\/05\\\/veradas.png\",\"contentUrl\":\"https:\\\/\\\/tiszacsege.hu\\\/wp-content\\\/uploads\\\/2021\\\/05\\\/veradas.png\",\"width\":550,\"height\":420},{\"@type\":\"BreadcrumbList\",\"@id\":\"https:\\\/\\\/tiszacsege.hu\\\/?p=23354#breadcrumb\",\"itemListElement\":[{\"@type\":\"ListItem\",\"position\":1,\"name\":\"Kezd\u0151lap\",\"item\":\"https:\\\/\\\/tiszacsege.hu\\\/\"},{\"@type\":\"ListItem\",\"position\":2,\"name\":\"V\u00e9rad\u00e1si id\u0151pontok Tiszacseg\u00e9n 2024-ben\"}]},{\"@type\":\"WebSite\",\"@id\":\"https:\\\/\\\/tiszacsege.hu\\\/#website\",\"url\":\"https:\\\/\\\/tiszacsege.hu\\\/\",\"name\":\"Tiszacsege\",\"description\":\"Tiszacsege hivatalos honlapja\",\"publisher\":{\"@id\":\"https:\\\/\\\/tiszacsege.hu\\\/#organization\"},\"potentialAction\":[{\"@type\":\"SearchAction\",\"target\":{\"@type\":\"EntryPoint\",\"urlTemplate\":\"https:\\\/\\\/tiszacsege.hu\\\/?s={search_term_string}\"},\"query-input\":{\"@type\":\"PropertyValueSpecification\",\"valueRequired\":true,\"valueName\":\"search_term_string\"}}],\"inLanguage\":\"hu\"},{\"@type\":\"Organization\",\"@id\":\"https:\\\/\\\/tiszacsege.hu\\\/#organization\",\"name\":\"Tiszacsege\",\"url\":\"https:\\\/\\\/tiszacsege.hu\\\/\",\"logo\":{\"@type\":\"ImageObject\",\"inLanguage\":\"hu\",\"@id\":\"https:\\\/\\\/tiszacsege.hu\\\/#\\\/schema\\\/logo\\\/image\\\/\",\"url\":\"https:\\\/\\\/tiszacsege.hu\\\/wp-content\\\/uploads\\\/2020\\\/10\\\/tiszacsege_logo_rovid2-1.png\",\"contentUrl\":\"https:\\\/\\\/tiszacsege.hu\\\/wp-content\\\/uploads\\\/2020\\\/10\\\/tiszacsege_logo_rovid2-1.png\",\"width\":500,\"height\":150,\"caption\":\"Tiszacsege\"},\"image\":{\"@id\":\"https:\\\/\\\/tiszacsege.hu\\\/#\\\/schema\\\/logo\\\/image\\\/\"},\"sameAs\":[\"https:\\\/\\\/www.facebook.com\\\/tiszacsegeonkormanyzata\"]},{\"@type\":\"Person\",\"@id\":\"https:\\\/\\\/tiszacsege.hu\\\/#\\\/schema\\\/person\\\/ff2f4e3a9747199f545a2cf351f25334\",\"name\":\"admin\",\"image\":{\"@type\":\"ImageObject\",\"inLanguage\":\"hu\",\"@id\":\"https:\\\/\\\/secure.gravatar.com\\\/avatar\\\/52224ccae048f9be8fd8d745a33eff630818f8bd5c43790479a2754dcef4b69b?s=96&d=mm&r=g\",\"url\":\"https:\\\/\\\/secure.gravatar.com\\\/avatar\\\/52224ccae048f9be8fd8d745a33eff630818f8bd5c43790479a2754dcef4b69b?s=96&d=mm&r=g\",\"contentUrl\":\"https:\\\/\\\/secure.gravatar.com\\\/avatar\\\/52224ccae048f9be8fd8d745a33eff630818f8bd5c43790479a2754dcef4b69b?s=96&d=mm&r=g\",\"caption\":\"admin\"},\"url\":\"https:\\\/\\\/tiszacsege.hu\\\/?author=1\"}]}<\/script>\n<!-- \/ Yoast SEO plugin. -->","yoast_head_json":{"title":"V\u00e9rad\u00e1si id\u0151pontok Tiszacseg\u00e9n 2024-ben","robots":{"index":"index","follow":"follow","max-snippet":"max-snippet:-1","max-image-preview":"max-image-preview:large","max-video-preview":"max-video-preview:-1"},"canonical":"https:\/\/tiszacsege.hu\/?p=23354","og_locale":"hu_HU","og_type":"article","og_title":"V\u00e9rad\u00e1si id\u0151pontok Tiszacseg\u00e9n 2024-ben","og_description":"Tisztelt Lakoss\u00e1g! A Magyar V\u00f6r\u00f6skereszt t\u00e1j\u00e9koztat\u00e1sa alapj\u00e1n a tiszacsegei v\u00e9rad\u00e1sok tervezett id\u0151pontjai az al\u00e1bbiak: Sajnos a kev\u00e9s v\u00e9rad\u00f3sz\u00e1mra tekintettel id\u00e9n m\u00e1r csak k\u00e9t betervezett kisz\u00e1ll\u00e1sos v\u00e9rad\u00e1s ker\u00fcl megrendez\u00e9sre a telep\u00fcl\u00e9sen. Azonban a tervek k\u00f6z\u00f6tt szerepel a v\u00e1rosi rendezv\u00e9nyeken \u00fctemterven k\u00edv\u00fcli, rendk\u00edv\u00fcl v\u00e9rad\u00e1st is szervezni. Tiszacsege V\u00e1ros \u00d6nkorm\u00e1nyzata","og_url":"https:\/\/tiszacsege.hu\/?p=23354","og_site_name":"Tiszacsege","article_publisher":"https:\/\/www.facebook.com\/tiszacsegeonkormanyzata","article_published_time":"2024-01-16T11:00:36+00:00","article_modified_time":"2024-01-16T11:00:39+00:00","og_image":[{"width":550,"height":420,"url":"https:\/\/tiszacsege.hu\/wp-content\/uploads\/2021\/05\/veradas.png","type":"image\/png"}],"author":"admin","twitter_card":"summary_large_image","schema":{"@context":"https:\/\/schema.org","@graph":[{"@type":"Article","@id":"https:\/\/tiszacsege.hu\/?p=23354#article","isPartOf":{"@id":"https:\/\/tiszacsege.hu\/?p=23354"},"author":{"name":"admin","@id":"https:\/\/tiszacsege.hu\/#\/schema\/person\/ff2f4e3a9747199f545a2cf351f25334"},"headline":"V\u00e9rad\u00e1si id\u0151pontok Tiszacseg\u00e9n 2024-ben","datePublished":"2024-01-16T11:00:36+00:00","dateModified":"2024-01-16T11:00:39+00:00","mainEntityOfPage":{"@id":"https:\/\/tiszacsege.hu\/?p=23354"},"wordCount":93,"publisher":{"@id":"https:\/\/tiszacsege.hu\/#organization"},"image":{"@id":"https:\/\/tiszacsege.hu\/?p=23354#primaryimage"},"thumbnailUrl":"https:\/\/tiszacsege.hu\/wp-content\/uploads\/2021\/05\/veradas.png","articleSection":["Helyi h\u00edrek, t\u00e1j\u00e9koztat\u00f3k"],"inLanguage":"hu"},{"@type":"WebPage","@id":"https:\/\/tiszacsege.hu\/?p=23354","url":"https:\/\/tiszacsege.hu\/?p=23354","name":"V\u00e9rad\u00e1si id\u0151pontok Tiszacseg\u00e9n 2024-ben","isPartOf":{"@id":"https:\/\/tiszacsege.hu\/#website"},"primaryImageOfPage":{"@id":"https:\/\/tiszacsege.hu\/?p=23354#primaryimage"},"image":{"@id":"https:\/\/tiszacsege.hu\/?p=23354#primaryimage"},"thumbnailUrl":"https:\/\/tiszacsege.hu\/wp-content\/uploads\/2021\/05\/veradas.png","datePublished":"2024-01-16T11:00:36+00:00","dateModified":"2024-01-16T11:00:39+00:00","breadcrumb":{"@id":"https:\/\/tiszacsege.hu\/?p=23354#breadcrumb"},"inLanguage":"hu","potentialAction":[{"@type":"ReadAction","target":["https:\/\/tiszacsege.hu\/?p=23354"]}]},{"@type":"ImageObject","inLanguage":"hu","@id":"https:\/\/tiszacsege.hu\/?p=23354#primaryimage","url":"https:\/\/tiszacsege.hu\/wp-content\/uploads\/2021\/05\/veradas.png","contentUrl":"https:\/\/tiszacsege.hu\/wp-content\/uploads\/2021\/05\/veradas.png","width":550,"height":420},{"@type":"BreadcrumbList","@id":"https:\/\/tiszacsege.hu\/?p=23354#breadcrumb","itemListElement":[{"@type":"ListItem","position":1,"name":"Kezd\u0151lap","item":"https:\/\/tiszacsege.hu\/"},{"@type":"ListItem","position":2,"name":"V\u00e9rad\u00e1si id\u0151pontok Tiszacseg\u00e9n 2024-ben"}]},{"@type":"WebSite","@id":"https:\/\/tiszacsege.hu\/#website","url":"https:\/\/tiszacsege.hu\/","name":"Tiszacsege","description":"Tiszacsege hivatalos honlapja","publisher":{"@id":"https:\/\/tiszacsege.hu\/#organization"},"potentialAction":[{"@type":"SearchAction","target":{"@type":"EntryPoint","urlTemplate":"https:\/\/tiszacsege.hu\/?s={search_term_string}"},"query-input":{"@type":"PropertyValueSpecification","valueRequired":true,"valueName":"search_term_string"}}],"inLanguage":"hu"},{"@type":"Organization","@id":"https:\/\/tiszacsege.hu\/#organization","name":"Tiszacsege","url":"https:\/\/tiszacsege.hu\/","logo":{"@type":"ImageObject","inLanguage":"hu","@id":"https:\/\/tiszacsege.hu\/#\/schema\/logo\/image\/","url":"https:\/\/tiszacsege.hu\/wp-content\/uploads\/2020\/10\/tiszacsege_logo_rovid2-1.png","contentUrl":"https:\/\/tiszacsege.hu\/wp-content\/uploads\/2020\/10\/tiszacsege_logo_rovid2-1.png","width":500,"height":150,"caption":"Tiszacsege"},"image":{"@id":"https:\/\/tiszacsege.hu\/#\/schema\/logo\/image\/"},"sameAs":["https:\/\/www.facebook.com\/tiszacsegeonkormanyzata"]},{"@type":"Person","@id":"https:\/\/tiszacsege.hu\/#\/schema\/person\/ff2f4e3a9747199f545a2cf351f25334","name":"admin","image":{"@type":"ImageObject","inLanguage":"hu","@id":"https:\/\/secure.gravatar.com\/avatar\/52224ccae048f9be8fd8d745a33eff630818f8bd5c43790479a2754dcef4b69b?s=96&d=mm&r=g","url":"https:\/\/secure.gravatar.com\/avatar\/52224ccae048f9be8fd8d745a33eff630818f8bd5c43790479a2754dcef4b69b?s=96&d=mm&r=g","contentUrl":"https:\/\/secure.gravatar.com\/avatar\/52224ccae048f9be8fd8d745a33eff630818f8bd5c43790479a2754dcef4b69b?s=96&d=mm&r=g","caption":"admin"},"url":"https:\/\/tiszacsege.hu\/?author=1"}]}},"_links":{"self":[{"href":"https:\/\/tiszacsege.hu\/index.php?rest_route=\/wp\/v2\/posts\/23354","targetHints":{"allow":["GET"]}}],"collection":[{"href":"https:\/\/tiszacsege.hu\/index.php?rest_route=\/wp\/v2\/posts"}],"about":[{"href":"https:\/\/tiszacsege.hu\/index.php?rest_route=\/wp\/v2\/types\/post"}],"author":[{"embeddable":true,"href":"https:\/\/tiszacsege.hu\/index.php?rest_route=\/wp\/v2\/users\/1"}],"replies":[{"embeddable":true,"href":"https:\/\/tiszacsege.hu\/index.php?rest_route=%2Fwp%2Fv2%2Fcomments&post=23354"}],"version-history":[{"count":2,"href":"https:\/\/tiszacsege.hu\/index.php?rest_route=\/wp\/v2\/posts\/23354\/revisions"}],"predecessor-version":[{"id":23356,"href":"https:\/\/tiszacsege.hu\/index.php?rest_route=\/wp\/v2\/posts\/23354\/revisions\/23356"}],"wp:featuredmedia":[{"embeddable":true,"href":"https:\/\/tiszacsege.hu\/index.php?rest_route=\/wp\/v2\/media\/17642"}],"wp:attachment":[{"href":"https:\/\/tiszacsege.hu\/index.php?rest_route=%2Fwp%2Fv2%2Fmedia&parent=23354"}],"wp:term":[{"taxonomy":"category","embeddable":true,"href":"https:\/\/tiszacsege.hu\/index.php?rest_route=%2Fwp%2Fv2%2Fcategories&post=23354"},{"taxonomy":"post_tag","embeddable":true,"href":"https:\/\/tiszacsege.hu\/index.php?rest_route=%2Fwp%2Fv2%2Ftags&post=23354"},{"taxonomy":"post_folder","embeddable":true,"href":"https:\/\/tiszacsege.hu\/index.php?rest_route=%2Fwp%2Fv2%2Fpost_folder&post=23354"}],"curies":[{"name":"wp","href":"https:\/\/api.w.org\/{rel}","templated":true}]}}