{"id":23372,"date":"2024-01-18T14:09:25","date_gmt":"2024-01-18T13:09:25","guid":{"rendered":"https:\/\/tiszacsege.hu\/?p=23372"},"modified":"2024-01-18T14:09:26","modified_gmt":"2024-01-18T13:09:26","slug":"felhivas-az-ebek-veszettseg-elleni-oltasara","status":"publish","type":"post","link":"https:\/\/tiszacsege.hu\/?p=23372","title":{"rendered":"Felh\u00edv\u00e1s az ebek veszetts\u00e9g elleni olt\u00e1s\u00e1ra"},"content":{"rendered":"\n<p class=\"has-medium-font-size wp-block-paragraph\"><br><br><\/p>\n\n\n\n<p class=\"wp-block-paragraph\" style=\"font-size:26px\"><strong>Tisztelt \u00c1llattart\u00f3k!<\/strong><\/p>\n\n\n\n<div style=\"height:20px\" aria-hidden=\"true\" class=\"wp-block-spacer\"><\/div>\n\n\n\n<p class=\"has-medium-font-size wp-block-paragraph\">Szabolcs-Szatm\u00e1r-Bereg v\u00e1rmegy\u00e9ben belter\u00fcleten, h\u00e1zikedvenck\u00e9nt tartott kuty\u00e1ban is kimutatt\u00e1k \u2013a sz\u00e1mos vadon \u00e9l\u0151 \u00e1llatb\u00f3l sz\u00e1rmaz\u00f3 eset mellett- a veszetts\u00e9g v\u00edrus\u00e1t:<\/p>\n\n\n\n<div style=\"height:20px\" aria-hidden=\"true\" class=\"wp-block-spacer\"><\/div>\n\n\n\n<p class=\"has-vivid-cyan-blue-color has-text-color has-link-color has-medium-font-size wp-elements-0f80ab5222dcfdfcd0f4a2f9c4d57eca wp-block-paragraph\"><a href=\"https:\/\/portal.nebih.gov.hu\/-\/fontos-informaciok-a-veszettsegrol-es-az-ellene-valo-vedekezesrol\" target=\"_blank\" rel=\"noreferrer noopener\"><\/a><strong><a href=\"https:\/\/portal.nebih.gov.hu\/-\/fontos-informaciok-a-veszettsegrol-es-az-ellene-valo-vedekezesrol\" target=\"_blank\" rel=\"noreferrer noopener\">https:\/\/portal.nebih.gov.hu\/-\/fontos-informaciok-a-veszettsegrol-es-az-ellene-valo-vedekezesrol<\/a><\/strong><\/p>\n\n\n\n<div style=\"height:20px\" aria-hidden=\"true\" class=\"wp-block-spacer\"><\/div>\n\n\n\n<p class=\"has-medium-font-size wp-block-paragraph\">A veszetts\u00e9g egy hal\u00e1los kimenetel\u0171, emberre is vesz\u00e9lyes, fert\u0151z\u0151 betegs\u00e9g.<\/p>\n\n\n\n<div style=\"height:20px\" aria-hidden=\"true\" class=\"wp-block-spacer\"><\/div>\n\n\n\n<p class=\"has-medium-font-size wp-block-paragraph\">Az ebek veszetts\u00e9g elleni olt\u00e1sa akad\u00e1lyozza meg az ebek fert\u0151z\u0151d\u00e9s\u00e9t, ez\u00e1ltal az ember-veszett \u00e1llat kontaktus kialakul\u00e1s\u00e1t, a veszetts\u00e9g terjed\u00e9s\u00e9t!<\/p>\n\n\n\n<div style=\"height:20px\" aria-hidden=\"true\" class=\"wp-block-spacer\"><\/div>\n\n\n\n<p class=\"has-medium-font-size wp-block-paragraph\">Az ebek veszetts\u00e9g elleni olt\u00e1sa \u00e9vente k\u00f6telez\u0151!<\/p>\n\n\n\n<div style=\"height:20px\" aria-hidden=\"true\" class=\"wp-block-spacer\"><\/div>\n\n\n\n<p class=\"has-medium-font-size wp-block-paragraph\">Minden ebet vakcin\u00e1zni kell a veszetts\u00e9g terjed\u00e9s\u00e9nek megakad\u00e1lyoz\u00e1s\u00e1ra, csak \u00edgy ker\u00fclhet\u0151 el az ember-veszett \u00e1llat kontakt\u00e1l\u00f3d\u00e1s! A kij\u00e1r\u00f3 macsk\u00e1k olt\u00e1sa javasolt!<\/p>\n\n\n\n<div style=\"height:20px\" aria-hidden=\"true\" class=\"wp-block-spacer\"><\/div>\n\n\n\n<p class=\"has-medium-font-size wp-block-paragraph\">K\u00f6sz\u00f6nj\u00fck, hogy gondoskodnak \u00e1llataikr\u00f3l!<\/p>\n","protected":false},"excerpt":{"rendered":"<p>Tisztelt \u00c1llattart\u00f3k! Szabolcs-Szatm\u00e1r-Bereg v\u00e1rmegy\u00e9ben belter\u00fcleten, h\u00e1zikedvenck\u00e9nt tartott kuty\u00e1ban is kimutatt\u00e1k \u2013a sz\u00e1mos vadon \u00e9l\u0151 \u00e1llatb\u00f3l sz\u00e1rmaz\u00f3 eset mellett- a veszetts\u00e9g v\u00edrus\u00e1t: https:\/\/portal.nebih.gov.hu\/-\/fontos-informaciok-a-veszettsegrol-es-az-ellene-valo-vedekezesrol A veszetts\u00e9g egy hal\u00e1los kimenetel\u0171, emberre is vesz\u00e9lyes, fert\u0151z\u0151 betegs\u00e9g. Az ebek veszetts\u00e9g elleni olt\u00e1sa akad\u00e1lyozza meg az ebek fert\u0151z\u0151d\u00e9s\u00e9t, ez\u00e1ltal az ember-veszett \u00e1llat kontaktus kialakul\u00e1s\u00e1t, a veszetts\u00e9g terjed\u00e9s\u00e9t! Az ebek veszetts\u00e9g elleni [&hellip;]<\/p>\n","protected":false},"author":6,"featured_media":23385,"comment_status":"closed","ping_status":"closed","sticky":false,"template":"","format":"standard","meta":{"_editorskit_title_hidden":false,"_editorskit_reading_time":0,"_editorskit_is_block_options_detached":false,"_editorskit_block_options_position":"{}","_crdt_document":"","footnotes":""},"categories":[1],"tags":[],"post_folder":[],"class_list":["post-23372","post","type-post","status-publish","format-standard","has-post-thumbnail","hentry","category-hirek"],"yoast_head":"<!-- This site is optimized with the Yoast SEO plugin v27.4 - https:\/\/yoast.com\/product\/yoast-seo-wordpress\/ -->\n<title>Felh\u00edv\u00e1s az ebek veszetts\u00e9g elleni olt\u00e1s\u00e1ra<\/title>\n<meta name=\"robots\" content=\"index, follow, max-snippet:-1, max-image-preview:large, max-video-preview:-1\" \/>\n<link rel=\"canonical\" href=\"https:\/\/tiszacsege.hu\/?p=23372\" \/>\n<meta property=\"og:locale\" content=\"hu_HU\" \/>\n<meta property=\"og:type\" content=\"article\" \/>\n<meta property=\"og:title\" content=\"Felh\u00edv\u00e1s az ebek veszetts\u00e9g elleni olt\u00e1s\u00e1ra\" \/>\n<meta property=\"og:description\" content=\"Tisztelt \u00c1llattart\u00f3k! Szabolcs-Szatm\u00e1r-Bereg v\u00e1rmegy\u00e9ben belter\u00fcleten, h\u00e1zikedvenck\u00e9nt tartott kuty\u00e1ban is kimutatt\u00e1k \u2013a sz\u00e1mos vadon \u00e9l\u0151 \u00e1llatb\u00f3l sz\u00e1rmaz\u00f3 eset mellett- a veszetts\u00e9g v\u00edrus\u00e1t: https:\/\/portal.nebih.gov.hu\/-\/fontos-informaciok-a-veszettsegrol-es-az-ellene-valo-vedekezesrol A veszetts\u00e9g egy hal\u00e1los kimenetel\u0171, emberre is vesz\u00e9lyes, fert\u0151z\u0151 betegs\u00e9g. Az ebek veszetts\u00e9g elleni olt\u00e1sa akad\u00e1lyozza meg az ebek fert\u0151z\u0151d\u00e9s\u00e9t, ez\u00e1ltal az ember-veszett \u00e1llat kontaktus kialakul\u00e1s\u00e1t, a veszetts\u00e9g terjed\u00e9s\u00e9t! Az ebek veszetts\u00e9g elleni [&hellip;]\" \/>\n<meta property=\"og:url\" content=\"https:\/\/tiszacsege.hu\/?p=23372\" \/>\n<meta property=\"og:site_name\" content=\"Tiszacsege\" \/>\n<meta property=\"article:publisher\" content=\"https:\/\/www.facebook.com\/tiszacsegeonkormanyzata\" \/>\n<meta property=\"article:published_time\" content=\"2024-01-18T13:09:25+00:00\" \/>\n<meta property=\"article:modified_time\" content=\"2024-01-18T13:09:26+00:00\" \/>\n<meta property=\"og:image\" content=\"https:\/\/tiszacsege.hu\/wp-content\/uploads\/2024\/01\/420146829_122125737200103506_3898307258884122262_n.jpg\" \/>\n\t<meta property=\"og:image:width\" content=\"960\" \/>\n\t<meta property=\"og:image:height\" content=\"640\" \/>\n\t<meta property=\"og:image:type\" content=\"image\/jpeg\" \/>\n<meta name=\"author\" content=\"p\" \/>\n<meta name=\"twitter:card\" content=\"summary_large_image\" \/>\n<script type=\"application\/ld+json\" class=\"yoast-schema-graph\">{\"@context\":\"https:\\\/\\\/schema.org\",\"@graph\":[{\"@type\":\"Article\",\"@id\":\"https:\\\/\\\/tiszacsege.hu\\\/?p=23372#article\",\"isPartOf\":{\"@id\":\"https:\\\/\\\/tiszacsege.hu\\\/?p=23372\"},\"author\":{\"name\":\"p\",\"@id\":\"https:\\\/\\\/tiszacsege.hu\\\/#\\\/schema\\\/person\\\/02f6b448eb6a93bde617bad37b85d3c2\"},\"headline\":\"Felh\u00edv\u00e1s az ebek veszetts\u00e9g elleni olt\u00e1s\u00e1ra\",\"datePublished\":\"2024-01-18T13:09:25+00:00\",\"dateModified\":\"2024-01-18T13:09:26+00:00\",\"mainEntityOfPage\":{\"@id\":\"https:\\\/\\\/tiszacsege.hu\\\/?p=23372\"},\"wordCount\":154,\"publisher\":{\"@id\":\"https:\\\/\\\/tiszacsege.hu\\\/#organization\"},\"image\":{\"@id\":\"https:\\\/\\\/tiszacsege.hu\\\/?p=23372#primaryimage\"},\"thumbnailUrl\":\"https:\\\/\\\/tiszacsege.hu\\\/wp-content\\\/uploads\\\/2024\\\/01\\\/420146829_122125737200103506_3898307258884122262_n.jpg\",\"articleSection\":[\"Helyi h\u00edrek, t\u00e1j\u00e9koztat\u00f3k\"],\"inLanguage\":\"hu\"},{\"@type\":\"WebPage\",\"@id\":\"https:\\\/\\\/tiszacsege.hu\\\/?p=23372\",\"url\":\"https:\\\/\\\/tiszacsege.hu\\\/?p=23372\",\"name\":\"Felh\u00edv\u00e1s az ebek veszetts\u00e9g elleni olt\u00e1s\u00e1ra\",\"isPartOf\":{\"@id\":\"https:\\\/\\\/tiszacsege.hu\\\/#website\"},\"primaryImageOfPage\":{\"@id\":\"https:\\\/\\\/tiszacsege.hu\\\/?p=23372#primaryimage\"},\"image\":{\"@id\":\"https:\\\/\\\/tiszacsege.hu\\\/?p=23372#primaryimage\"},\"thumbnailUrl\":\"https:\\\/\\\/tiszacsege.hu\\\/wp-content\\\/uploads\\\/2024\\\/01\\\/420146829_122125737200103506_3898307258884122262_n.jpg\",\"datePublished\":\"2024-01-18T13:09:25+00:00\",\"dateModified\":\"2024-01-18T13:09:26+00:00\",\"breadcrumb\":{\"@id\":\"https:\\\/\\\/tiszacsege.hu\\\/?p=23372#breadcrumb\"},\"inLanguage\":\"hu\",\"potentialAction\":[{\"@type\":\"ReadAction\",\"target\":[\"https:\\\/\\\/tiszacsege.hu\\\/?p=23372\"]}]},{\"@type\":\"ImageObject\",\"inLanguage\":\"hu\",\"@id\":\"https:\\\/\\\/tiszacsege.hu\\\/?p=23372#primaryimage\",\"url\":\"https:\\\/\\\/tiszacsege.hu\\\/wp-content\\\/uploads\\\/2024\\\/01\\\/420146829_122125737200103506_3898307258884122262_n.jpg\",\"contentUrl\":\"https:\\\/\\\/tiszacsege.hu\\\/wp-content\\\/uploads\\\/2024\\\/01\\\/420146829_122125737200103506_3898307258884122262_n.jpg\",\"width\":960,\"height\":640},{\"@type\":\"BreadcrumbList\",\"@id\":\"https:\\\/\\\/tiszacsege.hu\\\/?p=23372#breadcrumb\",\"itemListElement\":[{\"@type\":\"ListItem\",\"position\":1,\"name\":\"Kezd\u0151lap\",\"item\":\"https:\\\/\\\/tiszacsege.hu\\\/\"},{\"@type\":\"ListItem\",\"position\":2,\"name\":\"Felh\u00edv\u00e1s az ebek veszetts\u00e9g elleni olt\u00e1s\u00e1ra\"}]},{\"@type\":\"WebSite\",\"@id\":\"https:\\\/\\\/tiszacsege.hu\\\/#website\",\"url\":\"https:\\\/\\\/tiszacsege.hu\\\/\",\"name\":\"Tiszacsege\",\"description\":\"Tiszacsege hivatalos honlapja\",\"publisher\":{\"@id\":\"https:\\\/\\\/tiszacsege.hu\\\/#organization\"},\"potentialAction\":[{\"@type\":\"SearchAction\",\"target\":{\"@type\":\"EntryPoint\",\"urlTemplate\":\"https:\\\/\\\/tiszacsege.hu\\\/?s={search_term_string}\"},\"query-input\":{\"@type\":\"PropertyValueSpecification\",\"valueRequired\":true,\"valueName\":\"search_term_string\"}}],\"inLanguage\":\"hu\"},{\"@type\":\"Organization\",\"@id\":\"https:\\\/\\\/tiszacsege.hu\\\/#organization\",\"name\":\"Tiszacsege\",\"url\":\"https:\\\/\\\/tiszacsege.hu\\\/\",\"logo\":{\"@type\":\"ImageObject\",\"inLanguage\":\"hu\",\"@id\":\"https:\\\/\\\/tiszacsege.hu\\\/#\\\/schema\\\/logo\\\/image\\\/\",\"url\":\"https:\\\/\\\/tiszacsege.hu\\\/wp-content\\\/uploads\\\/2020\\\/10\\\/tiszacsege_logo_rovid2-1.png\",\"contentUrl\":\"https:\\\/\\\/tiszacsege.hu\\\/wp-content\\\/uploads\\\/2020\\\/10\\\/tiszacsege_logo_rovid2-1.png\",\"width\":500,\"height\":150,\"caption\":\"Tiszacsege\"},\"image\":{\"@id\":\"https:\\\/\\\/tiszacsege.hu\\\/#\\\/schema\\\/logo\\\/image\\\/\"},\"sameAs\":[\"https:\\\/\\\/www.facebook.com\\\/tiszacsegeonkormanyzata\"]},{\"@type\":\"Person\",\"@id\":\"https:\\\/\\\/tiszacsege.hu\\\/#\\\/schema\\\/person\\\/02f6b448eb6a93bde617bad37b85d3c2\",\"name\":\"p\",\"image\":{\"@type\":\"ImageObject\",\"inLanguage\":\"hu\",\"@id\":\"https:\\\/\\\/secure.gravatar.com\\\/avatar\\\/b6e798100b51f0d30a6132454c1f45d6c943f572a659d8c98413f7bf84ada12c?s=96&d=mm&r=g\",\"url\":\"https:\\\/\\\/secure.gravatar.com\\\/avatar\\\/b6e798100b51f0d30a6132454c1f45d6c943f572a659d8c98413f7bf84ada12c?s=96&d=mm&r=g\",\"contentUrl\":\"https:\\\/\\\/secure.gravatar.com\\\/avatar\\\/b6e798100b51f0d30a6132454c1f45d6c943f572a659d8c98413f7bf84ada12c?s=96&d=mm&r=g\",\"caption\":\"p\"},\"url\":\"https:\\\/\\\/tiszacsege.hu\\\/?author=6\"}]}<\/script>\n<!-- \/ Yoast SEO plugin. -->","yoast_head_json":{"title":"Felh\u00edv\u00e1s az ebek veszetts\u00e9g elleni olt\u00e1s\u00e1ra","robots":{"index":"index","follow":"follow","max-snippet":"max-snippet:-1","max-image-preview":"max-image-preview:large","max-video-preview":"max-video-preview:-1"},"canonical":"https:\/\/tiszacsege.hu\/?p=23372","og_locale":"hu_HU","og_type":"article","og_title":"Felh\u00edv\u00e1s az ebek veszetts\u00e9g elleni olt\u00e1s\u00e1ra","og_description":"Tisztelt \u00c1llattart\u00f3k! Szabolcs-Szatm\u00e1r-Bereg v\u00e1rmegy\u00e9ben belter\u00fcleten, h\u00e1zikedvenck\u00e9nt tartott kuty\u00e1ban is kimutatt\u00e1k \u2013a sz\u00e1mos vadon \u00e9l\u0151 \u00e1llatb\u00f3l sz\u00e1rmaz\u00f3 eset mellett- a veszetts\u00e9g v\u00edrus\u00e1t: https:\/\/portal.nebih.gov.hu\/-\/fontos-informaciok-a-veszettsegrol-es-az-ellene-valo-vedekezesrol A veszetts\u00e9g egy hal\u00e1los kimenetel\u0171, emberre is vesz\u00e9lyes, fert\u0151z\u0151 betegs\u00e9g. Az ebek veszetts\u00e9g elleni olt\u00e1sa akad\u00e1lyozza meg az ebek fert\u0151z\u0151d\u00e9s\u00e9t, ez\u00e1ltal az ember-veszett \u00e1llat kontaktus kialakul\u00e1s\u00e1t, a veszetts\u00e9g terjed\u00e9s\u00e9t! Az ebek veszetts\u00e9g elleni [&hellip;]","og_url":"https:\/\/tiszacsege.hu\/?p=23372","og_site_name":"Tiszacsege","article_publisher":"https:\/\/www.facebook.com\/tiszacsegeonkormanyzata","article_published_time":"2024-01-18T13:09:25+00:00","article_modified_time":"2024-01-18T13:09:26+00:00","og_image":[{"width":960,"height":640,"url":"https:\/\/tiszacsege.hu\/wp-content\/uploads\/2024\/01\/420146829_122125737200103506_3898307258884122262_n.jpg","type":"image\/jpeg"}],"author":"p","twitter_card":"summary_large_image","schema":{"@context":"https:\/\/schema.org","@graph":[{"@type":"Article","@id":"https:\/\/tiszacsege.hu\/?p=23372#article","isPartOf":{"@id":"https:\/\/tiszacsege.hu\/?p=23372"},"author":{"name":"p","@id":"https:\/\/tiszacsege.hu\/#\/schema\/person\/02f6b448eb6a93bde617bad37b85d3c2"},"headline":"Felh\u00edv\u00e1s az ebek veszetts\u00e9g elleni olt\u00e1s\u00e1ra","datePublished":"2024-01-18T13:09:25+00:00","dateModified":"2024-01-18T13:09:26+00:00","mainEntityOfPage":{"@id":"https:\/\/tiszacsege.hu\/?p=23372"},"wordCount":154,"publisher":{"@id":"https:\/\/tiszacsege.hu\/#organization"},"image":{"@id":"https:\/\/tiszacsege.hu\/?p=23372#primaryimage"},"thumbnailUrl":"https:\/\/tiszacsege.hu\/wp-content\/uploads\/2024\/01\/420146829_122125737200103506_3898307258884122262_n.jpg","articleSection":["Helyi h\u00edrek, t\u00e1j\u00e9koztat\u00f3k"],"inLanguage":"hu"},{"@type":"WebPage","@id":"https:\/\/tiszacsege.hu\/?p=23372","url":"https:\/\/tiszacsege.hu\/?p=23372","name":"Felh\u00edv\u00e1s az ebek veszetts\u00e9g elleni olt\u00e1s\u00e1ra","isPartOf":{"@id":"https:\/\/tiszacsege.hu\/#website"},"primaryImageOfPage":{"@id":"https:\/\/tiszacsege.hu\/?p=23372#primaryimage"},"image":{"@id":"https:\/\/tiszacsege.hu\/?p=23372#primaryimage"},"thumbnailUrl":"https:\/\/tiszacsege.hu\/wp-content\/uploads\/2024\/01\/420146829_122125737200103506_3898307258884122262_n.jpg","datePublished":"2024-01-18T13:09:25+00:00","dateModified":"2024-01-18T13:09:26+00:00","breadcrumb":{"@id":"https:\/\/tiszacsege.hu\/?p=23372#breadcrumb"},"inLanguage":"hu","potentialAction":[{"@type":"ReadAction","target":["https:\/\/tiszacsege.hu\/?p=23372"]}]},{"@type":"ImageObject","inLanguage":"hu","@id":"https:\/\/tiszacsege.hu\/?p=23372#primaryimage","url":"https:\/\/tiszacsege.hu\/wp-content\/uploads\/2024\/01\/420146829_122125737200103506_3898307258884122262_n.jpg","contentUrl":"https:\/\/tiszacsege.hu\/wp-content\/uploads\/2024\/01\/420146829_122125737200103506_3898307258884122262_n.jpg","width":960,"height":640},{"@type":"BreadcrumbList","@id":"https:\/\/tiszacsege.hu\/?p=23372#breadcrumb","itemListElement":[{"@type":"ListItem","position":1,"name":"Kezd\u0151lap","item":"https:\/\/tiszacsege.hu\/"},{"@type":"ListItem","position":2,"name":"Felh\u00edv\u00e1s az ebek veszetts\u00e9g elleni olt\u00e1s\u00e1ra"}]},{"@type":"WebSite","@id":"https:\/\/tiszacsege.hu\/#website","url":"https:\/\/tiszacsege.hu\/","name":"Tiszacsege","description":"Tiszacsege hivatalos honlapja","publisher":{"@id":"https:\/\/tiszacsege.hu\/#organization"},"potentialAction":[{"@type":"SearchAction","target":{"@type":"EntryPoint","urlTemplate":"https:\/\/tiszacsege.hu\/?s={search_term_string}"},"query-input":{"@type":"PropertyValueSpecification","valueRequired":true,"valueName":"search_term_string"}}],"inLanguage":"hu"},{"@type":"Organization","@id":"https:\/\/tiszacsege.hu\/#organization","name":"Tiszacsege","url":"https:\/\/tiszacsege.hu\/","logo":{"@type":"ImageObject","inLanguage":"hu","@id":"https:\/\/tiszacsege.hu\/#\/schema\/logo\/image\/","url":"https:\/\/tiszacsege.hu\/wp-content\/uploads\/2020\/10\/tiszacsege_logo_rovid2-1.png","contentUrl":"https:\/\/tiszacsege.hu\/wp-content\/uploads\/2020\/10\/tiszacsege_logo_rovid2-1.png","width":500,"height":150,"caption":"Tiszacsege"},"image":{"@id":"https:\/\/tiszacsege.hu\/#\/schema\/logo\/image\/"},"sameAs":["https:\/\/www.facebook.com\/tiszacsegeonkormanyzata"]},{"@type":"Person","@id":"https:\/\/tiszacsege.hu\/#\/schema\/person\/02f6b448eb6a93bde617bad37b85d3c2","name":"p","image":{"@type":"ImageObject","inLanguage":"hu","@id":"https:\/\/secure.gravatar.com\/avatar\/b6e798100b51f0d30a6132454c1f45d6c943f572a659d8c98413f7bf84ada12c?s=96&d=mm&r=g","url":"https:\/\/secure.gravatar.com\/avatar\/b6e798100b51f0d30a6132454c1f45d6c943f572a659d8c98413f7bf84ada12c?s=96&d=mm&r=g","contentUrl":"https:\/\/secure.gravatar.com\/avatar\/b6e798100b51f0d30a6132454c1f45d6c943f572a659d8c98413f7bf84ada12c?s=96&d=mm&r=g","caption":"p"},"url":"https:\/\/tiszacsege.hu\/?author=6"}]}},"_links":{"self":[{"href":"https:\/\/tiszacsege.hu\/index.php?rest_route=\/wp\/v2\/posts\/23372","targetHints":{"allow":["GET"]}}],"collection":[{"href":"https:\/\/tiszacsege.hu\/index.php?rest_route=\/wp\/v2\/posts"}],"about":[{"href":"https:\/\/tiszacsege.hu\/index.php?rest_route=\/wp\/v2\/types\/post"}],"author":[{"embeddable":true,"href":"https:\/\/tiszacsege.hu\/index.php?rest_route=\/wp\/v2\/users\/6"}],"replies":[{"embeddable":true,"href":"https:\/\/tiszacsege.hu\/index.php?rest_route=%2Fwp%2Fv2%2Fcomments&post=23372"}],"version-history":[{"count":6,"href":"https:\/\/tiszacsege.hu\/index.php?rest_route=\/wp\/v2\/posts\/23372\/revisions"}],"predecessor-version":[{"id":23383,"href":"https:\/\/tiszacsege.hu\/index.php?rest_route=\/wp\/v2\/posts\/23372\/revisions\/23383"}],"wp:featuredmedia":[{"embeddable":true,"href":"https:\/\/tiszacsege.hu\/index.php?rest_route=\/wp\/v2\/media\/23385"}],"wp:attachment":[{"href":"https:\/\/tiszacsege.hu\/index.php?rest_route=%2Fwp%2Fv2%2Fmedia&parent=23372"}],"wp:term":[{"taxonomy":"category","embeddable":true,"href":"https:\/\/tiszacsege.hu\/index.php?rest_route=%2Fwp%2Fv2%2Fcategories&post=23372"},{"taxonomy":"post_tag","embeddable":true,"href":"https:\/\/tiszacsege.hu\/index.php?rest_route=%2Fwp%2Fv2%2Ftags&post=23372"},{"taxonomy":"post_folder","embeddable":true,"href":"https:\/\/tiszacsege.hu\/index.php?rest_route=%2Fwp%2Fv2%2Fpost_folder&post=23372"}],"curies":[{"name":"wp","href":"https:\/\/api.w.org\/{rel}","templated":true}]}}