{"id":23969,"date":"2024-04-16T15:34:33","date_gmt":"2024-04-16T13:34:33","guid":{"rendered":"https:\/\/tiszacsege.hu\/?p=23969"},"modified":"2024-10-08T11:18:58","modified_gmt":"2024-10-08T09:18:58","slug":"mfp-otifb-2024-onkormanyzati-tulajdonu-ingatlanok-fejlesztese-onkormanyzati-feladatellatashoz-kapcsolodo-beszerzesek-2024","status":"publish","type":"post","link":"https:\/\/tiszacsege.hu\/?p=23969","title":{"rendered":"MFP-\u00d6TIFB\/2024 \u00a0\u201e\u00d6nkorm\u00e1nyzati tulajdon\u00fa ingatlanok fejleszt\u00e9se, \u00f6nkorm\u00e1nyzati feladatell\u00e1t\u00e1shoz kapcsol\u00f3d\u00f3 beszerz\u00e9sek-2024\u201d"},"content":{"rendered":"\n<p class=\"has-medium-font-size wp-block-paragraph\"><strong>Temet\u0151 ravataloz\u00f3 \u00e9p\u00fclet komplett tet\u0151szerkezet cser\u00e9je<\/strong><\/p>\n\n\n\n<div style=\"height:20px\" aria-hidden=\"true\" class=\"wp-block-spacer\"><\/div>\n\n\n\n<p class=\"has-text-align-justify has-medium-font-size wp-block-paragraph\"><strong>P\u00e1ly\u00e1zati felh\u00edv\u00e1s:<\/strong> MFP-\u00d6TIFB\/2024 &nbsp;\u201e\u00d6nkorm\u00e1nyzati tulajdon\u00fa ingatlanok fejleszt\u00e9se, \u00f6nkorm\u00e1nyzati feladatell\u00e1t\u00e1shoz kapcsol\u00f3d\u00f3 beszerz\u00e9sek-2024\u201d<\/p>\n\n\n\n<div style=\"height:20px\" aria-hidden=\"true\" class=\"wp-block-spacer\"><\/div>\n\n\n\n<p class=\"has-medium-font-size wp-block-paragraph\"><strong>T\u00e1mogat\u00e1s \u00f6sszege:<\/strong> 7.488.900,- Ft<\/p>\n\n\n\n<div style=\"height:20px\" aria-hidden=\"true\" class=\"wp-block-spacer\"><\/div>\n\n\n\n<p class=\"has-medium-font-size wp-block-paragraph\"><strong>T\u00e1mogat\u00e1s intenzit\u00e1sa:<\/strong> 100 %<\/p>\n\n\n\n<div style=\"height:20px\" aria-hidden=\"true\" class=\"wp-block-spacer\"><\/div>\n\n\n\n<p class=\"has-medium-font-size wp-block-paragraph\">A Magyar Falu Program keret\u00e9ben meghirdetett MFP-\u00d6TIFB\/2024 k\u00f3dsz\u00e1m\u00fa \u201e\u00d6nkorm\u00e1nyzati tulajdon\u00fa ingatlanok fejleszt\u00e9se, \u00f6nkorm\u00e1nyzati feladatell\u00e1t\u00e1shoz kapcsol\u00f3d\u00f3 beszerz\u00e9sek-2024\u201d c\u00edm\u0171 nyertes p\u00e1ly\u00e1zat keret\u00e9n bel\u00fcl <strong>a Tiszacsegei k\u00f6ztemet\u0151 ravataloz\u00f3 f\u0151\u00e9p\u00fclet\u00e9nek komplett tet\u0151szerkezet cser\u00e9j\u00e9t val\u00f3s\u00edtottuk meg<\/strong>.<\/p>\n\n\n\n<div style=\"height:20px\" aria-hidden=\"true\" class=\"wp-block-spacer\"><\/div>\n\n\n\n<figure class=\"wp-block-image size-large\"><img fetchpriority=\"high\" decoding=\"async\" width=\"1261\" height=\"711\" src=\"https:\/\/tiszacsege.hu\/wp-content\/uploads\/2024\/10\/1-1280x721.jpg\" alt=\"\" class=\"wp-image-25647\" srcset=\"https:\/\/tiszacsege.hu\/wp-content\/uploads\/2024\/10\/1-1280x721.jpg 1280w, https:\/\/tiszacsege.hu\/wp-content\/uploads\/2024\/10\/1-567x319.jpg 567w, https:\/\/tiszacsege.hu\/wp-content\/uploads\/2024\/10\/1-175x98.jpg 175w, https:\/\/tiszacsege.hu\/wp-content\/uploads\/2024\/10\/1.jpg 1261w\" sizes=\"(max-width: 1261px) 100vw, 1261px\" \/><\/figure>\n\n\n\n<div style=\"height:20px\" aria-hidden=\"true\" class=\"wp-block-spacer\"><\/div>\n\n\n\n<figure class=\"wp-block-image size-large\"><img decoding=\"async\" width=\"1280\" height=\"721\" src=\"https:\/\/tiszacsege.hu\/wp-content\/uploads\/2024\/10\/2-1280x721.jpg\" alt=\"\" class=\"wp-image-25648\" srcset=\"https:\/\/tiszacsege.hu\/wp-content\/uploads\/2024\/10\/2-1280x721.jpg 1280w, https:\/\/tiszacsege.hu\/wp-content\/uploads\/2024\/10\/2-567x319.jpg 567w, https:\/\/tiszacsege.hu\/wp-content\/uploads\/2024\/10\/2-175x98.jpg 175w, https:\/\/tiszacsege.hu\/wp-content\/uploads\/2024\/10\/2.jpg 1270w\" sizes=\"(max-width: 1280px) 100vw, 1280px\" \/><\/figure>\n","protected":false},"excerpt":{"rendered":"<p>Temet\u0151 ravataloz\u00f3 \u00e9p\u00fclet komplett tet\u0151szerkezet cser\u00e9je P\u00e1ly\u00e1zati felh\u00edv\u00e1s: MFP-\u00d6TIFB\/2024 &nbsp;\u201e\u00d6nkorm\u00e1nyzati tulajdon\u00fa ingatlanok fejleszt\u00e9se, \u00f6nkorm\u00e1nyzati feladatell\u00e1t\u00e1shoz kapcsol\u00f3d\u00f3 beszerz\u00e9sek-2024\u201d T\u00e1mogat\u00e1s \u00f6sszege: 7.488.900,- Ft T\u00e1mogat\u00e1s intenzit\u00e1sa: 100 % A Magyar Falu Program keret\u00e9ben meghirdetett MFP-\u00d6TIFB\/2024 k\u00f3dsz\u00e1m\u00fa \u201e\u00d6nkorm\u00e1nyzati tulajdon\u00fa ingatlanok fejleszt\u00e9se, \u00f6nkorm\u00e1nyzati feladatell\u00e1t\u00e1shoz kapcsol\u00f3d\u00f3 beszerz\u00e9sek-2024\u201d c\u00edm\u0171 nyertes p\u00e1ly\u00e1zat keret\u00e9n bel\u00fcl a Tiszacsegei k\u00f6ztemet\u0151 ravataloz\u00f3 f\u0151\u00e9p\u00fclet\u00e9nek komplett tet\u0151szerkezet cser\u00e9j\u00e9t val\u00f3s\u00edtottuk [&hellip;]<\/p>\n","protected":false},"author":1,"featured_media":22911,"comment_status":"closed","ping_status":"closed","sticky":false,"template":"","format":"standard","meta":{"_editorskit_title_hidden":false,"_editorskit_reading_time":0,"_editorskit_is_block_options_detached":false,"_editorskit_block_options_position":"{}","_crdt_document":"","footnotes":""},"categories":[3,84],"tags":[],"post_folder":[],"class_list":["post-23969","post","type-post","status-publish","format-standard","has-post-thumbnail","hentry","category-palyazatok","category-varosfejlesztes"],"yoast_head":"<!-- This site is optimized with the Yoast SEO plugin v27.4 - https:\/\/yoast.com\/product\/yoast-seo-wordpress\/ -->\n<title>MFP-\u00d6TIFB\/2024 \u00a0\u201e\u00d6nkorm\u00e1nyzati tulajdon\u00fa ingatlanok fejleszt\u00e9se, \u00f6nkorm\u00e1nyzati feladatell\u00e1t\u00e1shoz kapcsol\u00f3d\u00f3 beszerz\u00e9sek-2024\u201d<\/title>\n<meta name=\"robots\" content=\"index, follow, max-snippet:-1, max-image-preview:large, max-video-preview:-1\" \/>\n<link rel=\"canonical\" href=\"https:\/\/tiszacsege.hu\/?p=23969\" \/>\n<meta property=\"og:locale\" content=\"hu_HU\" \/>\n<meta property=\"og:type\" content=\"article\" \/>\n<meta property=\"og:title\" content=\"MFP-\u00d6TIFB\/2024 \u00a0\u201e\u00d6nkorm\u00e1nyzati tulajdon\u00fa ingatlanok fejleszt\u00e9se, \u00f6nkorm\u00e1nyzati feladatell\u00e1t\u00e1shoz kapcsol\u00f3d\u00f3 beszerz\u00e9sek-2024\u201d\" \/>\n<meta property=\"og:description\" content=\"Temet\u0151 ravataloz\u00f3 \u00e9p\u00fclet komplett tet\u0151szerkezet cser\u00e9je P\u00e1ly\u00e1zati felh\u00edv\u00e1s: MFP-\u00d6TIFB\/2024 &nbsp;\u201e\u00d6nkorm\u00e1nyzati tulajdon\u00fa ingatlanok fejleszt\u00e9se, \u00f6nkorm\u00e1nyzati feladatell\u00e1t\u00e1shoz kapcsol\u00f3d\u00f3 beszerz\u00e9sek-2024\u201d T\u00e1mogat\u00e1s \u00f6sszege: 7.488.900,- Ft T\u00e1mogat\u00e1s intenzit\u00e1sa: 100 % A Magyar Falu Program keret\u00e9ben meghirdetett MFP-\u00d6TIFB\/2024 k\u00f3dsz\u00e1m\u00fa \u201e\u00d6nkorm\u00e1nyzati tulajdon\u00fa ingatlanok fejleszt\u00e9se, \u00f6nkorm\u00e1nyzati feladatell\u00e1t\u00e1shoz kapcsol\u00f3d\u00f3 beszerz\u00e9sek-2024\u201d c\u00edm\u0171 nyertes p\u00e1ly\u00e1zat keret\u00e9n bel\u00fcl a Tiszacsegei k\u00f6ztemet\u0151 ravataloz\u00f3 f\u0151\u00e9p\u00fclet\u00e9nek komplett tet\u0151szerkezet cser\u00e9j\u00e9t val\u00f3s\u00edtottuk [&hellip;]\" \/>\n<meta property=\"og:url\" content=\"https:\/\/tiszacsege.hu\/?p=23969\" \/>\n<meta property=\"og:site_name\" content=\"Tiszacsege\" \/>\n<meta property=\"article:publisher\" content=\"https:\/\/www.facebook.com\/tiszacsegeonkormanyzata\" \/>\n<meta property=\"article:published_time\" content=\"2024-04-16T13:34:33+00:00\" \/>\n<meta property=\"article:modified_time\" content=\"2024-10-08T09:18:58+00:00\" \/>\n<meta property=\"og:image\" content=\"https:\/\/tiszacsege.hu\/wp-content\/uploads\/2023\/10\/mfp_belyegkep.png\" \/>\n\t<meta property=\"og:image:width\" content=\"1671\" \/>\n\t<meta property=\"og:image:height\" content=\"1278\" \/>\n\t<meta property=\"og:image:type\" content=\"image\/png\" \/>\n<meta name=\"author\" content=\"admin\" \/>\n<meta name=\"twitter:card\" content=\"summary_large_image\" \/>\n<script type=\"application\/ld+json\" class=\"yoast-schema-graph\">{\"@context\":\"https:\\\/\\\/schema.org\",\"@graph\":[{\"@type\":\"Article\",\"@id\":\"https:\\\/\\\/tiszacsege.hu\\\/?p=23969#article\",\"isPartOf\":{\"@id\":\"https:\\\/\\\/tiszacsege.hu\\\/?p=23969\"},\"author\":{\"name\":\"admin\",\"@id\":\"https:\\\/\\\/tiszacsege.hu\\\/#\\\/schema\\\/person\\\/ff2f4e3a9747199f545a2cf351f25334\"},\"headline\":\"MFP-\u00d6TIFB\\\/2024 \u00a0\u201e\u00d6nkorm\u00e1nyzati tulajdon\u00fa ingatlanok fejleszt\u00e9se, \u00f6nkorm\u00e1nyzati feladatell\u00e1t\u00e1shoz kapcsol\u00f3d\u00f3 beszerz\u00e9sek-2024\u201d\",\"datePublished\":\"2024-04-16T13:34:33+00:00\",\"dateModified\":\"2024-10-08T09:18:58+00:00\",\"mainEntityOfPage\":{\"@id\":\"https:\\\/\\\/tiszacsege.hu\\\/?p=23969\"},\"wordCount\":117,\"publisher\":{\"@id\":\"https:\\\/\\\/tiszacsege.hu\\\/#organization\"},\"image\":{\"@id\":\"https:\\\/\\\/tiszacsege.hu\\\/?p=23969#primaryimage\"},\"thumbnailUrl\":\"https:\\\/\\\/tiszacsege.hu\\\/wp-content\\\/uploads\\\/2023\\\/10\\\/mfp_belyegkep.png\",\"articleSection\":[\"P\u00e1ly\u00e1zatok\",\"V\u00e1rosfejleszt\u00e9s\"],\"inLanguage\":\"hu\"},{\"@type\":\"WebPage\",\"@id\":\"https:\\\/\\\/tiszacsege.hu\\\/?p=23969\",\"url\":\"https:\\\/\\\/tiszacsege.hu\\\/?p=23969\",\"name\":\"MFP-\u00d6TIFB\\\/2024 \u00a0\u201e\u00d6nkorm\u00e1nyzati tulajdon\u00fa ingatlanok fejleszt\u00e9se, \u00f6nkorm\u00e1nyzati feladatell\u00e1t\u00e1shoz kapcsol\u00f3d\u00f3 beszerz\u00e9sek-2024\u201d\",\"isPartOf\":{\"@id\":\"https:\\\/\\\/tiszacsege.hu\\\/#website\"},\"primaryImageOfPage\":{\"@id\":\"https:\\\/\\\/tiszacsege.hu\\\/?p=23969#primaryimage\"},\"image\":{\"@id\":\"https:\\\/\\\/tiszacsege.hu\\\/?p=23969#primaryimage\"},\"thumbnailUrl\":\"https:\\\/\\\/tiszacsege.hu\\\/wp-content\\\/uploads\\\/2023\\\/10\\\/mfp_belyegkep.png\",\"datePublished\":\"2024-04-16T13:34:33+00:00\",\"dateModified\":\"2024-10-08T09:18:58+00:00\",\"breadcrumb\":{\"@id\":\"https:\\\/\\\/tiszacsege.hu\\\/?p=23969#breadcrumb\"},\"inLanguage\":\"hu\",\"potentialAction\":[{\"@type\":\"ReadAction\",\"target\":[\"https:\\\/\\\/tiszacsege.hu\\\/?p=23969\"]}]},{\"@type\":\"ImageObject\",\"inLanguage\":\"hu\",\"@id\":\"https:\\\/\\\/tiszacsege.hu\\\/?p=23969#primaryimage\",\"url\":\"https:\\\/\\\/tiszacsege.hu\\\/wp-content\\\/uploads\\\/2023\\\/10\\\/mfp_belyegkep.png\",\"contentUrl\":\"https:\\\/\\\/tiszacsege.hu\\\/wp-content\\\/uploads\\\/2023\\\/10\\\/mfp_belyegkep.png\",\"width\":1671,\"height\":1278},{\"@type\":\"BreadcrumbList\",\"@id\":\"https:\\\/\\\/tiszacsege.hu\\\/?p=23969#breadcrumb\",\"itemListElement\":[{\"@type\":\"ListItem\",\"position\":1,\"name\":\"Kezd\u0151lap\",\"item\":\"https:\\\/\\\/tiszacsege.hu\\\/\"},{\"@type\":\"ListItem\",\"position\":2,\"name\":\"MFP-\u00d6TIFB\\\/2024 \u00a0\u201e\u00d6nkorm\u00e1nyzati tulajdon\u00fa ingatlanok fejleszt\u00e9se, \u00f6nkorm\u00e1nyzati feladatell\u00e1t\u00e1shoz kapcsol\u00f3d\u00f3 beszerz\u00e9sek-2024\u201d\"}]},{\"@type\":\"WebSite\",\"@id\":\"https:\\\/\\\/tiszacsege.hu\\\/#website\",\"url\":\"https:\\\/\\\/tiszacsege.hu\\\/\",\"name\":\"Tiszacsege\",\"description\":\"Tiszacsege hivatalos honlapja\",\"publisher\":{\"@id\":\"https:\\\/\\\/tiszacsege.hu\\\/#organization\"},\"potentialAction\":[{\"@type\":\"SearchAction\",\"target\":{\"@type\":\"EntryPoint\",\"urlTemplate\":\"https:\\\/\\\/tiszacsege.hu\\\/?s={search_term_string}\"},\"query-input\":{\"@type\":\"PropertyValueSpecification\",\"valueRequired\":true,\"valueName\":\"search_term_string\"}}],\"inLanguage\":\"hu\"},{\"@type\":\"Organization\",\"@id\":\"https:\\\/\\\/tiszacsege.hu\\\/#organization\",\"name\":\"Tiszacsege\",\"url\":\"https:\\\/\\\/tiszacsege.hu\\\/\",\"logo\":{\"@type\":\"ImageObject\",\"inLanguage\":\"hu\",\"@id\":\"https:\\\/\\\/tiszacsege.hu\\\/#\\\/schema\\\/logo\\\/image\\\/\",\"url\":\"https:\\\/\\\/tiszacsege.hu\\\/wp-content\\\/uploads\\\/2020\\\/10\\\/tiszacsege_logo_rovid2-1.png\",\"contentUrl\":\"https:\\\/\\\/tiszacsege.hu\\\/wp-content\\\/uploads\\\/2020\\\/10\\\/tiszacsege_logo_rovid2-1.png\",\"width\":500,\"height\":150,\"caption\":\"Tiszacsege\"},\"image\":{\"@id\":\"https:\\\/\\\/tiszacsege.hu\\\/#\\\/schema\\\/logo\\\/image\\\/\"},\"sameAs\":[\"https:\\\/\\\/www.facebook.com\\\/tiszacsegeonkormanyzata\"]},{\"@type\":\"Person\",\"@id\":\"https:\\\/\\\/tiszacsege.hu\\\/#\\\/schema\\\/person\\\/ff2f4e3a9747199f545a2cf351f25334\",\"name\":\"admin\",\"image\":{\"@type\":\"ImageObject\",\"inLanguage\":\"hu\",\"@id\":\"https:\\\/\\\/secure.gravatar.com\\\/avatar\\\/52224ccae048f9be8fd8d745a33eff630818f8bd5c43790479a2754dcef4b69b?s=96&d=mm&r=g\",\"url\":\"https:\\\/\\\/secure.gravatar.com\\\/avatar\\\/52224ccae048f9be8fd8d745a33eff630818f8bd5c43790479a2754dcef4b69b?s=96&d=mm&r=g\",\"contentUrl\":\"https:\\\/\\\/secure.gravatar.com\\\/avatar\\\/52224ccae048f9be8fd8d745a33eff630818f8bd5c43790479a2754dcef4b69b?s=96&d=mm&r=g\",\"caption\":\"admin\"},\"url\":\"https:\\\/\\\/tiszacsege.hu\\\/?author=1\"}]}<\/script>\n<!-- \/ Yoast SEO plugin. -->","yoast_head_json":{"title":"MFP-\u00d6TIFB\/2024 \u00a0\u201e\u00d6nkorm\u00e1nyzati tulajdon\u00fa ingatlanok fejleszt\u00e9se, \u00f6nkorm\u00e1nyzati feladatell\u00e1t\u00e1shoz kapcsol\u00f3d\u00f3 beszerz\u00e9sek-2024\u201d","robots":{"index":"index","follow":"follow","max-snippet":"max-snippet:-1","max-image-preview":"max-image-preview:large","max-video-preview":"max-video-preview:-1"},"canonical":"https:\/\/tiszacsege.hu\/?p=23969","og_locale":"hu_HU","og_type":"article","og_title":"MFP-\u00d6TIFB\/2024 \u00a0\u201e\u00d6nkorm\u00e1nyzati tulajdon\u00fa ingatlanok fejleszt\u00e9se, \u00f6nkorm\u00e1nyzati feladatell\u00e1t\u00e1shoz kapcsol\u00f3d\u00f3 beszerz\u00e9sek-2024\u201d","og_description":"Temet\u0151 ravataloz\u00f3 \u00e9p\u00fclet komplett tet\u0151szerkezet cser\u00e9je P\u00e1ly\u00e1zati felh\u00edv\u00e1s: MFP-\u00d6TIFB\/2024 &nbsp;\u201e\u00d6nkorm\u00e1nyzati tulajdon\u00fa ingatlanok fejleszt\u00e9se, \u00f6nkorm\u00e1nyzati feladatell\u00e1t\u00e1shoz kapcsol\u00f3d\u00f3 beszerz\u00e9sek-2024\u201d T\u00e1mogat\u00e1s \u00f6sszege: 7.488.900,- Ft T\u00e1mogat\u00e1s intenzit\u00e1sa: 100 % A Magyar Falu Program keret\u00e9ben meghirdetett MFP-\u00d6TIFB\/2024 k\u00f3dsz\u00e1m\u00fa \u201e\u00d6nkorm\u00e1nyzati tulajdon\u00fa ingatlanok fejleszt\u00e9se, \u00f6nkorm\u00e1nyzati feladatell\u00e1t\u00e1shoz kapcsol\u00f3d\u00f3 beszerz\u00e9sek-2024\u201d c\u00edm\u0171 nyertes p\u00e1ly\u00e1zat keret\u00e9n bel\u00fcl a Tiszacsegei k\u00f6ztemet\u0151 ravataloz\u00f3 f\u0151\u00e9p\u00fclet\u00e9nek komplett tet\u0151szerkezet cser\u00e9j\u00e9t val\u00f3s\u00edtottuk [&hellip;]","og_url":"https:\/\/tiszacsege.hu\/?p=23969","og_site_name":"Tiszacsege","article_publisher":"https:\/\/www.facebook.com\/tiszacsegeonkormanyzata","article_published_time":"2024-04-16T13:34:33+00:00","article_modified_time":"2024-10-08T09:18:58+00:00","og_image":[{"width":1671,"height":1278,"url":"https:\/\/tiszacsege.hu\/wp-content\/uploads\/2023\/10\/mfp_belyegkep.png","type":"image\/png"}],"author":"admin","twitter_card":"summary_large_image","schema":{"@context":"https:\/\/schema.org","@graph":[{"@type":"Article","@id":"https:\/\/tiszacsege.hu\/?p=23969#article","isPartOf":{"@id":"https:\/\/tiszacsege.hu\/?p=23969"},"author":{"name":"admin","@id":"https:\/\/tiszacsege.hu\/#\/schema\/person\/ff2f4e3a9747199f545a2cf351f25334"},"headline":"MFP-\u00d6TIFB\/2024 \u00a0\u201e\u00d6nkorm\u00e1nyzati tulajdon\u00fa ingatlanok fejleszt\u00e9se, \u00f6nkorm\u00e1nyzati feladatell\u00e1t\u00e1shoz kapcsol\u00f3d\u00f3 beszerz\u00e9sek-2024\u201d","datePublished":"2024-04-16T13:34:33+00:00","dateModified":"2024-10-08T09:18:58+00:00","mainEntityOfPage":{"@id":"https:\/\/tiszacsege.hu\/?p=23969"},"wordCount":117,"publisher":{"@id":"https:\/\/tiszacsege.hu\/#organization"},"image":{"@id":"https:\/\/tiszacsege.hu\/?p=23969#primaryimage"},"thumbnailUrl":"https:\/\/tiszacsege.hu\/wp-content\/uploads\/2023\/10\/mfp_belyegkep.png","articleSection":["P\u00e1ly\u00e1zatok","V\u00e1rosfejleszt\u00e9s"],"inLanguage":"hu"},{"@type":"WebPage","@id":"https:\/\/tiszacsege.hu\/?p=23969","url":"https:\/\/tiszacsege.hu\/?p=23969","name":"MFP-\u00d6TIFB\/2024 \u00a0\u201e\u00d6nkorm\u00e1nyzati tulajdon\u00fa ingatlanok fejleszt\u00e9se, \u00f6nkorm\u00e1nyzati feladatell\u00e1t\u00e1shoz kapcsol\u00f3d\u00f3 beszerz\u00e9sek-2024\u201d","isPartOf":{"@id":"https:\/\/tiszacsege.hu\/#website"},"primaryImageOfPage":{"@id":"https:\/\/tiszacsege.hu\/?p=23969#primaryimage"},"image":{"@id":"https:\/\/tiszacsege.hu\/?p=23969#primaryimage"},"thumbnailUrl":"https:\/\/tiszacsege.hu\/wp-content\/uploads\/2023\/10\/mfp_belyegkep.png","datePublished":"2024-04-16T13:34:33+00:00","dateModified":"2024-10-08T09:18:58+00:00","breadcrumb":{"@id":"https:\/\/tiszacsege.hu\/?p=23969#breadcrumb"},"inLanguage":"hu","potentialAction":[{"@type":"ReadAction","target":["https:\/\/tiszacsege.hu\/?p=23969"]}]},{"@type":"ImageObject","inLanguage":"hu","@id":"https:\/\/tiszacsege.hu\/?p=23969#primaryimage","url":"https:\/\/tiszacsege.hu\/wp-content\/uploads\/2023\/10\/mfp_belyegkep.png","contentUrl":"https:\/\/tiszacsege.hu\/wp-content\/uploads\/2023\/10\/mfp_belyegkep.png","width":1671,"height":1278},{"@type":"BreadcrumbList","@id":"https:\/\/tiszacsege.hu\/?p=23969#breadcrumb","itemListElement":[{"@type":"ListItem","position":1,"name":"Kezd\u0151lap","item":"https:\/\/tiszacsege.hu\/"},{"@type":"ListItem","position":2,"name":"MFP-\u00d6TIFB\/2024 \u00a0\u201e\u00d6nkorm\u00e1nyzati tulajdon\u00fa ingatlanok fejleszt\u00e9se, \u00f6nkorm\u00e1nyzati feladatell\u00e1t\u00e1shoz kapcsol\u00f3d\u00f3 beszerz\u00e9sek-2024\u201d"}]},{"@type":"WebSite","@id":"https:\/\/tiszacsege.hu\/#website","url":"https:\/\/tiszacsege.hu\/","name":"Tiszacsege","description":"Tiszacsege hivatalos honlapja","publisher":{"@id":"https:\/\/tiszacsege.hu\/#organization"},"potentialAction":[{"@type":"SearchAction","target":{"@type":"EntryPoint","urlTemplate":"https:\/\/tiszacsege.hu\/?s={search_term_string}"},"query-input":{"@type":"PropertyValueSpecification","valueRequired":true,"valueName":"search_term_string"}}],"inLanguage":"hu"},{"@type":"Organization","@id":"https:\/\/tiszacsege.hu\/#organization","name":"Tiszacsege","url":"https:\/\/tiszacsege.hu\/","logo":{"@type":"ImageObject","inLanguage":"hu","@id":"https:\/\/tiszacsege.hu\/#\/schema\/logo\/image\/","url":"https:\/\/tiszacsege.hu\/wp-content\/uploads\/2020\/10\/tiszacsege_logo_rovid2-1.png","contentUrl":"https:\/\/tiszacsege.hu\/wp-content\/uploads\/2020\/10\/tiszacsege_logo_rovid2-1.png","width":500,"height":150,"caption":"Tiszacsege"},"image":{"@id":"https:\/\/tiszacsege.hu\/#\/schema\/logo\/image\/"},"sameAs":["https:\/\/www.facebook.com\/tiszacsegeonkormanyzata"]},{"@type":"Person","@id":"https:\/\/tiszacsege.hu\/#\/schema\/person\/ff2f4e3a9747199f545a2cf351f25334","name":"admin","image":{"@type":"ImageObject","inLanguage":"hu","@id":"https:\/\/secure.gravatar.com\/avatar\/52224ccae048f9be8fd8d745a33eff630818f8bd5c43790479a2754dcef4b69b?s=96&d=mm&r=g","url":"https:\/\/secure.gravatar.com\/avatar\/52224ccae048f9be8fd8d745a33eff630818f8bd5c43790479a2754dcef4b69b?s=96&d=mm&r=g","contentUrl":"https:\/\/secure.gravatar.com\/avatar\/52224ccae048f9be8fd8d745a33eff630818f8bd5c43790479a2754dcef4b69b?s=96&d=mm&r=g","caption":"admin"},"url":"https:\/\/tiszacsege.hu\/?author=1"}]}},"_links":{"self":[{"href":"https:\/\/tiszacsege.hu\/index.php?rest_route=\/wp\/v2\/posts\/23969","targetHints":{"allow":["GET"]}}],"collection":[{"href":"https:\/\/tiszacsege.hu\/index.php?rest_route=\/wp\/v2\/posts"}],"about":[{"href":"https:\/\/tiszacsege.hu\/index.php?rest_route=\/wp\/v2\/types\/post"}],"author":[{"embeddable":true,"href":"https:\/\/tiszacsege.hu\/index.php?rest_route=\/wp\/v2\/users\/1"}],"replies":[{"embeddable":true,"href":"https:\/\/tiszacsege.hu\/index.php?rest_route=%2Fwp%2Fv2%2Fcomments&post=23969"}],"version-history":[{"count":2,"href":"https:\/\/tiszacsege.hu\/index.php?rest_route=\/wp\/v2\/posts\/23969\/revisions"}],"predecessor-version":[{"id":25649,"href":"https:\/\/tiszacsege.hu\/index.php?rest_route=\/wp\/v2\/posts\/23969\/revisions\/25649"}],"wp:featuredmedia":[{"embeddable":true,"href":"https:\/\/tiszacsege.hu\/index.php?rest_route=\/wp\/v2\/media\/22911"}],"wp:attachment":[{"href":"https:\/\/tiszacsege.hu\/index.php?rest_route=%2Fwp%2Fv2%2Fmedia&parent=23969"}],"wp:term":[{"taxonomy":"category","embeddable":true,"href":"https:\/\/tiszacsege.hu\/index.php?rest_route=%2Fwp%2Fv2%2Fcategories&post=23969"},{"taxonomy":"post_tag","embeddable":true,"href":"https:\/\/tiszacsege.hu\/index.php?rest_route=%2Fwp%2Fv2%2Ftags&post=23969"},{"taxonomy":"post_folder","embeddable":true,"href":"https:\/\/tiszacsege.hu\/index.php?rest_route=%2Fwp%2Fv2%2Fpost_folder&post=23969"}],"curies":[{"name":"wp","href":"https:\/\/api.w.org\/{rel}","templated":true}]}}