{"id":24559,"date":"2024-07-11T10:11:47","date_gmt":"2024-07-11T08:11:47","guid":{"rendered":"https:\/\/tiszacsege.hu\/?p=24559"},"modified":"2024-07-11T10:11:49","modified_gmt":"2024-07-11T08:11:49","slug":"szeretem-megvedem-mottoval-inditott-toborzokampanyt-a-magyar-honvedseg","status":"publish","type":"post","link":"https:\/\/tiszacsege.hu\/?p=24559","title":{"rendered":"&#8222;Szeretem, megv\u00e9dem!&#8221; mott\u00f3val ind\u00edtott toborz\u00f3kamp\u00e1nyt a Magyar Honv\u00e9ds\u00e9g"},"content":{"rendered":"\n<p class=\"has-text-align-justify has-medium-font-size wp-block-paragraph\">\u201eSzeretem, megv\u00e9dem!\u201d mott\u00f3val ind\u00edtott toborz\u00f3kamp\u00e1nyt a Magyar Honv\u00e9ds\u00e9g id\u00e9n ny\u00e1ron, melynek keret\u00e9ben \u00e9letre sz\u00f3l\u00f3 tapasztalatot, kik\u00e9pzetts\u00e9get, k\u00f6z\u00f6ss\u00e9ghez tartoz\u00e1st, valamint anyagi megbecs\u00fcl\u00e9st k\u00edn\u00e1l a honv\u00e9ds\u00e9g a ter\u00fcletv\u00e9delmi tartal\u00e9kos szolg\u00e1latba bel\u00e9p\u0151knek.<\/p>\n\n\n\n<div style=\"height:20px\" aria-hidden=\"true\" class=\"wp-block-spacer\"><\/div>\n\n\n\n<figure class=\"wp-block-image size-large\"><img fetchpriority=\"high\" decoding=\"async\" width=\"1280\" height=\"756\" src=\"https:\/\/tiszacsege.hu\/wp-content\/uploads\/2024\/07\/honv_1-1280x756.jpg\" alt=\"\" class=\"wp-image-24560\" srcset=\"https:\/\/tiszacsege.hu\/wp-content\/uploads\/2024\/07\/honv_1-1280x756.jpg 1280w, https:\/\/tiszacsege.hu\/wp-content\/uploads\/2024\/07\/honv_1-567x334.jpg 567w, https:\/\/tiszacsege.hu\/wp-content\/uploads\/2024\/07\/honv_1-175x103.jpg 175w, https:\/\/tiszacsege.hu\/wp-content\/uploads\/2024\/07\/honv_1.jpg 2048w\" sizes=\"(max-width: 1280px) 100vw, 1280px\" \/><\/figure>\n\n\n\n<div style=\"height:20px\" aria-hidden=\"true\" class=\"wp-block-spacer\"><\/div>\n\n\n\n<p class=\"has-text-align-justify has-medium-font-size wp-block-paragraph\">A ter\u00fcletv\u00e9delmi tartal\u00e9kosok a szerz\u0151d\u00e9s al\u00e1\u00edr\u00e1sakor brutt\u00f3 150 ezer forint szerz\u0151d\u00e9sk\u00f6t\u00e9si d\u00edjat kapnak, valamint minden szolg\u00e1latban t\u00f6lt\u00f6tt \u00e9v ut\u00e1n brutt\u00f3 600 ezer forint rendelkez\u00e9sre \u00e1ll\u00e1si d\u00edjat, amit havi 50 ezer forintos kiutal\u00e1sokban kapnak meg. Mindezen juttat\u00e1sokat a beh\u00edv\u00e1sok ut\u00e1n kapott illetm\u00e9nyek tov\u00e1bb n\u00f6velnek. Bevezettek egy aj\u00e1nl\u00e1si b\u00f3nuszt is: brutt\u00f3 500 ezer forint j\u00e1r annak az \u00f6nk\u00e9ntes tartal\u00e9kos katon\u00e1nak, akinek az aj\u00e1nl\u00e1sa r\u00e9v\u00e9n \u00fajabb jelentkez\u0151 k\u00f6t szerz\u0151d\u00e9st a honv\u00e9ds\u00e9ggel. A fels\u0151oktat\u00e1sban, illetve a szakk\u00e9pz\u00e9sben tanul\u00f3 nagykor\u00fa fiatalokat versenyk\u00e9pes \u00f6szt\u00f6nd\u00edjakkal v\u00e1rj\u00e1k, elk\u00f6telez\u0151d\u00e9si sz\u00e1nd\u00e9kuk m\u00e9lys\u00e9g\u00e9t\u0151l f\u00fcgg\u0151en havi 110-350 ezer forint k\u00f6z\u00f6tti \u00f6sszeggel. A ter\u00fcletv\u00e9delmi tartal\u00e9kosok emellett r\u00e9szt vehetnek &#8211; saj\u00e1t elhat\u00e1roz\u00e1suk alapj\u00e1n &#8211; nemzetk\u00f6zi misszi\u00f3kban is.<\/p>\n\n\n\n<div style=\"height:20px\" aria-hidden=\"true\" class=\"wp-block-spacer\"><\/div>\n\n\n\n<figure class=\"wp-block-image size-large\"><img decoding=\"async\" width=\"1280\" height=\"853\" src=\"https:\/\/tiszacsege.hu\/wp-content\/uploads\/2024\/07\/honv_2-1280x853.jpg\" alt=\"\" class=\"wp-image-24561\" srcset=\"https:\/\/tiszacsege.hu\/wp-content\/uploads\/2024\/07\/honv_2-1280x853.jpg 1280w, https:\/\/tiszacsege.hu\/wp-content\/uploads\/2024\/07\/honv_2-567x378.jpg 567w, https:\/\/tiszacsege.hu\/wp-content\/uploads\/2024\/07\/honv_2-175x116.jpg 175w, https:\/\/tiszacsege.hu\/wp-content\/uploads\/2024\/07\/honv_2.jpg 1920w\" sizes=\"(max-width: 1280px) 100vw, 1280px\" \/><\/figure>\n\n\n\n<div style=\"height:20px\" aria-hidden=\"true\" class=\"wp-block-spacer\"><\/div>\n\n\n\n<p class=\"has-text-align-justify has-medium-font-size wp-block-paragraph\">A ter\u00fcletv\u00e9delmi tartal\u00e9kos szolg\u00e1latra a jelentkez\u00e9s felt\u00e9tele t\u00f6bbek k\u00f6z\u00f6tt a bet\u00f6lt\u00f6tt 18. \u00e9let\u00e9v \u00e9s az alapfok\u00fa iskolai v\u00e9gzetts\u00e9g, a bel\u00e9p\u00e9st pedig orvosi vizsg\u00e1lat \u00e9s egy elbesz\u00e9lget\u00e9s el\u0151zi meg, amit egy \u00e1tlagos adotts\u00e1g\u00fa magyar fiatal k\u00f6nnyen teljes\u00edthet.<\/p>\n\n\n\n<div style=\"height:20px\" aria-hidden=\"true\" class=\"wp-block-spacer\"><\/div>\n\n\n\n<p class=\"has-text-align-justify has-medium-font-size wp-block-paragraph\">A szolg\u00e1lat sor\u00e1n fontos, hogy a tartal\u00e9kos katona a szerz\u0151d\u00e9sk\u00f6t\u00e9st k\u00f6vet\u0151 egy \u00e9vben teljes\u00edtse a sz\u00e1m\u00e1ra meghat\u00e1rozott alapkik\u00e9pz\u00e9si k\u00f6vetelm\u00e9nyeket, melyet egyben, vagy modul\u00e1ris rendszerben is el lehet v\u00e9gezni. Ezt k\u00f6vet\u0151en mindenkit \u00e9vente legal\u00e1bb egy h\u00e9tre &#8211; a munkaad\u00f3k \u00e9s munkav\u00e1llal\u00f3k sz\u00e1m\u00e1ra is tervezhet\u0151 m\u00f3don &#8211; beh\u00edvnak. A ter\u00fcletv\u00e9delmi tartal\u00e9kosokat &#8211; akiknek feladata a hivat\u00e1sos hader\u0151 t\u00e1mogat\u00e1sa, a lak\u00f3hely\u00fckh\u00f6z k\u00f6zeli ter\u00fclet v\u00e9delme &#8211; helyben toborozz\u00e1k \u00e9s k\u00e9pezik ki, \u00edgy tudj\u00e1k biztos\u00edtani mindenkinek, hogy a haza v\u00e9delme \u00e9rdek\u00e9ben szolg\u00e1latot v\u00e1llaljon. A tartal\u00e9kos szolg\u00e1lati forma k\u00f6nnyen \u00f6sszeegyeztethet\u0151 a polg\u00e1ri \u00e9lettel, munka vagy fels\u0151oktat\u00e1si tanulm\u00e1nyok mellett is lehets\u00e9ges. A honv\u00e9ds\u00e9g rugalmas kik\u00e9pz\u00e9si lehet\u0151s\u00e9gekkel, tervezhet\u0151 beh\u00edv\u00e1sokkal biztos\u00edtja, hogy min\u00e9l t\u00f6bben tudjanak csatlakozni a Magyar Honv\u00e9ds\u00e9g tartal\u00e9kos \u00e1llom\u00e1ny\u00e1hoz azok, akinek sz\u00e1m\u00edt a haza v\u00e9delme.<\/p>\n\n\n\n<div style=\"height:20px\" aria-hidden=\"true\" class=\"wp-block-spacer\"><\/div>\n\n\n\n<figure class=\"wp-block-image size-large\"><img decoding=\"async\" width=\"1280\" height=\"853\" src=\"https:\/\/tiszacsege.hu\/wp-content\/uploads\/2024\/07\/honv_3-1280x853.jpg\" alt=\"\" class=\"wp-image-24562\" srcset=\"https:\/\/tiszacsege.hu\/wp-content\/uploads\/2024\/07\/honv_3-1280x853.jpg 1280w, https:\/\/tiszacsege.hu\/wp-content\/uploads\/2024\/07\/honv_3-567x378.jpg 567w, https:\/\/tiszacsege.hu\/wp-content\/uploads\/2024\/07\/honv_3-175x116.jpg 175w, https:\/\/tiszacsege.hu\/wp-content\/uploads\/2024\/07\/honv_3.jpg 1200w\" sizes=\"(max-width: 1280px) 100vw, 1280px\" \/><\/figure>\n\n\n\n<div style=\"height:20px\" aria-hidden=\"true\" class=\"wp-block-spacer\"><\/div>\n\n\n\n<p class=\"has-text-align-justify has-medium-font-size wp-block-paragraph\">A szolg\u00e1latra online is lehet jelentkezni az <a aria-label=\"iranyasereg.hu (opens in a new tab)\" href=\"https:\/\/iranyasereg.hu\/\" target=\"_blank\" rel=\"noreferrer noopener\" class=\"ek-link\"><strong>iranyasereg.hu<\/strong><\/a> oldalon, de akik szem\u00e9lyesen t\u00e1j\u00e9koz\u00f3dn\u00e1nak, azok a v\u00e1rmegyesz\u00e9khelyeken is felkereshetik a toborz\u00f3irod\u00e1kat, amely Debrecenben a P\u00e9terfia utca 58\/a sz\u00e1m alatt tal\u00e1lhat\u00f3.<\/p>\n","protected":false},"excerpt":{"rendered":"<p>\u201eSzeretem, megv\u00e9dem!\u201d mott\u00f3val ind\u00edtott toborz\u00f3kamp\u00e1nyt a Magyar Honv\u00e9ds\u00e9g id\u00e9n ny\u00e1ron, melynek keret\u00e9ben \u00e9letre sz\u00f3l\u00f3 tapasztalatot, kik\u00e9pzetts\u00e9get, k\u00f6z\u00f6ss\u00e9ghez tartoz\u00e1st, valamint anyagi megbecs\u00fcl\u00e9st k\u00edn\u00e1l a honv\u00e9ds\u00e9g a ter\u00fcletv\u00e9delmi tartal\u00e9kos szolg\u00e1latba bel\u00e9p\u0151knek. A ter\u00fcletv\u00e9delmi tartal\u00e9kosok a szerz\u0151d\u00e9s al\u00e1\u00edr\u00e1sakor brutt\u00f3 150 ezer forint szerz\u0151d\u00e9sk\u00f6t\u00e9si d\u00edjat kapnak, valamint minden szolg\u00e1latban t\u00f6lt\u00f6tt \u00e9v ut\u00e1n brutt\u00f3 600 ezer forint rendelkez\u00e9sre \u00e1ll\u00e1si d\u00edjat, [&hellip;]<\/p>\n","protected":false},"author":1,"featured_media":24560,"comment_status":"closed","ping_status":"closed","sticky":false,"template":"","format":"standard","meta":{"_editorskit_title_hidden":false,"_editorskit_reading_time":0,"_editorskit_is_block_options_detached":false,"_editorskit_block_options_position":"{}","_crdt_document":"","footnotes":""},"categories":[7],"tags":[],"post_folder":[],"class_list":["post-24559","post","type-post","status-publish","format-standard","has-post-thumbnail","hentry","category-hirdetmenyek"],"yoast_head":"<!-- This site is optimized with the Yoast SEO plugin v27.5 - https:\/\/yoast.com\/product\/yoast-seo-wordpress\/ -->\n<title>&quot;Szeretem, megv\u00e9dem!&quot; mott\u00f3val ind\u00edtott toborz\u00f3kamp\u00e1nyt a Magyar Honv\u00e9ds\u00e9g<\/title>\n<meta name=\"robots\" content=\"index, follow, max-snippet:-1, max-image-preview:large, max-video-preview:-1\" \/>\n<link rel=\"canonical\" href=\"https:\/\/tiszacsege.hu\/?p=24559\" \/>\n<meta property=\"og:locale\" content=\"hu_HU\" \/>\n<meta property=\"og:type\" content=\"article\" \/>\n<meta property=\"og:title\" content=\"&quot;Szeretem, megv\u00e9dem!&quot; mott\u00f3val ind\u00edtott toborz\u00f3kamp\u00e1nyt a Magyar Honv\u00e9ds\u00e9g\" \/>\n<meta property=\"og:description\" content=\"\u201eSzeretem, megv\u00e9dem!\u201d mott\u00f3val ind\u00edtott toborz\u00f3kamp\u00e1nyt a Magyar Honv\u00e9ds\u00e9g id\u00e9n ny\u00e1ron, melynek keret\u00e9ben \u00e9letre sz\u00f3l\u00f3 tapasztalatot, kik\u00e9pzetts\u00e9get, k\u00f6z\u00f6ss\u00e9ghez tartoz\u00e1st, valamint anyagi megbecs\u00fcl\u00e9st k\u00edn\u00e1l a honv\u00e9ds\u00e9g a ter\u00fcletv\u00e9delmi tartal\u00e9kos szolg\u00e1latba bel\u00e9p\u0151knek. A ter\u00fcletv\u00e9delmi tartal\u00e9kosok a szerz\u0151d\u00e9s al\u00e1\u00edr\u00e1sakor brutt\u00f3 150 ezer forint szerz\u0151d\u00e9sk\u00f6t\u00e9si d\u00edjat kapnak, valamint minden szolg\u00e1latban t\u00f6lt\u00f6tt \u00e9v ut\u00e1n brutt\u00f3 600 ezer forint rendelkez\u00e9sre \u00e1ll\u00e1si d\u00edjat, [&hellip;]\" \/>\n<meta property=\"og:url\" content=\"https:\/\/tiszacsege.hu\/?p=24559\" \/>\n<meta property=\"og:site_name\" content=\"Tiszacsege\" \/>\n<meta property=\"article:publisher\" content=\"https:\/\/www.facebook.com\/tiszacsegeonkormanyzata\" \/>\n<meta property=\"article:published_time\" content=\"2024-07-11T08:11:47+00:00\" \/>\n<meta property=\"article:modified_time\" content=\"2024-07-11T08:11:49+00:00\" \/>\n<meta property=\"og:image\" content=\"https:\/\/tiszacsege.hu\/wp-content\/uploads\/2024\/07\/honv_1.jpg\" \/>\n\t<meta property=\"og:image:width\" content=\"2048\" \/>\n\t<meta property=\"og:image:height\" content=\"1210\" \/>\n\t<meta property=\"og:image:type\" content=\"image\/jpeg\" \/>\n<meta name=\"author\" content=\"admin\" \/>\n<meta name=\"twitter:card\" content=\"summary_large_image\" \/>\n<script type=\"application\/ld+json\" class=\"yoast-schema-graph\">{\"@context\":\"https:\\\/\\\/schema.org\",\"@graph\":[{\"@type\":\"Article\",\"@id\":\"https:\\\/\\\/tiszacsege.hu\\\/?p=24559#article\",\"isPartOf\":{\"@id\":\"https:\\\/\\\/tiszacsege.hu\\\/?p=24559\"},\"author\":{\"name\":\"admin\",\"@id\":\"https:\\\/\\\/tiszacsege.hu\\\/#\\\/schema\\\/person\\\/ff2f4e3a9747199f545a2cf351f25334\"},\"headline\":\"&#8222;Szeretem, megv\u00e9dem!&#8221; mott\u00f3val ind\u00edtott toborz\u00f3kamp\u00e1nyt a Magyar Honv\u00e9ds\u00e9g\",\"datePublished\":\"2024-07-11T08:11:47+00:00\",\"dateModified\":\"2024-07-11T08:11:49+00:00\",\"mainEntityOfPage\":{\"@id\":\"https:\\\/\\\/tiszacsege.hu\\\/?p=24559\"},\"wordCount\":542,\"publisher\":{\"@id\":\"https:\\\/\\\/tiszacsege.hu\\\/#organization\"},\"image\":{\"@id\":\"https:\\\/\\\/tiszacsege.hu\\\/?p=24559#primaryimage\"},\"thumbnailUrl\":\"https:\\\/\\\/tiszacsege.hu\\\/wp-content\\\/uploads\\\/2024\\\/07\\\/honv_1.jpg\",\"articleSection\":[\"Felh\u00edv\u00e1sok, t\u00e1j\u00e9koztat\u00f3k\"],\"inLanguage\":\"hu\"},{\"@type\":\"WebPage\",\"@id\":\"https:\\\/\\\/tiszacsege.hu\\\/?p=24559\",\"url\":\"https:\\\/\\\/tiszacsege.hu\\\/?p=24559\",\"name\":\"\\\"Szeretem, megv\u00e9dem!\\\" mott\u00f3val ind\u00edtott toborz\u00f3kamp\u00e1nyt a Magyar Honv\u00e9ds\u00e9g\",\"isPartOf\":{\"@id\":\"https:\\\/\\\/tiszacsege.hu\\\/#website\"},\"primaryImageOfPage\":{\"@id\":\"https:\\\/\\\/tiszacsege.hu\\\/?p=24559#primaryimage\"},\"image\":{\"@id\":\"https:\\\/\\\/tiszacsege.hu\\\/?p=24559#primaryimage\"},\"thumbnailUrl\":\"https:\\\/\\\/tiszacsege.hu\\\/wp-content\\\/uploads\\\/2024\\\/07\\\/honv_1.jpg\",\"datePublished\":\"2024-07-11T08:11:47+00:00\",\"dateModified\":\"2024-07-11T08:11:49+00:00\",\"breadcrumb\":{\"@id\":\"https:\\\/\\\/tiszacsege.hu\\\/?p=24559#breadcrumb\"},\"inLanguage\":\"hu\",\"potentialAction\":[{\"@type\":\"ReadAction\",\"target\":[\"https:\\\/\\\/tiszacsege.hu\\\/?p=24559\"]}]},{\"@type\":\"ImageObject\",\"inLanguage\":\"hu\",\"@id\":\"https:\\\/\\\/tiszacsege.hu\\\/?p=24559#primaryimage\",\"url\":\"https:\\\/\\\/tiszacsege.hu\\\/wp-content\\\/uploads\\\/2024\\\/07\\\/honv_1.jpg\",\"contentUrl\":\"https:\\\/\\\/tiszacsege.hu\\\/wp-content\\\/uploads\\\/2024\\\/07\\\/honv_1.jpg\",\"width\":2048,\"height\":1210},{\"@type\":\"BreadcrumbList\",\"@id\":\"https:\\\/\\\/tiszacsege.hu\\\/?p=24559#breadcrumb\",\"itemListElement\":[{\"@type\":\"ListItem\",\"position\":1,\"name\":\"Kezd\u0151lap\",\"item\":\"https:\\\/\\\/tiszacsege.hu\\\/\"},{\"@type\":\"ListItem\",\"position\":2,\"name\":\"&#8222;Szeretem, megv\u00e9dem!&#8221; mott\u00f3val ind\u00edtott toborz\u00f3kamp\u00e1nyt a Magyar Honv\u00e9ds\u00e9g\"}]},{\"@type\":\"WebSite\",\"@id\":\"https:\\\/\\\/tiszacsege.hu\\\/#website\",\"url\":\"https:\\\/\\\/tiszacsege.hu\\\/\",\"name\":\"Tiszacsege\",\"description\":\"Tiszacsege hivatalos honlapja\",\"publisher\":{\"@id\":\"https:\\\/\\\/tiszacsege.hu\\\/#organization\"},\"potentialAction\":[{\"@type\":\"SearchAction\",\"target\":{\"@type\":\"EntryPoint\",\"urlTemplate\":\"https:\\\/\\\/tiszacsege.hu\\\/?s={search_term_string}\"},\"query-input\":{\"@type\":\"PropertyValueSpecification\",\"valueRequired\":true,\"valueName\":\"search_term_string\"}}],\"inLanguage\":\"hu\"},{\"@type\":\"Organization\",\"@id\":\"https:\\\/\\\/tiszacsege.hu\\\/#organization\",\"name\":\"Tiszacsege\",\"url\":\"https:\\\/\\\/tiszacsege.hu\\\/\",\"logo\":{\"@type\":\"ImageObject\",\"inLanguage\":\"hu\",\"@id\":\"https:\\\/\\\/tiszacsege.hu\\\/#\\\/schema\\\/logo\\\/image\\\/\",\"url\":\"https:\\\/\\\/tiszacsege.hu\\\/wp-content\\\/uploads\\\/2020\\\/10\\\/tiszacsege_logo_rovid2-1.png\",\"contentUrl\":\"https:\\\/\\\/tiszacsege.hu\\\/wp-content\\\/uploads\\\/2020\\\/10\\\/tiszacsege_logo_rovid2-1.png\",\"width\":500,\"height\":150,\"caption\":\"Tiszacsege\"},\"image\":{\"@id\":\"https:\\\/\\\/tiszacsege.hu\\\/#\\\/schema\\\/logo\\\/image\\\/\"},\"sameAs\":[\"https:\\\/\\\/www.facebook.com\\\/tiszacsegeonkormanyzata\"]},{\"@type\":\"Person\",\"@id\":\"https:\\\/\\\/tiszacsege.hu\\\/#\\\/schema\\\/person\\\/ff2f4e3a9747199f545a2cf351f25334\",\"name\":\"admin\",\"image\":{\"@type\":\"ImageObject\",\"inLanguage\":\"hu\",\"@id\":\"https:\\\/\\\/secure.gravatar.com\\\/avatar\\\/52224ccae048f9be8fd8d745a33eff630818f8bd5c43790479a2754dcef4b69b?s=96&d=mm&r=g\",\"url\":\"https:\\\/\\\/secure.gravatar.com\\\/avatar\\\/52224ccae048f9be8fd8d745a33eff630818f8bd5c43790479a2754dcef4b69b?s=96&d=mm&r=g\",\"contentUrl\":\"https:\\\/\\\/secure.gravatar.com\\\/avatar\\\/52224ccae048f9be8fd8d745a33eff630818f8bd5c43790479a2754dcef4b69b?s=96&d=mm&r=g\",\"caption\":\"admin\"},\"url\":\"https:\\\/\\\/tiszacsege.hu\\\/?author=1\"}]}<\/script>\n<!-- \/ Yoast SEO plugin. -->","yoast_head_json":{"title":"\"Szeretem, megv\u00e9dem!\" mott\u00f3val ind\u00edtott toborz\u00f3kamp\u00e1nyt a Magyar Honv\u00e9ds\u00e9g","robots":{"index":"index","follow":"follow","max-snippet":"max-snippet:-1","max-image-preview":"max-image-preview:large","max-video-preview":"max-video-preview:-1"},"canonical":"https:\/\/tiszacsege.hu\/?p=24559","og_locale":"hu_HU","og_type":"article","og_title":"\"Szeretem, megv\u00e9dem!\" mott\u00f3val ind\u00edtott toborz\u00f3kamp\u00e1nyt a Magyar Honv\u00e9ds\u00e9g","og_description":"\u201eSzeretem, megv\u00e9dem!\u201d mott\u00f3val ind\u00edtott toborz\u00f3kamp\u00e1nyt a Magyar Honv\u00e9ds\u00e9g id\u00e9n ny\u00e1ron, melynek keret\u00e9ben \u00e9letre sz\u00f3l\u00f3 tapasztalatot, kik\u00e9pzetts\u00e9get, k\u00f6z\u00f6ss\u00e9ghez tartoz\u00e1st, valamint anyagi megbecs\u00fcl\u00e9st k\u00edn\u00e1l a honv\u00e9ds\u00e9g a ter\u00fcletv\u00e9delmi tartal\u00e9kos szolg\u00e1latba bel\u00e9p\u0151knek. A ter\u00fcletv\u00e9delmi tartal\u00e9kosok a szerz\u0151d\u00e9s al\u00e1\u00edr\u00e1sakor brutt\u00f3 150 ezer forint szerz\u0151d\u00e9sk\u00f6t\u00e9si d\u00edjat kapnak, valamint minden szolg\u00e1latban t\u00f6lt\u00f6tt \u00e9v ut\u00e1n brutt\u00f3 600 ezer forint rendelkez\u00e9sre \u00e1ll\u00e1si d\u00edjat, [&hellip;]","og_url":"https:\/\/tiszacsege.hu\/?p=24559","og_site_name":"Tiszacsege","article_publisher":"https:\/\/www.facebook.com\/tiszacsegeonkormanyzata","article_published_time":"2024-07-11T08:11:47+00:00","article_modified_time":"2024-07-11T08:11:49+00:00","og_image":[{"width":2048,"height":1210,"url":"https:\/\/tiszacsege.hu\/wp-content\/uploads\/2024\/07\/honv_1.jpg","type":"image\/jpeg"}],"author":"admin","twitter_card":"summary_large_image","schema":{"@context":"https:\/\/schema.org","@graph":[{"@type":"Article","@id":"https:\/\/tiszacsege.hu\/?p=24559#article","isPartOf":{"@id":"https:\/\/tiszacsege.hu\/?p=24559"},"author":{"name":"admin","@id":"https:\/\/tiszacsege.hu\/#\/schema\/person\/ff2f4e3a9747199f545a2cf351f25334"},"headline":"&#8222;Szeretem, megv\u00e9dem!&#8221; mott\u00f3val ind\u00edtott toborz\u00f3kamp\u00e1nyt a Magyar Honv\u00e9ds\u00e9g","datePublished":"2024-07-11T08:11:47+00:00","dateModified":"2024-07-11T08:11:49+00:00","mainEntityOfPage":{"@id":"https:\/\/tiszacsege.hu\/?p=24559"},"wordCount":542,"publisher":{"@id":"https:\/\/tiszacsege.hu\/#organization"},"image":{"@id":"https:\/\/tiszacsege.hu\/?p=24559#primaryimage"},"thumbnailUrl":"https:\/\/tiszacsege.hu\/wp-content\/uploads\/2024\/07\/honv_1.jpg","articleSection":["Felh\u00edv\u00e1sok, t\u00e1j\u00e9koztat\u00f3k"],"inLanguage":"hu"},{"@type":"WebPage","@id":"https:\/\/tiszacsege.hu\/?p=24559","url":"https:\/\/tiszacsege.hu\/?p=24559","name":"\"Szeretem, megv\u00e9dem!\" mott\u00f3val ind\u00edtott toborz\u00f3kamp\u00e1nyt a Magyar Honv\u00e9ds\u00e9g","isPartOf":{"@id":"https:\/\/tiszacsege.hu\/#website"},"primaryImageOfPage":{"@id":"https:\/\/tiszacsege.hu\/?p=24559#primaryimage"},"image":{"@id":"https:\/\/tiszacsege.hu\/?p=24559#primaryimage"},"thumbnailUrl":"https:\/\/tiszacsege.hu\/wp-content\/uploads\/2024\/07\/honv_1.jpg","datePublished":"2024-07-11T08:11:47+00:00","dateModified":"2024-07-11T08:11:49+00:00","breadcrumb":{"@id":"https:\/\/tiszacsege.hu\/?p=24559#breadcrumb"},"inLanguage":"hu","potentialAction":[{"@type":"ReadAction","target":["https:\/\/tiszacsege.hu\/?p=24559"]}]},{"@type":"ImageObject","inLanguage":"hu","@id":"https:\/\/tiszacsege.hu\/?p=24559#primaryimage","url":"https:\/\/tiszacsege.hu\/wp-content\/uploads\/2024\/07\/honv_1.jpg","contentUrl":"https:\/\/tiszacsege.hu\/wp-content\/uploads\/2024\/07\/honv_1.jpg","width":2048,"height":1210},{"@type":"BreadcrumbList","@id":"https:\/\/tiszacsege.hu\/?p=24559#breadcrumb","itemListElement":[{"@type":"ListItem","position":1,"name":"Kezd\u0151lap","item":"https:\/\/tiszacsege.hu\/"},{"@type":"ListItem","position":2,"name":"&#8222;Szeretem, megv\u00e9dem!&#8221; mott\u00f3val ind\u00edtott toborz\u00f3kamp\u00e1nyt a Magyar Honv\u00e9ds\u00e9g"}]},{"@type":"WebSite","@id":"https:\/\/tiszacsege.hu\/#website","url":"https:\/\/tiszacsege.hu\/","name":"Tiszacsege","description":"Tiszacsege hivatalos honlapja","publisher":{"@id":"https:\/\/tiszacsege.hu\/#organization"},"potentialAction":[{"@type":"SearchAction","target":{"@type":"EntryPoint","urlTemplate":"https:\/\/tiszacsege.hu\/?s={search_term_string}"},"query-input":{"@type":"PropertyValueSpecification","valueRequired":true,"valueName":"search_term_string"}}],"inLanguage":"hu"},{"@type":"Organization","@id":"https:\/\/tiszacsege.hu\/#organization","name":"Tiszacsege","url":"https:\/\/tiszacsege.hu\/","logo":{"@type":"ImageObject","inLanguage":"hu","@id":"https:\/\/tiszacsege.hu\/#\/schema\/logo\/image\/","url":"https:\/\/tiszacsege.hu\/wp-content\/uploads\/2020\/10\/tiszacsege_logo_rovid2-1.png","contentUrl":"https:\/\/tiszacsege.hu\/wp-content\/uploads\/2020\/10\/tiszacsege_logo_rovid2-1.png","width":500,"height":150,"caption":"Tiszacsege"},"image":{"@id":"https:\/\/tiszacsege.hu\/#\/schema\/logo\/image\/"},"sameAs":["https:\/\/www.facebook.com\/tiszacsegeonkormanyzata"]},{"@type":"Person","@id":"https:\/\/tiszacsege.hu\/#\/schema\/person\/ff2f4e3a9747199f545a2cf351f25334","name":"admin","image":{"@type":"ImageObject","inLanguage":"hu","@id":"https:\/\/secure.gravatar.com\/avatar\/52224ccae048f9be8fd8d745a33eff630818f8bd5c43790479a2754dcef4b69b?s=96&d=mm&r=g","url":"https:\/\/secure.gravatar.com\/avatar\/52224ccae048f9be8fd8d745a33eff630818f8bd5c43790479a2754dcef4b69b?s=96&d=mm&r=g","contentUrl":"https:\/\/secure.gravatar.com\/avatar\/52224ccae048f9be8fd8d745a33eff630818f8bd5c43790479a2754dcef4b69b?s=96&d=mm&r=g","caption":"admin"},"url":"https:\/\/tiszacsege.hu\/?author=1"}]}},"_links":{"self":[{"href":"https:\/\/tiszacsege.hu\/index.php?rest_route=\/wp\/v2\/posts\/24559","targetHints":{"allow":["GET"]}}],"collection":[{"href":"https:\/\/tiszacsege.hu\/index.php?rest_route=\/wp\/v2\/posts"}],"about":[{"href":"https:\/\/tiszacsege.hu\/index.php?rest_route=\/wp\/v2\/types\/post"}],"author":[{"embeddable":true,"href":"https:\/\/tiszacsege.hu\/index.php?rest_route=\/wp\/v2\/users\/1"}],"replies":[{"embeddable":true,"href":"https:\/\/tiszacsege.hu\/index.php?rest_route=%2Fwp%2Fv2%2Fcomments&post=24559"}],"version-history":[{"count":1,"href":"https:\/\/tiszacsege.hu\/index.php?rest_route=\/wp\/v2\/posts\/24559\/revisions"}],"predecessor-version":[{"id":24563,"href":"https:\/\/tiszacsege.hu\/index.php?rest_route=\/wp\/v2\/posts\/24559\/revisions\/24563"}],"wp:featuredmedia":[{"embeddable":true,"href":"https:\/\/tiszacsege.hu\/index.php?rest_route=\/wp\/v2\/media\/24560"}],"wp:attachment":[{"href":"https:\/\/tiszacsege.hu\/index.php?rest_route=%2Fwp%2Fv2%2Fmedia&parent=24559"}],"wp:term":[{"taxonomy":"category","embeddable":true,"href":"https:\/\/tiszacsege.hu\/index.php?rest_route=%2Fwp%2Fv2%2Fcategories&post=24559"},{"taxonomy":"post_tag","embeddable":true,"href":"https:\/\/tiszacsege.hu\/index.php?rest_route=%2Fwp%2Fv2%2Ftags&post=24559"},{"taxonomy":"post_folder","embeddable":true,"href":"https:\/\/tiszacsege.hu\/index.php?rest_route=%2Fwp%2Fv2%2Fpost_folder&post=24559"}],"curies":[{"name":"wp","href":"https:\/\/api.w.org\/{rel}","templated":true}]}}