{"id":25883,"date":"2024-11-10T12:01:59","date_gmt":"2024-11-10T11:01:59","guid":{"rendered":"https:\/\/tiszacsege.hu\/?p=25883"},"modified":"2024-11-10T12:02:01","modified_gmt":"2024-11-10T11:02:01","slug":"a-karacsony-sandor-pedagogiai-egyesulet-pedagogus-arckepcsarnok-23-kotetenek-unnepelyes-bemutatoja","status":"publish","type":"post","link":"https:\/\/tiszacsege.hu\/?p=25883","title":{"rendered":"A Kar\u00e1csony S\u00e1ndor Pedag\u00f3giai Egyes\u00fclet \u201ePedag\u00f3gus Arck\u00e9pcsarnok\u201d 23. k\u00f6tet\u00e9nek \u00fcnnep\u00e9lyes bemutat\u00f3ja"},"content":{"rendered":"\n<p class=\"has-medium-font-size wp-block-paragraph\">A Kar\u00e1csony S\u00e1ndor Pedag\u00f3giai Egyes\u00fclet \u201ePedag\u00f3gus Arck\u00e9pcsarnok\u201d 23. k\u00f6tet\u00e9nek \u00fcnnep\u00e9lyes bemutat\u00f3ja 2024. okt\u00f3ber 26.<\/p>\n\n\n\n<div style=\"height:20px\" aria-hidden=\"true\" class=\"wp-block-spacer\"><\/div>\n\n\n\n<p class=\"has-medium-font-size wp-block-paragraph\">Egyes\u00fclet\u00fck els\u0151dleges tev\u00e9kenys\u00e9ge a p\u00e9ldaad\u00f3 k\u00f6znevel\u00e9si, szakk\u00e9pz\u00e9si \u00e9s fels\u0151oktat\u00e1si teljes\u00edtm\u00e9nyek meg\u00f6r\u00f6k\u00edt\u00e9se hazai \u00e9s hat\u00e1ron t\u00fali forr\u00e1sok felhaszn\u00e1l\u00e1s\u00e1val.<\/p>\n\n\n\n<div style=\"height:20px\" aria-hidden=\"true\" class=\"wp-block-spacer\"><\/div>\n\n\n\n<p class=\"has-medium-font-size wp-block-paragraph\">Az idei, imm\u00e1r 23. k\u00f6tetbe 92 pedag\u00f3gus \u00e9letrajza, szakmai \u00e9let\u00fatja ker\u00fclt. K\u00f6z\u00f6tt\u00fck 7 \u00f3v\u00f3n\u0151, 14 tan\u00edt\u00f3, 58 tan\u00e1r, 9 egyetemi oktat\u00f3 \u00e9s 4 gy\u00f3gypedag\u00f3gus van.<\/p>\n\n\n\n<div style=\"height:20px\" aria-hidden=\"true\" class=\"wp-block-spacer\"><\/div>\n\n\n\n<p class=\"has-medium-font-size wp-block-paragraph\">Az arck\u00e9pv\u00e1zlatok szerz\u0151i \u00e1ltal\u00e1ban koll\u00e9g\u00e1k, csal\u00e1dtagok, egy-egy r\u00e9gi\u00f3t j\u00f3l ismer\u0151 szakemberek, nevel\u00e9st\u00f6rt\u00e9n\u00e9szek, sportt\u00f6rt\u00e9n\u00e9szek.<\/p>\n\n\n\n<div style=\"height:20px\" aria-hidden=\"true\" class=\"wp-block-spacer\"><\/div>\n\n\n\n<figure class=\"wp-block-image size-large\"><img fetchpriority=\"high\" decoding=\"async\" width=\"1280\" height=\"960\" src=\"https:\/\/tiszacsege.hu\/wp-content\/uploads\/2024\/11\/2-1280x960.jpg\" alt=\"\" class=\"wp-image-25886\" srcset=\"https:\/\/tiszacsege.hu\/wp-content\/uploads\/2024\/11\/2-1280x960.jpg 1280w, https:\/\/tiszacsege.hu\/wp-content\/uploads\/2024\/11\/2-567x425.jpg 567w, https:\/\/tiszacsege.hu\/wp-content\/uploads\/2024\/11\/2-175x131.jpg 175w, https:\/\/tiszacsege.hu\/wp-content\/uploads\/2024\/11\/2-131x97.jpg 131w, https:\/\/tiszacsege.hu\/wp-content\/uploads\/2024\/11\/2.jpg 960w\" sizes=\"(max-width: 1280px) 100vw, 1280px\" \/><\/figure>\n\n\n\n<div style=\"height:20px\" aria-hidden=\"true\" class=\"wp-block-spacer\"><\/div>\n\n\n\n<p class=\"has-medium-font-size wp-block-paragraph\">A k\u00f6tet nem k\u00e9sz\u00fclhetett volna el a szerkeszt\u0151 bizotts\u00e1g \u00f6nzetlen munk\u00e1ja, a 17 \u00f6nkorm\u00e1nyzati \u00e9s int\u00e9zm\u00e9nyi, valamint 7 mag\u00e1nszem\u00e9ly \u00e1ltali t\u00e1mogat\u00e1s n\u00e9lk\u00fcl, amit az egyes\u00fclet h\u00e1l\u00e1san k\u00f6sz\u00f6n.<\/p>\n\n\n\n<div style=\"height:20px\" aria-hidden=\"true\" class=\"wp-block-spacer\"><\/div>\n\n\n\n<p class=\"has-medium-font-size wp-block-paragraph\">Hagyom\u00e1nyaikhoz, rendszerr\u00e9 v\u00e1lt gyakorlatukhoz tartozik, hogy a k\u00f6tetek megjelen\u00e9sekor minden \u00e9vben egy mag\u00e1nszem\u00e9lynek \u00e9s egy szervezetnek, \u00f6nkorm\u00e1nyzatnak megk\u00f6sz\u00f6nik a t\u00f6bb \u00e9ves seg\u00edts\u00e9g\u00e9t, szellemi, erk\u00f6lcsi \u00e9s anyagi t\u00e1mogat\u00e1s\u00e1t. Ezt jelk\u00e9pesen az eln\u00f6ks\u00e9g \u00e1ltal alap\u00edtott eml\u00e9kplakettel \u00e9s oklev\u00e9llel fejezik ki, amelyen egyes\u00fclet\u00fck jelmondata olvashat\u00f3: \u201dAz eml\u00e9kezet \u00e9rt\u00e9ket ment\u201d.<\/p>\n\n\n\n<div style=\"height:20px\" aria-hidden=\"true\" class=\"wp-block-spacer\"><\/div>\n\n\n\n<p class=\"has-medium-font-size wp-block-paragraph\">Az eln\u00f6ks\u00e9g d\u00f6nt\u00e9se alapj\u00e1n ebben az \u00e9vben \u00f6nkorm\u00e1nyzatk\u00e9nt Tiszacsege V\u00e1ros \u00d6nkorm\u00e1nyzata vehette \u00e1t, amelyet Szeli Zolt\u00e1n polg\u00e1rmester \u00far k\u00e9pviselt.<\/p>\n\n\n\n<div style=\"height:20px\" aria-hidden=\"true\" class=\"wp-block-spacer\"><\/div>\n\n\n\n<figure class=\"wp-block-image size-large\"><img decoding=\"async\" width=\"1280\" height=\"1235\" src=\"https:\/\/tiszacsege.hu\/wp-content\/uploads\/2024\/11\/1-1280x1235.jpg\" alt=\"\" class=\"wp-image-25887\" srcset=\"https:\/\/tiszacsege.hu\/wp-content\/uploads\/2024\/11\/1-1280x1235.jpg 1280w, https:\/\/tiszacsege.hu\/wp-content\/uploads\/2024\/11\/1-567x547.jpg 567w, https:\/\/tiszacsege.hu\/wp-content\/uploads\/2024\/11\/1-175x168.jpg 175w, https:\/\/tiszacsege.hu\/wp-content\/uploads\/2024\/11\/1.jpg 746w\" sizes=\"(max-width: 1280px) 100vw, 1280px\" \/><\/figure>\n\n\n\n<div style=\"height:20px\" aria-hidden=\"true\" class=\"wp-block-spacer\"><\/div>\n\n\n\n<p class=\"has-medium-font-size wp-block-paragraph\">\u201e<em>Tiszacsege v\u00e1ros \u00f6nkorm\u00e1nyzata<\/em><\/p>\n\n\n\n<div style=\"height:20px\" aria-hidden=\"true\" class=\"wp-block-spacer\"><\/div>\n\n\n\n<p class=\"has-medium-font-size wp-block-paragraph\"><em>A Kar\u00e1csony S\u00e1ndor Pedag\u00f3giai Egyes\u00fclet eln\u00f6ks\u00e9g\u00e9nek tagjai 2013-ban betekint\u0151 l\u00e1togat\u00e1st tettek Tiszacseg\u00e9n, ahol megismerkedhettek a telep\u00fcl\u00e9s \u00e9s annak iskol\u00e1ja m\u00faltj\u00e1val, jelen\u00e9vel. Tal\u00e1lkoztak a helyben \u00e9l\u0151 egyes\u00fcleti tagokkal, megtekintett\u00e9k a telep\u00fcl\u00e9si \u00e9rt\u00e9kt\u00e1rat \u00e9s ez nem csak \u00e9lm\u00e9nyeket, de \u00f6tletet is adott az egyes\u00fcleti tev\u00e9kenys\u00e9g fejleszt\u00e9s\u00e9re.<\/em><\/p>\n\n\n\n<div style=\"height:20px\" aria-hidden=\"true\" class=\"wp-block-spacer\"><\/div>\n\n\n\n<p class=\"has-medium-font-size wp-block-paragraph\"><em>A tov\u00e1bbiakban a hagyom\u00e1ny\u0151rz\u0151 munk\u00e1nkat ismer\u0151 \u00e9s abban akt\u00edvan k\u00f6zrem\u0171k\u00f6d\u0151 t\u00e1mogat\u00f3kkal siker\u00fclt kapcsolatot tal\u00e1lni, amelynek eredm\u00e9nyek\u00e9nt a Pedag\u00f3gusok arck\u00e9pcsarnoka kiadv\u00e1ny beker\u00fclt a Hajd\u00fa-Bihar Megyei \u00c9rt\u00e9kt\u00e1rba.<\/em><\/p>\n\n\n\n<div style=\"height:20px\" aria-hidden=\"true\" class=\"wp-block-spacer\"><\/div>\n\n\n\n<p class=\"has-medium-font-size wp-block-paragraph\"><em>Kiadv\u00e1nyunk \u0151rzi a tiszacsegei vagy a v\u00e1rosb\u00f3l elsz\u00e1rmazott kiv\u00e1l\u00f3 pedag\u00f3gusok eml\u00e9k\u00e9t is, egy \u00f3v\u00f3n\u0151, hat tan\u00edt\u00f3, h\u00e1rom tan\u00e1r \u00e9s k\u00e9t egyetemi professzor \u00e9let\u00fatja olvashat\u00f3 az eddig megjelent k\u00f6tetekben.<\/em><\/p>\n\n\n\n<div style=\"height:20px\" aria-hidden=\"true\" class=\"wp-block-spacer\"><\/div>\n\n\n\n<p class=\"has-medium-font-size wp-block-paragraph\"><em>Tiszacsege V\u00e1ros \u00d6nkorm\u00e1nyzata \u00e9s a Tiszacsege Ifj\u00fas\u00e1g\u00e1\u00e9rt Alap\u00edtv\u00e1ny \u00e9vek \u00f3ta folyamatosan anyagi t\u00e1mogat\u00e1st ny\u00fajt egyes\u00fclet\u00fcnknek, amivel \u00f6nzetlen\u00fcl hozz\u00e1j\u00e1rul eml\u00e9kk\u00f6tet\u00fcnk kiad\u00e1s\u00e1hoz.\u201d<\/em><\/p>\n\n\n\n<div style=\"height:20px\" aria-hidden=\"true\" class=\"wp-block-spacer\"><\/div>\n\n\n\n<figure class=\"wp-block-image size-large\"><img decoding=\"async\" width=\"1280\" height=\"1573\" src=\"https:\/\/tiszacsege.hu\/wp-content\/uploads\/2024\/11\/IMG_2152-1280x1573.jpg\" alt=\"\" class=\"wp-image-25888\" srcset=\"https:\/\/tiszacsege.hu\/wp-content\/uploads\/2024\/11\/IMG_2152-1280x1573.jpg 1280w, https:\/\/tiszacsege.hu\/wp-content\/uploads\/2024\/11\/IMG_2152-567x696.jpg 567w, https:\/\/tiszacsege.hu\/wp-content\/uploads\/2024\/11\/IMG_2152-175x215.jpg 175w, https:\/\/tiszacsege.hu\/wp-content\/uploads\/2024\/11\/IMG_2152.jpg 1450w\" sizes=\"(max-width: 1280px) 100vw, 1280px\" \/><\/figure>\n\n\n\n<div style=\"height:20px\" aria-hidden=\"true\" class=\"wp-block-spacer\"><\/div>\n\n\n\n<p class=\"has-medium-font-size wp-block-paragraph\">Ez\u00faton is k\u00f6sz\u00f6nj\u00fck az elismer\u00e9st!<\/p>\n\n\n\n<div style=\"height:20px\" aria-hidden=\"true\" class=\"wp-block-spacer\"><\/div>\n\n\n\n<p class=\"has-medium-font-size wp-block-paragraph\">Sok sikert k\u00edv\u00e1nunk \u00e9s lehet\u0151s\u00e9geink szerint tov\u00e1bbra is t\u00e1mogatjuk, seg\u00edtj\u00fck az egyes\u00fclet munk\u00e1j\u00e1t!<\/p>\n\n\n\n<div style=\"height:20px\" aria-hidden=\"true\" class=\"wp-block-spacer\"><\/div>\n\n\n\n<p class=\"has-medium-font-size wp-block-paragraph\">Tiszacsege V\u00e1ros \u00d6nkorm\u00e1nyzata nev\u00e9ben<\/p>\n\n\n\n<div style=\"height:20px\" aria-hidden=\"true\" class=\"wp-block-spacer\"><\/div>\n\n\n\n<p class=\"has-medium-font-size wp-block-paragraph\">Szeli Zolt\u00e1n polg\u00e1rmester<\/p>\n","protected":false},"excerpt":{"rendered":"<p>A Kar\u00e1csony S\u00e1ndor Pedag\u00f3giai Egyes\u00fclet \u201ePedag\u00f3gus Arck\u00e9pcsarnok\u201d 23. k\u00f6tet\u00e9nek \u00fcnnep\u00e9lyes bemutat\u00f3ja 2024. okt\u00f3ber 26. Egyes\u00fclet\u00fck els\u0151dleges tev\u00e9kenys\u00e9ge a p\u00e9ldaad\u00f3 k\u00f6znevel\u00e9si, szakk\u00e9pz\u00e9si \u00e9s fels\u0151oktat\u00e1si teljes\u00edtm\u00e9nyek meg\u00f6r\u00f6k\u00edt\u00e9se hazai \u00e9s hat\u00e1ron t\u00fali forr\u00e1sok felhaszn\u00e1l\u00e1s\u00e1val. Az idei, imm\u00e1r 23. k\u00f6tetbe 92 pedag\u00f3gus \u00e9letrajza, szakmai \u00e9let\u00fatja ker\u00fclt. K\u00f6z\u00f6tt\u00fck 7 \u00f3v\u00f3n\u0151, 14 tan\u00edt\u00f3, 58 tan\u00e1r, 9 egyetemi oktat\u00f3 \u00e9s 4 gy\u00f3gypedag\u00f3gus [&hellip;]<\/p>\n","protected":false},"author":1,"featured_media":25890,"comment_status":"closed","ping_status":"closed","sticky":false,"template":"","format":"standard","meta":{"_editorskit_title_hidden":false,"_editorskit_reading_time":0,"_editorskit_is_block_options_detached":false,"_editorskit_block_options_position":"{}","_crdt_document":"","footnotes":""},"categories":[1],"tags":[],"post_folder":[],"class_list":["post-25883","post","type-post","status-publish","format-standard","has-post-thumbnail","hentry","category-hirek"],"yoast_head":"<!-- This site is optimized with the Yoast SEO plugin v27.5 - https:\/\/yoast.com\/product\/yoast-seo-wordpress\/ -->\n<title>A Kar\u00e1csony S\u00e1ndor Pedag\u00f3giai Egyes\u00fclet \u201ePedag\u00f3gus Arck\u00e9pcsarnok\u201d 23. k\u00f6tet\u00e9nek \u00fcnnep\u00e9lyes bemutat\u00f3ja<\/title>\n<meta name=\"robots\" content=\"index, follow, max-snippet:-1, max-image-preview:large, max-video-preview:-1\" \/>\n<link rel=\"canonical\" href=\"https:\/\/tiszacsege.hu\/?p=25883\" \/>\n<meta property=\"og:locale\" content=\"hu_HU\" \/>\n<meta property=\"og:type\" content=\"article\" \/>\n<meta property=\"og:title\" content=\"A Kar\u00e1csony S\u00e1ndor Pedag\u00f3giai Egyes\u00fclet \u201ePedag\u00f3gus Arck\u00e9pcsarnok\u201d 23. k\u00f6tet\u00e9nek \u00fcnnep\u00e9lyes bemutat\u00f3ja\" \/>\n<meta property=\"og:description\" content=\"A Kar\u00e1csony S\u00e1ndor Pedag\u00f3giai Egyes\u00fclet \u201ePedag\u00f3gus Arck\u00e9pcsarnok\u201d 23. k\u00f6tet\u00e9nek \u00fcnnep\u00e9lyes bemutat\u00f3ja 2024. okt\u00f3ber 26. Egyes\u00fclet\u00fck els\u0151dleges tev\u00e9kenys\u00e9ge a p\u00e9ldaad\u00f3 k\u00f6znevel\u00e9si, szakk\u00e9pz\u00e9si \u00e9s fels\u0151oktat\u00e1si teljes\u00edtm\u00e9nyek meg\u00f6r\u00f6k\u00edt\u00e9se hazai \u00e9s hat\u00e1ron t\u00fali forr\u00e1sok felhaszn\u00e1l\u00e1s\u00e1val. Az idei, imm\u00e1r 23. k\u00f6tetbe 92 pedag\u00f3gus \u00e9letrajza, szakmai \u00e9let\u00fatja ker\u00fclt. K\u00f6z\u00f6tt\u00fck 7 \u00f3v\u00f3n\u0151, 14 tan\u00edt\u00f3, 58 tan\u00e1r, 9 egyetemi oktat\u00f3 \u00e9s 4 gy\u00f3gypedag\u00f3gus [&hellip;]\" \/>\n<meta property=\"og:url\" content=\"https:\/\/tiszacsege.hu\/?p=25883\" \/>\n<meta property=\"og:site_name\" content=\"Tiszacsege\" \/>\n<meta property=\"article:publisher\" content=\"https:\/\/www.facebook.com\/tiszacsegeonkormanyzata\" \/>\n<meta property=\"article:published_time\" content=\"2024-11-10T11:01:59+00:00\" \/>\n<meta property=\"article:modified_time\" content=\"2024-11-10T11:02:01+00:00\" \/>\n<meta property=\"og:image\" content=\"https:\/\/tiszacsege.hu\/wp-content\/uploads\/2024\/11\/karacsony_sandor.png\" \/>\n\t<meta property=\"og:image:width\" content=\"1003\" \/>\n\t<meta property=\"og:image:height\" content=\"767\" \/>\n\t<meta property=\"og:image:type\" content=\"image\/png\" \/>\n<meta name=\"author\" content=\"admin\" \/>\n<meta name=\"twitter:card\" content=\"summary_large_image\" \/>\n<script type=\"application\/ld+json\" class=\"yoast-schema-graph\">{\"@context\":\"https:\\\/\\\/schema.org\",\"@graph\":[{\"@type\":\"Article\",\"@id\":\"https:\\\/\\\/tiszacsege.hu\\\/?p=25883#article\",\"isPartOf\":{\"@id\":\"https:\\\/\\\/tiszacsege.hu\\\/?p=25883\"},\"author\":{\"name\":\"admin\",\"@id\":\"https:\\\/\\\/tiszacsege.hu\\\/#\\\/schema\\\/person\\\/ff2f4e3a9747199f545a2cf351f25334\"},\"headline\":\"A Kar\u00e1csony S\u00e1ndor Pedag\u00f3giai Egyes\u00fclet \u201ePedag\u00f3gus Arck\u00e9pcsarnok\u201d 23. k\u00f6tet\u00e9nek \u00fcnnep\u00e9lyes bemutat\u00f3ja\",\"datePublished\":\"2024-11-10T11:01:59+00:00\",\"dateModified\":\"2024-11-10T11:02:01+00:00\",\"mainEntityOfPage\":{\"@id\":\"https:\\\/\\\/tiszacsege.hu\\\/?p=25883\"},\"wordCount\":545,\"publisher\":{\"@id\":\"https:\\\/\\\/tiszacsege.hu\\\/#organization\"},\"image\":{\"@id\":\"https:\\\/\\\/tiszacsege.hu\\\/?p=25883#primaryimage\"},\"thumbnailUrl\":\"https:\\\/\\\/tiszacsege.hu\\\/wp-content\\\/uploads\\\/2024\\\/11\\\/karacsony_sandor.png\",\"articleSection\":[\"Helyi h\u00edrek, t\u00e1j\u00e9koztat\u00f3k\"],\"inLanguage\":\"hu\"},{\"@type\":\"WebPage\",\"@id\":\"https:\\\/\\\/tiszacsege.hu\\\/?p=25883\",\"url\":\"https:\\\/\\\/tiszacsege.hu\\\/?p=25883\",\"name\":\"A Kar\u00e1csony S\u00e1ndor Pedag\u00f3giai Egyes\u00fclet \u201ePedag\u00f3gus Arck\u00e9pcsarnok\u201d 23. k\u00f6tet\u00e9nek \u00fcnnep\u00e9lyes bemutat\u00f3ja\",\"isPartOf\":{\"@id\":\"https:\\\/\\\/tiszacsege.hu\\\/#website\"},\"primaryImageOfPage\":{\"@id\":\"https:\\\/\\\/tiszacsege.hu\\\/?p=25883#primaryimage\"},\"image\":{\"@id\":\"https:\\\/\\\/tiszacsege.hu\\\/?p=25883#primaryimage\"},\"thumbnailUrl\":\"https:\\\/\\\/tiszacsege.hu\\\/wp-content\\\/uploads\\\/2024\\\/11\\\/karacsony_sandor.png\",\"datePublished\":\"2024-11-10T11:01:59+00:00\",\"dateModified\":\"2024-11-10T11:02:01+00:00\",\"breadcrumb\":{\"@id\":\"https:\\\/\\\/tiszacsege.hu\\\/?p=25883#breadcrumb\"},\"inLanguage\":\"hu\",\"potentialAction\":[{\"@type\":\"ReadAction\",\"target\":[\"https:\\\/\\\/tiszacsege.hu\\\/?p=25883\"]}]},{\"@type\":\"ImageObject\",\"inLanguage\":\"hu\",\"@id\":\"https:\\\/\\\/tiszacsege.hu\\\/?p=25883#primaryimage\",\"url\":\"https:\\\/\\\/tiszacsege.hu\\\/wp-content\\\/uploads\\\/2024\\\/11\\\/karacsony_sandor.png\",\"contentUrl\":\"https:\\\/\\\/tiszacsege.hu\\\/wp-content\\\/uploads\\\/2024\\\/11\\\/karacsony_sandor.png\",\"width\":1003,\"height\":767},{\"@type\":\"BreadcrumbList\",\"@id\":\"https:\\\/\\\/tiszacsege.hu\\\/?p=25883#breadcrumb\",\"itemListElement\":[{\"@type\":\"ListItem\",\"position\":1,\"name\":\"Kezd\u0151lap\",\"item\":\"https:\\\/\\\/tiszacsege.hu\\\/\"},{\"@type\":\"ListItem\",\"position\":2,\"name\":\"A Kar\u00e1csony S\u00e1ndor Pedag\u00f3giai Egyes\u00fclet \u201ePedag\u00f3gus Arck\u00e9pcsarnok\u201d 23. k\u00f6tet\u00e9nek \u00fcnnep\u00e9lyes bemutat\u00f3ja\"}]},{\"@type\":\"WebSite\",\"@id\":\"https:\\\/\\\/tiszacsege.hu\\\/#website\",\"url\":\"https:\\\/\\\/tiszacsege.hu\\\/\",\"name\":\"Tiszacsege\",\"description\":\"Tiszacsege hivatalos honlapja\",\"publisher\":{\"@id\":\"https:\\\/\\\/tiszacsege.hu\\\/#organization\"},\"potentialAction\":[{\"@type\":\"SearchAction\",\"target\":{\"@type\":\"EntryPoint\",\"urlTemplate\":\"https:\\\/\\\/tiszacsege.hu\\\/?s={search_term_string}\"},\"query-input\":{\"@type\":\"PropertyValueSpecification\",\"valueRequired\":true,\"valueName\":\"search_term_string\"}}],\"inLanguage\":\"hu\"},{\"@type\":\"Organization\",\"@id\":\"https:\\\/\\\/tiszacsege.hu\\\/#organization\",\"name\":\"Tiszacsege\",\"url\":\"https:\\\/\\\/tiszacsege.hu\\\/\",\"logo\":{\"@type\":\"ImageObject\",\"inLanguage\":\"hu\",\"@id\":\"https:\\\/\\\/tiszacsege.hu\\\/#\\\/schema\\\/logo\\\/image\\\/\",\"url\":\"https:\\\/\\\/tiszacsege.hu\\\/wp-content\\\/uploads\\\/2020\\\/10\\\/tiszacsege_logo_rovid2-1.png\",\"contentUrl\":\"https:\\\/\\\/tiszacsege.hu\\\/wp-content\\\/uploads\\\/2020\\\/10\\\/tiszacsege_logo_rovid2-1.png\",\"width\":500,\"height\":150,\"caption\":\"Tiszacsege\"},\"image\":{\"@id\":\"https:\\\/\\\/tiszacsege.hu\\\/#\\\/schema\\\/logo\\\/image\\\/\"},\"sameAs\":[\"https:\\\/\\\/www.facebook.com\\\/tiszacsegeonkormanyzata\"]},{\"@type\":\"Person\",\"@id\":\"https:\\\/\\\/tiszacsege.hu\\\/#\\\/schema\\\/person\\\/ff2f4e3a9747199f545a2cf351f25334\",\"name\":\"admin\",\"image\":{\"@type\":\"ImageObject\",\"inLanguage\":\"hu\",\"@id\":\"https:\\\/\\\/secure.gravatar.com\\\/avatar\\\/52224ccae048f9be8fd8d745a33eff630818f8bd5c43790479a2754dcef4b69b?s=96&d=mm&r=g\",\"url\":\"https:\\\/\\\/secure.gravatar.com\\\/avatar\\\/52224ccae048f9be8fd8d745a33eff630818f8bd5c43790479a2754dcef4b69b?s=96&d=mm&r=g\",\"contentUrl\":\"https:\\\/\\\/secure.gravatar.com\\\/avatar\\\/52224ccae048f9be8fd8d745a33eff630818f8bd5c43790479a2754dcef4b69b?s=96&d=mm&r=g\",\"caption\":\"admin\"},\"url\":\"https:\\\/\\\/tiszacsege.hu\\\/?author=1\"}]}<\/script>\n<!-- \/ Yoast SEO plugin. -->","yoast_head_json":{"title":"A Kar\u00e1csony S\u00e1ndor Pedag\u00f3giai Egyes\u00fclet \u201ePedag\u00f3gus Arck\u00e9pcsarnok\u201d 23. k\u00f6tet\u00e9nek \u00fcnnep\u00e9lyes bemutat\u00f3ja","robots":{"index":"index","follow":"follow","max-snippet":"max-snippet:-1","max-image-preview":"max-image-preview:large","max-video-preview":"max-video-preview:-1"},"canonical":"https:\/\/tiszacsege.hu\/?p=25883","og_locale":"hu_HU","og_type":"article","og_title":"A Kar\u00e1csony S\u00e1ndor Pedag\u00f3giai Egyes\u00fclet \u201ePedag\u00f3gus Arck\u00e9pcsarnok\u201d 23. k\u00f6tet\u00e9nek \u00fcnnep\u00e9lyes bemutat\u00f3ja","og_description":"A Kar\u00e1csony S\u00e1ndor Pedag\u00f3giai Egyes\u00fclet \u201ePedag\u00f3gus Arck\u00e9pcsarnok\u201d 23. k\u00f6tet\u00e9nek \u00fcnnep\u00e9lyes bemutat\u00f3ja 2024. okt\u00f3ber 26. Egyes\u00fclet\u00fck els\u0151dleges tev\u00e9kenys\u00e9ge a p\u00e9ldaad\u00f3 k\u00f6znevel\u00e9si, szakk\u00e9pz\u00e9si \u00e9s fels\u0151oktat\u00e1si teljes\u00edtm\u00e9nyek meg\u00f6r\u00f6k\u00edt\u00e9se hazai \u00e9s hat\u00e1ron t\u00fali forr\u00e1sok felhaszn\u00e1l\u00e1s\u00e1val. Az idei, imm\u00e1r 23. k\u00f6tetbe 92 pedag\u00f3gus \u00e9letrajza, szakmai \u00e9let\u00fatja ker\u00fclt. K\u00f6z\u00f6tt\u00fck 7 \u00f3v\u00f3n\u0151, 14 tan\u00edt\u00f3, 58 tan\u00e1r, 9 egyetemi oktat\u00f3 \u00e9s 4 gy\u00f3gypedag\u00f3gus [&hellip;]","og_url":"https:\/\/tiszacsege.hu\/?p=25883","og_site_name":"Tiszacsege","article_publisher":"https:\/\/www.facebook.com\/tiszacsegeonkormanyzata","article_published_time":"2024-11-10T11:01:59+00:00","article_modified_time":"2024-11-10T11:02:01+00:00","og_image":[{"width":1003,"height":767,"url":"https:\/\/tiszacsege.hu\/wp-content\/uploads\/2024\/11\/karacsony_sandor.png","type":"image\/png"}],"author":"admin","twitter_card":"summary_large_image","schema":{"@context":"https:\/\/schema.org","@graph":[{"@type":"Article","@id":"https:\/\/tiszacsege.hu\/?p=25883#article","isPartOf":{"@id":"https:\/\/tiszacsege.hu\/?p=25883"},"author":{"name":"admin","@id":"https:\/\/tiszacsege.hu\/#\/schema\/person\/ff2f4e3a9747199f545a2cf351f25334"},"headline":"A Kar\u00e1csony S\u00e1ndor Pedag\u00f3giai Egyes\u00fclet \u201ePedag\u00f3gus Arck\u00e9pcsarnok\u201d 23. k\u00f6tet\u00e9nek \u00fcnnep\u00e9lyes bemutat\u00f3ja","datePublished":"2024-11-10T11:01:59+00:00","dateModified":"2024-11-10T11:02:01+00:00","mainEntityOfPage":{"@id":"https:\/\/tiszacsege.hu\/?p=25883"},"wordCount":545,"publisher":{"@id":"https:\/\/tiszacsege.hu\/#organization"},"image":{"@id":"https:\/\/tiszacsege.hu\/?p=25883#primaryimage"},"thumbnailUrl":"https:\/\/tiszacsege.hu\/wp-content\/uploads\/2024\/11\/karacsony_sandor.png","articleSection":["Helyi h\u00edrek, t\u00e1j\u00e9koztat\u00f3k"],"inLanguage":"hu"},{"@type":"WebPage","@id":"https:\/\/tiszacsege.hu\/?p=25883","url":"https:\/\/tiszacsege.hu\/?p=25883","name":"A Kar\u00e1csony S\u00e1ndor Pedag\u00f3giai Egyes\u00fclet \u201ePedag\u00f3gus Arck\u00e9pcsarnok\u201d 23. k\u00f6tet\u00e9nek \u00fcnnep\u00e9lyes bemutat\u00f3ja","isPartOf":{"@id":"https:\/\/tiszacsege.hu\/#website"},"primaryImageOfPage":{"@id":"https:\/\/tiszacsege.hu\/?p=25883#primaryimage"},"image":{"@id":"https:\/\/tiszacsege.hu\/?p=25883#primaryimage"},"thumbnailUrl":"https:\/\/tiszacsege.hu\/wp-content\/uploads\/2024\/11\/karacsony_sandor.png","datePublished":"2024-11-10T11:01:59+00:00","dateModified":"2024-11-10T11:02:01+00:00","breadcrumb":{"@id":"https:\/\/tiszacsege.hu\/?p=25883#breadcrumb"},"inLanguage":"hu","potentialAction":[{"@type":"ReadAction","target":["https:\/\/tiszacsege.hu\/?p=25883"]}]},{"@type":"ImageObject","inLanguage":"hu","@id":"https:\/\/tiszacsege.hu\/?p=25883#primaryimage","url":"https:\/\/tiszacsege.hu\/wp-content\/uploads\/2024\/11\/karacsony_sandor.png","contentUrl":"https:\/\/tiszacsege.hu\/wp-content\/uploads\/2024\/11\/karacsony_sandor.png","width":1003,"height":767},{"@type":"BreadcrumbList","@id":"https:\/\/tiszacsege.hu\/?p=25883#breadcrumb","itemListElement":[{"@type":"ListItem","position":1,"name":"Kezd\u0151lap","item":"https:\/\/tiszacsege.hu\/"},{"@type":"ListItem","position":2,"name":"A Kar\u00e1csony S\u00e1ndor Pedag\u00f3giai Egyes\u00fclet \u201ePedag\u00f3gus Arck\u00e9pcsarnok\u201d 23. k\u00f6tet\u00e9nek \u00fcnnep\u00e9lyes bemutat\u00f3ja"}]},{"@type":"WebSite","@id":"https:\/\/tiszacsege.hu\/#website","url":"https:\/\/tiszacsege.hu\/","name":"Tiszacsege","description":"Tiszacsege hivatalos honlapja","publisher":{"@id":"https:\/\/tiszacsege.hu\/#organization"},"potentialAction":[{"@type":"SearchAction","target":{"@type":"EntryPoint","urlTemplate":"https:\/\/tiszacsege.hu\/?s={search_term_string}"},"query-input":{"@type":"PropertyValueSpecification","valueRequired":true,"valueName":"search_term_string"}}],"inLanguage":"hu"},{"@type":"Organization","@id":"https:\/\/tiszacsege.hu\/#organization","name":"Tiszacsege","url":"https:\/\/tiszacsege.hu\/","logo":{"@type":"ImageObject","inLanguage":"hu","@id":"https:\/\/tiszacsege.hu\/#\/schema\/logo\/image\/","url":"https:\/\/tiszacsege.hu\/wp-content\/uploads\/2020\/10\/tiszacsege_logo_rovid2-1.png","contentUrl":"https:\/\/tiszacsege.hu\/wp-content\/uploads\/2020\/10\/tiszacsege_logo_rovid2-1.png","width":500,"height":150,"caption":"Tiszacsege"},"image":{"@id":"https:\/\/tiszacsege.hu\/#\/schema\/logo\/image\/"},"sameAs":["https:\/\/www.facebook.com\/tiszacsegeonkormanyzata"]},{"@type":"Person","@id":"https:\/\/tiszacsege.hu\/#\/schema\/person\/ff2f4e3a9747199f545a2cf351f25334","name":"admin","image":{"@type":"ImageObject","inLanguage":"hu","@id":"https:\/\/secure.gravatar.com\/avatar\/52224ccae048f9be8fd8d745a33eff630818f8bd5c43790479a2754dcef4b69b?s=96&d=mm&r=g","url":"https:\/\/secure.gravatar.com\/avatar\/52224ccae048f9be8fd8d745a33eff630818f8bd5c43790479a2754dcef4b69b?s=96&d=mm&r=g","contentUrl":"https:\/\/secure.gravatar.com\/avatar\/52224ccae048f9be8fd8d745a33eff630818f8bd5c43790479a2754dcef4b69b?s=96&d=mm&r=g","caption":"admin"},"url":"https:\/\/tiszacsege.hu\/?author=1"}]}},"_links":{"self":[{"href":"https:\/\/tiszacsege.hu\/index.php?rest_route=\/wp\/v2\/posts\/25883","targetHints":{"allow":["GET"]}}],"collection":[{"href":"https:\/\/tiszacsege.hu\/index.php?rest_route=\/wp\/v2\/posts"}],"about":[{"href":"https:\/\/tiszacsege.hu\/index.php?rest_route=\/wp\/v2\/types\/post"}],"author":[{"embeddable":true,"href":"https:\/\/tiszacsege.hu\/index.php?rest_route=\/wp\/v2\/users\/1"}],"replies":[{"embeddable":true,"href":"https:\/\/tiszacsege.hu\/index.php?rest_route=%2Fwp%2Fv2%2Fcomments&post=25883"}],"version-history":[{"count":3,"href":"https:\/\/tiszacsege.hu\/index.php?rest_route=\/wp\/v2\/posts\/25883\/revisions"}],"predecessor-version":[{"id":25889,"href":"https:\/\/tiszacsege.hu\/index.php?rest_route=\/wp\/v2\/posts\/25883\/revisions\/25889"}],"wp:featuredmedia":[{"embeddable":true,"href":"https:\/\/tiszacsege.hu\/index.php?rest_route=\/wp\/v2\/media\/25890"}],"wp:attachment":[{"href":"https:\/\/tiszacsege.hu\/index.php?rest_route=%2Fwp%2Fv2%2Fmedia&parent=25883"}],"wp:term":[{"taxonomy":"category","embeddable":true,"href":"https:\/\/tiszacsege.hu\/index.php?rest_route=%2Fwp%2Fv2%2Fcategories&post=25883"},{"taxonomy":"post_tag","embeddable":true,"href":"https:\/\/tiszacsege.hu\/index.php?rest_route=%2Fwp%2Fv2%2Ftags&post=25883"},{"taxonomy":"post_folder","embeddable":true,"href":"https:\/\/tiszacsege.hu\/index.php?rest_route=%2Fwp%2Fv2%2Fpost_folder&post=25883"}],"curies":[{"name":"wp","href":"https:\/\/api.w.org\/{rel}","templated":true}]}}