{"id":26825,"date":"2025-04-09T11:16:26","date_gmt":"2025-04-09T09:16:26","guid":{"rendered":"https:\/\/tiszacsege.hu\/?p=26825"},"modified":"2025-04-09T11:16:29","modified_gmt":"2025-04-09T09:16:29","slug":"szepkoruak-koszontese","status":"publish","type":"post","link":"https:\/\/tiszacsege.hu\/?p=26825","title":{"rendered":"Sz\u00e9pkor\u00faak k\u00f6sz\u00f6nt\u00e9se"},"content":{"rendered":"\n<p class=\"has-text-align-left has-medium-font-size wp-block-paragraph\"><strong>Kedves tiszacsegei Lakosok!<\/strong><\/p>\n\n\n\n<div style=\"height:20px\" aria-hidden=\"true\" class=\"wp-block-spacer\"><\/div>\n\n\n\n<p class=\"has-text-align-justify has-medium-font-size wp-block-paragraph\">Polg\u00e1rmesters\u00e9gem egyik legmegtisztel\u0151bb \u00e9s \u00f6r\u00f6mtelibb feladata v\u00e1rosunk sz\u00e9pkor\u00fa tagjainak k\u00f6sz\u00f6nt\u00e9se. A 90. \u00e9let\u00e9v\u00e9t bet\u00f6lt\u0151 lakosoknak szem\u00e9lyre sz\u00f3l\u00f3 minisztereln\u00f6ki \u00e9s \u00f6nkorm\u00e1nyzati oklevelet, aj\u00e1nd\u00e9kcsomagot ny\u00fajtunk \u00e1t sz\u00fclet\u00e9snapjukon.<\/p>\n\n\n\n<div style=\"height:20px\" aria-hidden=\"true\" class=\"wp-block-spacer\"><\/div>\n\n\n\n<p class=\"has-text-align-justify has-medium-font-size wp-block-paragraph\">Olyan szerencs\u00e9s telep\u00fcl\u00e9s\u00fcnk, hogy az idei \u00e9v els\u0151 h\u00e1rom h\u00f3napj\u00e1ban n\u00e9gy v\u00e1roslak\u00f3t is k\u00f6sz\u00f6nthett\u00fcnk ebb\u0151l az alkalomb\u00f3l.<\/p>\n\n\n\n<div style=\"height:20px\" aria-hidden=\"true\" class=\"wp-block-spacer\"><\/div>\n\n\n\n<p class=\"has-text-align-justify has-medium-font-size wp-block-paragraph\">2025. janu\u00e1r 30-\u00e1n k\u00f6sz\u00f6nt\u00f6tt\u00fck <strong>Ill\u00e9s J\u00e1nosn\u00e9 Kis Juliann\u00e1t<\/strong> 90. sz\u00fclet\u00e9snapja alkalm\u00e1b\u00f3l.<\/p>\n\n\n\n<div style=\"height:20px\" aria-hidden=\"true\" class=\"wp-block-spacer\"><\/div>\n\n\n\n<p class=\"has-text-align-justify has-medium-font-size wp-block-paragraph\">L\u00e1togat\u00e1sunkkor sz\u00edvesen mes\u00e9lt gyerekkor\u00e1r\u00f3l, meg\u00e9lte a h\u00e1bor\u00fat, az akkori id\u0151k neh\u00e9zs\u00e9geit, f\u00e1jdalmait. A mez\u0151gazdas\u00e1gban, majd az \u00f3vod\u00e1ban, mint dajka, szak\u00e1cs \u00e9s f\u0151szak\u00e1cs dolgozott nyugd\u00edjaz\u00e1s\u00e1ig. Nagyon szerette a gyerekeket, s\u0151t a \u201erossz\u201d gyerekeket m\u00e9g ink\u00e1bb, mert \u00e9rtett a nyelv\u00fck\u00f6n. Munkahely\u00e9n kedvelt\u00e9k, dics\u00e9rt\u00e9k, elismert\u00e9k a munk\u00e1j\u00e1t. 1986-ban kiv\u00e1l\u00f3 dolgoz\u00f3 elismer\u00e9st kapott.<\/p>\n\n\n\n<div style=\"height:20px\" aria-hidden=\"true\" class=\"wp-block-spacer\"><\/div>\n\n\n\n<p class=\"has-text-align-justify has-medium-font-size wp-block-paragraph\">Elmond\u00e1sa szerint szeret r\u00e1di\u00f3t hallgatni, de ott is ink\u00e1bb a r\u00e9gi id\u0151k n\u00f3t\u00e1it kedveli. R\u00e9gebben nagyon szeretett olvasni \u00e9s a mai napig szeret s\u00fctni, f\u0151zni.<\/p>\n\n\n\n<div style=\"height:20px\" aria-hidden=\"true\" class=\"wp-block-spacer\"><\/div>\n\n\n\n<p class=\"has-text-align-justify has-medium-font-size wp-block-paragraph\">Szeret besz\u00e9lgetni, im\u00e1dja k\u00e9t gyermek\u00e9t, \u00f6t unok\u00e1j\u00e1t, tizenegy d\u00e9dunok\u00e1j\u00e1t \u00e9s egy \u00fckunok\u00e1j\u00e1t.<\/p>\n\n\n\n<div style=\"height:20px\" aria-hidden=\"true\" class=\"wp-block-spacer\"><\/div>\n\n\n\n<p class=\"has-text-align-justify has-medium-font-size wp-block-paragraph\">Megtisztel\u0151nek \u00e9rezt\u00fck, hogy k\u00f6sz\u00f6nthett\u00fck e jeles napon Juliska n\u00e9nit, akinek k\u00edv\u00e1nunk m\u00e9g hossz\u00fa, boldog \u00e9veket j\u00f3 eg\u00e9szs\u00e9gben csal\u00e1dja k\u00f6r\u00e9ben!<\/p>\n\n\n\n<div style=\"height:20px\" aria-hidden=\"true\" class=\"wp-block-spacer\"><\/div>\n\n\n<div class=\"wp-block-image\">\n<figure class=\"aligncenter size-full\"><img fetchpriority=\"high\" decoding=\"async\" width=\"1512\" height=\"2016\" src=\"https:\/\/tiszacsege.hu\/wp-content\/uploads\/2025\/04\/IMG_3092.jpg\" alt=\"\" class=\"wp-image-26826\" srcset=\"https:\/\/tiszacsege.hu\/wp-content\/uploads\/2025\/04\/IMG_3092.jpg 1512w, https:\/\/tiszacsege.hu\/wp-content\/uploads\/2025\/04\/IMG_3092-567x756.jpg 567w, https:\/\/tiszacsege.hu\/wp-content\/uploads\/2025\/04\/IMG_3092-1280x1706.jpg 1280w, https:\/\/tiszacsege.hu\/wp-content\/uploads\/2025\/04\/IMG_3092-175x233.jpg 175w\" sizes=\"(max-width: 1512px) 100vw, 1512px\" \/><\/figure>\n<\/div>\n\n\n<div style=\"height:20px\" aria-hidden=\"true\" class=\"wp-block-spacer\"><\/div>\n\n\n\n<p class=\"has-text-align-justify has-medium-font-size wp-block-paragraph\">2025. febru\u00e1r 12-\u00e9n k\u00f6sz\u00f6nt\u00f6tt\u00fck <strong>Kov\u00e1cs J\u00f3zsefn\u00e9t sz\u00fcletett: Laki Erzs\u00e9betet<\/strong> 90. sz\u00fclet\u00e9snapja alkalm\u00e1b\u00f3l.<\/p>\n\n\n\n<div style=\"height:20px\" aria-hidden=\"true\" class=\"wp-block-spacer\"><\/div>\n\n\n\n<p class=\"has-text-align-justify has-medium-font-size wp-block-paragraph\">Erzsike n\u00e9ni nagyon v\u00e1rt m\u00e1r benn\u00fcnket. Elmes\u00e9lte, hogy sok\u00e1ig mez\u0151gazdas\u00e1gban dolgozott.<\/p>\n\n\n\n<div style=\"height:20px\" aria-hidden=\"true\" class=\"wp-block-spacer\"><\/div>\n\n\n\n<p class=\"has-text-align-justify has-medium-font-size wp-block-paragraph\">Szeret telev\u00edzi\u00f3t n\u00e9zni, zen\u00e9s m\u0171sorokat kedveli. Sz\u00edvesen tev\u00e9kenykedik az udvaron.<\/p>\n\n\n\n<div style=\"height:20px\" aria-hidden=\"true\" class=\"wp-block-spacer\"><\/div>\n\n\n\n<p class=\"has-text-align-justify has-medium-font-size wp-block-paragraph\">Kilenc gyermek, tizenh\u00e9t unoka \u00e9s tizennyolc d\u00e9dunoka b\u00fcszke a mam\u00e1ra, aki ilyen sz\u00e9p kort \u00e9rt meg.<\/p>\n\n\n\n<div style=\"height:20px\" aria-hidden=\"true\" class=\"wp-block-spacer\"><\/div>\n\n\n\n<p class=\"has-text-align-justify has-medium-font-size wp-block-paragraph\">K\u00edv\u00e1nunk m\u00e9g hossz\u00fa boldog \u00e9veket j\u00f3 eg\u00e9szs\u00e9gben csal\u00e1dja k\u00f6r\u00e9ben!<\/p>\n\n\n\n<div style=\"height:20px\" aria-hidden=\"true\" class=\"wp-block-spacer\"><\/div>\n\n\n\n<figure class=\"wp-block-image size-full\"><img decoding=\"async\" width=\"2016\" height=\"1512\" src=\"https:\/\/tiszacsege.hu\/wp-content\/uploads\/2025\/04\/IMG_3313.jpg\" alt=\"\" class=\"wp-image-26827\" srcset=\"https:\/\/tiszacsege.hu\/wp-content\/uploads\/2025\/04\/IMG_3313.jpg 2016w, https:\/\/tiszacsege.hu\/wp-content\/uploads\/2025\/04\/IMG_3313-567x425.jpg 567w, https:\/\/tiszacsege.hu\/wp-content\/uploads\/2025\/04\/IMG_3313-1280x960.jpg 1280w, https:\/\/tiszacsege.hu\/wp-content\/uploads\/2025\/04\/IMG_3313-175x131.jpg 175w, https:\/\/tiszacsege.hu\/wp-content\/uploads\/2025\/04\/IMG_3313-131x97.jpg 131w\" sizes=\"(max-width: 2016px) 100vw, 2016px\" \/><\/figure>\n\n\n\n<div style=\"height:20px\" aria-hidden=\"true\" class=\"wp-block-spacer\"><\/div>\n\n\n\n<p class=\"has-text-align-justify has-medium-font-size wp-block-paragraph\">2025. m\u00e1rcius 25-\u00e9n k\u00f6sz\u00f6nt\u00f6tt\u00fck <strong>T\u00f3th Imr\u00e9t<\/strong>, v\u00e1rosunk d\u00edszpolg\u00e1r\u00e1t 90. sz\u00fclet\u00e9snapja alkalm\u00e1b\u00f3l.<\/p>\n\n\n\n<div style=\"height:20px\" aria-hidden=\"true\" class=\"wp-block-spacer\"><\/div>\n\n\n\n<p class=\"has-text-align-justify has-medium-font-size wp-block-paragraph\">Fiatalon k\u00f6lt\u00f6z\u00f6tt feles\u00e9g\u00e9vel Tiszacseg\u00e9re, akivel akt\u00edv szerepl\u0151i lettek a helyi k\u00f6z\u00f6ss\u00e9gnek mint pedag\u00f3gusok, \u00e9s Imre b\u00e1csi mint vad\u00e1szt\u00e1rsas\u00e1gi tag. A h\u00e1zba bel\u00e9pve a csod\u00e1latos tr\u00f3fe\u00e1i is ezt bizony\u00edtj\u00e1k.<\/p>\n\n\n\n<div style=\"height:20px\" aria-hidden=\"true\" class=\"wp-block-spacer\"><\/div>\n\n\n\n<p class=\"has-text-align-justify has-medium-font-size wp-block-paragraph\">Sajnos p\u00e1r \u00e9ve m\u00e1r \u00f6zvegyk\u00e9nt \u00e9l. Seg\u00edt az egyed\u00fcll\u00e9t elvisel\u00e9s\u00e9ben a Dank\u00f3 r\u00e1di\u00f3 \u00e9s a telev\u00edzi\u00f3, melyeket sz\u00edvesen hallgat illetve n\u00e9z. Nagyon szeret keresztrejtv\u00e9nyt fejteni, kedvence a sz\u00f3keres\u0151. Rendben tartja kertj\u00e9t, vetem\u00e9nyezik.<\/p>\n\n\n\n<div style=\"height:20px\" aria-hidden=\"true\" class=\"wp-block-spacer\"><\/div>\n\n\n\n<p class=\"has-text-align-justify has-medium-font-size wp-block-paragraph\">K\u00e9t gyermeke, n\u00e9gy unok\u00e1ja \u00e9s egy d\u00e9dunok\u00e1ja jelentik sz\u00e1m\u00e1ra a legt\u00f6bbet, akik k\u00f6r\u00e9ben k\u00edv\u00e1nunk m\u00e9g hossz\u00fa, eg\u00e9szs\u00e9gben \u00e9s \u00f6r\u00f6m\u00f6kben gazdag \u00e9veket!<\/p>\n\n\n\n<div style=\"height:20px\" aria-hidden=\"true\" class=\"wp-block-spacer\"><\/div>\n\n\n\n<figure class=\"wp-block-image size-full\"><img decoding=\"async\" width=\"1512\" height=\"2016\" src=\"https:\/\/tiszacsege.hu\/wp-content\/uploads\/2025\/04\/IMG_3651.jpg\" alt=\"\" class=\"wp-image-26828\" srcset=\"https:\/\/tiszacsege.hu\/wp-content\/uploads\/2025\/04\/IMG_3651.jpg 1512w, https:\/\/tiszacsege.hu\/wp-content\/uploads\/2025\/04\/IMG_3651-567x756.jpg 567w, https:\/\/tiszacsege.hu\/wp-content\/uploads\/2025\/04\/IMG_3651-1280x1706.jpg 1280w, https:\/\/tiszacsege.hu\/wp-content\/uploads\/2025\/04\/IMG_3651-175x233.jpg 175w\" sizes=\"(max-width: 1512px) 100vw, 1512px\" \/><\/figure>\n\n\n\n<div style=\"height:20px\" aria-hidden=\"true\" class=\"wp-block-spacer\"><\/div>\n\n\n\n<p class=\"has-text-align-justify has-medium-font-size wp-block-paragraph\">2025. \u00e1prilis 1. napj\u00e1n k\u00f6sz\u00f6nt\u00f6tt\u00fck <strong>Czell\u00e1th J\u00f3zsefn\u00e9 sz\u00fcletett: Kamenszky M\u00e1ria Ir\u00e9nt<\/strong> 90. sz\u00fclet\u00e9snapja alkalm\u00e1b\u00f3l.<\/p>\n\n\n\n<div style=\"height:20px\" aria-hidden=\"true\" class=\"wp-block-spacer\"><\/div>\n\n\n\n<p class=\"has-text-align-justify has-medium-font-size wp-block-paragraph\">\u00c9lm\u00e9nyekkel telve mes\u00e9lt fiatal kor\u00e1r\u00f3l, sz\u00fcleir\u0151l, csal\u00e1dj\u00e1r\u00f3l az id\u0151s, de ann\u00e1l akt\u00edvabb Marika n\u00e9ni. Az \u00f3zdi koh\u00e1szatban dolgozott \u00e9s onnan ment nyugd\u00edjba. 1994-ben j\u00f6ttek Tiszacseg\u00e9re n\u00e9hai f\u00e9rj\u00e9vel \u00e9s az \u00dcd\u00fcl\u0151 faluban \u00e9p\u00edtkeztek.<\/p>\n\n\n\n<div style=\"height:20px\" aria-hidden=\"true\" class=\"wp-block-spacer\"><\/div>\n\n\n\n<p class=\"has-text-align-justify has-medium-font-size wp-block-paragraph\">Szeret telev\u00edzi\u00f3t n\u00e9zni, besz\u00e9lgetni. Mai napig megf\u0151z \u00e9s mindig az \u00e1ltala elk\u00e9sz\u00edtett \u00e9tellel v\u00e1rja gyermekit unok\u00e1it, ha haza l\u00e1togatnak hozz\u00e1.<\/p>\n\n\n\n<div style=\"height:20px\" aria-hidden=\"true\" class=\"wp-block-spacer\"><\/div>\n\n\n\n<p class=\"has-text-align-justify has-medium-font-size wp-block-paragraph\">\u00d6r\u00f6mmel k\u00f6sz\u00f6nt\u00f6tt\u00fck a jeles napon Marika n\u00e9nit, akinek k\u00edv\u00e1nunk m\u00e9g hossz\u00fa boldog \u00e9veket j\u00f3 eg\u00e9szs\u00e9gben csal\u00e1dja k\u00f6r\u00e9ben!<\/p>\n\n\n\n<div style=\"height:20px\" aria-hidden=\"true\" class=\"wp-block-spacer\"><\/div>\n\n\n\n<figure class=\"wp-block-image size-large\"><img loading=\"lazy\" decoding=\"async\" width=\"1280\" height=\"960\" src=\"https:\/\/tiszacsege.hu\/wp-content\/uploads\/2025\/04\/IMG_3991-1280x960.jpg\" alt=\"\" class=\"wp-image-26829\" srcset=\"https:\/\/tiszacsege.hu\/wp-content\/uploads\/2025\/04\/IMG_3991-1280x960.jpg 1280w, https:\/\/tiszacsege.hu\/wp-content\/uploads\/2025\/04\/IMG_3991-567x425.jpg 567w, https:\/\/tiszacsege.hu\/wp-content\/uploads\/2025\/04\/IMG_3991-175x131.jpg 175w, https:\/\/tiszacsege.hu\/wp-content\/uploads\/2025\/04\/IMG_3991-131x97.jpg 131w, https:\/\/tiszacsege.hu\/wp-content\/uploads\/2025\/04\/IMG_3991.jpg 2016w\" sizes=\"(max-width: 1280px) 100vw, 1280px\" \/><\/figure>\n\n\n\n<p class=\"wp-block-paragraph\"><\/p>\n","protected":false},"excerpt":{"rendered":"<p>Kedves tiszacsegei Lakosok! Polg\u00e1rmesters\u00e9gem egyik legmegtisztel\u0151bb \u00e9s \u00f6r\u00f6mtelibb feladata v\u00e1rosunk sz\u00e9pkor\u00fa tagjainak k\u00f6sz\u00f6nt\u00e9se. A 90. \u00e9let\u00e9v\u00e9t bet\u00f6lt\u0151 lakosoknak szem\u00e9lyre sz\u00f3l\u00f3 minisztereln\u00f6ki \u00e9s \u00f6nkorm\u00e1nyzati oklevelet, aj\u00e1nd\u00e9kcsomagot ny\u00fajtunk \u00e1t sz\u00fclet\u00e9snapjukon. Olyan szerencs\u00e9s telep\u00fcl\u00e9s\u00fcnk, hogy az idei \u00e9v els\u0151 h\u00e1rom h\u00f3napj\u00e1ban n\u00e9gy v\u00e1roslak\u00f3t is k\u00f6sz\u00f6nthett\u00fcnk ebb\u0151l az alkalomb\u00f3l. 2025. janu\u00e1r 30-\u00e1n k\u00f6sz\u00f6nt\u00f6tt\u00fck Ill\u00e9s J\u00e1nosn\u00e9 Kis Juliann\u00e1t 90. sz\u00fclet\u00e9snapja [&hellip;]<\/p>\n","protected":false},"author":1,"featured_media":26831,"comment_status":"closed","ping_status":"closed","sticky":false,"template":"","format":"standard","meta":{"_editorskit_title_hidden":false,"_editorskit_reading_time":0,"_editorskit_is_block_options_detached":false,"_editorskit_block_options_position":"{}","_crdt_document":"","footnotes":""},"categories":[1],"tags":[],"post_folder":[],"class_list":["post-26825","post","type-post","status-publish","format-standard","has-post-thumbnail","hentry","category-hirek"],"yoast_head":"<!-- This site is optimized with the Yoast SEO plugin v27.4 - https:\/\/yoast.com\/product\/yoast-seo-wordpress\/ -->\n<title>Sz\u00e9pkor\u00faak k\u00f6sz\u00f6nt\u00e9se<\/title>\n<meta name=\"robots\" content=\"index, follow, max-snippet:-1, max-image-preview:large, max-video-preview:-1\" \/>\n<link rel=\"canonical\" href=\"https:\/\/tiszacsege.hu\/?p=26825\" \/>\n<meta property=\"og:locale\" content=\"hu_HU\" \/>\n<meta property=\"og:type\" content=\"article\" \/>\n<meta property=\"og:title\" content=\"Sz\u00e9pkor\u00faak k\u00f6sz\u00f6nt\u00e9se\" \/>\n<meta property=\"og:description\" content=\"Kedves tiszacsegei Lakosok! Polg\u00e1rmesters\u00e9gem egyik legmegtisztel\u0151bb \u00e9s \u00f6r\u00f6mtelibb feladata v\u00e1rosunk sz\u00e9pkor\u00fa tagjainak k\u00f6sz\u00f6nt\u00e9se. A 90. \u00e9let\u00e9v\u00e9t bet\u00f6lt\u0151 lakosoknak szem\u00e9lyre sz\u00f3l\u00f3 minisztereln\u00f6ki \u00e9s \u00f6nkorm\u00e1nyzati oklevelet, aj\u00e1nd\u00e9kcsomagot ny\u00fajtunk \u00e1t sz\u00fclet\u00e9snapjukon. Olyan szerencs\u00e9s telep\u00fcl\u00e9s\u00fcnk, hogy az idei \u00e9v els\u0151 h\u00e1rom h\u00f3napj\u00e1ban n\u00e9gy v\u00e1roslak\u00f3t is k\u00f6sz\u00f6nthett\u00fcnk ebb\u0151l az alkalomb\u00f3l. 2025. janu\u00e1r 30-\u00e1n k\u00f6sz\u00f6nt\u00f6tt\u00fck Ill\u00e9s J\u00e1nosn\u00e9 Kis Juliann\u00e1t 90. sz\u00fclet\u00e9snapja [&hellip;]\" \/>\n<meta property=\"og:url\" content=\"https:\/\/tiszacsege.hu\/?p=26825\" \/>\n<meta property=\"og:site_name\" content=\"Tiszacsege\" \/>\n<meta property=\"article:publisher\" content=\"https:\/\/www.facebook.com\/tiszacsegeonkormanyzata\" \/>\n<meta property=\"article:published_time\" content=\"2025-04-09T09:16:26+00:00\" \/>\n<meta property=\"article:modified_time\" content=\"2025-04-09T09:16:29+00:00\" \/>\n<meta property=\"og:image\" content=\"https:\/\/tiszacsege.hu\/wp-content\/uploads\/2025\/04\/szepkoruak_koszontese_2025_1.jpg\" \/>\n\t<meta property=\"og:image:width\" content=\"1671\" \/>\n\t<meta property=\"og:image:height\" content=\"1278\" \/>\n\t<meta property=\"og:image:type\" content=\"image\/jpeg\" \/>\n<meta name=\"author\" content=\"admin\" \/>\n<meta name=\"twitter:card\" content=\"summary_large_image\" \/>\n<script type=\"application\/ld+json\" class=\"yoast-schema-graph\">{\"@context\":\"https:\\\/\\\/schema.org\",\"@graph\":[{\"@type\":\"Article\",\"@id\":\"https:\\\/\\\/tiszacsege.hu\\\/?p=26825#article\",\"isPartOf\":{\"@id\":\"https:\\\/\\\/tiszacsege.hu\\\/?p=26825\"},\"author\":{\"name\":\"admin\",\"@id\":\"https:\\\/\\\/tiszacsege.hu\\\/#\\\/schema\\\/person\\\/ff2f4e3a9747199f545a2cf351f25334\"},\"headline\":\"Sz\u00e9pkor\u00faak k\u00f6sz\u00f6nt\u00e9se\",\"datePublished\":\"2025-04-09T09:16:26+00:00\",\"dateModified\":\"2025-04-09T09:16:29+00:00\",\"mainEntityOfPage\":{\"@id\":\"https:\\\/\\\/tiszacsege.hu\\\/?p=26825\"},\"wordCount\":687,\"publisher\":{\"@id\":\"https:\\\/\\\/tiszacsege.hu\\\/#organization\"},\"image\":{\"@id\":\"https:\\\/\\\/tiszacsege.hu\\\/?p=26825#primaryimage\"},\"thumbnailUrl\":\"https:\\\/\\\/tiszacsege.hu\\\/wp-content\\\/uploads\\\/2025\\\/04\\\/szepkoruak_koszontese_2025_1.jpg\",\"articleSection\":[\"Helyi h\u00edrek, t\u00e1j\u00e9koztat\u00f3k\"],\"inLanguage\":\"hu\"},{\"@type\":\"WebPage\",\"@id\":\"https:\\\/\\\/tiszacsege.hu\\\/?p=26825\",\"url\":\"https:\\\/\\\/tiszacsege.hu\\\/?p=26825\",\"name\":\"Sz\u00e9pkor\u00faak k\u00f6sz\u00f6nt\u00e9se\",\"isPartOf\":{\"@id\":\"https:\\\/\\\/tiszacsege.hu\\\/#website\"},\"primaryImageOfPage\":{\"@id\":\"https:\\\/\\\/tiszacsege.hu\\\/?p=26825#primaryimage\"},\"image\":{\"@id\":\"https:\\\/\\\/tiszacsege.hu\\\/?p=26825#primaryimage\"},\"thumbnailUrl\":\"https:\\\/\\\/tiszacsege.hu\\\/wp-content\\\/uploads\\\/2025\\\/04\\\/szepkoruak_koszontese_2025_1.jpg\",\"datePublished\":\"2025-04-09T09:16:26+00:00\",\"dateModified\":\"2025-04-09T09:16:29+00:00\",\"breadcrumb\":{\"@id\":\"https:\\\/\\\/tiszacsege.hu\\\/?p=26825#breadcrumb\"},\"inLanguage\":\"hu\",\"potentialAction\":[{\"@type\":\"ReadAction\",\"target\":[\"https:\\\/\\\/tiszacsege.hu\\\/?p=26825\"]}]},{\"@type\":\"ImageObject\",\"inLanguage\":\"hu\",\"@id\":\"https:\\\/\\\/tiszacsege.hu\\\/?p=26825#primaryimage\",\"url\":\"https:\\\/\\\/tiszacsege.hu\\\/wp-content\\\/uploads\\\/2025\\\/04\\\/szepkoruak_koszontese_2025_1.jpg\",\"contentUrl\":\"https:\\\/\\\/tiszacsege.hu\\\/wp-content\\\/uploads\\\/2025\\\/04\\\/szepkoruak_koszontese_2025_1.jpg\",\"width\":1671,\"height\":1278},{\"@type\":\"BreadcrumbList\",\"@id\":\"https:\\\/\\\/tiszacsege.hu\\\/?p=26825#breadcrumb\",\"itemListElement\":[{\"@type\":\"ListItem\",\"position\":1,\"name\":\"Kezd\u0151lap\",\"item\":\"https:\\\/\\\/tiszacsege.hu\\\/\"},{\"@type\":\"ListItem\",\"position\":2,\"name\":\"Sz\u00e9pkor\u00faak k\u00f6sz\u00f6nt\u00e9se\"}]},{\"@type\":\"WebSite\",\"@id\":\"https:\\\/\\\/tiszacsege.hu\\\/#website\",\"url\":\"https:\\\/\\\/tiszacsege.hu\\\/\",\"name\":\"Tiszacsege\",\"description\":\"Tiszacsege hivatalos honlapja\",\"publisher\":{\"@id\":\"https:\\\/\\\/tiszacsege.hu\\\/#organization\"},\"potentialAction\":[{\"@type\":\"SearchAction\",\"target\":{\"@type\":\"EntryPoint\",\"urlTemplate\":\"https:\\\/\\\/tiszacsege.hu\\\/?s={search_term_string}\"},\"query-input\":{\"@type\":\"PropertyValueSpecification\",\"valueRequired\":true,\"valueName\":\"search_term_string\"}}],\"inLanguage\":\"hu\"},{\"@type\":\"Organization\",\"@id\":\"https:\\\/\\\/tiszacsege.hu\\\/#organization\",\"name\":\"Tiszacsege\",\"url\":\"https:\\\/\\\/tiszacsege.hu\\\/\",\"logo\":{\"@type\":\"ImageObject\",\"inLanguage\":\"hu\",\"@id\":\"https:\\\/\\\/tiszacsege.hu\\\/#\\\/schema\\\/logo\\\/image\\\/\",\"url\":\"https:\\\/\\\/tiszacsege.hu\\\/wp-content\\\/uploads\\\/2020\\\/10\\\/tiszacsege_logo_rovid2-1.png\",\"contentUrl\":\"https:\\\/\\\/tiszacsege.hu\\\/wp-content\\\/uploads\\\/2020\\\/10\\\/tiszacsege_logo_rovid2-1.png\",\"width\":500,\"height\":150,\"caption\":\"Tiszacsege\"},\"image\":{\"@id\":\"https:\\\/\\\/tiszacsege.hu\\\/#\\\/schema\\\/logo\\\/image\\\/\"},\"sameAs\":[\"https:\\\/\\\/www.facebook.com\\\/tiszacsegeonkormanyzata\"]},{\"@type\":\"Person\",\"@id\":\"https:\\\/\\\/tiszacsege.hu\\\/#\\\/schema\\\/person\\\/ff2f4e3a9747199f545a2cf351f25334\",\"name\":\"admin\",\"image\":{\"@type\":\"ImageObject\",\"inLanguage\":\"hu\",\"@id\":\"https:\\\/\\\/secure.gravatar.com\\\/avatar\\\/52224ccae048f9be8fd8d745a33eff630818f8bd5c43790479a2754dcef4b69b?s=96&d=mm&r=g\",\"url\":\"https:\\\/\\\/secure.gravatar.com\\\/avatar\\\/52224ccae048f9be8fd8d745a33eff630818f8bd5c43790479a2754dcef4b69b?s=96&d=mm&r=g\",\"contentUrl\":\"https:\\\/\\\/secure.gravatar.com\\\/avatar\\\/52224ccae048f9be8fd8d745a33eff630818f8bd5c43790479a2754dcef4b69b?s=96&d=mm&r=g\",\"caption\":\"admin\"},\"url\":\"https:\\\/\\\/tiszacsege.hu\\\/?author=1\"}]}<\/script>\n<!-- \/ Yoast SEO plugin. -->","yoast_head_json":{"title":"Sz\u00e9pkor\u00faak k\u00f6sz\u00f6nt\u00e9se","robots":{"index":"index","follow":"follow","max-snippet":"max-snippet:-1","max-image-preview":"max-image-preview:large","max-video-preview":"max-video-preview:-1"},"canonical":"https:\/\/tiszacsege.hu\/?p=26825","og_locale":"hu_HU","og_type":"article","og_title":"Sz\u00e9pkor\u00faak k\u00f6sz\u00f6nt\u00e9se","og_description":"Kedves tiszacsegei Lakosok! Polg\u00e1rmesters\u00e9gem egyik legmegtisztel\u0151bb \u00e9s \u00f6r\u00f6mtelibb feladata v\u00e1rosunk sz\u00e9pkor\u00fa tagjainak k\u00f6sz\u00f6nt\u00e9se. A 90. \u00e9let\u00e9v\u00e9t bet\u00f6lt\u0151 lakosoknak szem\u00e9lyre sz\u00f3l\u00f3 minisztereln\u00f6ki \u00e9s \u00f6nkorm\u00e1nyzati oklevelet, aj\u00e1nd\u00e9kcsomagot ny\u00fajtunk \u00e1t sz\u00fclet\u00e9snapjukon. Olyan szerencs\u00e9s telep\u00fcl\u00e9s\u00fcnk, hogy az idei \u00e9v els\u0151 h\u00e1rom h\u00f3napj\u00e1ban n\u00e9gy v\u00e1roslak\u00f3t is k\u00f6sz\u00f6nthett\u00fcnk ebb\u0151l az alkalomb\u00f3l. 2025. janu\u00e1r 30-\u00e1n k\u00f6sz\u00f6nt\u00f6tt\u00fck Ill\u00e9s J\u00e1nosn\u00e9 Kis Juliann\u00e1t 90. sz\u00fclet\u00e9snapja [&hellip;]","og_url":"https:\/\/tiszacsege.hu\/?p=26825","og_site_name":"Tiszacsege","article_publisher":"https:\/\/www.facebook.com\/tiszacsegeonkormanyzata","article_published_time":"2025-04-09T09:16:26+00:00","article_modified_time":"2025-04-09T09:16:29+00:00","og_image":[{"width":1671,"height":1278,"url":"https:\/\/tiszacsege.hu\/wp-content\/uploads\/2025\/04\/szepkoruak_koszontese_2025_1.jpg","type":"image\/jpeg"}],"author":"admin","twitter_card":"summary_large_image","schema":{"@context":"https:\/\/schema.org","@graph":[{"@type":"Article","@id":"https:\/\/tiszacsege.hu\/?p=26825#article","isPartOf":{"@id":"https:\/\/tiszacsege.hu\/?p=26825"},"author":{"name":"admin","@id":"https:\/\/tiszacsege.hu\/#\/schema\/person\/ff2f4e3a9747199f545a2cf351f25334"},"headline":"Sz\u00e9pkor\u00faak k\u00f6sz\u00f6nt\u00e9se","datePublished":"2025-04-09T09:16:26+00:00","dateModified":"2025-04-09T09:16:29+00:00","mainEntityOfPage":{"@id":"https:\/\/tiszacsege.hu\/?p=26825"},"wordCount":687,"publisher":{"@id":"https:\/\/tiszacsege.hu\/#organization"},"image":{"@id":"https:\/\/tiszacsege.hu\/?p=26825#primaryimage"},"thumbnailUrl":"https:\/\/tiszacsege.hu\/wp-content\/uploads\/2025\/04\/szepkoruak_koszontese_2025_1.jpg","articleSection":["Helyi h\u00edrek, t\u00e1j\u00e9koztat\u00f3k"],"inLanguage":"hu"},{"@type":"WebPage","@id":"https:\/\/tiszacsege.hu\/?p=26825","url":"https:\/\/tiszacsege.hu\/?p=26825","name":"Sz\u00e9pkor\u00faak k\u00f6sz\u00f6nt\u00e9se","isPartOf":{"@id":"https:\/\/tiszacsege.hu\/#website"},"primaryImageOfPage":{"@id":"https:\/\/tiszacsege.hu\/?p=26825#primaryimage"},"image":{"@id":"https:\/\/tiszacsege.hu\/?p=26825#primaryimage"},"thumbnailUrl":"https:\/\/tiszacsege.hu\/wp-content\/uploads\/2025\/04\/szepkoruak_koszontese_2025_1.jpg","datePublished":"2025-04-09T09:16:26+00:00","dateModified":"2025-04-09T09:16:29+00:00","breadcrumb":{"@id":"https:\/\/tiszacsege.hu\/?p=26825#breadcrumb"},"inLanguage":"hu","potentialAction":[{"@type":"ReadAction","target":["https:\/\/tiszacsege.hu\/?p=26825"]}]},{"@type":"ImageObject","inLanguage":"hu","@id":"https:\/\/tiszacsege.hu\/?p=26825#primaryimage","url":"https:\/\/tiszacsege.hu\/wp-content\/uploads\/2025\/04\/szepkoruak_koszontese_2025_1.jpg","contentUrl":"https:\/\/tiszacsege.hu\/wp-content\/uploads\/2025\/04\/szepkoruak_koszontese_2025_1.jpg","width":1671,"height":1278},{"@type":"BreadcrumbList","@id":"https:\/\/tiszacsege.hu\/?p=26825#breadcrumb","itemListElement":[{"@type":"ListItem","position":1,"name":"Kezd\u0151lap","item":"https:\/\/tiszacsege.hu\/"},{"@type":"ListItem","position":2,"name":"Sz\u00e9pkor\u00faak k\u00f6sz\u00f6nt\u00e9se"}]},{"@type":"WebSite","@id":"https:\/\/tiszacsege.hu\/#website","url":"https:\/\/tiszacsege.hu\/","name":"Tiszacsege","description":"Tiszacsege hivatalos honlapja","publisher":{"@id":"https:\/\/tiszacsege.hu\/#organization"},"potentialAction":[{"@type":"SearchAction","target":{"@type":"EntryPoint","urlTemplate":"https:\/\/tiszacsege.hu\/?s={search_term_string}"},"query-input":{"@type":"PropertyValueSpecification","valueRequired":true,"valueName":"search_term_string"}}],"inLanguage":"hu"},{"@type":"Organization","@id":"https:\/\/tiszacsege.hu\/#organization","name":"Tiszacsege","url":"https:\/\/tiszacsege.hu\/","logo":{"@type":"ImageObject","inLanguage":"hu","@id":"https:\/\/tiszacsege.hu\/#\/schema\/logo\/image\/","url":"https:\/\/tiszacsege.hu\/wp-content\/uploads\/2020\/10\/tiszacsege_logo_rovid2-1.png","contentUrl":"https:\/\/tiszacsege.hu\/wp-content\/uploads\/2020\/10\/tiszacsege_logo_rovid2-1.png","width":500,"height":150,"caption":"Tiszacsege"},"image":{"@id":"https:\/\/tiszacsege.hu\/#\/schema\/logo\/image\/"},"sameAs":["https:\/\/www.facebook.com\/tiszacsegeonkormanyzata"]},{"@type":"Person","@id":"https:\/\/tiszacsege.hu\/#\/schema\/person\/ff2f4e3a9747199f545a2cf351f25334","name":"admin","image":{"@type":"ImageObject","inLanguage":"hu","@id":"https:\/\/secure.gravatar.com\/avatar\/52224ccae048f9be8fd8d745a33eff630818f8bd5c43790479a2754dcef4b69b?s=96&d=mm&r=g","url":"https:\/\/secure.gravatar.com\/avatar\/52224ccae048f9be8fd8d745a33eff630818f8bd5c43790479a2754dcef4b69b?s=96&d=mm&r=g","contentUrl":"https:\/\/secure.gravatar.com\/avatar\/52224ccae048f9be8fd8d745a33eff630818f8bd5c43790479a2754dcef4b69b?s=96&d=mm&r=g","caption":"admin"},"url":"https:\/\/tiszacsege.hu\/?author=1"}]}},"_links":{"self":[{"href":"https:\/\/tiszacsege.hu\/index.php?rest_route=\/wp\/v2\/posts\/26825","targetHints":{"allow":["GET"]}}],"collection":[{"href":"https:\/\/tiszacsege.hu\/index.php?rest_route=\/wp\/v2\/posts"}],"about":[{"href":"https:\/\/tiszacsege.hu\/index.php?rest_route=\/wp\/v2\/types\/post"}],"author":[{"embeddable":true,"href":"https:\/\/tiszacsege.hu\/index.php?rest_route=\/wp\/v2\/users\/1"}],"replies":[{"embeddable":true,"href":"https:\/\/tiszacsege.hu\/index.php?rest_route=%2Fwp%2Fv2%2Fcomments&post=26825"}],"version-history":[{"count":2,"href":"https:\/\/tiszacsege.hu\/index.php?rest_route=\/wp\/v2\/posts\/26825\/revisions"}],"predecessor-version":[{"id":26832,"href":"https:\/\/tiszacsege.hu\/index.php?rest_route=\/wp\/v2\/posts\/26825\/revisions\/26832"}],"wp:featuredmedia":[{"embeddable":true,"href":"https:\/\/tiszacsege.hu\/index.php?rest_route=\/wp\/v2\/media\/26831"}],"wp:attachment":[{"href":"https:\/\/tiszacsege.hu\/index.php?rest_route=%2Fwp%2Fv2%2Fmedia&parent=26825"}],"wp:term":[{"taxonomy":"category","embeddable":true,"href":"https:\/\/tiszacsege.hu\/index.php?rest_route=%2Fwp%2Fv2%2Fcategories&post=26825"},{"taxonomy":"post_tag","embeddable":true,"href":"https:\/\/tiszacsege.hu\/index.php?rest_route=%2Fwp%2Fv2%2Ftags&post=26825"},{"taxonomy":"post_folder","embeddable":true,"href":"https:\/\/tiszacsege.hu\/index.php?rest_route=%2Fwp%2Fv2%2Fpost_folder&post=26825"}],"curies":[{"name":"wp","href":"https:\/\/api.w.org\/{rel}","templated":true}]}}