{"id":27086,"date":"2025-06-02T13:38:20","date_gmt":"2025-06-02T11:38:20","guid":{"rendered":"https:\/\/tiszacsege.hu\/?p=27086"},"modified":"2025-06-02T13:38:22","modified_gmt":"2025-06-02T11:38:22","slug":"felhivas-a-2025-evi-varosi-elismeresekkel-kapcsolatos-javaslattetelre","status":"publish","type":"post","link":"https:\/\/tiszacsege.hu\/?p=27086","title":{"rendered":"Felh\u00edv\u00e1s a 2025. \u00e9vi v\u00e1rosi elismer\u00e9sekkel kapcsolatos javaslatt\u00e9telre"},"content":{"rendered":"\n<p class=\"has-text-align-justify has-black-color has-text-color has-link-color has-medium-font-size wp-elements-7570902e3f48f5948604d6e6d0973b74 wp-block-paragraph\"><strong>Tiszacsege V\u00e1ros \u00d6nkorm\u00e1nyzata K\u00e9pvisel\u0151-test\u00fclet\u00e9nek az \u00d6nkorm\u00e1nyzat \u00e1ltal alap\u00edtott \u00e9s adom\u00e1nyozott elismer\u0151 c\u00edmr\u0151l, kit\u00fcntet\u00e9sekr\u0151l \u00e9s d\u00edjakr\u00f3l sz\u00f3l\u00f3 3\/2001. (II. 1.) \u00f6nkorm\u00e1nyzati rendelete al\u00e1bbiakban id\u00e9zett rendelkez\u00e9sei alapj\u00e1n <u>2025. j\u00fanius 10. napj\u00e1ig<\/u> v\u00e1rjuk a javaslatt\u00e9teli joggal rendelkez\u0151 szem\u00e9lyek \u00e9s szervezetek ind\u00edtv\u00e1ny\u00e1t.<\/strong><\/p>\n\n\n\n<div style=\"height:20px\" aria-hidden=\"true\" class=\"wp-block-spacer\"><\/div>\n\n\n\n<p class=\"has-text-align-justify has-black-color has-text-color has-link-color has-medium-font-size wp-elements-8d0d5534d6463fa0f7ef6259d6629e09 wp-block-paragraph\"><strong>Az \u00edr\u00e1sbeli javaslatokat Tiszacsege V\u00e1ros \u00d6nkorm\u00e1nyzata K\u00e9pvisel\u0151-test\u00fclete P\u00e9nz\u00fcgyi \u00e9s \u00dcgyrendi Bizotts\u00e1ga eln\u00f6k\u00e9nek c\u00edmezve, <u>pap\u00edralapon<\/u> a Tiszacsegei K\u00f6z\u00f6s \u00d6nkorm\u00e1nyzati Hivatal Titk\u00e1rs\u00e1g\u00e1n szem\u00e9lyesen, illetve postai \u00faton (4066 Tiszacsege, Kossuth utca 5.) vagy <u>elektronikus form\u00e1ban<\/u> (a pap\u00edralap\u00fa adatlap szkennelt v\u00e1ltozat\u00e1nak megk\u00fcld\u00e9s\u00e9vel) a <span style=\"text-decoration: underline;\"><mark style=\"background-color:rgba(0, 0, 0, 0)\" class=\"has-inline-color has-vivid-cyan-blue-color\">pmhivatal[kukac]tiszacsege[pont]hu<\/mark><\/span> e-mail c\u00edmen lehet beny\u00fajtani.<\/strong><\/p>\n\n\n\n<div style=\"height:20px\" aria-hidden=\"true\" class=\"wp-block-spacer\"><\/div>\n\n\n\n<p class=\"has-text-align-center has-black-color has-text-color has-link-color has-medium-font-size wp-elements-3dc4d496e62a2132003948ed310f14c5 wp-block-paragraph\"><strong>D\u00cdSZPOLG\u00c1RI C\u00cdM<\/strong><\/p>\n\n\n\n<div style=\"height:20px\" aria-hidden=\"true\" class=\"wp-block-spacer\"><\/div>\n\n\n\n<p class=\"has-text-align-justify has-black-color has-text-color has-link-color has-medium-font-size wp-elements-48c3e2c40b08496e204e20246455fd39 wp-block-paragraph\">2.\u2005\u00a7 (1) Tiszacsege V\u00e1ros \u00d6nkorm\u00e1nyzata azoknak a szem\u00e9lyeknek a munk\u00e1ja elismer\u00e9s\u00e9\u00fcl, akik a v\u00e1ros \u00e9rdek\u00e9ben \u00e9s jav\u00e1ra sikeres tev\u00e9kenys\u00e9get folytatnak &#8222;D\u00edszpolg\u00e1ri c\u00edm&#8221;-et alap\u00edt, mely a v\u00e1ros \u00e1ltal adom\u00e1nyozhat\u00f3 legmagasabb kit\u00fcntet\u00e9s.<\/p>\n\n\n\n<div style=\"height:20px\" aria-hidden=\"true\" class=\"wp-block-spacer\"><\/div>\n\n\n\n<p class=\"has-text-align-justify has-black-color has-text-color has-link-color has-medium-font-size wp-elements-d4a11c5dcdac5eb5fb00c4db7b241d82 wp-block-paragraph\">(2) &#8222;D\u00edszpolg\u00e1ri c\u00edm&#8221; adom\u00e1nyozhat\u00f3 azoknak a szem\u00e9lyeknek, akik:<\/p>\n\n\n\n<ol style=\"list-style-type:lower-alpha\" class=\"wp-block-list\">\n<li class=\"has-black-color has-text-color has-link-color has-medium-font-size wp-elements-ad3039d1821dc8df0096a456502633c8\">Tiszacsege V\u00e1ros fejleszt\u00e9s\u00e9\u00e9rt kiemelked\u0151en dolgoztak, t\u00e1rsadalmi, gazdas\u00e1gi, kultur\u00e1lis \u00e9s tudom\u00e1nyos t\u00e9ren maradand\u00f3 alkot\u00e1saikkal el\u0151seg\u00edtett\u00e9k a telep\u00fcl\u00e9s fejl\u0151d\u00e9s\u00e9t, lakoss\u00e1g\u00e1nak kultur\u00e1lis \u00e9s gazdas\u00e1gi el\u0151rehalad\u00e1s\u00e1t,<br><\/li>\n\n\n\n<li class=\"has-black-color has-text-color has-link-color has-medium-font-size wp-elements-c7079a1925203d243ce1abdb07d776ab\">kimagasl\u00f3 munk\u00e1ss\u00e1gukkal, tev\u00e9kenys\u00e9g\u00fckkel k\u00f6zvetlen hozz\u00e1j\u00e1rultak Tiszacsege V\u00e1ros fejl\u0151d\u00e9s\u00e9hez, a telep\u00fcl\u00e9s tekint\u00e9ly\u00e9nek, h\u00edrnev\u00e9nek \u00f6regb\u00edt\u00e9s\u00e9hez,<br><\/li>\n\n\n\n<li class=\"has-black-color has-text-color has-link-color has-medium-font-size wp-elements-356dac15e091dc0272bb141ae5a4eb36\">a c\u00edm hazai vagy k\u00fclf\u00f6ldi kimagasl\u00f3 szem\u00e9lyis\u00e9geknek is adhat\u00f3.<\/li>\n<\/ol>\n\n\n\n<div style=\"height:20px\" aria-hidden=\"true\" class=\"wp-block-spacer\"><\/div>\n\n\n\n<p class=\"has-text-align-justify has-black-color has-text-color has-link-color has-medium-font-size wp-elements-965de3965712c6890d8c10389d3b8a13 wp-block-paragraph\">3. \u00a7 (3) A &#8222;D\u00edszpolg\u00e1ri c\u00edm&#8221; adom\u00e1nyoz\u00e1s\u00e1ra alkalomhoz k\u00f6t\u00f6tten a K\u00e9pvisel\u0151-test\u00fclet hat\u00e1rozata szerint ker\u00fcl sor.<\/p>\n\n\n\n<div style=\"height:20px\" aria-hidden=\"true\" class=\"wp-block-spacer\"><\/div>\n\n\n\n<p class=\"has-text-align-justify has-black-color has-text-color has-link-color has-medium-font-size wp-elements-eb4a7768a4fdb2430512f5fb56e2a8e3 wp-block-paragraph\">(4) A &#8222;D\u00edszpolg\u00e1ri c\u00edm&#8221;-et &#8211; a v\u00e1ros lakoss\u00e1ga nev\u00e9ben &#8211; az \u00f6nkorm\u00e1nyzat adom\u00e1nyozza.<\/p>\n\n\n\n<div style=\"height:20px\" aria-hidden=\"true\" class=\"wp-block-spacer\"><\/div>\n\n\n\n<p class=\"has-black-color has-text-color has-link-color has-medium-font-size wp-elements-df650fde0e21a23cd0d55da41fcc3e90 wp-block-paragraph\">3.\u2005\u00a7 (1) A &#8222;D\u00edszpolg\u00e1ri c\u00edm,&#8221; adom\u00e1nyoz\u00e1s\u00e1ra javaslatot tehet:<\/p>\n\n\n\n<ol style=\"list-style-type:lower-alpha\" class=\"wp-block-list\">\n<li class=\"has-black-color has-text-color has-link-color has-medium-font-size wp-elements-a2ae6f3c5bc2227b7d9d6d7257fb8b7d\">a helyi t\u00e1rsadalmi szervezetek, \u00e9rdekk\u00f6z\u00f6ss\u00e9gek, egyes\u00fcletek, gazdas\u00e1gi t\u00e1rsas\u00e1gok \u00e9s int\u00e9zm\u00e9nyek vezet\u0151je,<\/li>\n<\/ol>\n\n\n\n<p class=\"wp-block-paragraph\">[&#8230;]<\/p>\n\n\n\n<div style=\"height:20px\" aria-hidden=\"true\" class=\"wp-block-spacer\"><\/div>\n\n\n\n<p class=\"has-text-align-center has-black-color has-text-color has-link-color has-medium-font-size wp-elements-4a1ef08d4bca3aad8562e08d0c0aa0c1 wp-block-paragraph\"><strong>K\u00d6ZSZOLG\u00c1LATI D\u00cdJ<\/strong><\/p>\n\n\n\n<div style=\"height:20px\" aria-hidden=\"true\" class=\"wp-block-spacer\"><\/div>\n\n\n\n<p class=\"has-text-align-justify has-black-color has-text-color has-link-color has-medium-font-size wp-elements-a772153bd4021ee903c9408fbd5a9707 wp-block-paragraph\">6.\u2005\u00a7 (1) Tiszacsege V\u00e1ros \u00d6nkorm\u00e1nyzata azon term\u00e9szetes \u00e9s jogi szem\u00e9lyek r\u00e9sz\u00e9re, akik a telep\u00fcl\u00e9s \u00e9rdek\u00e9ben kimagasl\u00f3 munk\u00e1t v\u00e9geznek, illetve v\u00e9geztek \u201eK\u00f6zszolg\u00e1lati d\u00edj\u201d-at (a tov\u00e1bbiakban: d\u00edj) alap\u00edt.<\/p>\n\n\n\n<div style=\"height:20px\" aria-hidden=\"true\" class=\"wp-block-spacer\"><\/div>\n\n\n\n<p class=\"has-text-align-justify has-black-color has-text-color has-link-color has-medium-font-size wp-elements-0e3fb5b5342454e5fdeac7d4f135aab9 wp-block-paragraph\">(2) A d\u00edj azon term\u00e9szetes \u00e9s jogi szem\u00e9lyeknek, kollekt\u00edv\u00e1knak \u00e9s szervezeteknek adom\u00e1nyozhat\u00f3:<\/p>\n\n\n\n<ol style=\"list-style-type:lower-alpha\" class=\"wp-block-list\">\n<li class=\"has-black-color has-text-color has-link-color has-medium-font-size wp-elements-4d2efd612c6dc710535c94e34d340afc\">akik a telep\u00fcl\u00e9s k\u00f6z\u00e9let\u00e9ben k\u00f6ztisztvisel\u0151i, vagy k\u00f6zalkalmazotti szolg\u00e1latban hossz\u00fa id\u0151n \u00e1t kiemelked\u0151 munk\u00e1t v\u00e9geztek vagy valamely jelent\u0151s szellemi alkot\u00e1ssal j\u00e1rultak hozz\u00e1 a k\u00f6zszolg\u00e1lat sz\u00ednvonal\u00e1nak emel\u00e9s\u00e9hez s ezzel \u00e1ltal\u00e1nos elismer\u00e9st v\u00edvtak ki az \u00fcgyfelek \u00e9s a szolg\u00e1ltat\u00e1st ig\u00e9nybe vev\u0151k k\u00f6r\u00e9ben;<br><\/li>\n\n\n\n<li class=\"has-black-color has-text-color has-link-color has-medium-font-size wp-elements-fa1b8a4938471bb9389e932fbb49b846\">akik kiemelked\u0151 eredm\u00e9nyt \u00e9rtek el az \u00f3vodai, iskolai \u00e9s int\u00e9zeti oktat\u00f3-nevel\u0151 munk\u00e1ban, a tehets\u00e9g gondoz\u00e1s ter\u00fclet\u00e9n magas fok\u00fa pedag\u00f3giai \u00e9s szakmai felk\u00e9sz\u00fclts\u00e9g\u00fck alapj\u00e1n \u00e9len j\u00e1rnak az \u00fajszer\u0171 \u00e9s hat\u00e9kony pedag\u00f3giai m\u00f3dszerek kidolgoz\u00e1s\u00e1ban \u00e9s alkalmaz\u00e1s\u00e1ban;<br><\/li>\n\n\n\n<li class=\"has-black-color has-text-color has-link-color has-medium-font-size wp-elements-68dfc40d215168df20174f5d9994a685\">akik kiemelked\u0151 eredm\u00e9nyt \u00e9rtek el a k\u00f6zm\u0171vel\u0151d\u00e9si munka ir\u00e1ny\u00edt\u00e1s\u00e1ban, az ifj\u00fas\u00e1g m\u0171vel\u0151d\u00e9s\u00e9\u00e9rt v\u00e9gzett munk\u00e1ban, a k\u00f6zm\u0171vel\u0151d\u00e9s korszer\u0171 form\u00e1inak \u00e9s m\u00f3dszereinek kidolgoz\u00e1s\u00e1ban \u00e9s meghonos\u00edt\u00e1s\u00e1ban, mindezek mellett kit\u0171nnek a k\u00f6z\u00e9letben val\u00f3 r\u00e9szv\u00e9tel\u00fckkel, t\u00e1rsadalmi aktivit\u00e1sukkal;<br><\/li>\n\n\n\n<li class=\"has-black-color has-text-color has-link-color has-medium-font-size wp-elements-06e7ef9023900090549638bf3f0b62db\">akik a telep\u00fcl\u00e9s \u00e9rdek\u00e9ben kifejtett kiemelked\u0151 olyan hosszabb idej\u0171 tev\u00e9kenys\u00e9g\u00e9rt, amely jelent\u0151s m\u00e9rt\u00e9kben hozz\u00e1j\u00e1rult a telep\u00fcl\u00e9s idegenforgalmi fejl\u0151d\u00e9s\u00e9hez.<\/li>\n<\/ol>\n\n\n\n<div style=\"height:20px\" aria-hidden=\"true\" class=\"wp-block-spacer\"><\/div>\n\n\n\n<p class=\"has-text-align-justify has-black-color has-text-color has-link-color has-medium-font-size wp-elements-c83229e371834a961c52e5a893c7e1eb wp-block-paragraph\">7. \u00a7 (4) A d\u00edj adom\u00e1nyoz\u00e1s\u00e1ra alkalomhoz k\u00f6t\u00f6tten a K\u00e9pvisel\u0151-test\u00fclet hat\u00e1rozata szerint ker\u00fcl sor.<\/p>\n\n\n\n<div style=\"height:20px\" aria-hidden=\"true\" class=\"wp-block-spacer\"><\/div>\n\n\n\n<p class=\"has-black-color has-text-color has-link-color has-medium-font-size wp-elements-4f4234ad568c25540f63ce14b5323bce wp-block-paragraph\">(5) A d\u00edjat \u2013 a telep\u00fcl\u00e9s lakoss\u00e1ga nev\u00e9ben \u2013 az \u00f6nkorm\u00e1nyzat adom\u00e1nyozza.<\/p>\n\n\n\n<div style=\"height:20px\" aria-hidden=\"true\" class=\"wp-block-spacer\"><\/div>\n\n\n\n<p class=\"has-black-color has-text-color has-link-color has-medium-font-size wp-elements-60c7ff56e8637dc173431e2e6a4be9ee wp-block-paragraph\">7. \u00a7 (1) A d\u00edj adom\u00e1nyoz\u00e1s\u00e1ra javaslatot tehet:<\/p>\n\n\n\n<ol style=\"list-style-type:lower-alpha\" class=\"wp-block-list\">\n<li class=\"has-black-color has-text-color has-link-color has-medium-font-size wp-elements-cd4ff518d3630aee7ad9e3df0e280317\">a helyi t\u00e1rsadalmi szervezetek, \u00e9rdekk\u00f6z\u00f6ss\u00e9gek, egyes\u00fcletek, gazdas\u00e1gi t\u00e1rsas\u00e1gok \u00e9s int\u00e9zm\u00e9nyek vezet\u0151je;<\/li>\n<\/ol>\n\n\n\n<p class=\"wp-block-paragraph\">[&#8230;]<\/p>\n\n\n\n<div style=\"height:20px\" aria-hidden=\"true\" class=\"wp-block-spacer\"><\/div>\n\n\n\n<p class=\"has-text-align-center has-medium-font-size wp-block-paragraph\"><strong>TISZACSEGE V\u00c1ROS\u00c9RT EML\u00c9K\u00c9REM<\/strong><\/p>\n\n\n\n<div style=\"height:20px\" aria-hidden=\"true\" class=\"wp-block-spacer\"><\/div>\n\n\n\n<p class=\"has-text-align-justify has-black-color has-text-color has-link-color has-medium-font-size wp-elements-c0d5b842ddfc28e37accee8277eac946 wp-block-paragraph\">8. \u00a7 (1) Tiszacsege V\u00e1ros \u00d6nkorm\u00e1nyzata a v\u00e1ros \u00e9rdek\u00e9ben kifejtett munka elismer\u00e9s\u00e9re \u201eTiszacsege V\u00e1ros\u00e9rt Eml\u00e9k\u00e9rmet\u201d (a tov\u00e1bbiakban: Eml\u00e9k\u00e9rem) alap\u00edt.<\/p>\n\n\n\n<div style=\"height:20px\" aria-hidden=\"true\" class=\"wp-block-spacer\"><\/div>\n\n\n\n<p class=\"has-black-color has-text-color has-link-color has-medium-font-size wp-elements-4ad173a3c2138ffe52dc21834e44b396 wp-block-paragraph\">(2) Az Eml\u00e9k\u00e9remnek arany, ez\u00fcst \u00e9s bronz fokozata van.<\/p>\n\n\n\n<div style=\"height:20px\" aria-hidden=\"true\" class=\"wp-block-spacer\"><\/div>\n\n\n\n<p class=\"has-text-align-justify has-black-color has-text-color has-link-color has-medium-font-size wp-elements-0bf5d93f3642f0d21604ccdd9804e5bc wp-block-paragraph\">(5) Arany vagy ez\u00fcst fokozattal azok a term\u00e9szetes \u00e9s jogi szem\u00e9lyek t\u00fcntethet\u0151k ki, akik munk\u00e1juk sor\u00e1n elismer\u00e9sre m\u00e9lt\u00f3 eredm\u00e9nyeket \u00e9rtek el \u00e9s ezzel elnyert\u00e9k a v\u00e1ros megbecs\u00fcl\u00e9s\u00e9t.<\/p>\n\n\n\n<div style=\"height:20px\" aria-hidden=\"true\" class=\"wp-block-spacer\"><\/div>\n\n\n\n<p class=\"has-black-color has-text-color has-link-color has-medium-font-size wp-elements-29ee34808eff6f70872210ac430bff1c wp-block-paragraph\">(6) A bronz fokozat aj\u00e1nd\u00e9kk\u00e9ppen jeles vend\u00e9g sz\u00e1m\u00e1ra adhat\u00f3.<\/p>\n\n\n\n<div style=\"height:20px\" aria-hidden=\"true\" class=\"wp-block-spacer\"><\/div>\n\n\n\n<p class=\"has-text-align-justify has-black-color has-text-color has-link-color has-medium-font-size wp-elements-8ca2a6f3e0482a0e25e1a9fc42156eb9 wp-block-paragraph\">9. \u00a7 (1) Az arany \u00e9s ez\u00fcst Eml\u00e9k\u00e9rem adom\u00e1nyoz\u00e1s\u00e1ra javaslatot tehet:<\/p>\n\n\n\n<ol style=\"list-style-type:lower-alpha\" class=\"wp-block-list\">\n<li class=\"has-black-color has-text-color has-link-color has-medium-font-size wp-elements-a2ae6f3c5bc2227b7d9d6d7257fb8b7d\">a helyi t\u00e1rsadalmi szervezetek, \u00e9rdekk\u00f6z\u00f6ss\u00e9gek, egyes\u00fcletek, gazdas\u00e1gi t\u00e1rsas\u00e1gok \u00e9s int\u00e9zm\u00e9nyek vezet\u0151je,<\/li>\n<\/ol>\n\n\n\n<p class=\"wp-block-paragraph\">[&#8230;]<\/p>\n\n\n\n<div style=\"height:20px\" aria-hidden=\"true\" class=\"wp-block-spacer\"><\/div>\n\n\n\n<p class=\"has-text-align-justify has-medium-font-size wp-block-paragraph\"><strong>A rendelet teljes sz\u00f6vege a k\u00f6vetkez\u0151 linken \u00e9rhet\u0151 el: <\/strong><a href=\"https:\/\/or.njt.hu\/eli\/728614\/r\/2001\/3\" target=\"_blank\" rel=\"noreferrer noopener\"><strong><mark style=\"background-color:rgba(0, 0, 0, 0)\" class=\"has-inline-color has-vivid-cyan-blue-color\">https:\/\/or.njt.hu\/eli\/728614\/r\/2001\/3<\/mark><\/strong><\/a><\/p>\n\n\n\n<div style=\"height:20px\" aria-hidden=\"true\" class=\"wp-block-spacer\"><\/div>\n\n\n\n<p class=\"has-text-align-justify has-black-color has-text-color has-link-color has-medium-font-size wp-elements-0adf3c9256ee6a4be30e24bf25db3d90 wp-block-paragraph\"><strong>Tov\u00e1bbi inform\u00e1ci\u00f3 k\u00e9rhet\u0151 Tiszacsegei K\u00f6z\u00f6s \u00d6nkorm\u00e1nyzati Hivatal Jegyz\u0151j\u00e9t\u0151l a 06-52\/588-400-as telefonsz\u00e1mon vagy a <span style=\"text-decoration: underline;\"><mark style=\"background-color:rgba(0, 0, 0, 0)\" class=\"has-inline-color has-vivid-cyan-blue-color\">jegyzo[kukac]tiszacsege[pont]hu<\/mark><\/span> e-mail c\u00edmen.<\/strong><\/p>\n\n\n\n<div style=\"height:20px\" aria-hidden=\"true\" class=\"wp-block-spacer\"><\/div>\n\n\n\n<p class=\"has-black-color has-text-color has-link-color has-medium-font-size wp-elements-bcd44fd9d5248c3db9b7439dbfeedf20 wp-block-paragraph\"><strong>Tiszacsege, 2025. m\u00e1jus 9.<\/strong><\/p>\n\n\n\n<div style=\"height:20px\" aria-hidden=\"true\" class=\"wp-block-spacer\"><\/div>\n\n\n\n<p class=\"has-black-color has-text-color has-link-color has-medium-font-size wp-elements-94dc0741b6a3e6f8a97c695e61350775 wp-block-paragraph\"><strong>Szeli Zolt\u00e1n s.k.<\/strong>, <strong>polg\u00e1rmester<\/strong><\/p>\n\n\n\n<div style=\"height:20px\" aria-hidden=\"true\" class=\"wp-block-spacer\"><\/div>\n\n\n\n<div class=\"wp-block-buttons is-content-justification-center is-layout-flex wp-container-core-buttons-is-layout-fe48e5de wp-block-buttons-is-layout-flex\">\n<div class=\"wp-block-button\"><a class=\"wp-block-button__link has-custom-font-size wp-element-button\" href=\"https:\/\/tiszacsege.hu\/wp-content\/uploads\/2025\/05\/ADATLAP.docx\" style=\"font-size:24px\"><strong>Adatlap let\u00f6lt\u00e9se<\/strong><\/a><\/div>\n<\/div>\n\n\n\n<p class=\"wp-block-paragraph\"><\/p>\n","protected":false},"excerpt":{"rendered":"<p>Tiszacsege V\u00e1ros \u00d6nkorm\u00e1nyzata K\u00e9pvisel\u0151-test\u00fclet\u00e9nek az \u00d6nkorm\u00e1nyzat \u00e1ltal alap\u00edtott \u00e9s adom\u00e1nyozott elismer\u0151 c\u00edmr\u0151l, kit\u00fcntet\u00e9sekr\u0151l \u00e9s d\u00edjakr\u00f3l sz\u00f3l\u00f3 3\/2001. (II. 1.) \u00f6nkorm\u00e1nyzati rendelete al\u00e1bbiakban id\u00e9zett rendelkez\u00e9sei alapj\u00e1n 2025. j\u00fanius 10. napj\u00e1ig v\u00e1rjuk a javaslatt\u00e9teli joggal rendelkez\u0151 szem\u00e9lyek \u00e9s szervezetek ind\u00edtv\u00e1ny\u00e1t. Az \u00edr\u00e1sbeli javaslatokat Tiszacsege V\u00e1ros \u00d6nkorm\u00e1nyzata K\u00e9pvisel\u0151-test\u00fclete P\u00e9nz\u00fcgyi \u00e9s \u00dcgyrendi Bizotts\u00e1ga eln\u00f6k\u00e9nek c\u00edmezve, pap\u00edralapon a Tiszacsegei K\u00f6z\u00f6s [&hellip;]<\/p>\n","protected":false},"author":1,"featured_media":11380,"comment_status":"closed","ping_status":"closed","sticky":false,"template":"","format":"standard","meta":{"_editorskit_title_hidden":false,"_editorskit_reading_time":0,"_editorskit_is_block_options_detached":false,"_editorskit_block_options_position":"{}","_crdt_document":"","footnotes":""},"categories":[173],"tags":[],"post_folder":[],"class_list":["post-27086","post","type-post","status-publish","format-standard","has-post-thumbnail","hentry","category-onkormanyzat"],"yoast_head":"<!-- This site is optimized with the Yoast SEO plugin v27.5 - https:\/\/yoast.com\/product\/yoast-seo-wordpress\/ -->\n<title>Felh\u00edv\u00e1s a 2025. \u00e9vi v\u00e1rosi elismer\u00e9sekkel kapcsolatos javaslatt\u00e9telre<\/title>\n<meta name=\"robots\" content=\"index, follow, max-snippet:-1, max-image-preview:large, max-video-preview:-1\" \/>\n<link rel=\"canonical\" href=\"https:\/\/tiszacsege.hu\/?p=27086\" \/>\n<meta property=\"og:locale\" content=\"hu_HU\" \/>\n<meta property=\"og:type\" content=\"article\" \/>\n<meta property=\"og:title\" content=\"Felh\u00edv\u00e1s a 2025. \u00e9vi v\u00e1rosi elismer\u00e9sekkel kapcsolatos javaslatt\u00e9telre\" \/>\n<meta property=\"og:description\" content=\"Tiszacsege V\u00e1ros \u00d6nkorm\u00e1nyzata K\u00e9pvisel\u0151-test\u00fclet\u00e9nek az \u00d6nkorm\u00e1nyzat \u00e1ltal alap\u00edtott \u00e9s adom\u00e1nyozott elismer\u0151 c\u00edmr\u0151l, kit\u00fcntet\u00e9sekr\u0151l \u00e9s d\u00edjakr\u00f3l sz\u00f3l\u00f3 3\/2001. (II. 1.) \u00f6nkorm\u00e1nyzati rendelete al\u00e1bbiakban id\u00e9zett rendelkez\u00e9sei alapj\u00e1n 2025. j\u00fanius 10. napj\u00e1ig v\u00e1rjuk a javaslatt\u00e9teli joggal rendelkez\u0151 szem\u00e9lyek \u00e9s szervezetek ind\u00edtv\u00e1ny\u00e1t. Az \u00edr\u00e1sbeli javaslatokat Tiszacsege V\u00e1ros \u00d6nkorm\u00e1nyzata K\u00e9pvisel\u0151-test\u00fclete P\u00e9nz\u00fcgyi \u00e9s \u00dcgyrendi Bizotts\u00e1ga eln\u00f6k\u00e9nek c\u00edmezve, pap\u00edralapon a Tiszacsegei K\u00f6z\u00f6s [&hellip;]\" \/>\n<meta property=\"og:url\" content=\"https:\/\/tiszacsege.hu\/?p=27086\" \/>\n<meta property=\"og:site_name\" content=\"Tiszacsege\" \/>\n<meta property=\"article:publisher\" content=\"https:\/\/www.facebook.com\/tiszacsegeonkormanyzata\" \/>\n<meta property=\"article:published_time\" content=\"2025-06-02T11:38:20+00:00\" \/>\n<meta property=\"article:modified_time\" content=\"2025-06-02T11:38:22+00:00\" \/>\n<meta property=\"og:image\" content=\"https:\/\/tiszacsege.hu\/wp-content\/uploads\/2017\/11\/onkorm2.png\" \/>\n\t<meta property=\"og:image:width\" content=\"800\" \/>\n\t<meta property=\"og:image:height\" content=\"396\" \/>\n\t<meta property=\"og:image:type\" content=\"image\/png\" \/>\n<meta name=\"author\" content=\"admin\" \/>\n<meta name=\"twitter:card\" content=\"summary_large_image\" \/>\n<script type=\"application\/ld+json\" class=\"yoast-schema-graph\">{\"@context\":\"https:\\\/\\\/schema.org\",\"@graph\":[{\"@type\":\"Article\",\"@id\":\"https:\\\/\\\/tiszacsege.hu\\\/?p=27086#article\",\"isPartOf\":{\"@id\":\"https:\\\/\\\/tiszacsege.hu\\\/?p=27086\"},\"author\":{\"name\":\"admin\",\"@id\":\"https:\\\/\\\/tiszacsege.hu\\\/#\\\/schema\\\/person\\\/ff2f4e3a9747199f545a2cf351f25334\"},\"headline\":\"Felh\u00edv\u00e1s a 2025. \u00e9vi v\u00e1rosi elismer\u00e9sekkel kapcsolatos javaslatt\u00e9telre\",\"datePublished\":\"2025-06-02T11:38:20+00:00\",\"dateModified\":\"2025-06-02T11:38:22+00:00\",\"mainEntityOfPage\":{\"@id\":\"https:\\\/\\\/tiszacsege.hu\\\/?p=27086\"},\"wordCount\":955,\"publisher\":{\"@id\":\"https:\\\/\\\/tiszacsege.hu\\\/#organization\"},\"image\":{\"@id\":\"https:\\\/\\\/tiszacsege.hu\\\/?p=27086#primaryimage\"},\"thumbnailUrl\":\"https:\\\/\\\/tiszacsege.hu\\\/wp-content\\\/uploads\\\/2017\\\/11\\\/onkorm2.png\",\"articleSection\":[\"\u00d6nkorm\u00e1nyzat\"],\"inLanguage\":\"hu\"},{\"@type\":\"WebPage\",\"@id\":\"https:\\\/\\\/tiszacsege.hu\\\/?p=27086\",\"url\":\"https:\\\/\\\/tiszacsege.hu\\\/?p=27086\",\"name\":\"Felh\u00edv\u00e1s a 2025. \u00e9vi v\u00e1rosi elismer\u00e9sekkel kapcsolatos javaslatt\u00e9telre\",\"isPartOf\":{\"@id\":\"https:\\\/\\\/tiszacsege.hu\\\/#website\"},\"primaryImageOfPage\":{\"@id\":\"https:\\\/\\\/tiszacsege.hu\\\/?p=27086#primaryimage\"},\"image\":{\"@id\":\"https:\\\/\\\/tiszacsege.hu\\\/?p=27086#primaryimage\"},\"thumbnailUrl\":\"https:\\\/\\\/tiszacsege.hu\\\/wp-content\\\/uploads\\\/2017\\\/11\\\/onkorm2.png\",\"datePublished\":\"2025-06-02T11:38:20+00:00\",\"dateModified\":\"2025-06-02T11:38:22+00:00\",\"breadcrumb\":{\"@id\":\"https:\\\/\\\/tiszacsege.hu\\\/?p=27086#breadcrumb\"},\"inLanguage\":\"hu\",\"potentialAction\":[{\"@type\":\"ReadAction\",\"target\":[\"https:\\\/\\\/tiszacsege.hu\\\/?p=27086\"]}]},{\"@type\":\"ImageObject\",\"inLanguage\":\"hu\",\"@id\":\"https:\\\/\\\/tiszacsege.hu\\\/?p=27086#primaryimage\",\"url\":\"https:\\\/\\\/tiszacsege.hu\\\/wp-content\\\/uploads\\\/2017\\\/11\\\/onkorm2.png\",\"contentUrl\":\"https:\\\/\\\/tiszacsege.hu\\\/wp-content\\\/uploads\\\/2017\\\/11\\\/onkorm2.png\",\"width\":800,\"height\":396},{\"@type\":\"BreadcrumbList\",\"@id\":\"https:\\\/\\\/tiszacsege.hu\\\/?p=27086#breadcrumb\",\"itemListElement\":[{\"@type\":\"ListItem\",\"position\":1,\"name\":\"Kezd\u0151lap\",\"item\":\"https:\\\/\\\/tiszacsege.hu\\\/\"},{\"@type\":\"ListItem\",\"position\":2,\"name\":\"Felh\u00edv\u00e1s a 2025. \u00e9vi v\u00e1rosi elismer\u00e9sekkel kapcsolatos javaslatt\u00e9telre\"}]},{\"@type\":\"WebSite\",\"@id\":\"https:\\\/\\\/tiszacsege.hu\\\/#website\",\"url\":\"https:\\\/\\\/tiszacsege.hu\\\/\",\"name\":\"Tiszacsege\",\"description\":\"Tiszacsege hivatalos honlapja\",\"publisher\":{\"@id\":\"https:\\\/\\\/tiszacsege.hu\\\/#organization\"},\"potentialAction\":[{\"@type\":\"SearchAction\",\"target\":{\"@type\":\"EntryPoint\",\"urlTemplate\":\"https:\\\/\\\/tiszacsege.hu\\\/?s={search_term_string}\"},\"query-input\":{\"@type\":\"PropertyValueSpecification\",\"valueRequired\":true,\"valueName\":\"search_term_string\"}}],\"inLanguage\":\"hu\"},{\"@type\":\"Organization\",\"@id\":\"https:\\\/\\\/tiszacsege.hu\\\/#organization\",\"name\":\"Tiszacsege\",\"url\":\"https:\\\/\\\/tiszacsege.hu\\\/\",\"logo\":{\"@type\":\"ImageObject\",\"inLanguage\":\"hu\",\"@id\":\"https:\\\/\\\/tiszacsege.hu\\\/#\\\/schema\\\/logo\\\/image\\\/\",\"url\":\"https:\\\/\\\/tiszacsege.hu\\\/wp-content\\\/uploads\\\/2020\\\/10\\\/tiszacsege_logo_rovid2-1.png\",\"contentUrl\":\"https:\\\/\\\/tiszacsege.hu\\\/wp-content\\\/uploads\\\/2020\\\/10\\\/tiszacsege_logo_rovid2-1.png\",\"width\":500,\"height\":150,\"caption\":\"Tiszacsege\"},\"image\":{\"@id\":\"https:\\\/\\\/tiszacsege.hu\\\/#\\\/schema\\\/logo\\\/image\\\/\"},\"sameAs\":[\"https:\\\/\\\/www.facebook.com\\\/tiszacsegeonkormanyzata\"]},{\"@type\":\"Person\",\"@id\":\"https:\\\/\\\/tiszacsege.hu\\\/#\\\/schema\\\/person\\\/ff2f4e3a9747199f545a2cf351f25334\",\"name\":\"admin\",\"image\":{\"@type\":\"ImageObject\",\"inLanguage\":\"hu\",\"@id\":\"https:\\\/\\\/secure.gravatar.com\\\/avatar\\\/52224ccae048f9be8fd8d745a33eff630818f8bd5c43790479a2754dcef4b69b?s=96&d=mm&r=g\",\"url\":\"https:\\\/\\\/secure.gravatar.com\\\/avatar\\\/52224ccae048f9be8fd8d745a33eff630818f8bd5c43790479a2754dcef4b69b?s=96&d=mm&r=g\",\"contentUrl\":\"https:\\\/\\\/secure.gravatar.com\\\/avatar\\\/52224ccae048f9be8fd8d745a33eff630818f8bd5c43790479a2754dcef4b69b?s=96&d=mm&r=g\",\"caption\":\"admin\"},\"url\":\"https:\\\/\\\/tiszacsege.hu\\\/?author=1\"}]}<\/script>\n<!-- \/ Yoast SEO plugin. -->","yoast_head_json":{"title":"Felh\u00edv\u00e1s a 2025. \u00e9vi v\u00e1rosi elismer\u00e9sekkel kapcsolatos javaslatt\u00e9telre","robots":{"index":"index","follow":"follow","max-snippet":"max-snippet:-1","max-image-preview":"max-image-preview:large","max-video-preview":"max-video-preview:-1"},"canonical":"https:\/\/tiszacsege.hu\/?p=27086","og_locale":"hu_HU","og_type":"article","og_title":"Felh\u00edv\u00e1s a 2025. \u00e9vi v\u00e1rosi elismer\u00e9sekkel kapcsolatos javaslatt\u00e9telre","og_description":"Tiszacsege V\u00e1ros \u00d6nkorm\u00e1nyzata K\u00e9pvisel\u0151-test\u00fclet\u00e9nek az \u00d6nkorm\u00e1nyzat \u00e1ltal alap\u00edtott \u00e9s adom\u00e1nyozott elismer\u0151 c\u00edmr\u0151l, kit\u00fcntet\u00e9sekr\u0151l \u00e9s d\u00edjakr\u00f3l sz\u00f3l\u00f3 3\/2001. (II. 1.) \u00f6nkorm\u00e1nyzati rendelete al\u00e1bbiakban id\u00e9zett rendelkez\u00e9sei alapj\u00e1n 2025. j\u00fanius 10. napj\u00e1ig v\u00e1rjuk a javaslatt\u00e9teli joggal rendelkez\u0151 szem\u00e9lyek \u00e9s szervezetek ind\u00edtv\u00e1ny\u00e1t. Az \u00edr\u00e1sbeli javaslatokat Tiszacsege V\u00e1ros \u00d6nkorm\u00e1nyzata K\u00e9pvisel\u0151-test\u00fclete P\u00e9nz\u00fcgyi \u00e9s \u00dcgyrendi Bizotts\u00e1ga eln\u00f6k\u00e9nek c\u00edmezve, pap\u00edralapon a Tiszacsegei K\u00f6z\u00f6s [&hellip;]","og_url":"https:\/\/tiszacsege.hu\/?p=27086","og_site_name":"Tiszacsege","article_publisher":"https:\/\/www.facebook.com\/tiszacsegeonkormanyzata","article_published_time":"2025-06-02T11:38:20+00:00","article_modified_time":"2025-06-02T11:38:22+00:00","og_image":[{"width":800,"height":396,"url":"https:\/\/tiszacsege.hu\/wp-content\/uploads\/2017\/11\/onkorm2.png","type":"image\/png"}],"author":"admin","twitter_card":"summary_large_image","schema":{"@context":"https:\/\/schema.org","@graph":[{"@type":"Article","@id":"https:\/\/tiszacsege.hu\/?p=27086#article","isPartOf":{"@id":"https:\/\/tiszacsege.hu\/?p=27086"},"author":{"name":"admin","@id":"https:\/\/tiszacsege.hu\/#\/schema\/person\/ff2f4e3a9747199f545a2cf351f25334"},"headline":"Felh\u00edv\u00e1s a 2025. \u00e9vi v\u00e1rosi elismer\u00e9sekkel kapcsolatos javaslatt\u00e9telre","datePublished":"2025-06-02T11:38:20+00:00","dateModified":"2025-06-02T11:38:22+00:00","mainEntityOfPage":{"@id":"https:\/\/tiszacsege.hu\/?p=27086"},"wordCount":955,"publisher":{"@id":"https:\/\/tiszacsege.hu\/#organization"},"image":{"@id":"https:\/\/tiszacsege.hu\/?p=27086#primaryimage"},"thumbnailUrl":"https:\/\/tiszacsege.hu\/wp-content\/uploads\/2017\/11\/onkorm2.png","articleSection":["\u00d6nkorm\u00e1nyzat"],"inLanguage":"hu"},{"@type":"WebPage","@id":"https:\/\/tiszacsege.hu\/?p=27086","url":"https:\/\/tiszacsege.hu\/?p=27086","name":"Felh\u00edv\u00e1s a 2025. \u00e9vi v\u00e1rosi elismer\u00e9sekkel kapcsolatos javaslatt\u00e9telre","isPartOf":{"@id":"https:\/\/tiszacsege.hu\/#website"},"primaryImageOfPage":{"@id":"https:\/\/tiszacsege.hu\/?p=27086#primaryimage"},"image":{"@id":"https:\/\/tiszacsege.hu\/?p=27086#primaryimage"},"thumbnailUrl":"https:\/\/tiszacsege.hu\/wp-content\/uploads\/2017\/11\/onkorm2.png","datePublished":"2025-06-02T11:38:20+00:00","dateModified":"2025-06-02T11:38:22+00:00","breadcrumb":{"@id":"https:\/\/tiszacsege.hu\/?p=27086#breadcrumb"},"inLanguage":"hu","potentialAction":[{"@type":"ReadAction","target":["https:\/\/tiszacsege.hu\/?p=27086"]}]},{"@type":"ImageObject","inLanguage":"hu","@id":"https:\/\/tiszacsege.hu\/?p=27086#primaryimage","url":"https:\/\/tiszacsege.hu\/wp-content\/uploads\/2017\/11\/onkorm2.png","contentUrl":"https:\/\/tiszacsege.hu\/wp-content\/uploads\/2017\/11\/onkorm2.png","width":800,"height":396},{"@type":"BreadcrumbList","@id":"https:\/\/tiszacsege.hu\/?p=27086#breadcrumb","itemListElement":[{"@type":"ListItem","position":1,"name":"Kezd\u0151lap","item":"https:\/\/tiszacsege.hu\/"},{"@type":"ListItem","position":2,"name":"Felh\u00edv\u00e1s a 2025. \u00e9vi v\u00e1rosi elismer\u00e9sekkel kapcsolatos javaslatt\u00e9telre"}]},{"@type":"WebSite","@id":"https:\/\/tiszacsege.hu\/#website","url":"https:\/\/tiszacsege.hu\/","name":"Tiszacsege","description":"Tiszacsege hivatalos honlapja","publisher":{"@id":"https:\/\/tiszacsege.hu\/#organization"},"potentialAction":[{"@type":"SearchAction","target":{"@type":"EntryPoint","urlTemplate":"https:\/\/tiszacsege.hu\/?s={search_term_string}"},"query-input":{"@type":"PropertyValueSpecification","valueRequired":true,"valueName":"search_term_string"}}],"inLanguage":"hu"},{"@type":"Organization","@id":"https:\/\/tiszacsege.hu\/#organization","name":"Tiszacsege","url":"https:\/\/tiszacsege.hu\/","logo":{"@type":"ImageObject","inLanguage":"hu","@id":"https:\/\/tiszacsege.hu\/#\/schema\/logo\/image\/","url":"https:\/\/tiszacsege.hu\/wp-content\/uploads\/2020\/10\/tiszacsege_logo_rovid2-1.png","contentUrl":"https:\/\/tiszacsege.hu\/wp-content\/uploads\/2020\/10\/tiszacsege_logo_rovid2-1.png","width":500,"height":150,"caption":"Tiszacsege"},"image":{"@id":"https:\/\/tiszacsege.hu\/#\/schema\/logo\/image\/"},"sameAs":["https:\/\/www.facebook.com\/tiszacsegeonkormanyzata"]},{"@type":"Person","@id":"https:\/\/tiszacsege.hu\/#\/schema\/person\/ff2f4e3a9747199f545a2cf351f25334","name":"admin","image":{"@type":"ImageObject","inLanguage":"hu","@id":"https:\/\/secure.gravatar.com\/avatar\/52224ccae048f9be8fd8d745a33eff630818f8bd5c43790479a2754dcef4b69b?s=96&d=mm&r=g","url":"https:\/\/secure.gravatar.com\/avatar\/52224ccae048f9be8fd8d745a33eff630818f8bd5c43790479a2754dcef4b69b?s=96&d=mm&r=g","contentUrl":"https:\/\/secure.gravatar.com\/avatar\/52224ccae048f9be8fd8d745a33eff630818f8bd5c43790479a2754dcef4b69b?s=96&d=mm&r=g","caption":"admin"},"url":"https:\/\/tiszacsege.hu\/?author=1"}]}},"_links":{"self":[{"href":"https:\/\/tiszacsege.hu\/index.php?rest_route=\/wp\/v2\/posts\/27086","targetHints":{"allow":["GET"]}}],"collection":[{"href":"https:\/\/tiszacsege.hu\/index.php?rest_route=\/wp\/v2\/posts"}],"about":[{"href":"https:\/\/tiszacsege.hu\/index.php?rest_route=\/wp\/v2\/types\/post"}],"author":[{"embeddable":true,"href":"https:\/\/tiszacsege.hu\/index.php?rest_route=\/wp\/v2\/users\/1"}],"replies":[{"embeddable":true,"href":"https:\/\/tiszacsege.hu\/index.php?rest_route=%2Fwp%2Fv2%2Fcomments&post=27086"}],"version-history":[{"count":7,"href":"https:\/\/tiszacsege.hu\/index.php?rest_route=\/wp\/v2\/posts\/27086\/revisions"}],"predecessor-version":[{"id":27094,"href":"https:\/\/tiszacsege.hu\/index.php?rest_route=\/wp\/v2\/posts\/27086\/revisions\/27094"}],"wp:featuredmedia":[{"embeddable":true,"href":"https:\/\/tiszacsege.hu\/index.php?rest_route=\/wp\/v2\/media\/11380"}],"wp:attachment":[{"href":"https:\/\/tiszacsege.hu\/index.php?rest_route=%2Fwp%2Fv2%2Fmedia&parent=27086"}],"wp:term":[{"taxonomy":"category","embeddable":true,"href":"https:\/\/tiszacsege.hu\/index.php?rest_route=%2Fwp%2Fv2%2Fcategories&post=27086"},{"taxonomy":"post_tag","embeddable":true,"href":"https:\/\/tiszacsege.hu\/index.php?rest_route=%2Fwp%2Fv2%2Ftags&post=27086"},{"taxonomy":"post_folder","embeddable":true,"href":"https:\/\/tiszacsege.hu\/index.php?rest_route=%2Fwp%2Fv2%2Fpost_folder&post=27086"}],"curies":[{"name":"wp","href":"https:\/\/api.w.org\/{rel}","templated":true}]}}