{"id":27194,"date":"2025-05-29T15:30:47","date_gmt":"2025-05-29T13:30:47","guid":{"rendered":"https:\/\/tiszacsege.hu\/?p=27194"},"modified":"2025-05-29T15:30:49","modified_gmt":"2025-05-29T13:30:49","slug":"tiszacsege-termalstrand-unnepi-es-nyari-nyitvatartasi-rend","status":"publish","type":"post","link":"https:\/\/tiszacsege.hu\/?p=27194","title":{"rendered":"Tiszacsege Term\u00e1lstrand &#8211; \u00dcnnepi \u00e9s ny\u00e1ri nyitvatart\u00e1si rend"},"content":{"rendered":"\n<p class=\"has-medium-font-size wp-block-paragraph\"><strong>Tisztelt Vend\u00e9geink!<\/strong><\/p>\n\n\n\n<div style=\"height:20px\" aria-hidden=\"true\" class=\"wp-block-spacer\"><\/div>\n\n\n\n<p class=\"has-medium-font-size wp-block-paragraph\">A Tiszacsege Term\u00e1lstrand <strong>\u00fcnnepi nyitvatart\u00e1si rendje<\/strong> az al\u00e1bbiak szerint alakul:<\/p>\n\n\n\n<div style=\"height:20px\" aria-hidden=\"true\" class=\"wp-block-spacer\"><\/div>\n\n\n\n<p class=\"has-medium-font-size wp-block-paragraph\">J\u00fanius 6. (p\u00e9ntek): 10:00 &#8211; 20:00<\/p>\n\n\n\n<p class=\"has-medium-font-size wp-block-paragraph\">J\u00fanius 7. (szombat): 10:00 &#8211; 20:00<\/p>\n\n\n\n<p class=\"has-medium-font-size wp-block-paragraph\">J\u00fanius 8. (vas\u00e1rnap &#8211; P\u00fcnk\u00f6sd): 10:00 &#8211; 20:00<\/p>\n\n\n\n<p class=\"has-medium-font-size wp-block-paragraph\">J\u00fanius 9. (h\u00e9tf\u0151 &#8211; P\u00fcnk\u00f6sd): 10:00 &#8211; 20:00<\/p>\n\n\n\n<div style=\"height:20px\" aria-hidden=\"true\" class=\"wp-block-spacer\"><\/div>\n\n\n\n<p class=\"has-medium-font-size wp-block-paragraph\">A f\u00fcrd\u0151 nyitvatart\u00e1si rendje megv\u00e1ltozik j\u00fanius 16-t\u00f3l!<\/p>\n\n\n\n<div style=\"height:20px\" aria-hidden=\"true\" class=\"wp-block-spacer\"><\/div>\n\n\n\n<p class=\"has-medium-font-size wp-block-paragraph\"><strong>Ny\u00e1ri nyitvatart\u00e1si rend 2025. j\u00fanius 16-t\u00f3l.<\/strong><\/p>\n\n\n\n<p class=\"has-medium-font-size wp-block-paragraph\">H\u00e9tf\u0151: Z\u00e1rva<\/p>\n\n\n\n<p class=\"has-medium-font-size wp-block-paragraph\">Kedd: 10:00 &#8211; 20:00<\/p>\n\n\n\n<p class=\"has-medium-font-size wp-block-paragraph\">Szerda: 10:00 &#8211; 20:00<\/p>\n\n\n\n<p class=\"has-medium-font-size wp-block-paragraph\">Cs\u00fct\u00f6rt\u00f6k: 10:00 &#8211; 20:00<\/p>\n\n\n\n<p class=\"has-medium-font-size wp-block-paragraph\">P\u00e9ntek: 10:00 &#8211; 20:00<\/p>\n\n\n\n<p class=\"has-medium-font-size wp-block-paragraph\">Szombat: 10:00 &#8211; 20:00<\/p>\n\n\n\n<p class=\"has-medium-font-size wp-block-paragraph\">Vas\u00e1rnap: 10:00 &#8211; 20:00<\/p>\n\n\n\n<div style=\"height:20px\" aria-hidden=\"true\" class=\"wp-block-spacer\"><\/div>\n\n\n\n<p class=\"has-vivid-red-color has-text-color has-link-color wp-elements-7e4e6786c3b39e31dcd59218d56dd99a wp-block-paragraph\" style=\"font-size:25px\"><strong>T\u00e1j\u00e9koztatjuk kedves vend\u00e9geinket, hogy csak a term\u00e1lmedenc\u00e9k \u00fczemelnek!<\/strong><\/p>\n\n\n\n<div style=\"height:20px\" aria-hidden=\"true\" class=\"wp-block-spacer\"><\/div>\n\n\n\n<p class=\"has-medium-font-size wp-block-paragraph\">Tiszacsege Kommun\u00e1lis Szolg\u00e1ltat\u00f3 Szervezet<\/p>\n","protected":false},"excerpt":{"rendered":"<p>Tisztelt Vend\u00e9geink! A Tiszacsege Term\u00e1lstrand \u00fcnnepi nyitvatart\u00e1si rendje az al\u00e1bbiak szerint alakul: J\u00fanius 6. (p\u00e9ntek): 10:00 &#8211; 20:00 J\u00fanius 7. (szombat): 10:00 &#8211; 20:00 J\u00fanius 8. (vas\u00e1rnap &#8211; P\u00fcnk\u00f6sd): 10:00 &#8211; 20:00 J\u00fanius 9. (h\u00e9tf\u0151 &#8211; P\u00fcnk\u00f6sd): 10:00 &#8211; 20:00 A f\u00fcrd\u0151 nyitvatart\u00e1si rendje megv\u00e1ltozik j\u00fanius 16-t\u00f3l! Ny\u00e1ri nyitvatart\u00e1si rend 2025. j\u00fanius 16-t\u00f3l. H\u00e9tf\u0151: Z\u00e1rva [&hellip;]<\/p>\n","protected":false},"author":1,"featured_media":3651,"comment_status":"closed","ping_status":"closed","sticky":false,"template":"","format":"standard","meta":{"_editorskit_title_hidden":false,"_editorskit_reading_time":0,"_editorskit_is_block_options_detached":false,"_editorskit_block_options_position":"{}","_crdt_document":"","footnotes":""},"categories":[1],"tags":[],"post_folder":[],"class_list":["post-27194","post","type-post","status-publish","format-standard","has-post-thumbnail","hentry","category-hirek"],"yoast_head":"<!-- This site is optimized with the Yoast SEO plugin v27.4 - https:\/\/yoast.com\/product\/yoast-seo-wordpress\/ -->\n<title>Tiszacsege Term\u00e1lstrand - \u00dcnnepi \u00e9s ny\u00e1ri nyitvatart\u00e1si rend<\/title>\n<meta name=\"robots\" content=\"index, follow, max-snippet:-1, max-image-preview:large, max-video-preview:-1\" \/>\n<link rel=\"canonical\" href=\"https:\/\/tiszacsege.hu\/?p=27194\" \/>\n<meta property=\"og:locale\" content=\"hu_HU\" \/>\n<meta property=\"og:type\" content=\"article\" \/>\n<meta property=\"og:title\" content=\"Tiszacsege Term\u00e1lstrand - \u00dcnnepi \u00e9s ny\u00e1ri nyitvatart\u00e1si rend\" \/>\n<meta property=\"og:description\" content=\"Tisztelt Vend\u00e9geink! A Tiszacsege Term\u00e1lstrand \u00fcnnepi nyitvatart\u00e1si rendje az al\u00e1bbiak szerint alakul: J\u00fanius 6. (p\u00e9ntek): 10:00 &#8211; 20:00 J\u00fanius 7. (szombat): 10:00 &#8211; 20:00 J\u00fanius 8. (vas\u00e1rnap &#8211; P\u00fcnk\u00f6sd): 10:00 &#8211; 20:00 J\u00fanius 9. (h\u00e9tf\u0151 &#8211; P\u00fcnk\u00f6sd): 10:00 &#8211; 20:00 A f\u00fcrd\u0151 nyitvatart\u00e1si rendje megv\u00e1ltozik j\u00fanius 16-t\u00f3l! Ny\u00e1ri nyitvatart\u00e1si rend 2025. j\u00fanius 16-t\u00f3l. H\u00e9tf\u0151: Z\u00e1rva [&hellip;]\" \/>\n<meta property=\"og:url\" content=\"https:\/\/tiszacsege.hu\/?p=27194\" \/>\n<meta property=\"og:site_name\" content=\"Tiszacsege\" \/>\n<meta property=\"article:publisher\" content=\"https:\/\/www.facebook.com\/tiszacsegeonkormanyzata\" \/>\n<meta property=\"article:published_time\" content=\"2025-05-29T13:30:47+00:00\" \/>\n<meta property=\"article:modified_time\" content=\"2025-05-29T13:30:49+00:00\" \/>\n<meta property=\"og:image\" content=\"https:\/\/tiszacsege.hu\/wp-content\/uploads\/2013\/10\/DSC9571.jpg\" \/>\n\t<meta property=\"og:image:width\" content=\"1500\" \/>\n\t<meta property=\"og:image:height\" content=\"1004\" \/>\n\t<meta property=\"og:image:type\" content=\"image\/jpeg\" \/>\n<meta name=\"author\" content=\"admin\" \/>\n<meta name=\"twitter:card\" content=\"summary_large_image\" \/>\n<script type=\"application\/ld+json\" class=\"yoast-schema-graph\">{\"@context\":\"https:\\\/\\\/schema.org\",\"@graph\":[{\"@type\":\"Article\",\"@id\":\"https:\\\/\\\/tiszacsege.hu\\\/?p=27194#article\",\"isPartOf\":{\"@id\":\"https:\\\/\\\/tiszacsege.hu\\\/?p=27194\"},\"author\":{\"name\":\"admin\",\"@id\":\"https:\\\/\\\/tiszacsege.hu\\\/#\\\/schema\\\/person\\\/ff2f4e3a9747199f545a2cf351f25334\"},\"headline\":\"Tiszacsege Term\u00e1lstrand &#8211; \u00dcnnepi \u00e9s ny\u00e1ri nyitvatart\u00e1si rend\",\"datePublished\":\"2025-05-29T13:30:47+00:00\",\"dateModified\":\"2025-05-29T13:30:49+00:00\",\"mainEntityOfPage\":{\"@id\":\"https:\\\/\\\/tiszacsege.hu\\\/?p=27194\"},\"wordCount\":115,\"publisher\":{\"@id\":\"https:\\\/\\\/tiszacsege.hu\\\/#organization\"},\"image\":{\"@id\":\"https:\\\/\\\/tiszacsege.hu\\\/?p=27194#primaryimage\"},\"thumbnailUrl\":\"https:\\\/\\\/tiszacsege.hu\\\/wp-content\\\/uploads\\\/2013\\\/10\\\/DSC9571.jpg\",\"articleSection\":[\"Helyi h\u00edrek, t\u00e1j\u00e9koztat\u00f3k\"],\"inLanguage\":\"hu\"},{\"@type\":\"WebPage\",\"@id\":\"https:\\\/\\\/tiszacsege.hu\\\/?p=27194\",\"url\":\"https:\\\/\\\/tiszacsege.hu\\\/?p=27194\",\"name\":\"Tiszacsege Term\u00e1lstrand - \u00dcnnepi \u00e9s ny\u00e1ri nyitvatart\u00e1si rend\",\"isPartOf\":{\"@id\":\"https:\\\/\\\/tiszacsege.hu\\\/#website\"},\"primaryImageOfPage\":{\"@id\":\"https:\\\/\\\/tiszacsege.hu\\\/?p=27194#primaryimage\"},\"image\":{\"@id\":\"https:\\\/\\\/tiszacsege.hu\\\/?p=27194#primaryimage\"},\"thumbnailUrl\":\"https:\\\/\\\/tiszacsege.hu\\\/wp-content\\\/uploads\\\/2013\\\/10\\\/DSC9571.jpg\",\"datePublished\":\"2025-05-29T13:30:47+00:00\",\"dateModified\":\"2025-05-29T13:30:49+00:00\",\"breadcrumb\":{\"@id\":\"https:\\\/\\\/tiszacsege.hu\\\/?p=27194#breadcrumb\"},\"inLanguage\":\"hu\",\"potentialAction\":[{\"@type\":\"ReadAction\",\"target\":[\"https:\\\/\\\/tiszacsege.hu\\\/?p=27194\"]}]},{\"@type\":\"ImageObject\",\"inLanguage\":\"hu\",\"@id\":\"https:\\\/\\\/tiszacsege.hu\\\/?p=27194#primaryimage\",\"url\":\"https:\\\/\\\/tiszacsege.hu\\\/wp-content\\\/uploads\\\/2013\\\/10\\\/DSC9571.jpg\",\"contentUrl\":\"https:\\\/\\\/tiszacsege.hu\\\/wp-content\\\/uploads\\\/2013\\\/10\\\/DSC9571.jpg\",\"width\":1500,\"height\":1004},{\"@type\":\"BreadcrumbList\",\"@id\":\"https:\\\/\\\/tiszacsege.hu\\\/?p=27194#breadcrumb\",\"itemListElement\":[{\"@type\":\"ListItem\",\"position\":1,\"name\":\"Kezd\u0151lap\",\"item\":\"https:\\\/\\\/tiszacsege.hu\\\/\"},{\"@type\":\"ListItem\",\"position\":2,\"name\":\"Tiszacsege Term\u00e1lstrand &#8211; \u00dcnnepi \u00e9s ny\u00e1ri nyitvatart\u00e1si rend\"}]},{\"@type\":\"WebSite\",\"@id\":\"https:\\\/\\\/tiszacsege.hu\\\/#website\",\"url\":\"https:\\\/\\\/tiszacsege.hu\\\/\",\"name\":\"Tiszacsege\",\"description\":\"Tiszacsege hivatalos honlapja\",\"publisher\":{\"@id\":\"https:\\\/\\\/tiszacsege.hu\\\/#organization\"},\"potentialAction\":[{\"@type\":\"SearchAction\",\"target\":{\"@type\":\"EntryPoint\",\"urlTemplate\":\"https:\\\/\\\/tiszacsege.hu\\\/?s={search_term_string}\"},\"query-input\":{\"@type\":\"PropertyValueSpecification\",\"valueRequired\":true,\"valueName\":\"search_term_string\"}}],\"inLanguage\":\"hu\"},{\"@type\":\"Organization\",\"@id\":\"https:\\\/\\\/tiszacsege.hu\\\/#organization\",\"name\":\"Tiszacsege\",\"url\":\"https:\\\/\\\/tiszacsege.hu\\\/\",\"logo\":{\"@type\":\"ImageObject\",\"inLanguage\":\"hu\",\"@id\":\"https:\\\/\\\/tiszacsege.hu\\\/#\\\/schema\\\/logo\\\/image\\\/\",\"url\":\"https:\\\/\\\/tiszacsege.hu\\\/wp-content\\\/uploads\\\/2020\\\/10\\\/tiszacsege_logo_rovid2-1.png\",\"contentUrl\":\"https:\\\/\\\/tiszacsege.hu\\\/wp-content\\\/uploads\\\/2020\\\/10\\\/tiszacsege_logo_rovid2-1.png\",\"width\":500,\"height\":150,\"caption\":\"Tiszacsege\"},\"image\":{\"@id\":\"https:\\\/\\\/tiszacsege.hu\\\/#\\\/schema\\\/logo\\\/image\\\/\"},\"sameAs\":[\"https:\\\/\\\/www.facebook.com\\\/tiszacsegeonkormanyzata\"]},{\"@type\":\"Person\",\"@id\":\"https:\\\/\\\/tiszacsege.hu\\\/#\\\/schema\\\/person\\\/ff2f4e3a9747199f545a2cf351f25334\",\"name\":\"admin\",\"image\":{\"@type\":\"ImageObject\",\"inLanguage\":\"hu\",\"@id\":\"https:\\\/\\\/secure.gravatar.com\\\/avatar\\\/52224ccae048f9be8fd8d745a33eff630818f8bd5c43790479a2754dcef4b69b?s=96&d=mm&r=g\",\"url\":\"https:\\\/\\\/secure.gravatar.com\\\/avatar\\\/52224ccae048f9be8fd8d745a33eff630818f8bd5c43790479a2754dcef4b69b?s=96&d=mm&r=g\",\"contentUrl\":\"https:\\\/\\\/secure.gravatar.com\\\/avatar\\\/52224ccae048f9be8fd8d745a33eff630818f8bd5c43790479a2754dcef4b69b?s=96&d=mm&r=g\",\"caption\":\"admin\"},\"url\":\"https:\\\/\\\/tiszacsege.hu\\\/?author=1\"}]}<\/script>\n<!-- \/ Yoast SEO plugin. -->","yoast_head_json":{"title":"Tiszacsege Term\u00e1lstrand - \u00dcnnepi \u00e9s ny\u00e1ri nyitvatart\u00e1si rend","robots":{"index":"index","follow":"follow","max-snippet":"max-snippet:-1","max-image-preview":"max-image-preview:large","max-video-preview":"max-video-preview:-1"},"canonical":"https:\/\/tiszacsege.hu\/?p=27194","og_locale":"hu_HU","og_type":"article","og_title":"Tiszacsege Term\u00e1lstrand - \u00dcnnepi \u00e9s ny\u00e1ri nyitvatart\u00e1si rend","og_description":"Tisztelt Vend\u00e9geink! A Tiszacsege Term\u00e1lstrand \u00fcnnepi nyitvatart\u00e1si rendje az al\u00e1bbiak szerint alakul: J\u00fanius 6. (p\u00e9ntek): 10:00 &#8211; 20:00 J\u00fanius 7. (szombat): 10:00 &#8211; 20:00 J\u00fanius 8. (vas\u00e1rnap &#8211; P\u00fcnk\u00f6sd): 10:00 &#8211; 20:00 J\u00fanius 9. (h\u00e9tf\u0151 &#8211; P\u00fcnk\u00f6sd): 10:00 &#8211; 20:00 A f\u00fcrd\u0151 nyitvatart\u00e1si rendje megv\u00e1ltozik j\u00fanius 16-t\u00f3l! Ny\u00e1ri nyitvatart\u00e1si rend 2025. j\u00fanius 16-t\u00f3l. H\u00e9tf\u0151: Z\u00e1rva [&hellip;]","og_url":"https:\/\/tiszacsege.hu\/?p=27194","og_site_name":"Tiszacsege","article_publisher":"https:\/\/www.facebook.com\/tiszacsegeonkormanyzata","article_published_time":"2025-05-29T13:30:47+00:00","article_modified_time":"2025-05-29T13:30:49+00:00","og_image":[{"width":1500,"height":1004,"url":"https:\/\/tiszacsege.hu\/wp-content\/uploads\/2013\/10\/DSC9571.jpg","type":"image\/jpeg"}],"author":"admin","twitter_card":"summary_large_image","schema":{"@context":"https:\/\/schema.org","@graph":[{"@type":"Article","@id":"https:\/\/tiszacsege.hu\/?p=27194#article","isPartOf":{"@id":"https:\/\/tiszacsege.hu\/?p=27194"},"author":{"name":"admin","@id":"https:\/\/tiszacsege.hu\/#\/schema\/person\/ff2f4e3a9747199f545a2cf351f25334"},"headline":"Tiszacsege Term\u00e1lstrand &#8211; \u00dcnnepi \u00e9s ny\u00e1ri nyitvatart\u00e1si rend","datePublished":"2025-05-29T13:30:47+00:00","dateModified":"2025-05-29T13:30:49+00:00","mainEntityOfPage":{"@id":"https:\/\/tiszacsege.hu\/?p=27194"},"wordCount":115,"publisher":{"@id":"https:\/\/tiszacsege.hu\/#organization"},"image":{"@id":"https:\/\/tiszacsege.hu\/?p=27194#primaryimage"},"thumbnailUrl":"https:\/\/tiszacsege.hu\/wp-content\/uploads\/2013\/10\/DSC9571.jpg","articleSection":["Helyi h\u00edrek, t\u00e1j\u00e9koztat\u00f3k"],"inLanguage":"hu"},{"@type":"WebPage","@id":"https:\/\/tiszacsege.hu\/?p=27194","url":"https:\/\/tiszacsege.hu\/?p=27194","name":"Tiszacsege Term\u00e1lstrand - \u00dcnnepi \u00e9s ny\u00e1ri nyitvatart\u00e1si rend","isPartOf":{"@id":"https:\/\/tiszacsege.hu\/#website"},"primaryImageOfPage":{"@id":"https:\/\/tiszacsege.hu\/?p=27194#primaryimage"},"image":{"@id":"https:\/\/tiszacsege.hu\/?p=27194#primaryimage"},"thumbnailUrl":"https:\/\/tiszacsege.hu\/wp-content\/uploads\/2013\/10\/DSC9571.jpg","datePublished":"2025-05-29T13:30:47+00:00","dateModified":"2025-05-29T13:30:49+00:00","breadcrumb":{"@id":"https:\/\/tiszacsege.hu\/?p=27194#breadcrumb"},"inLanguage":"hu","potentialAction":[{"@type":"ReadAction","target":["https:\/\/tiszacsege.hu\/?p=27194"]}]},{"@type":"ImageObject","inLanguage":"hu","@id":"https:\/\/tiszacsege.hu\/?p=27194#primaryimage","url":"https:\/\/tiszacsege.hu\/wp-content\/uploads\/2013\/10\/DSC9571.jpg","contentUrl":"https:\/\/tiszacsege.hu\/wp-content\/uploads\/2013\/10\/DSC9571.jpg","width":1500,"height":1004},{"@type":"BreadcrumbList","@id":"https:\/\/tiszacsege.hu\/?p=27194#breadcrumb","itemListElement":[{"@type":"ListItem","position":1,"name":"Kezd\u0151lap","item":"https:\/\/tiszacsege.hu\/"},{"@type":"ListItem","position":2,"name":"Tiszacsege Term\u00e1lstrand &#8211; \u00dcnnepi \u00e9s ny\u00e1ri nyitvatart\u00e1si rend"}]},{"@type":"WebSite","@id":"https:\/\/tiszacsege.hu\/#website","url":"https:\/\/tiszacsege.hu\/","name":"Tiszacsege","description":"Tiszacsege hivatalos honlapja","publisher":{"@id":"https:\/\/tiszacsege.hu\/#organization"},"potentialAction":[{"@type":"SearchAction","target":{"@type":"EntryPoint","urlTemplate":"https:\/\/tiszacsege.hu\/?s={search_term_string}"},"query-input":{"@type":"PropertyValueSpecification","valueRequired":true,"valueName":"search_term_string"}}],"inLanguage":"hu"},{"@type":"Organization","@id":"https:\/\/tiszacsege.hu\/#organization","name":"Tiszacsege","url":"https:\/\/tiszacsege.hu\/","logo":{"@type":"ImageObject","inLanguage":"hu","@id":"https:\/\/tiszacsege.hu\/#\/schema\/logo\/image\/","url":"https:\/\/tiszacsege.hu\/wp-content\/uploads\/2020\/10\/tiszacsege_logo_rovid2-1.png","contentUrl":"https:\/\/tiszacsege.hu\/wp-content\/uploads\/2020\/10\/tiszacsege_logo_rovid2-1.png","width":500,"height":150,"caption":"Tiszacsege"},"image":{"@id":"https:\/\/tiszacsege.hu\/#\/schema\/logo\/image\/"},"sameAs":["https:\/\/www.facebook.com\/tiszacsegeonkormanyzata"]},{"@type":"Person","@id":"https:\/\/tiszacsege.hu\/#\/schema\/person\/ff2f4e3a9747199f545a2cf351f25334","name":"admin","image":{"@type":"ImageObject","inLanguage":"hu","@id":"https:\/\/secure.gravatar.com\/avatar\/52224ccae048f9be8fd8d745a33eff630818f8bd5c43790479a2754dcef4b69b?s=96&d=mm&r=g","url":"https:\/\/secure.gravatar.com\/avatar\/52224ccae048f9be8fd8d745a33eff630818f8bd5c43790479a2754dcef4b69b?s=96&d=mm&r=g","contentUrl":"https:\/\/secure.gravatar.com\/avatar\/52224ccae048f9be8fd8d745a33eff630818f8bd5c43790479a2754dcef4b69b?s=96&d=mm&r=g","caption":"admin"},"url":"https:\/\/tiszacsege.hu\/?author=1"}]}},"_links":{"self":[{"href":"https:\/\/tiszacsege.hu\/index.php?rest_route=\/wp\/v2\/posts\/27194","targetHints":{"allow":["GET"]}}],"collection":[{"href":"https:\/\/tiszacsege.hu\/index.php?rest_route=\/wp\/v2\/posts"}],"about":[{"href":"https:\/\/tiszacsege.hu\/index.php?rest_route=\/wp\/v2\/types\/post"}],"author":[{"embeddable":true,"href":"https:\/\/tiszacsege.hu\/index.php?rest_route=\/wp\/v2\/users\/1"}],"replies":[{"embeddable":true,"href":"https:\/\/tiszacsege.hu\/index.php?rest_route=%2Fwp%2Fv2%2Fcomments&post=27194"}],"version-history":[{"count":2,"href":"https:\/\/tiszacsege.hu\/index.php?rest_route=\/wp\/v2\/posts\/27194\/revisions"}],"predecessor-version":[{"id":27196,"href":"https:\/\/tiszacsege.hu\/index.php?rest_route=\/wp\/v2\/posts\/27194\/revisions\/27196"}],"wp:featuredmedia":[{"embeddable":true,"href":"https:\/\/tiszacsege.hu\/index.php?rest_route=\/wp\/v2\/media\/3651"}],"wp:attachment":[{"href":"https:\/\/tiszacsege.hu\/index.php?rest_route=%2Fwp%2Fv2%2Fmedia&parent=27194"}],"wp:term":[{"taxonomy":"category","embeddable":true,"href":"https:\/\/tiszacsege.hu\/index.php?rest_route=%2Fwp%2Fv2%2Fcategories&post=27194"},{"taxonomy":"post_tag","embeddable":true,"href":"https:\/\/tiszacsege.hu\/index.php?rest_route=%2Fwp%2Fv2%2Ftags&post=27194"},{"taxonomy":"post_folder","embeddable":true,"href":"https:\/\/tiszacsege.hu\/index.php?rest_route=%2Fwp%2Fv2%2Fpost_folder&post=27194"}],"curies":[{"name":"wp","href":"https:\/\/api.w.org\/{rel}","templated":true}]}}