{"id":27344,"date":"2025-06-21T11:21:42","date_gmt":"2025-06-21T09:21:42","guid":{"rendered":"https:\/\/tiszacsege.hu\/?p=27344"},"modified":"2025-06-21T11:21:43","modified_gmt":"2025-06-21T09:21:43","slug":"tajekoztatas-informatikai-atallas-a-tiszamenti-regionalis-vizmuveknel","status":"publish","type":"post","link":"https:\/\/tiszacsege.hu\/?p=27344","title":{"rendered":"T\u00e1j\u00e9koztat\u00e1s &#8211; Informatikai \u00e1t\u00e1ll\u00e1s a Tiszamenti Region\u00e1lis V\u00edzm\u0171vekn\u00e9l"},"content":{"rendered":"\n<p class=\"has-medium-font-size wp-block-paragraph\"><strong>Tisztelt Lakoss\u00e1g!<\/strong><\/p>\n\n\n\n<div style=\"height:20px\" aria-hidden=\"true\" class=\"wp-block-spacer\"><\/div>\n\n\n\n<p class=\"has-text-align-justify has-medium-font-size wp-block-paragraph\">T\u00e1j\u00e9koztatjuk \u00d6n\u00f6ket, hogy informatikai \u00e1t\u00e1ll\u00e1s miatt a TRV Zrt. \u00fcgyf\u00e9lszolg\u00e1lati csatorn\u00e1i 2025. j\u00fanius 23 &#8211; 29. k\u00f6z\u00f6tt csak korl\u00e1tozottan \u00e1llnak rendelkez\u00e9sre.<\/p>\n\n\n\n<div style=\"height:20px\" aria-hidden=\"true\" class=\"wp-block-spacer\"><\/div>\n\n\n\n<p class=\"has-text-align-justify has-medium-font-size wp-block-paragraph\">Mivel az \u00fcgyf\u00e9ladatokhoz val\u00f3 hozz\u00e1f\u00e9r\u00e9s ez id\u0151 alatt nem biztos\u00edtott, \u00e9rdemi \u00fcgyint\u00e9z\u00e9sre nem lesz lehet\u0151s\u00e9g. A szem\u00e9lyes \u00fcgyf\u00e9lszolg\u00e1lati irod\u00e1k z\u00e1rva tartanak. Az online \u00fcgyf\u00e9lszolg\u00e1lat, a V\u00edzcenter sem lesz el\u00e9rhet\u0151. A telefonos hibabejelent\u00e9s azonban ez id\u0151 alatt is zavartalanul m\u0171k\u00f6dik (+36 80 205-157).<\/p>\n\n\n\n<div style=\"height:20px\" aria-hidden=\"true\" class=\"wp-block-spacer\"><\/div>\n\n\n\n<p class=\"has-text-align-justify has-medium-font-size wp-block-paragraph\">E-mailben folyamatosan fogadj\u00e1k a bejelent\u00e9seket, azonban az \u00fcgyint\u00e9z\u00e9si id\u0151 meghosszabbodik.<\/p>\n\n\n\n<div style=\"height:20px\" aria-hidden=\"true\" class=\"wp-block-spacer\"><\/div>\n\n\n\n<p class=\"has-text-align-justify has-medium-font-size wp-block-paragraph\">A nyitvatart\u00e1sr\u00f3l b\u0151vebben a v\u00e1llalat honlapja ad t\u00e1j\u00e9koztat\u00e1st: <a href=\"https:\/\/trvzrt.hu\/ugyfelszolgalati-nyitvatartas-a-rendszerfejlesztes-alatt\/?fbclid=IwZXh0bgNhZW0CMTAAYnJpZBExMm1rcWdFYUVVRFdOa3hOeQEejrCZRn_joBRE-JqJeLJ4dFxSfoLPeZ6WakAJ5tMwtuY5wd6nGHD033DdOKU_aem_Pwp2jBOptFkI-N8fGFlrbw\" target=\"_blank\" rel=\"noreferrer noopener\">https:\/\/trvzrt.hu\/ugyfelszolgalati-nyitvatartas-a&#8230;\/<\/a><\/p>\n\n\n\n<div style=\"height:20px\" aria-hidden=\"true\" class=\"wp-block-spacer\"><\/div>\n\n\n\n<p class=\"has-text-align-justify has-medium-font-size wp-block-paragraph\">Tiszacsege V\u00e1ros \u00d6nkorm\u00e1nyzata<\/p>\n","protected":false},"excerpt":{"rendered":"<p>Tisztelt Lakoss\u00e1g! T\u00e1j\u00e9koztatjuk \u00d6n\u00f6ket, hogy informatikai \u00e1t\u00e1ll\u00e1s miatt a TRV Zrt. \u00fcgyf\u00e9lszolg\u00e1lati csatorn\u00e1i 2025. j\u00fanius 23 &#8211; 29. k\u00f6z\u00f6tt csak korl\u00e1tozottan \u00e1llnak rendelkez\u00e9sre. Mivel az \u00fcgyf\u00e9ladatokhoz val\u00f3 hozz\u00e1f\u00e9r\u00e9s ez id\u0151 alatt nem biztos\u00edtott, \u00e9rdemi \u00fcgyint\u00e9z\u00e9sre nem lesz lehet\u0151s\u00e9g. A szem\u00e9lyes \u00fcgyf\u00e9lszolg\u00e1lati irod\u00e1k z\u00e1rva tartanak. Az online \u00fcgyf\u00e9lszolg\u00e1lat, a V\u00edzcenter sem lesz el\u00e9rhet\u0151. A telefonos hibabejelent\u00e9s [&hellip;]<\/p>\n","protected":false},"author":1,"featured_media":19665,"comment_status":"closed","ping_status":"closed","sticky":false,"template":"","format":"standard","meta":{"_editorskit_title_hidden":false,"_editorskit_reading_time":0,"_editorskit_is_block_options_detached":false,"_editorskit_block_options_position":"{}","_crdt_document":"","footnotes":""},"categories":[1],"tags":[],"post_folder":[],"class_list":["post-27344","post","type-post","status-publish","format-standard","has-post-thumbnail","hentry","category-hirek"],"yoast_head":"<!-- This site is optimized with the Yoast SEO plugin v27.4 - https:\/\/yoast.com\/product\/yoast-seo-wordpress\/ -->\n<title>T\u00e1j\u00e9koztat\u00e1s - Informatikai \u00e1t\u00e1ll\u00e1s a Tiszamenti Region\u00e1lis V\u00edzm\u0171vekn\u00e9l<\/title>\n<meta name=\"robots\" content=\"index, follow, max-snippet:-1, max-image-preview:large, max-video-preview:-1\" \/>\n<link rel=\"canonical\" href=\"https:\/\/tiszacsege.hu\/?p=27344\" \/>\n<meta property=\"og:locale\" content=\"hu_HU\" \/>\n<meta property=\"og:type\" content=\"article\" \/>\n<meta property=\"og:title\" content=\"T\u00e1j\u00e9koztat\u00e1s - Informatikai \u00e1t\u00e1ll\u00e1s a Tiszamenti Region\u00e1lis V\u00edzm\u0171vekn\u00e9l\" \/>\n<meta property=\"og:description\" content=\"Tisztelt Lakoss\u00e1g! T\u00e1j\u00e9koztatjuk \u00d6n\u00f6ket, hogy informatikai \u00e1t\u00e1ll\u00e1s miatt a TRV Zrt. \u00fcgyf\u00e9lszolg\u00e1lati csatorn\u00e1i 2025. j\u00fanius 23 &#8211; 29. k\u00f6z\u00f6tt csak korl\u00e1tozottan \u00e1llnak rendelkez\u00e9sre. Mivel az \u00fcgyf\u00e9ladatokhoz val\u00f3 hozz\u00e1f\u00e9r\u00e9s ez id\u0151 alatt nem biztos\u00edtott, \u00e9rdemi \u00fcgyint\u00e9z\u00e9sre nem lesz lehet\u0151s\u00e9g. A szem\u00e9lyes \u00fcgyf\u00e9lszolg\u00e1lati irod\u00e1k z\u00e1rva tartanak. Az online \u00fcgyf\u00e9lszolg\u00e1lat, a V\u00edzcenter sem lesz el\u00e9rhet\u0151. A telefonos hibabejelent\u00e9s [&hellip;]\" \/>\n<meta property=\"og:url\" content=\"https:\/\/tiszacsege.hu\/?p=27344\" \/>\n<meta property=\"og:site_name\" content=\"Tiszacsege\" \/>\n<meta property=\"article:publisher\" content=\"https:\/\/www.facebook.com\/tiszacsegeonkormanyzata\" \/>\n<meta property=\"article:published_time\" content=\"2025-06-21T09:21:42+00:00\" \/>\n<meta property=\"article:modified_time\" content=\"2025-06-21T09:21:43+00:00\" \/>\n<meta property=\"og:image\" content=\"https:\/\/tiszacsege.hu\/wp-content\/uploads\/2022\/05\/trv_logo_uj.png\" \/>\n\t<meta property=\"og:image:width\" content=\"557\" \/>\n\t<meta property=\"og:image:height\" content=\"426\" \/>\n\t<meta property=\"og:image:type\" content=\"image\/png\" \/>\n<meta name=\"author\" content=\"admin\" \/>\n<meta name=\"twitter:card\" content=\"summary_large_image\" \/>\n<script type=\"application\/ld+json\" class=\"yoast-schema-graph\">{\"@context\":\"https:\\\/\\\/schema.org\",\"@graph\":[{\"@type\":\"Article\",\"@id\":\"https:\\\/\\\/tiszacsege.hu\\\/?p=27344#article\",\"isPartOf\":{\"@id\":\"https:\\\/\\\/tiszacsege.hu\\\/?p=27344\"},\"author\":{\"name\":\"admin\",\"@id\":\"https:\\\/\\\/tiszacsege.hu\\\/#\\\/schema\\\/person\\\/ff2f4e3a9747199f545a2cf351f25334\"},\"headline\":\"T\u00e1j\u00e9koztat\u00e1s &#8211; Informatikai \u00e1t\u00e1ll\u00e1s a Tiszamenti Region\u00e1lis V\u00edzm\u0171vekn\u00e9l\",\"datePublished\":\"2025-06-21T09:21:42+00:00\",\"dateModified\":\"2025-06-21T09:21:43+00:00\",\"mainEntityOfPage\":{\"@id\":\"https:\\\/\\\/tiszacsege.hu\\\/?p=27344\"},\"wordCount\":150,\"publisher\":{\"@id\":\"https:\\\/\\\/tiszacsege.hu\\\/#organization\"},\"image\":{\"@id\":\"https:\\\/\\\/tiszacsege.hu\\\/?p=27344#primaryimage\"},\"thumbnailUrl\":\"https:\\\/\\\/tiszacsege.hu\\\/wp-content\\\/uploads\\\/2022\\\/05\\\/trv_logo_uj.png\",\"articleSection\":[\"Helyi h\u00edrek, t\u00e1j\u00e9koztat\u00f3k\"],\"inLanguage\":\"hu\"},{\"@type\":\"WebPage\",\"@id\":\"https:\\\/\\\/tiszacsege.hu\\\/?p=27344\",\"url\":\"https:\\\/\\\/tiszacsege.hu\\\/?p=27344\",\"name\":\"T\u00e1j\u00e9koztat\u00e1s - Informatikai \u00e1t\u00e1ll\u00e1s a Tiszamenti Region\u00e1lis V\u00edzm\u0171vekn\u00e9l\",\"isPartOf\":{\"@id\":\"https:\\\/\\\/tiszacsege.hu\\\/#website\"},\"primaryImageOfPage\":{\"@id\":\"https:\\\/\\\/tiszacsege.hu\\\/?p=27344#primaryimage\"},\"image\":{\"@id\":\"https:\\\/\\\/tiszacsege.hu\\\/?p=27344#primaryimage\"},\"thumbnailUrl\":\"https:\\\/\\\/tiszacsege.hu\\\/wp-content\\\/uploads\\\/2022\\\/05\\\/trv_logo_uj.png\",\"datePublished\":\"2025-06-21T09:21:42+00:00\",\"dateModified\":\"2025-06-21T09:21:43+00:00\",\"breadcrumb\":{\"@id\":\"https:\\\/\\\/tiszacsege.hu\\\/?p=27344#breadcrumb\"},\"inLanguage\":\"hu\",\"potentialAction\":[{\"@type\":\"ReadAction\",\"target\":[\"https:\\\/\\\/tiszacsege.hu\\\/?p=27344\"]}]},{\"@type\":\"ImageObject\",\"inLanguage\":\"hu\",\"@id\":\"https:\\\/\\\/tiszacsege.hu\\\/?p=27344#primaryimage\",\"url\":\"https:\\\/\\\/tiszacsege.hu\\\/wp-content\\\/uploads\\\/2022\\\/05\\\/trv_logo_uj.png\",\"contentUrl\":\"https:\\\/\\\/tiszacsege.hu\\\/wp-content\\\/uploads\\\/2022\\\/05\\\/trv_logo_uj.png\",\"width\":557,\"height\":426},{\"@type\":\"BreadcrumbList\",\"@id\":\"https:\\\/\\\/tiszacsege.hu\\\/?p=27344#breadcrumb\",\"itemListElement\":[{\"@type\":\"ListItem\",\"position\":1,\"name\":\"Kezd\u0151lap\",\"item\":\"https:\\\/\\\/tiszacsege.hu\\\/\"},{\"@type\":\"ListItem\",\"position\":2,\"name\":\"T\u00e1j\u00e9koztat\u00e1s &#8211; Informatikai \u00e1t\u00e1ll\u00e1s a Tiszamenti Region\u00e1lis V\u00edzm\u0171vekn\u00e9l\"}]},{\"@type\":\"WebSite\",\"@id\":\"https:\\\/\\\/tiszacsege.hu\\\/#website\",\"url\":\"https:\\\/\\\/tiszacsege.hu\\\/\",\"name\":\"Tiszacsege\",\"description\":\"Tiszacsege hivatalos honlapja\",\"publisher\":{\"@id\":\"https:\\\/\\\/tiszacsege.hu\\\/#organization\"},\"potentialAction\":[{\"@type\":\"SearchAction\",\"target\":{\"@type\":\"EntryPoint\",\"urlTemplate\":\"https:\\\/\\\/tiszacsege.hu\\\/?s={search_term_string}\"},\"query-input\":{\"@type\":\"PropertyValueSpecification\",\"valueRequired\":true,\"valueName\":\"search_term_string\"}}],\"inLanguage\":\"hu\"},{\"@type\":\"Organization\",\"@id\":\"https:\\\/\\\/tiszacsege.hu\\\/#organization\",\"name\":\"Tiszacsege\",\"url\":\"https:\\\/\\\/tiszacsege.hu\\\/\",\"logo\":{\"@type\":\"ImageObject\",\"inLanguage\":\"hu\",\"@id\":\"https:\\\/\\\/tiszacsege.hu\\\/#\\\/schema\\\/logo\\\/image\\\/\",\"url\":\"https:\\\/\\\/tiszacsege.hu\\\/wp-content\\\/uploads\\\/2020\\\/10\\\/tiszacsege_logo_rovid2-1.png\",\"contentUrl\":\"https:\\\/\\\/tiszacsege.hu\\\/wp-content\\\/uploads\\\/2020\\\/10\\\/tiszacsege_logo_rovid2-1.png\",\"width\":500,\"height\":150,\"caption\":\"Tiszacsege\"},\"image\":{\"@id\":\"https:\\\/\\\/tiszacsege.hu\\\/#\\\/schema\\\/logo\\\/image\\\/\"},\"sameAs\":[\"https:\\\/\\\/www.facebook.com\\\/tiszacsegeonkormanyzata\"]},{\"@type\":\"Person\",\"@id\":\"https:\\\/\\\/tiszacsege.hu\\\/#\\\/schema\\\/person\\\/ff2f4e3a9747199f545a2cf351f25334\",\"name\":\"admin\",\"image\":{\"@type\":\"ImageObject\",\"inLanguage\":\"hu\",\"@id\":\"https:\\\/\\\/secure.gravatar.com\\\/avatar\\\/52224ccae048f9be8fd8d745a33eff630818f8bd5c43790479a2754dcef4b69b?s=96&d=mm&r=g\",\"url\":\"https:\\\/\\\/secure.gravatar.com\\\/avatar\\\/52224ccae048f9be8fd8d745a33eff630818f8bd5c43790479a2754dcef4b69b?s=96&d=mm&r=g\",\"contentUrl\":\"https:\\\/\\\/secure.gravatar.com\\\/avatar\\\/52224ccae048f9be8fd8d745a33eff630818f8bd5c43790479a2754dcef4b69b?s=96&d=mm&r=g\",\"caption\":\"admin\"},\"url\":\"https:\\\/\\\/tiszacsege.hu\\\/?author=1\"}]}<\/script>\n<!-- \/ Yoast SEO plugin. -->","yoast_head_json":{"title":"T\u00e1j\u00e9koztat\u00e1s - Informatikai \u00e1t\u00e1ll\u00e1s a Tiszamenti Region\u00e1lis V\u00edzm\u0171vekn\u00e9l","robots":{"index":"index","follow":"follow","max-snippet":"max-snippet:-1","max-image-preview":"max-image-preview:large","max-video-preview":"max-video-preview:-1"},"canonical":"https:\/\/tiszacsege.hu\/?p=27344","og_locale":"hu_HU","og_type":"article","og_title":"T\u00e1j\u00e9koztat\u00e1s - Informatikai \u00e1t\u00e1ll\u00e1s a Tiszamenti Region\u00e1lis V\u00edzm\u0171vekn\u00e9l","og_description":"Tisztelt Lakoss\u00e1g! T\u00e1j\u00e9koztatjuk \u00d6n\u00f6ket, hogy informatikai \u00e1t\u00e1ll\u00e1s miatt a TRV Zrt. \u00fcgyf\u00e9lszolg\u00e1lati csatorn\u00e1i 2025. j\u00fanius 23 &#8211; 29. k\u00f6z\u00f6tt csak korl\u00e1tozottan \u00e1llnak rendelkez\u00e9sre. Mivel az \u00fcgyf\u00e9ladatokhoz val\u00f3 hozz\u00e1f\u00e9r\u00e9s ez id\u0151 alatt nem biztos\u00edtott, \u00e9rdemi \u00fcgyint\u00e9z\u00e9sre nem lesz lehet\u0151s\u00e9g. A szem\u00e9lyes \u00fcgyf\u00e9lszolg\u00e1lati irod\u00e1k z\u00e1rva tartanak. Az online \u00fcgyf\u00e9lszolg\u00e1lat, a V\u00edzcenter sem lesz el\u00e9rhet\u0151. A telefonos hibabejelent\u00e9s [&hellip;]","og_url":"https:\/\/tiszacsege.hu\/?p=27344","og_site_name":"Tiszacsege","article_publisher":"https:\/\/www.facebook.com\/tiszacsegeonkormanyzata","article_published_time":"2025-06-21T09:21:42+00:00","article_modified_time":"2025-06-21T09:21:43+00:00","og_image":[{"width":557,"height":426,"url":"https:\/\/tiszacsege.hu\/wp-content\/uploads\/2022\/05\/trv_logo_uj.png","type":"image\/png"}],"author":"admin","twitter_card":"summary_large_image","schema":{"@context":"https:\/\/schema.org","@graph":[{"@type":"Article","@id":"https:\/\/tiszacsege.hu\/?p=27344#article","isPartOf":{"@id":"https:\/\/tiszacsege.hu\/?p=27344"},"author":{"name":"admin","@id":"https:\/\/tiszacsege.hu\/#\/schema\/person\/ff2f4e3a9747199f545a2cf351f25334"},"headline":"T\u00e1j\u00e9koztat\u00e1s &#8211; Informatikai \u00e1t\u00e1ll\u00e1s a Tiszamenti Region\u00e1lis V\u00edzm\u0171vekn\u00e9l","datePublished":"2025-06-21T09:21:42+00:00","dateModified":"2025-06-21T09:21:43+00:00","mainEntityOfPage":{"@id":"https:\/\/tiszacsege.hu\/?p=27344"},"wordCount":150,"publisher":{"@id":"https:\/\/tiszacsege.hu\/#organization"},"image":{"@id":"https:\/\/tiszacsege.hu\/?p=27344#primaryimage"},"thumbnailUrl":"https:\/\/tiszacsege.hu\/wp-content\/uploads\/2022\/05\/trv_logo_uj.png","articleSection":["Helyi h\u00edrek, t\u00e1j\u00e9koztat\u00f3k"],"inLanguage":"hu"},{"@type":"WebPage","@id":"https:\/\/tiszacsege.hu\/?p=27344","url":"https:\/\/tiszacsege.hu\/?p=27344","name":"T\u00e1j\u00e9koztat\u00e1s - Informatikai \u00e1t\u00e1ll\u00e1s a Tiszamenti Region\u00e1lis V\u00edzm\u0171vekn\u00e9l","isPartOf":{"@id":"https:\/\/tiszacsege.hu\/#website"},"primaryImageOfPage":{"@id":"https:\/\/tiszacsege.hu\/?p=27344#primaryimage"},"image":{"@id":"https:\/\/tiszacsege.hu\/?p=27344#primaryimage"},"thumbnailUrl":"https:\/\/tiszacsege.hu\/wp-content\/uploads\/2022\/05\/trv_logo_uj.png","datePublished":"2025-06-21T09:21:42+00:00","dateModified":"2025-06-21T09:21:43+00:00","breadcrumb":{"@id":"https:\/\/tiszacsege.hu\/?p=27344#breadcrumb"},"inLanguage":"hu","potentialAction":[{"@type":"ReadAction","target":["https:\/\/tiszacsege.hu\/?p=27344"]}]},{"@type":"ImageObject","inLanguage":"hu","@id":"https:\/\/tiszacsege.hu\/?p=27344#primaryimage","url":"https:\/\/tiszacsege.hu\/wp-content\/uploads\/2022\/05\/trv_logo_uj.png","contentUrl":"https:\/\/tiszacsege.hu\/wp-content\/uploads\/2022\/05\/trv_logo_uj.png","width":557,"height":426},{"@type":"BreadcrumbList","@id":"https:\/\/tiszacsege.hu\/?p=27344#breadcrumb","itemListElement":[{"@type":"ListItem","position":1,"name":"Kezd\u0151lap","item":"https:\/\/tiszacsege.hu\/"},{"@type":"ListItem","position":2,"name":"T\u00e1j\u00e9koztat\u00e1s &#8211; Informatikai \u00e1t\u00e1ll\u00e1s a Tiszamenti Region\u00e1lis V\u00edzm\u0171vekn\u00e9l"}]},{"@type":"WebSite","@id":"https:\/\/tiszacsege.hu\/#website","url":"https:\/\/tiszacsege.hu\/","name":"Tiszacsege","description":"Tiszacsege hivatalos honlapja","publisher":{"@id":"https:\/\/tiszacsege.hu\/#organization"},"potentialAction":[{"@type":"SearchAction","target":{"@type":"EntryPoint","urlTemplate":"https:\/\/tiszacsege.hu\/?s={search_term_string}"},"query-input":{"@type":"PropertyValueSpecification","valueRequired":true,"valueName":"search_term_string"}}],"inLanguage":"hu"},{"@type":"Organization","@id":"https:\/\/tiszacsege.hu\/#organization","name":"Tiszacsege","url":"https:\/\/tiszacsege.hu\/","logo":{"@type":"ImageObject","inLanguage":"hu","@id":"https:\/\/tiszacsege.hu\/#\/schema\/logo\/image\/","url":"https:\/\/tiszacsege.hu\/wp-content\/uploads\/2020\/10\/tiszacsege_logo_rovid2-1.png","contentUrl":"https:\/\/tiszacsege.hu\/wp-content\/uploads\/2020\/10\/tiszacsege_logo_rovid2-1.png","width":500,"height":150,"caption":"Tiszacsege"},"image":{"@id":"https:\/\/tiszacsege.hu\/#\/schema\/logo\/image\/"},"sameAs":["https:\/\/www.facebook.com\/tiszacsegeonkormanyzata"]},{"@type":"Person","@id":"https:\/\/tiszacsege.hu\/#\/schema\/person\/ff2f4e3a9747199f545a2cf351f25334","name":"admin","image":{"@type":"ImageObject","inLanguage":"hu","@id":"https:\/\/secure.gravatar.com\/avatar\/52224ccae048f9be8fd8d745a33eff630818f8bd5c43790479a2754dcef4b69b?s=96&d=mm&r=g","url":"https:\/\/secure.gravatar.com\/avatar\/52224ccae048f9be8fd8d745a33eff630818f8bd5c43790479a2754dcef4b69b?s=96&d=mm&r=g","contentUrl":"https:\/\/secure.gravatar.com\/avatar\/52224ccae048f9be8fd8d745a33eff630818f8bd5c43790479a2754dcef4b69b?s=96&d=mm&r=g","caption":"admin"},"url":"https:\/\/tiszacsege.hu\/?author=1"}]}},"_links":{"self":[{"href":"https:\/\/tiszacsege.hu\/index.php?rest_route=\/wp\/v2\/posts\/27344","targetHints":{"allow":["GET"]}}],"collection":[{"href":"https:\/\/tiszacsege.hu\/index.php?rest_route=\/wp\/v2\/posts"}],"about":[{"href":"https:\/\/tiszacsege.hu\/index.php?rest_route=\/wp\/v2\/types\/post"}],"author":[{"embeddable":true,"href":"https:\/\/tiszacsege.hu\/index.php?rest_route=\/wp\/v2\/users\/1"}],"replies":[{"embeddable":true,"href":"https:\/\/tiszacsege.hu\/index.php?rest_route=%2Fwp%2Fv2%2Fcomments&post=27344"}],"version-history":[{"count":1,"href":"https:\/\/tiszacsege.hu\/index.php?rest_route=\/wp\/v2\/posts\/27344\/revisions"}],"predecessor-version":[{"id":27345,"href":"https:\/\/tiszacsege.hu\/index.php?rest_route=\/wp\/v2\/posts\/27344\/revisions\/27345"}],"wp:featuredmedia":[{"embeddable":true,"href":"https:\/\/tiszacsege.hu\/index.php?rest_route=\/wp\/v2\/media\/19665"}],"wp:attachment":[{"href":"https:\/\/tiszacsege.hu\/index.php?rest_route=%2Fwp%2Fv2%2Fmedia&parent=27344"}],"wp:term":[{"taxonomy":"category","embeddable":true,"href":"https:\/\/tiszacsege.hu\/index.php?rest_route=%2Fwp%2Fv2%2Fcategories&post=27344"},{"taxonomy":"post_tag","embeddable":true,"href":"https:\/\/tiszacsege.hu\/index.php?rest_route=%2Fwp%2Fv2%2Ftags&post=27344"},{"taxonomy":"post_folder","embeddable":true,"href":"https:\/\/tiszacsege.hu\/index.php?rest_route=%2Fwp%2Fv2%2Fpost_folder&post=27344"}],"curies":[{"name":"wp","href":"https:\/\/api.w.org\/{rel}","templated":true}]}}