{"id":27420,"date":"2025-06-30T15:48:50","date_gmt":"2025-06-30T13:48:50","guid":{"rendered":"https:\/\/tiszacsege.hu\/?p=27420"},"modified":"2025-06-30T15:49:01","modified_gmt":"2025-06-30T13:49:01","slug":"tajekoztatas-ii-foku-hosegriasztasrol-3","status":"publish","type":"post","link":"https:\/\/tiszacsege.hu\/?p=27420","title":{"rendered":"T\u00e1j\u00e9koztat\u00e1s II. fok\u00fa h\u0151s\u00e9griaszt\u00e1sr\u00f3l"},"content":{"rendered":"\n<p class=\"has-text-align-justify has-medium-font-size wp-block-paragraph\"><strong>A Nemzeti N\u00e9peg\u00e9szs\u00e9g\u00fcgyi \u00e9s Gy\u00f3gyszer\u00e9szeti K\u00f6zpont \u00e9s a BM Orsz\u00e1gos Katasztr\u00f3fav\u00e9delmi F\u0151igazgat\u00f3s\u00e1g k\u00f6z\u00f6s k\u00f6zlem\u00e9nye<\/strong><\/p>\n\n\n\n<div style=\"height:20px\" aria-hidden=\"true\" class=\"wp-block-spacer\"><\/div>\n\n\n\n<p class=\"has-text-align-justify has-medium-font-size wp-block-paragraph\">Az orsz\u00e1gos tisztif\u0151orvos a HungaroMet el\u0151rejelz\u00e9se alapj\u00e1n j\u00fanius 30. (h\u00e9tf\u0151) 00.00 \u00f3r\u00e1t\u00f3l j\u00falius 4. (p\u00e9ntek) 24.00 \u00f3r\u00e1ig m\u00e1sodfok\u00fa h\u0151s\u00e9griaszt\u00e1st rendel el Magyarorsz\u00e1g teljes ter\u00fclet\u00e9re.<\/p>\n\n\n\n<div style=\"height:20px\" aria-hidden=\"true\" class=\"wp-block-spacer\"><\/div>\n\n\n\n<p class=\"has-text-align-justify has-medium-font-size wp-block-paragraph\">A h\u00e9t els\u0151 fel\u00e9ben ism\u00e9t tart\u00f3s h\u0151s\u00e9gre kell sz\u00e1m\u00edtani, k\u00fcl\u00f6n\u00f6sen a v\u00e1rosias k\u00f6rnyezetben, ahol az \u00e9p\u00edtett burkolatok \u00e9s \u00e9p\u00fcletek napk\u00f6zben felmelegszenek, \u00e9jszaka pedig nehezen h\u0171lnek le. A nagy meleg nemcsak fizikailag, hanem ment\u00e1lisan is megterhel\u0151:\u00a0<strong>romlik a koncentr\u00e1ci\u00f3, n\u0151 a reakci\u00f3id\u0151, kevesebb a t\u00fcrelem<\/strong>, amely a k\u00f6zleked\u00e9sben is komoly kock\u00e1zatot jelent.<\/p>\n\n\n\n<div style=\"height:20px\" aria-hidden=\"true\" class=\"wp-block-spacer\"><\/div>\n\n\n\n<p class=\"has-text-align-justify has-medium-font-size wp-block-paragraph\">A h\u0151s\u00e9g k\u00fcl\u00f6n\u00f6sen vesz\u00e9lyes a kisgyermekekre, az id\u0151sekre, a v\u00e1rand\u00f3sokra, a sz\u00edv- \u00e9s \u00e9rrendszeri betegek sz\u00e1m\u00e1ra. Kiemelten fontos a\u00a0<strong>folyamatos folyad\u00e9kp\u00f3tl\u00e1s<\/strong>, valamint a\u00a0<strong>test h\u0171t\u00e9se ak\u00e1r v\u00edzpermettel, nedves kend\u0151vel, langyos zuhannyal vagy l\u00e1bf\u00fcrd\u0151vel<\/strong>. M\u00e1r n\u00e9h\u00e1ny perc is seg\u00edthet enyh\u00edteni a szervezet h\u0151terhel\u00e9s\u00e9t.<\/p>\n\n\n\n<div style=\"height:20px\" aria-hidden=\"true\" class=\"wp-block-spacer\"><\/div>\n\n\n\n<p class=\"has-text-align-justify has-medium-font-size wp-block-paragraph\">A\u00a0<strong>melegben t\u00e1rolt \u00e9lelmiszerek,\u00a0<\/strong>k\u00fcl\u00f6n\u00f6sen az \u00e1llati eredet\u0171ek<strong>\u00a0gyorsabban romlanak<\/strong>. Ne hagyjuk a bev\u00e1s\u00e1rl\u00e1s ut\u00e1n sok\u00e1ig a csomagtart\u00f3ban az \u00e9lelmiszereket, \u00e9s\u00a0<strong>ker\u00fclj\u00fck a t\u00f6bb napos marad\u00e9k\u00e9telek fogyaszt\u00e1s\u00e1t<\/strong>.<\/p>\n\n\n\n<div style=\"height:20px\" aria-hidden=\"true\" class=\"wp-block-spacer\"><\/div>\n\n\n\n<p class=\"has-text-align-justify has-medium-font-size wp-block-paragraph\"><strong>A k\u00f6zleked\u00e9sben legy\u00fcnk t\u00fcrelmesebbek<\/strong>: a h\u0151s\u00e9gben az emberek ingerl\u00e9kenyebbek, figyelmetlenebbek. A j\u00e1rm\u0171veket parkol\u00e1s ut\u00e1n\u00a0<strong>mindig ellen\u0151rizz\u00fck<\/strong>, hogy nem maradt benn\u00fck gyermek, \u00e1llat vagy h\u0151re \u00e9rz\u00e9keny eszk\u00f6z.\u00a0<strong>Kuty\u00e1t se s\u00e9t\u00e1ltassunk betonon, aszfalton, mert<\/strong>\u00a0az ak\u00e1r 60\u201370 \u00b0C-ra is felmelegedhet, \u00e9g\u00e9si s\u00e9r\u00fcl\u00e9st okozva az \u00e1llatok mancs\u00e1n.<\/p>\n\n\n\n<div style=\"height:20px\" aria-hidden=\"true\" class=\"wp-block-spacer\"><\/div>\n\n\n\n<p class=\"has-text-align-justify has-medium-font-size wp-block-paragraph\">A nagy h\u0151s\u00e9gben cs\u00f6kkenhet a k\u00e9m\u00e9ny huzathat\u00e1sa, \u00edgy ahol ny\u00edlt \u00e9g\u00e9ster\u0171 v\u00edzmeleg\u00edt\u0151t haszn\u00e1lnak, sz\u00e9n-monoxid keletkezhet. A h\u00e9ten 36 helyre riasztott\u00e1k a t\u0171zolt\u00f3kat sz\u00e9n-monoxid miatt.<\/p>\n\n\n\n<div style=\"height:20px\" aria-hidden=\"true\" class=\"wp-block-spacer\"><\/div>\n\n\n\n<p class=\"has-text-align-justify has-medium-font-size wp-block-paragraph\">H\u00e9tf\u0151t\u0151l p\u00e9ntekig 395 szabadt\u00e9ri t\u0171zh\u00f6z riasztott\u00e1k a t\u0171zolt\u00f3kat, amely k\u00f6z\u00f6tt hatvan hekt\u00e1ros is volt. A h\u00e9ten le\u00e9gett ter\u00fclet nagys\u00e1ga 8,7 milli\u00f3 n\u00e9gyzetm\u00e9ter. A h\u0151s\u00e9griaszt\u00e1s ideje alatt lehet\u0151leg senki se gy\u00fajtson t\u00fczet a szabadban. A saj\u00e1t kertj\u00e9ben mindenki grillezhet, bogr\u00e1csozhat, de egy pillanatra se hagyj\u00e1k fel\u00fcgyelet n\u00e9lk\u00fcl a t\u00fczet.<\/p>\n\n\n\n<div style=\"height:20px\" aria-hidden=\"true\" class=\"wp-block-spacer\"><\/div>\n\n\n\n<p class=\"has-text-align-justify has-medium-font-size wp-block-paragraph\">A friss riaszt\u00e1sokr\u00f3l a\u00a0<strong>V\u00c9SZ applik\u00e1ci\u00f3<\/strong>\u00a0val\u00f3s idej\u0171 \u00e9rtes\u00edt\u00e9seket k\u00fcld. \u00c9rdemes let\u00f6lteni, hogy id\u0151ben felk\u00e9sz\u00fclhess\u00fcnk az extr\u00e9m id\u0151j\u00e1r\u00e1si helyzetekre.<\/p>\n","protected":false},"excerpt":{"rendered":"<p>A Nemzeti N\u00e9peg\u00e9szs\u00e9g\u00fcgyi \u00e9s Gy\u00f3gyszer\u00e9szeti K\u00f6zpont \u00e9s a BM Orsz\u00e1gos Katasztr\u00f3fav\u00e9delmi F\u0151igazgat\u00f3s\u00e1g k\u00f6z\u00f6s k\u00f6zlem\u00e9nye Az orsz\u00e1gos tisztif\u0151orvos a HungaroMet el\u0151rejelz\u00e9se alapj\u00e1n j\u00fanius 30. (h\u00e9tf\u0151) 00.00 \u00f3r\u00e1t\u00f3l j\u00falius 4. (p\u00e9ntek) 24.00 \u00f3r\u00e1ig m\u00e1sodfok\u00fa h\u0151s\u00e9griaszt\u00e1st rendel el Magyarorsz\u00e1g teljes ter\u00fclet\u00e9re. A h\u00e9t els\u0151 fel\u00e9ben ism\u00e9t tart\u00f3s h\u0151s\u00e9gre kell sz\u00e1m\u00edtani, k\u00fcl\u00f6n\u00f6sen a v\u00e1rosias k\u00f6rnyezetben, ahol az \u00e9p\u00edtett burkolatok [&hellip;]<\/p>\n","protected":false},"author":1,"featured_media":17881,"comment_status":"closed","ping_status":"closed","sticky":false,"template":"","format":"standard","meta":{"_editorskit_title_hidden":false,"_editorskit_reading_time":0,"_editorskit_is_block_options_detached":false,"_editorskit_block_options_position":"{}","_crdt_document":"","footnotes":""},"categories":[1],"tags":[],"post_folder":[],"class_list":["post-27420","post","type-post","status-publish","format-standard","has-post-thumbnail","hentry","category-hirek"],"yoast_head":"<!-- This site is optimized with the Yoast SEO plugin v27.4 - https:\/\/yoast.com\/product\/yoast-seo-wordpress\/ -->\n<title>T\u00e1j\u00e9koztat\u00e1s II. fok\u00fa h\u0151s\u00e9griaszt\u00e1sr\u00f3l<\/title>\n<meta name=\"robots\" content=\"index, follow, max-snippet:-1, max-image-preview:large, max-video-preview:-1\" \/>\n<link rel=\"canonical\" href=\"https:\/\/tiszacsege.hu\/?p=27420\" \/>\n<meta property=\"og:locale\" content=\"hu_HU\" \/>\n<meta property=\"og:type\" content=\"article\" \/>\n<meta property=\"og:title\" content=\"T\u00e1j\u00e9koztat\u00e1s II. fok\u00fa h\u0151s\u00e9griaszt\u00e1sr\u00f3l\" \/>\n<meta property=\"og:description\" content=\"A Nemzeti N\u00e9peg\u00e9szs\u00e9g\u00fcgyi \u00e9s Gy\u00f3gyszer\u00e9szeti K\u00f6zpont \u00e9s a BM Orsz\u00e1gos Katasztr\u00f3fav\u00e9delmi F\u0151igazgat\u00f3s\u00e1g k\u00f6z\u00f6s k\u00f6zlem\u00e9nye Az orsz\u00e1gos tisztif\u0151orvos a HungaroMet el\u0151rejelz\u00e9se alapj\u00e1n j\u00fanius 30. (h\u00e9tf\u0151) 00.00 \u00f3r\u00e1t\u00f3l j\u00falius 4. (p\u00e9ntek) 24.00 \u00f3r\u00e1ig m\u00e1sodfok\u00fa h\u0151s\u00e9griaszt\u00e1st rendel el Magyarorsz\u00e1g teljes ter\u00fclet\u00e9re. A h\u00e9t els\u0151 fel\u00e9ben ism\u00e9t tart\u00f3s h\u0151s\u00e9gre kell sz\u00e1m\u00edtani, k\u00fcl\u00f6n\u00f6sen a v\u00e1rosias k\u00f6rnyezetben, ahol az \u00e9p\u00edtett burkolatok [&hellip;]\" \/>\n<meta property=\"og:url\" content=\"https:\/\/tiszacsege.hu\/?p=27420\" \/>\n<meta property=\"og:site_name\" content=\"Tiszacsege\" \/>\n<meta property=\"article:publisher\" content=\"https:\/\/www.facebook.com\/tiszacsegeonkormanyzata\" \/>\n<meta property=\"article:published_time\" content=\"2025-06-30T13:48:50+00:00\" \/>\n<meta property=\"article:modified_time\" content=\"2025-06-30T13:49:01+00:00\" \/>\n<meta property=\"og:image\" content=\"https:\/\/tiszacsege.hu\/wp-content\/uploads\/2021\/06\/napsutes-scaled.jpg\" \/>\n\t<meta property=\"og:image:width\" content=\"2560\" \/>\n\t<meta property=\"og:image:height\" content=\"2560\" \/>\n\t<meta property=\"og:image:type\" content=\"image\/jpeg\" \/>\n<meta name=\"author\" content=\"admin\" \/>\n<meta name=\"twitter:card\" content=\"summary_large_image\" \/>\n<script type=\"application\/ld+json\" class=\"yoast-schema-graph\">{\"@context\":\"https:\\\/\\\/schema.org\",\"@graph\":[{\"@type\":\"Article\",\"@id\":\"https:\\\/\\\/tiszacsege.hu\\\/?p=27420#article\",\"isPartOf\":{\"@id\":\"https:\\\/\\\/tiszacsege.hu\\\/?p=27420\"},\"author\":{\"name\":\"admin\",\"@id\":\"https:\\\/\\\/tiszacsege.hu\\\/#\\\/schema\\\/person\\\/ff2f4e3a9747199f545a2cf351f25334\"},\"headline\":\"T\u00e1j\u00e9koztat\u00e1s II. fok\u00fa h\u0151s\u00e9griaszt\u00e1sr\u00f3l\",\"datePublished\":\"2025-06-30T13:48:50+00:00\",\"dateModified\":\"2025-06-30T13:49:01+00:00\",\"mainEntityOfPage\":{\"@id\":\"https:\\\/\\\/tiszacsege.hu\\\/?p=27420\"},\"wordCount\":499,\"publisher\":{\"@id\":\"https:\\\/\\\/tiszacsege.hu\\\/#organization\"},\"image\":{\"@id\":\"https:\\\/\\\/tiszacsege.hu\\\/?p=27420#primaryimage\"},\"thumbnailUrl\":\"https:\\\/\\\/tiszacsege.hu\\\/wp-content\\\/uploads\\\/2021\\\/06\\\/napsutes-scaled.jpg\",\"articleSection\":[\"Helyi h\u00edrek, t\u00e1j\u00e9koztat\u00f3k\"],\"inLanguage\":\"hu\"},{\"@type\":\"WebPage\",\"@id\":\"https:\\\/\\\/tiszacsege.hu\\\/?p=27420\",\"url\":\"https:\\\/\\\/tiszacsege.hu\\\/?p=27420\",\"name\":\"T\u00e1j\u00e9koztat\u00e1s II. fok\u00fa h\u0151s\u00e9griaszt\u00e1sr\u00f3l\",\"isPartOf\":{\"@id\":\"https:\\\/\\\/tiszacsege.hu\\\/#website\"},\"primaryImageOfPage\":{\"@id\":\"https:\\\/\\\/tiszacsege.hu\\\/?p=27420#primaryimage\"},\"image\":{\"@id\":\"https:\\\/\\\/tiszacsege.hu\\\/?p=27420#primaryimage\"},\"thumbnailUrl\":\"https:\\\/\\\/tiszacsege.hu\\\/wp-content\\\/uploads\\\/2021\\\/06\\\/napsutes-scaled.jpg\",\"datePublished\":\"2025-06-30T13:48:50+00:00\",\"dateModified\":\"2025-06-30T13:49:01+00:00\",\"breadcrumb\":{\"@id\":\"https:\\\/\\\/tiszacsege.hu\\\/?p=27420#breadcrumb\"},\"inLanguage\":\"hu\",\"potentialAction\":[{\"@type\":\"ReadAction\",\"target\":[\"https:\\\/\\\/tiszacsege.hu\\\/?p=27420\"]}]},{\"@type\":\"ImageObject\",\"inLanguage\":\"hu\",\"@id\":\"https:\\\/\\\/tiszacsege.hu\\\/?p=27420#primaryimage\",\"url\":\"https:\\\/\\\/tiszacsege.hu\\\/wp-content\\\/uploads\\\/2021\\\/06\\\/napsutes-scaled.jpg\",\"contentUrl\":\"https:\\\/\\\/tiszacsege.hu\\\/wp-content\\\/uploads\\\/2021\\\/06\\\/napsutes-scaled.jpg\",\"width\":2560,\"height\":2560},{\"@type\":\"BreadcrumbList\",\"@id\":\"https:\\\/\\\/tiszacsege.hu\\\/?p=27420#breadcrumb\",\"itemListElement\":[{\"@type\":\"ListItem\",\"position\":1,\"name\":\"Kezd\u0151lap\",\"item\":\"https:\\\/\\\/tiszacsege.hu\\\/\"},{\"@type\":\"ListItem\",\"position\":2,\"name\":\"T\u00e1j\u00e9koztat\u00e1s II. fok\u00fa h\u0151s\u00e9griaszt\u00e1sr\u00f3l\"}]},{\"@type\":\"WebSite\",\"@id\":\"https:\\\/\\\/tiszacsege.hu\\\/#website\",\"url\":\"https:\\\/\\\/tiszacsege.hu\\\/\",\"name\":\"Tiszacsege\",\"description\":\"Tiszacsege hivatalos honlapja\",\"publisher\":{\"@id\":\"https:\\\/\\\/tiszacsege.hu\\\/#organization\"},\"potentialAction\":[{\"@type\":\"SearchAction\",\"target\":{\"@type\":\"EntryPoint\",\"urlTemplate\":\"https:\\\/\\\/tiszacsege.hu\\\/?s={search_term_string}\"},\"query-input\":{\"@type\":\"PropertyValueSpecification\",\"valueRequired\":true,\"valueName\":\"search_term_string\"}}],\"inLanguage\":\"hu\"},{\"@type\":\"Organization\",\"@id\":\"https:\\\/\\\/tiszacsege.hu\\\/#organization\",\"name\":\"Tiszacsege\",\"url\":\"https:\\\/\\\/tiszacsege.hu\\\/\",\"logo\":{\"@type\":\"ImageObject\",\"inLanguage\":\"hu\",\"@id\":\"https:\\\/\\\/tiszacsege.hu\\\/#\\\/schema\\\/logo\\\/image\\\/\",\"url\":\"https:\\\/\\\/tiszacsege.hu\\\/wp-content\\\/uploads\\\/2020\\\/10\\\/tiszacsege_logo_rovid2-1.png\",\"contentUrl\":\"https:\\\/\\\/tiszacsege.hu\\\/wp-content\\\/uploads\\\/2020\\\/10\\\/tiszacsege_logo_rovid2-1.png\",\"width\":500,\"height\":150,\"caption\":\"Tiszacsege\"},\"image\":{\"@id\":\"https:\\\/\\\/tiszacsege.hu\\\/#\\\/schema\\\/logo\\\/image\\\/\"},\"sameAs\":[\"https:\\\/\\\/www.facebook.com\\\/tiszacsegeonkormanyzata\"]},{\"@type\":\"Person\",\"@id\":\"https:\\\/\\\/tiszacsege.hu\\\/#\\\/schema\\\/person\\\/ff2f4e3a9747199f545a2cf351f25334\",\"name\":\"admin\",\"image\":{\"@type\":\"ImageObject\",\"inLanguage\":\"hu\",\"@id\":\"https:\\\/\\\/secure.gravatar.com\\\/avatar\\\/52224ccae048f9be8fd8d745a33eff630818f8bd5c43790479a2754dcef4b69b?s=96&d=mm&r=g\",\"url\":\"https:\\\/\\\/secure.gravatar.com\\\/avatar\\\/52224ccae048f9be8fd8d745a33eff630818f8bd5c43790479a2754dcef4b69b?s=96&d=mm&r=g\",\"contentUrl\":\"https:\\\/\\\/secure.gravatar.com\\\/avatar\\\/52224ccae048f9be8fd8d745a33eff630818f8bd5c43790479a2754dcef4b69b?s=96&d=mm&r=g\",\"caption\":\"admin\"},\"url\":\"https:\\\/\\\/tiszacsege.hu\\\/?author=1\"}]}<\/script>\n<!-- \/ Yoast SEO plugin. -->","yoast_head_json":{"title":"T\u00e1j\u00e9koztat\u00e1s II. fok\u00fa h\u0151s\u00e9griaszt\u00e1sr\u00f3l","robots":{"index":"index","follow":"follow","max-snippet":"max-snippet:-1","max-image-preview":"max-image-preview:large","max-video-preview":"max-video-preview:-1"},"canonical":"https:\/\/tiszacsege.hu\/?p=27420","og_locale":"hu_HU","og_type":"article","og_title":"T\u00e1j\u00e9koztat\u00e1s II. fok\u00fa h\u0151s\u00e9griaszt\u00e1sr\u00f3l","og_description":"A Nemzeti N\u00e9peg\u00e9szs\u00e9g\u00fcgyi \u00e9s Gy\u00f3gyszer\u00e9szeti K\u00f6zpont \u00e9s a BM Orsz\u00e1gos Katasztr\u00f3fav\u00e9delmi F\u0151igazgat\u00f3s\u00e1g k\u00f6z\u00f6s k\u00f6zlem\u00e9nye Az orsz\u00e1gos tisztif\u0151orvos a HungaroMet el\u0151rejelz\u00e9se alapj\u00e1n j\u00fanius 30. (h\u00e9tf\u0151) 00.00 \u00f3r\u00e1t\u00f3l j\u00falius 4. (p\u00e9ntek) 24.00 \u00f3r\u00e1ig m\u00e1sodfok\u00fa h\u0151s\u00e9griaszt\u00e1st rendel el Magyarorsz\u00e1g teljes ter\u00fclet\u00e9re. A h\u00e9t els\u0151 fel\u00e9ben ism\u00e9t tart\u00f3s h\u0151s\u00e9gre kell sz\u00e1m\u00edtani, k\u00fcl\u00f6n\u00f6sen a v\u00e1rosias k\u00f6rnyezetben, ahol az \u00e9p\u00edtett burkolatok [&hellip;]","og_url":"https:\/\/tiszacsege.hu\/?p=27420","og_site_name":"Tiszacsege","article_publisher":"https:\/\/www.facebook.com\/tiszacsegeonkormanyzata","article_published_time":"2025-06-30T13:48:50+00:00","article_modified_time":"2025-06-30T13:49:01+00:00","og_image":[{"width":2560,"height":2560,"url":"https:\/\/tiszacsege.hu\/wp-content\/uploads\/2021\/06\/napsutes-scaled.jpg","type":"image\/jpeg"}],"author":"admin","twitter_card":"summary_large_image","schema":{"@context":"https:\/\/schema.org","@graph":[{"@type":"Article","@id":"https:\/\/tiszacsege.hu\/?p=27420#article","isPartOf":{"@id":"https:\/\/tiszacsege.hu\/?p=27420"},"author":{"name":"admin","@id":"https:\/\/tiszacsege.hu\/#\/schema\/person\/ff2f4e3a9747199f545a2cf351f25334"},"headline":"T\u00e1j\u00e9koztat\u00e1s II. fok\u00fa h\u0151s\u00e9griaszt\u00e1sr\u00f3l","datePublished":"2025-06-30T13:48:50+00:00","dateModified":"2025-06-30T13:49:01+00:00","mainEntityOfPage":{"@id":"https:\/\/tiszacsege.hu\/?p=27420"},"wordCount":499,"publisher":{"@id":"https:\/\/tiszacsege.hu\/#organization"},"image":{"@id":"https:\/\/tiszacsege.hu\/?p=27420#primaryimage"},"thumbnailUrl":"https:\/\/tiszacsege.hu\/wp-content\/uploads\/2021\/06\/napsutes-scaled.jpg","articleSection":["Helyi h\u00edrek, t\u00e1j\u00e9koztat\u00f3k"],"inLanguage":"hu"},{"@type":"WebPage","@id":"https:\/\/tiszacsege.hu\/?p=27420","url":"https:\/\/tiszacsege.hu\/?p=27420","name":"T\u00e1j\u00e9koztat\u00e1s II. fok\u00fa h\u0151s\u00e9griaszt\u00e1sr\u00f3l","isPartOf":{"@id":"https:\/\/tiszacsege.hu\/#website"},"primaryImageOfPage":{"@id":"https:\/\/tiszacsege.hu\/?p=27420#primaryimage"},"image":{"@id":"https:\/\/tiszacsege.hu\/?p=27420#primaryimage"},"thumbnailUrl":"https:\/\/tiszacsege.hu\/wp-content\/uploads\/2021\/06\/napsutes-scaled.jpg","datePublished":"2025-06-30T13:48:50+00:00","dateModified":"2025-06-30T13:49:01+00:00","breadcrumb":{"@id":"https:\/\/tiszacsege.hu\/?p=27420#breadcrumb"},"inLanguage":"hu","potentialAction":[{"@type":"ReadAction","target":["https:\/\/tiszacsege.hu\/?p=27420"]}]},{"@type":"ImageObject","inLanguage":"hu","@id":"https:\/\/tiszacsege.hu\/?p=27420#primaryimage","url":"https:\/\/tiszacsege.hu\/wp-content\/uploads\/2021\/06\/napsutes-scaled.jpg","contentUrl":"https:\/\/tiszacsege.hu\/wp-content\/uploads\/2021\/06\/napsutes-scaled.jpg","width":2560,"height":2560},{"@type":"BreadcrumbList","@id":"https:\/\/tiszacsege.hu\/?p=27420#breadcrumb","itemListElement":[{"@type":"ListItem","position":1,"name":"Kezd\u0151lap","item":"https:\/\/tiszacsege.hu\/"},{"@type":"ListItem","position":2,"name":"T\u00e1j\u00e9koztat\u00e1s II. fok\u00fa h\u0151s\u00e9griaszt\u00e1sr\u00f3l"}]},{"@type":"WebSite","@id":"https:\/\/tiszacsege.hu\/#website","url":"https:\/\/tiszacsege.hu\/","name":"Tiszacsege","description":"Tiszacsege hivatalos honlapja","publisher":{"@id":"https:\/\/tiszacsege.hu\/#organization"},"potentialAction":[{"@type":"SearchAction","target":{"@type":"EntryPoint","urlTemplate":"https:\/\/tiszacsege.hu\/?s={search_term_string}"},"query-input":{"@type":"PropertyValueSpecification","valueRequired":true,"valueName":"search_term_string"}}],"inLanguage":"hu"},{"@type":"Organization","@id":"https:\/\/tiszacsege.hu\/#organization","name":"Tiszacsege","url":"https:\/\/tiszacsege.hu\/","logo":{"@type":"ImageObject","inLanguage":"hu","@id":"https:\/\/tiszacsege.hu\/#\/schema\/logo\/image\/","url":"https:\/\/tiszacsege.hu\/wp-content\/uploads\/2020\/10\/tiszacsege_logo_rovid2-1.png","contentUrl":"https:\/\/tiszacsege.hu\/wp-content\/uploads\/2020\/10\/tiszacsege_logo_rovid2-1.png","width":500,"height":150,"caption":"Tiszacsege"},"image":{"@id":"https:\/\/tiszacsege.hu\/#\/schema\/logo\/image\/"},"sameAs":["https:\/\/www.facebook.com\/tiszacsegeonkormanyzata"]},{"@type":"Person","@id":"https:\/\/tiszacsege.hu\/#\/schema\/person\/ff2f4e3a9747199f545a2cf351f25334","name":"admin","image":{"@type":"ImageObject","inLanguage":"hu","@id":"https:\/\/secure.gravatar.com\/avatar\/52224ccae048f9be8fd8d745a33eff630818f8bd5c43790479a2754dcef4b69b?s=96&d=mm&r=g","url":"https:\/\/secure.gravatar.com\/avatar\/52224ccae048f9be8fd8d745a33eff630818f8bd5c43790479a2754dcef4b69b?s=96&d=mm&r=g","contentUrl":"https:\/\/secure.gravatar.com\/avatar\/52224ccae048f9be8fd8d745a33eff630818f8bd5c43790479a2754dcef4b69b?s=96&d=mm&r=g","caption":"admin"},"url":"https:\/\/tiszacsege.hu\/?author=1"}]}},"_links":{"self":[{"href":"https:\/\/tiszacsege.hu\/index.php?rest_route=\/wp\/v2\/posts\/27420","targetHints":{"allow":["GET"]}}],"collection":[{"href":"https:\/\/tiszacsege.hu\/index.php?rest_route=\/wp\/v2\/posts"}],"about":[{"href":"https:\/\/tiszacsege.hu\/index.php?rest_route=\/wp\/v2\/types\/post"}],"author":[{"embeddable":true,"href":"https:\/\/tiszacsege.hu\/index.php?rest_route=\/wp\/v2\/users\/1"}],"replies":[{"embeddable":true,"href":"https:\/\/tiszacsege.hu\/index.php?rest_route=%2Fwp%2Fv2%2Fcomments&post=27420"}],"version-history":[{"count":1,"href":"https:\/\/tiszacsege.hu\/index.php?rest_route=\/wp\/v2\/posts\/27420\/revisions"}],"predecessor-version":[{"id":27421,"href":"https:\/\/tiszacsege.hu\/index.php?rest_route=\/wp\/v2\/posts\/27420\/revisions\/27421"}],"wp:featuredmedia":[{"embeddable":true,"href":"https:\/\/tiszacsege.hu\/index.php?rest_route=\/wp\/v2\/media\/17881"}],"wp:attachment":[{"href":"https:\/\/tiszacsege.hu\/index.php?rest_route=%2Fwp%2Fv2%2Fmedia&parent=27420"}],"wp:term":[{"taxonomy":"category","embeddable":true,"href":"https:\/\/tiszacsege.hu\/index.php?rest_route=%2Fwp%2Fv2%2Fcategories&post=27420"},{"taxonomy":"post_tag","embeddable":true,"href":"https:\/\/tiszacsege.hu\/index.php?rest_route=%2Fwp%2Fv2%2Ftags&post=27420"},{"taxonomy":"post_folder","embeddable":true,"href":"https:\/\/tiszacsege.hu\/index.php?rest_route=%2Fwp%2Fv2%2Fpost_folder&post=27420"}],"curies":[{"name":"wp","href":"https:\/\/api.w.org\/{rel}","templated":true}]}}