{"id":27975,"date":"2025-09-18T11:04:15","date_gmt":"2025-09-18T09:04:15","guid":{"rendered":"https:\/\/tiszacsege.hu\/?p=27975"},"modified":"2025-09-18T11:04:16","modified_gmt":"2025-09-18T09:04:16","slug":"bringas-reggeli-europai-mobilitasi-het","status":"publish","type":"post","link":"https:\/\/tiszacsege.hu\/?p=27975","title":{"rendered":"Bring\u00e1s reggeli &#8211; Eur\u00f3pai Mobilit\u00e1si H\u00e9t"},"content":{"rendered":"\n<p class=\"has-medium-font-size wp-block-paragraph\"><img decoding=\"async\" height=\"16\" width=\"16\" alt=\"\ud83d\udccd\" src=\"https:\/\/static.xx.fbcdn.net\/images\/emoji.php\/v9\/t2d\/1\/16\/1f4cd.png\"> Helysz\u00ednek:<\/p>\n\n\n\n<p class=\"has-medium-font-size wp-block-paragraph\">\u00d3voda el\u0151tt<\/p>\n\n\n\n<p class=\"has-medium-font-size wp-block-paragraph\">Iskola el\u0151tt<\/p>\n\n\n\n<p class=\"has-medium-font-size wp-block-paragraph\">Szolg\u00e1ltat\u00f3 csarnokn\u00e1l<\/p>\n\n\n\n<div style=\"height:20px\" aria-hidden=\"true\" class=\"wp-block-spacer\"><\/div>\n\n\n\n<p class=\"has-medium-font-size wp-block-paragraph\"><img decoding=\"async\" height=\"16\" width=\"16\" alt=\"\ud83d\udcc5\" src=\"https:\/\/static.xx.fbcdn.net\/images\/emoji.php\/v9\/t7e\/1\/16\/1f4c5.png\"> Id\u0151pont: 2025. szeptember 22. (h\u00e9tf\u0151)<\/p>\n\n\n\n<p class=\"has-medium-font-size wp-block-paragraph\"><img decoding=\"async\" height=\"16\" width=\"16\" alt=\"\ud83d\udd57\" src=\"https:\/\/static.xx.fbcdn.net\/images\/emoji.php\/v9\/t2f\/1\/16\/1f557.png\"> Reggel: 8:00 \u00f3r\u00e1t\u00f3l<\/p>\n\n\n\n<div style=\"height:20px\" aria-hidden=\"true\" class=\"wp-block-spacer\"><\/div>\n\n\n\n<p class=\"has-medium-font-size wp-block-paragraph\">V\u00e1runk minden biciklivel \u00e9rkez\u0151t friss\u00edt\u0151vel \u00e9s finom falatokkal!<\/p>\n\n\n\n<div style=\"height:20px\" aria-hidden=\"true\" class=\"wp-block-spacer\"><\/div>\n\n\n\n<p class=\"has-medium-font-size wp-block-paragraph\">Gyere k\u00e9t ker\u00e9ken, kezdj\u00fck egy\u00fctt a napot eg\u00e9szs\u00e9gesen \u00e9s k\u00f6rnyezettudatosan!<\/p>\n","protected":false},"excerpt":{"rendered":"<p>Helysz\u00ednek: \u00d3voda el\u0151tt Iskola el\u0151tt Szolg\u00e1ltat\u00f3 csarnokn\u00e1l Id\u0151pont: 2025. szeptember 22. (h\u00e9tf\u0151) Reggel: 8:00 \u00f3r\u00e1t\u00f3l V\u00e1runk minden biciklivel \u00e9rkez\u0151t friss\u00edt\u0151vel \u00e9s finom falatokkal! Gyere k\u00e9t ker\u00e9ken, kezdj\u00fck egy\u00fctt a napot eg\u00e9szs\u00e9gesen \u00e9s k\u00f6rnyezettudatosan!<\/p>\n","protected":false},"author":1,"featured_media":27976,"comment_status":"closed","ping_status":"closed","sticky":false,"template":"","format":"standard","meta":{"_editorskit_title_hidden":false,"_editorskit_reading_time":0,"_editorskit_is_block_options_detached":false,"_editorskit_block_options_position":"{}","_crdt_document":"","footnotes":""},"categories":[1],"tags":[],"post_folder":[],"class_list":["post-27975","post","type-post","status-publish","format-standard","has-post-thumbnail","hentry","category-hirek"],"yoast_head":"<!-- This site is optimized with the Yoast SEO plugin v27.4 - https:\/\/yoast.com\/product\/yoast-seo-wordpress\/ -->\n<title>Bring\u00e1s reggeli - Eur\u00f3pai Mobilit\u00e1si H\u00e9t<\/title>\n<meta name=\"robots\" content=\"index, follow, max-snippet:-1, max-image-preview:large, max-video-preview:-1\" \/>\n<link rel=\"canonical\" href=\"https:\/\/tiszacsege.hu\/?p=27975\" \/>\n<meta property=\"og:locale\" content=\"hu_HU\" \/>\n<meta property=\"og:type\" content=\"article\" \/>\n<meta property=\"og:title\" content=\"Bring\u00e1s reggeli - Eur\u00f3pai Mobilit\u00e1si H\u00e9t\" \/>\n<meta property=\"og:description\" content=\"Helysz\u00ednek: \u00d3voda el\u0151tt Iskola el\u0151tt Szolg\u00e1ltat\u00f3 csarnokn\u00e1l Id\u0151pont: 2025. szeptember 22. (h\u00e9tf\u0151) Reggel: 8:00 \u00f3r\u00e1t\u00f3l V\u00e1runk minden biciklivel \u00e9rkez\u0151t friss\u00edt\u0151vel \u00e9s finom falatokkal! Gyere k\u00e9t ker\u00e9ken, kezdj\u00fck egy\u00fctt a napot eg\u00e9szs\u00e9gesen \u00e9s k\u00f6rnyezettudatosan!\" \/>\n<meta property=\"og:url\" content=\"https:\/\/tiszacsege.hu\/?p=27975\" \/>\n<meta property=\"og:site_name\" content=\"Tiszacsege\" \/>\n<meta property=\"article:publisher\" content=\"https:\/\/www.facebook.com\/tiszacsegeonkormanyzata\" \/>\n<meta property=\"article:published_time\" content=\"2025-09-18T09:04:15+00:00\" \/>\n<meta property=\"article:modified_time\" content=\"2025-09-18T09:04:16+00:00\" \/>\n<meta property=\"og:image\" content=\"https:\/\/tiszacsege.hu\/wp-content\/uploads\/2025\/09\/mobilitasi_het_2025.jpg\" \/>\n\t<meta property=\"og:image:width\" content=\"1671\" \/>\n\t<meta property=\"og:image:height\" content=\"1278\" \/>\n\t<meta property=\"og:image:type\" content=\"image\/jpeg\" \/>\n<meta name=\"author\" content=\"admin\" \/>\n<meta name=\"twitter:card\" content=\"summary_large_image\" \/>\n<script type=\"application\/ld+json\" class=\"yoast-schema-graph\">{\"@context\":\"https:\\\/\\\/schema.org\",\"@graph\":[{\"@type\":\"Article\",\"@id\":\"https:\\\/\\\/tiszacsege.hu\\\/?p=27975#article\",\"isPartOf\":{\"@id\":\"https:\\\/\\\/tiszacsege.hu\\\/?p=27975\"},\"author\":{\"name\":\"admin\",\"@id\":\"https:\\\/\\\/tiszacsege.hu\\\/#\\\/schema\\\/person\\\/ff2f4e3a9747199f545a2cf351f25334\"},\"headline\":\"Bring\u00e1s reggeli &#8211; Eur\u00f3pai Mobilit\u00e1si H\u00e9t\",\"datePublished\":\"2025-09-18T09:04:15+00:00\",\"dateModified\":\"2025-09-18T09:04:16+00:00\",\"mainEntityOfPage\":{\"@id\":\"https:\\\/\\\/tiszacsege.hu\\\/?p=27975\"},\"wordCount\":60,\"publisher\":{\"@id\":\"https:\\\/\\\/tiszacsege.hu\\\/#organization\"},\"image\":{\"@id\":\"https:\\\/\\\/tiszacsege.hu\\\/?p=27975#primaryimage\"},\"thumbnailUrl\":\"https:\\\/\\\/tiszacsege.hu\\\/wp-content\\\/uploads\\\/2025\\\/09\\\/mobilitasi_het_2025.jpg\",\"articleSection\":[\"Helyi h\u00edrek, t\u00e1j\u00e9koztat\u00f3k\"],\"inLanguage\":\"hu\"},{\"@type\":\"WebPage\",\"@id\":\"https:\\\/\\\/tiszacsege.hu\\\/?p=27975\",\"url\":\"https:\\\/\\\/tiszacsege.hu\\\/?p=27975\",\"name\":\"Bring\u00e1s reggeli - Eur\u00f3pai Mobilit\u00e1si H\u00e9t\",\"isPartOf\":{\"@id\":\"https:\\\/\\\/tiszacsege.hu\\\/#website\"},\"primaryImageOfPage\":{\"@id\":\"https:\\\/\\\/tiszacsege.hu\\\/?p=27975#primaryimage\"},\"image\":{\"@id\":\"https:\\\/\\\/tiszacsege.hu\\\/?p=27975#primaryimage\"},\"thumbnailUrl\":\"https:\\\/\\\/tiszacsege.hu\\\/wp-content\\\/uploads\\\/2025\\\/09\\\/mobilitasi_het_2025.jpg\",\"datePublished\":\"2025-09-18T09:04:15+00:00\",\"dateModified\":\"2025-09-18T09:04:16+00:00\",\"breadcrumb\":{\"@id\":\"https:\\\/\\\/tiszacsege.hu\\\/?p=27975#breadcrumb\"},\"inLanguage\":\"hu\",\"potentialAction\":[{\"@type\":\"ReadAction\",\"target\":[\"https:\\\/\\\/tiszacsege.hu\\\/?p=27975\"]}]},{\"@type\":\"ImageObject\",\"inLanguage\":\"hu\",\"@id\":\"https:\\\/\\\/tiszacsege.hu\\\/?p=27975#primaryimage\",\"url\":\"https:\\\/\\\/tiszacsege.hu\\\/wp-content\\\/uploads\\\/2025\\\/09\\\/mobilitasi_het_2025.jpg\",\"contentUrl\":\"https:\\\/\\\/tiszacsege.hu\\\/wp-content\\\/uploads\\\/2025\\\/09\\\/mobilitasi_het_2025.jpg\",\"width\":1671,\"height\":1278},{\"@type\":\"BreadcrumbList\",\"@id\":\"https:\\\/\\\/tiszacsege.hu\\\/?p=27975#breadcrumb\",\"itemListElement\":[{\"@type\":\"ListItem\",\"position\":1,\"name\":\"Kezd\u0151lap\",\"item\":\"https:\\\/\\\/tiszacsege.hu\\\/\"},{\"@type\":\"ListItem\",\"position\":2,\"name\":\"Bring\u00e1s reggeli &#8211; Eur\u00f3pai Mobilit\u00e1si H\u00e9t\"}]},{\"@type\":\"WebSite\",\"@id\":\"https:\\\/\\\/tiszacsege.hu\\\/#website\",\"url\":\"https:\\\/\\\/tiszacsege.hu\\\/\",\"name\":\"Tiszacsege\",\"description\":\"Tiszacsege hivatalos honlapja\",\"publisher\":{\"@id\":\"https:\\\/\\\/tiszacsege.hu\\\/#organization\"},\"potentialAction\":[{\"@type\":\"SearchAction\",\"target\":{\"@type\":\"EntryPoint\",\"urlTemplate\":\"https:\\\/\\\/tiszacsege.hu\\\/?s={search_term_string}\"},\"query-input\":{\"@type\":\"PropertyValueSpecification\",\"valueRequired\":true,\"valueName\":\"search_term_string\"}}],\"inLanguage\":\"hu\"},{\"@type\":\"Organization\",\"@id\":\"https:\\\/\\\/tiszacsege.hu\\\/#organization\",\"name\":\"Tiszacsege\",\"url\":\"https:\\\/\\\/tiszacsege.hu\\\/\",\"logo\":{\"@type\":\"ImageObject\",\"inLanguage\":\"hu\",\"@id\":\"https:\\\/\\\/tiszacsege.hu\\\/#\\\/schema\\\/logo\\\/image\\\/\",\"url\":\"https:\\\/\\\/tiszacsege.hu\\\/wp-content\\\/uploads\\\/2020\\\/10\\\/tiszacsege_logo_rovid2-1.png\",\"contentUrl\":\"https:\\\/\\\/tiszacsege.hu\\\/wp-content\\\/uploads\\\/2020\\\/10\\\/tiszacsege_logo_rovid2-1.png\",\"width\":500,\"height\":150,\"caption\":\"Tiszacsege\"},\"image\":{\"@id\":\"https:\\\/\\\/tiszacsege.hu\\\/#\\\/schema\\\/logo\\\/image\\\/\"},\"sameAs\":[\"https:\\\/\\\/www.facebook.com\\\/tiszacsegeonkormanyzata\"]},{\"@type\":\"Person\",\"@id\":\"https:\\\/\\\/tiszacsege.hu\\\/#\\\/schema\\\/person\\\/ff2f4e3a9747199f545a2cf351f25334\",\"name\":\"admin\",\"image\":{\"@type\":\"ImageObject\",\"inLanguage\":\"hu\",\"@id\":\"https:\\\/\\\/secure.gravatar.com\\\/avatar\\\/52224ccae048f9be8fd8d745a33eff630818f8bd5c43790479a2754dcef4b69b?s=96&d=mm&r=g\",\"url\":\"https:\\\/\\\/secure.gravatar.com\\\/avatar\\\/52224ccae048f9be8fd8d745a33eff630818f8bd5c43790479a2754dcef4b69b?s=96&d=mm&r=g\",\"contentUrl\":\"https:\\\/\\\/secure.gravatar.com\\\/avatar\\\/52224ccae048f9be8fd8d745a33eff630818f8bd5c43790479a2754dcef4b69b?s=96&d=mm&r=g\",\"caption\":\"admin\"},\"url\":\"https:\\\/\\\/tiszacsege.hu\\\/?author=1\"}]}<\/script>\n<!-- \/ Yoast SEO plugin. -->","yoast_head_json":{"title":"Bring\u00e1s reggeli - Eur\u00f3pai Mobilit\u00e1si H\u00e9t","robots":{"index":"index","follow":"follow","max-snippet":"max-snippet:-1","max-image-preview":"max-image-preview:large","max-video-preview":"max-video-preview:-1"},"canonical":"https:\/\/tiszacsege.hu\/?p=27975","og_locale":"hu_HU","og_type":"article","og_title":"Bring\u00e1s reggeli - Eur\u00f3pai Mobilit\u00e1si H\u00e9t","og_description":"Helysz\u00ednek: \u00d3voda el\u0151tt Iskola el\u0151tt Szolg\u00e1ltat\u00f3 csarnokn\u00e1l Id\u0151pont: 2025. szeptember 22. (h\u00e9tf\u0151) Reggel: 8:00 \u00f3r\u00e1t\u00f3l V\u00e1runk minden biciklivel \u00e9rkez\u0151t friss\u00edt\u0151vel \u00e9s finom falatokkal! Gyere k\u00e9t ker\u00e9ken, kezdj\u00fck egy\u00fctt a napot eg\u00e9szs\u00e9gesen \u00e9s k\u00f6rnyezettudatosan!","og_url":"https:\/\/tiszacsege.hu\/?p=27975","og_site_name":"Tiszacsege","article_publisher":"https:\/\/www.facebook.com\/tiszacsegeonkormanyzata","article_published_time":"2025-09-18T09:04:15+00:00","article_modified_time":"2025-09-18T09:04:16+00:00","og_image":[{"width":1671,"height":1278,"url":"https:\/\/tiszacsege.hu\/wp-content\/uploads\/2025\/09\/mobilitasi_het_2025.jpg","type":"image\/jpeg"}],"author":"admin","twitter_card":"summary_large_image","schema":{"@context":"https:\/\/schema.org","@graph":[{"@type":"Article","@id":"https:\/\/tiszacsege.hu\/?p=27975#article","isPartOf":{"@id":"https:\/\/tiszacsege.hu\/?p=27975"},"author":{"name":"admin","@id":"https:\/\/tiszacsege.hu\/#\/schema\/person\/ff2f4e3a9747199f545a2cf351f25334"},"headline":"Bring\u00e1s reggeli &#8211; Eur\u00f3pai Mobilit\u00e1si H\u00e9t","datePublished":"2025-09-18T09:04:15+00:00","dateModified":"2025-09-18T09:04:16+00:00","mainEntityOfPage":{"@id":"https:\/\/tiszacsege.hu\/?p=27975"},"wordCount":60,"publisher":{"@id":"https:\/\/tiszacsege.hu\/#organization"},"image":{"@id":"https:\/\/tiszacsege.hu\/?p=27975#primaryimage"},"thumbnailUrl":"https:\/\/tiszacsege.hu\/wp-content\/uploads\/2025\/09\/mobilitasi_het_2025.jpg","articleSection":["Helyi h\u00edrek, t\u00e1j\u00e9koztat\u00f3k"],"inLanguage":"hu"},{"@type":"WebPage","@id":"https:\/\/tiszacsege.hu\/?p=27975","url":"https:\/\/tiszacsege.hu\/?p=27975","name":"Bring\u00e1s reggeli - Eur\u00f3pai Mobilit\u00e1si H\u00e9t","isPartOf":{"@id":"https:\/\/tiszacsege.hu\/#website"},"primaryImageOfPage":{"@id":"https:\/\/tiszacsege.hu\/?p=27975#primaryimage"},"image":{"@id":"https:\/\/tiszacsege.hu\/?p=27975#primaryimage"},"thumbnailUrl":"https:\/\/tiszacsege.hu\/wp-content\/uploads\/2025\/09\/mobilitasi_het_2025.jpg","datePublished":"2025-09-18T09:04:15+00:00","dateModified":"2025-09-18T09:04:16+00:00","breadcrumb":{"@id":"https:\/\/tiszacsege.hu\/?p=27975#breadcrumb"},"inLanguage":"hu","potentialAction":[{"@type":"ReadAction","target":["https:\/\/tiszacsege.hu\/?p=27975"]}]},{"@type":"ImageObject","inLanguage":"hu","@id":"https:\/\/tiszacsege.hu\/?p=27975#primaryimage","url":"https:\/\/tiszacsege.hu\/wp-content\/uploads\/2025\/09\/mobilitasi_het_2025.jpg","contentUrl":"https:\/\/tiszacsege.hu\/wp-content\/uploads\/2025\/09\/mobilitasi_het_2025.jpg","width":1671,"height":1278},{"@type":"BreadcrumbList","@id":"https:\/\/tiszacsege.hu\/?p=27975#breadcrumb","itemListElement":[{"@type":"ListItem","position":1,"name":"Kezd\u0151lap","item":"https:\/\/tiszacsege.hu\/"},{"@type":"ListItem","position":2,"name":"Bring\u00e1s reggeli &#8211; Eur\u00f3pai Mobilit\u00e1si H\u00e9t"}]},{"@type":"WebSite","@id":"https:\/\/tiszacsege.hu\/#website","url":"https:\/\/tiszacsege.hu\/","name":"Tiszacsege","description":"Tiszacsege hivatalos honlapja","publisher":{"@id":"https:\/\/tiszacsege.hu\/#organization"},"potentialAction":[{"@type":"SearchAction","target":{"@type":"EntryPoint","urlTemplate":"https:\/\/tiszacsege.hu\/?s={search_term_string}"},"query-input":{"@type":"PropertyValueSpecification","valueRequired":true,"valueName":"search_term_string"}}],"inLanguage":"hu"},{"@type":"Organization","@id":"https:\/\/tiszacsege.hu\/#organization","name":"Tiszacsege","url":"https:\/\/tiszacsege.hu\/","logo":{"@type":"ImageObject","inLanguage":"hu","@id":"https:\/\/tiszacsege.hu\/#\/schema\/logo\/image\/","url":"https:\/\/tiszacsege.hu\/wp-content\/uploads\/2020\/10\/tiszacsege_logo_rovid2-1.png","contentUrl":"https:\/\/tiszacsege.hu\/wp-content\/uploads\/2020\/10\/tiszacsege_logo_rovid2-1.png","width":500,"height":150,"caption":"Tiszacsege"},"image":{"@id":"https:\/\/tiszacsege.hu\/#\/schema\/logo\/image\/"},"sameAs":["https:\/\/www.facebook.com\/tiszacsegeonkormanyzata"]},{"@type":"Person","@id":"https:\/\/tiszacsege.hu\/#\/schema\/person\/ff2f4e3a9747199f545a2cf351f25334","name":"admin","image":{"@type":"ImageObject","inLanguage":"hu","@id":"https:\/\/secure.gravatar.com\/avatar\/52224ccae048f9be8fd8d745a33eff630818f8bd5c43790479a2754dcef4b69b?s=96&d=mm&r=g","url":"https:\/\/secure.gravatar.com\/avatar\/52224ccae048f9be8fd8d745a33eff630818f8bd5c43790479a2754dcef4b69b?s=96&d=mm&r=g","contentUrl":"https:\/\/secure.gravatar.com\/avatar\/52224ccae048f9be8fd8d745a33eff630818f8bd5c43790479a2754dcef4b69b?s=96&d=mm&r=g","caption":"admin"},"url":"https:\/\/tiszacsege.hu\/?author=1"}]}},"_links":{"self":[{"href":"https:\/\/tiszacsege.hu\/index.php?rest_route=\/wp\/v2\/posts\/27975","targetHints":{"allow":["GET"]}}],"collection":[{"href":"https:\/\/tiszacsege.hu\/index.php?rest_route=\/wp\/v2\/posts"}],"about":[{"href":"https:\/\/tiszacsege.hu\/index.php?rest_route=\/wp\/v2\/types\/post"}],"author":[{"embeddable":true,"href":"https:\/\/tiszacsege.hu\/index.php?rest_route=\/wp\/v2\/users\/1"}],"replies":[{"embeddable":true,"href":"https:\/\/tiszacsege.hu\/index.php?rest_route=%2Fwp%2Fv2%2Fcomments&post=27975"}],"version-history":[{"count":1,"href":"https:\/\/tiszacsege.hu\/index.php?rest_route=\/wp\/v2\/posts\/27975\/revisions"}],"predecessor-version":[{"id":27977,"href":"https:\/\/tiszacsege.hu\/index.php?rest_route=\/wp\/v2\/posts\/27975\/revisions\/27977"}],"wp:featuredmedia":[{"embeddable":true,"href":"https:\/\/tiszacsege.hu\/index.php?rest_route=\/wp\/v2\/media\/27976"}],"wp:attachment":[{"href":"https:\/\/tiszacsege.hu\/index.php?rest_route=%2Fwp%2Fv2%2Fmedia&parent=27975"}],"wp:term":[{"taxonomy":"category","embeddable":true,"href":"https:\/\/tiszacsege.hu\/index.php?rest_route=%2Fwp%2Fv2%2Fcategories&post=27975"},{"taxonomy":"post_tag","embeddable":true,"href":"https:\/\/tiszacsege.hu\/index.php?rest_route=%2Fwp%2Fv2%2Ftags&post=27975"},{"taxonomy":"post_folder","embeddable":true,"href":"https:\/\/tiszacsege.hu\/index.php?rest_route=%2Fwp%2Fv2%2Fpost_folder&post=27975"}],"curies":[{"name":"wp","href":"https:\/\/api.w.org\/{rel}","templated":true}]}}