{"id":28242,"date":"2025-09-24T18:05:55","date_gmt":"2025-09-24T16:05:55","guid":{"rendered":"https:\/\/tiszacsege.hu\/?p=28242"},"modified":"2025-09-24T18:05:57","modified_gmt":"2025-09-24T16:05:57","slug":"hajdu-bihar-varmegye-izei","status":"publish","type":"post","link":"https:\/\/tiszacsege.hu\/?p=28242","title":{"rendered":"Hajd\u00fa-Bihar V\u00e1rmegye \u00edzei"},"content":{"rendered":"\n<p class=\"has-text-align-justify has-medium-font-size wp-block-paragraph\"><strong>Tisztelt Lakoss\u00e1g!<\/strong><\/p>\n\n\n\n<div style=\"height:20px\" aria-hidden=\"true\" class=\"wp-block-spacer\"><\/div>\n\n\n\n<p class=\"has-text-align-justify has-medium-font-size wp-block-paragraph\">Hajd\u00fa-Bihar V\u00e1rmegye \u00d6nkorm\u00e1nyzata <strong>\u201eHajd\u00fa-Bihar V\u00e1rmegye \u00edzei\u201d<\/strong> c\u00edmmel <strong>receptgy\u0171jtem\u00e9ny<\/strong> \u00f6ssze\u00e1ll\u00edt\u00e1s\u00e1t \u00e9s kiad\u00e1s\u00e1t tervezi, amely a v\u00e1rmegye telep\u00fcl\u00e9seinek gasztron\u00f3miai \u00f6r\u00f6ks\u00e9g\u00e9t hivatott bemutatni \u00e9s m\u00e9lt\u00f3 m\u00f3don meg\u0151rizni.<\/p>\n\n\n\n<div style=\"height:20px\" aria-hidden=\"true\" class=\"wp-block-spacer\"><\/div>\n\n\n\n<p class=\"has-text-align-justify has-medium-font-size wp-block-paragraph\">A kiadv\u00e1ny c\u00e9lja t\u00f6bbek k\u00f6z\u00f6tt a t\u00e9rs\u00e9g egyedi \u00edzvil\u00e1g\u00e1nak \u00e9s hagyom\u00e1nyainak meg\u0151rz\u00e9se, a helyi k\u00f6z\u00f6ss\u00e9gi \u00e9s kultur\u00e1lis identit\u00e1s er\u0151s\u00edt\u00e9se, valamint a v\u00e1rmegye gasztron\u00f3miai \u00e9rt\u00e9keinek sz\u00e9lesebb k\u00f6rben t\u00f6rt\u00e9n\u0151 megismertet\u00e9se.<\/p>\n\n\n\n<div style=\"height:20px\" aria-hidden=\"true\" class=\"wp-block-spacer\"><\/div>\n\n\n\n<p class=\"has-text-align-justify has-medium-font-size wp-block-paragraph\">Ez\u00faton tisztelettel felk\u00e9rem Hajd\u00fa-Bihar v\u00e1rmegye telep\u00fcl\u00e9si \u00f6nkorm\u00e1nyzatait, hogy j\u00e1ruljanak hozz\u00e1 a gy\u0171jtem\u00e9nyhez olyan receptek megk\u00fcld\u00e9s\u00e9vel, amelyek:<\/p>\n\n\n\n<ul class=\"wp-block-list\">\n<li class=\"has-medium-font-size\">Hajd\u00fa-Bihar v\u00e1rmegye jellegzetes gasztron\u00f3miai hagyom\u00e1nyait k\u00e9pviselik;<\/li>\n\n\n\n<li class=\"has-medium-font-size\">hagyom\u00e1nyos vagy ak\u00e1r \u00fajragondolt elk\u00e9sz\u00edt\u00e9si m\u00f3dokra \u00e9p\u00fclnek, amennyiben van r\u00e1 lehet\u0151s\u00e9g helyi alapanyagok felhaszn\u00e1l\u00e1s\u00e1val;<\/li>\n\n\n\n<li class=\"has-medium-font-size\">el\u0151seg\u00edtik a v\u00e1rmegye kulin\u00e1ris \u00e9rt\u00e9keinek bemutat\u00e1s\u00e1t \u00e9s meg\u0151rz\u00e9s\u00e9t.<\/li>\n<\/ul>\n\n\n\n<div style=\"height:20px\" aria-hidden=\"true\" class=\"wp-block-spacer\"><\/div>\n\n\n\n<p class=\"has-medium-font-size wp-block-paragraph\"><strong>Kateg\u00f3ri\u00e1k:<\/strong><\/p>\n\n\n\n<p class=\"has-medium-font-size wp-block-paragraph\">1. El\u0151\u00e9tel<\/p>\n\n\n\n<p class=\"has-medium-font-size wp-block-paragraph\">2. Leves<\/p>\n\n\n\n<p class=\"has-medium-font-size wp-block-paragraph\">3. F\u0151\u00e9tel<\/p>\n\n\n\n<p class=\"has-medium-font-size wp-block-paragraph\">4. S\u00fctem\u00e9ny (s\u00f3s vagy \u00e9des)<\/p>\n\n\n\n<div style=\"height:20px\" aria-hidden=\"true\" class=\"wp-block-spacer\"><\/div>\n\n\n\n<p class=\"has-medium-font-size wp-block-paragraph\"><strong>A beny\u00fajt\u00e1s felt\u00e9telei:<\/strong><\/p>\n\n\n\n<p class=\"has-text-align-justify has-medium-font-size wp-block-paragraph\">1. A recept legfeljebb <strong>1-3 oldal terjedelm\u0171<\/strong> (A\/4-es form\u00e1tumban \u00e9rtend\u0151), amely tartalmazza:<\/p>\n\n\n\n<ul class=\"wp-block-list has-medium-font-size has-medium-font-size\">\n<li>az <strong>alapanyagok<\/strong> pontos, sz\u00e1mszer\u0171en megadott list\u00e1j\u00e1t (pl. 20 dkg liszt, 3 te\u00e1skan\u00e1l cukor),<\/li>\n<\/ul>\n\n\n\n<ul class=\"wp-block-list has-medium-font-size has-medium-font-size\">\n<li>az <strong>elk\u00e9sz\u00edt\u00e9s <\/strong>r\u00e9szletes, l\u00e9p\u00e9sr\u0151l l\u00e9p\u00e9sre t\u00f6rt\u00e9n\u0151 le\u00edr\u00e1s\u00e1t (pl. s\u00fct\u00e9si id\u0151, h\u0151fok, h\u0171t\u00e9s, pihentet\u00e9s),<\/li>\n<\/ul>\n\n\n\n<ul class=\"wp-block-list has-medium-font-size has-medium-font-size\">\n<li><strong>egy\u00e9b <\/strong>relev\u00e1ns technikai inform\u00e1ci\u00f3kat (pl. t\u00e1lal\u00e1si javaslat, p\u00e1col\u00e1si id\u0151, stb.)<\/li>\n<\/ul>\n\n\n\n<div style=\"height:20px\" aria-hidden=\"true\" class=\"wp-block-spacer\"><\/div>\n\n\n\n<p class=\"has-text-align-justify has-medium-font-size wp-block-paragraph\">2. <strong>Egy darab, j\u00f3 min\u0151s\u00e9g\u0171, minimum 300 dpi felbont\u00e1s\u00fa k\u00e9p<\/strong> az elk\u00e9sz\u00fclt \u00e9telr\u0151l (a k\u00e9p f\u00f3kusz\u00e1ban kiz\u00e1r\u00f3lag az \u00e9tel szerepeljen, lehet\u0151s\u00e9g szerint semleges h\u00e1tt\u00e9rrel).<\/p>\n\n\n\n<div style=\"height:20px\" aria-hidden=\"true\" class=\"wp-block-spacer\"><\/div>\n\n\n\n<p class=\"has-text-align-justify has-medium-font-size wp-block-paragraph\">A dokumentumot g\u00e9pelt form\u00e1ban, Word form\u00e1tumban (.doc vagy .docx) sz\u00edveskedjenek beny\u00fajtani.<\/p>\n\n\n\n<div style=\"height:20px\" aria-hidden=\"true\" class=\"wp-block-spacer\"><\/div>\n\n\n\n<p class=\"has-text-align-justify has-medium-font-size wp-block-paragraph\"><strong>A receptek bek\u00fcld\u00e9s\u00e9nek hat\u00e1rideje: 2025. szeptember 26. (p\u00e9ntek)<\/strong><\/p>\n\n\n\n<p class=\"wp-block-paragraph\"><\/p>\n","protected":false},"excerpt":{"rendered":"<p>Tisztelt Lakoss\u00e1g! Hajd\u00fa-Bihar V\u00e1rmegye \u00d6nkorm\u00e1nyzata \u201eHajd\u00fa-Bihar V\u00e1rmegye \u00edzei\u201d c\u00edmmel receptgy\u0171jtem\u00e9ny \u00f6ssze\u00e1ll\u00edt\u00e1s\u00e1t \u00e9s kiad\u00e1s\u00e1t tervezi, amely a v\u00e1rmegye telep\u00fcl\u00e9seinek gasztron\u00f3miai \u00f6r\u00f6ks\u00e9g\u00e9t hivatott bemutatni \u00e9s m\u00e9lt\u00f3 m\u00f3don meg\u0151rizni. A kiadv\u00e1ny c\u00e9lja t\u00f6bbek k\u00f6z\u00f6tt a t\u00e9rs\u00e9g egyedi \u00edzvil\u00e1g\u00e1nak \u00e9s hagyom\u00e1nyainak meg\u0151rz\u00e9se, a helyi k\u00f6z\u00f6ss\u00e9gi \u00e9s kultur\u00e1lis identit\u00e1s er\u0151s\u00edt\u00e9se, valamint a v\u00e1rmegye gasztron\u00f3miai \u00e9rt\u00e9keinek sz\u00e9lesebb k\u00f6rben t\u00f6rt\u00e9n\u0151 megismertet\u00e9se. Ez\u00faton [&hellip;]<\/p>\n","protected":false},"author":1,"featured_media":27937,"comment_status":"closed","ping_status":"closed","sticky":false,"template":"","format":"standard","meta":{"_editorskit_title_hidden":false,"_editorskit_reading_time":0,"_editorskit_is_block_options_detached":false,"_editorskit_block_options_position":"{}","_crdt_document":"","footnotes":""},"categories":[1],"tags":[],"post_folder":[],"class_list":["post-28242","post","type-post","status-publish","format-standard","has-post-thumbnail","hentry","category-hirek"],"yoast_head":"<!-- This site is optimized with the Yoast SEO plugin v27.4 - https:\/\/yoast.com\/product\/yoast-seo-wordpress\/ -->\n<title>Hajd\u00fa-Bihar V\u00e1rmegye \u00edzei<\/title>\n<meta name=\"robots\" content=\"index, follow, max-snippet:-1, max-image-preview:large, max-video-preview:-1\" \/>\n<link rel=\"canonical\" href=\"https:\/\/tiszacsege.hu\/?p=28242\" \/>\n<meta property=\"og:locale\" content=\"hu_HU\" \/>\n<meta property=\"og:type\" content=\"article\" \/>\n<meta property=\"og:title\" content=\"Hajd\u00fa-Bihar V\u00e1rmegye \u00edzei\" \/>\n<meta property=\"og:description\" content=\"Tisztelt Lakoss\u00e1g! Hajd\u00fa-Bihar V\u00e1rmegye \u00d6nkorm\u00e1nyzata \u201eHajd\u00fa-Bihar V\u00e1rmegye \u00edzei\u201d c\u00edmmel receptgy\u0171jtem\u00e9ny \u00f6ssze\u00e1ll\u00edt\u00e1s\u00e1t \u00e9s kiad\u00e1s\u00e1t tervezi, amely a v\u00e1rmegye telep\u00fcl\u00e9seinek gasztron\u00f3miai \u00f6r\u00f6ks\u00e9g\u00e9t hivatott bemutatni \u00e9s m\u00e9lt\u00f3 m\u00f3don meg\u0151rizni. A kiadv\u00e1ny c\u00e9lja t\u00f6bbek k\u00f6z\u00f6tt a t\u00e9rs\u00e9g egyedi \u00edzvil\u00e1g\u00e1nak \u00e9s hagyom\u00e1nyainak meg\u0151rz\u00e9se, a helyi k\u00f6z\u00f6ss\u00e9gi \u00e9s kultur\u00e1lis identit\u00e1s er\u0151s\u00edt\u00e9se, valamint a v\u00e1rmegye gasztron\u00f3miai \u00e9rt\u00e9keinek sz\u00e9lesebb k\u00f6rben t\u00f6rt\u00e9n\u0151 megismertet\u00e9se. Ez\u00faton [&hellip;]\" \/>\n<meta property=\"og:url\" content=\"https:\/\/tiszacsege.hu\/?p=28242\" \/>\n<meta property=\"og:site_name\" content=\"Tiszacsege\" \/>\n<meta property=\"article:publisher\" content=\"https:\/\/www.facebook.com\/tiszacsegeonkormanyzata\" \/>\n<meta property=\"article:published_time\" content=\"2025-09-24T16:05:55+00:00\" \/>\n<meta property=\"article:modified_time\" content=\"2025-09-24T16:05:57+00:00\" \/>\n<meta property=\"og:image\" content=\"https:\/\/tiszacsege.hu\/wp-content\/uploads\/2025\/09\/hbm_cimer.jpg\" \/>\n\t<meta property=\"og:image:width\" content=\"1671\" \/>\n\t<meta property=\"og:image:height\" content=\"1278\" \/>\n\t<meta property=\"og:image:type\" content=\"image\/jpeg\" \/>\n<meta name=\"author\" content=\"admin\" \/>\n<meta name=\"twitter:card\" content=\"summary_large_image\" \/>\n<script type=\"application\/ld+json\" class=\"yoast-schema-graph\">{\"@context\":\"https:\\\/\\\/schema.org\",\"@graph\":[{\"@type\":\"Article\",\"@id\":\"https:\\\/\\\/tiszacsege.hu\\\/?p=28242#article\",\"isPartOf\":{\"@id\":\"https:\\\/\\\/tiszacsege.hu\\\/?p=28242\"},\"author\":{\"name\":\"admin\",\"@id\":\"https:\\\/\\\/tiszacsege.hu\\\/#\\\/schema\\\/person\\\/ff2f4e3a9747199f545a2cf351f25334\"},\"headline\":\"Hajd\u00fa-Bihar V\u00e1rmegye \u00edzei\",\"datePublished\":\"2025-09-24T16:05:55+00:00\",\"dateModified\":\"2025-09-24T16:05:57+00:00\",\"mainEntityOfPage\":{\"@id\":\"https:\\\/\\\/tiszacsege.hu\\\/?p=28242\"},\"wordCount\":363,\"publisher\":{\"@id\":\"https:\\\/\\\/tiszacsege.hu\\\/#organization\"},\"image\":{\"@id\":\"https:\\\/\\\/tiszacsege.hu\\\/?p=28242#primaryimage\"},\"thumbnailUrl\":\"https:\\\/\\\/tiszacsege.hu\\\/wp-content\\\/uploads\\\/2025\\\/09\\\/hbm_cimer.jpg\",\"articleSection\":[\"Helyi h\u00edrek, t\u00e1j\u00e9koztat\u00f3k\"],\"inLanguage\":\"hu\"},{\"@type\":\"WebPage\",\"@id\":\"https:\\\/\\\/tiszacsege.hu\\\/?p=28242\",\"url\":\"https:\\\/\\\/tiszacsege.hu\\\/?p=28242\",\"name\":\"Hajd\u00fa-Bihar V\u00e1rmegye \u00edzei\",\"isPartOf\":{\"@id\":\"https:\\\/\\\/tiszacsege.hu\\\/#website\"},\"primaryImageOfPage\":{\"@id\":\"https:\\\/\\\/tiszacsege.hu\\\/?p=28242#primaryimage\"},\"image\":{\"@id\":\"https:\\\/\\\/tiszacsege.hu\\\/?p=28242#primaryimage\"},\"thumbnailUrl\":\"https:\\\/\\\/tiszacsege.hu\\\/wp-content\\\/uploads\\\/2025\\\/09\\\/hbm_cimer.jpg\",\"datePublished\":\"2025-09-24T16:05:55+00:00\",\"dateModified\":\"2025-09-24T16:05:57+00:00\",\"breadcrumb\":{\"@id\":\"https:\\\/\\\/tiszacsege.hu\\\/?p=28242#breadcrumb\"},\"inLanguage\":\"hu\",\"potentialAction\":[{\"@type\":\"ReadAction\",\"target\":[\"https:\\\/\\\/tiszacsege.hu\\\/?p=28242\"]}]},{\"@type\":\"ImageObject\",\"inLanguage\":\"hu\",\"@id\":\"https:\\\/\\\/tiszacsege.hu\\\/?p=28242#primaryimage\",\"url\":\"https:\\\/\\\/tiszacsege.hu\\\/wp-content\\\/uploads\\\/2025\\\/09\\\/hbm_cimer.jpg\",\"contentUrl\":\"https:\\\/\\\/tiszacsege.hu\\\/wp-content\\\/uploads\\\/2025\\\/09\\\/hbm_cimer.jpg\",\"width\":1671,\"height\":1278},{\"@type\":\"BreadcrumbList\",\"@id\":\"https:\\\/\\\/tiszacsege.hu\\\/?p=28242#breadcrumb\",\"itemListElement\":[{\"@type\":\"ListItem\",\"position\":1,\"name\":\"Kezd\u0151lap\",\"item\":\"https:\\\/\\\/tiszacsege.hu\\\/\"},{\"@type\":\"ListItem\",\"position\":2,\"name\":\"Hajd\u00fa-Bihar V\u00e1rmegye \u00edzei\"}]},{\"@type\":\"WebSite\",\"@id\":\"https:\\\/\\\/tiszacsege.hu\\\/#website\",\"url\":\"https:\\\/\\\/tiszacsege.hu\\\/\",\"name\":\"Tiszacsege\",\"description\":\"Tiszacsege hivatalos honlapja\",\"publisher\":{\"@id\":\"https:\\\/\\\/tiszacsege.hu\\\/#organization\"},\"potentialAction\":[{\"@type\":\"SearchAction\",\"target\":{\"@type\":\"EntryPoint\",\"urlTemplate\":\"https:\\\/\\\/tiszacsege.hu\\\/?s={search_term_string}\"},\"query-input\":{\"@type\":\"PropertyValueSpecification\",\"valueRequired\":true,\"valueName\":\"search_term_string\"}}],\"inLanguage\":\"hu\"},{\"@type\":\"Organization\",\"@id\":\"https:\\\/\\\/tiszacsege.hu\\\/#organization\",\"name\":\"Tiszacsege\",\"url\":\"https:\\\/\\\/tiszacsege.hu\\\/\",\"logo\":{\"@type\":\"ImageObject\",\"inLanguage\":\"hu\",\"@id\":\"https:\\\/\\\/tiszacsege.hu\\\/#\\\/schema\\\/logo\\\/image\\\/\",\"url\":\"https:\\\/\\\/tiszacsege.hu\\\/wp-content\\\/uploads\\\/2020\\\/10\\\/tiszacsege_logo_rovid2-1.png\",\"contentUrl\":\"https:\\\/\\\/tiszacsege.hu\\\/wp-content\\\/uploads\\\/2020\\\/10\\\/tiszacsege_logo_rovid2-1.png\",\"width\":500,\"height\":150,\"caption\":\"Tiszacsege\"},\"image\":{\"@id\":\"https:\\\/\\\/tiszacsege.hu\\\/#\\\/schema\\\/logo\\\/image\\\/\"},\"sameAs\":[\"https:\\\/\\\/www.facebook.com\\\/tiszacsegeonkormanyzata\"]},{\"@type\":\"Person\",\"@id\":\"https:\\\/\\\/tiszacsege.hu\\\/#\\\/schema\\\/person\\\/ff2f4e3a9747199f545a2cf351f25334\",\"name\":\"admin\",\"image\":{\"@type\":\"ImageObject\",\"inLanguage\":\"hu\",\"@id\":\"https:\\\/\\\/secure.gravatar.com\\\/avatar\\\/52224ccae048f9be8fd8d745a33eff630818f8bd5c43790479a2754dcef4b69b?s=96&d=mm&r=g\",\"url\":\"https:\\\/\\\/secure.gravatar.com\\\/avatar\\\/52224ccae048f9be8fd8d745a33eff630818f8bd5c43790479a2754dcef4b69b?s=96&d=mm&r=g\",\"contentUrl\":\"https:\\\/\\\/secure.gravatar.com\\\/avatar\\\/52224ccae048f9be8fd8d745a33eff630818f8bd5c43790479a2754dcef4b69b?s=96&d=mm&r=g\",\"caption\":\"admin\"},\"url\":\"https:\\\/\\\/tiszacsege.hu\\\/?author=1\"}]}<\/script>\n<!-- \/ Yoast SEO plugin. -->","yoast_head_json":{"title":"Hajd\u00fa-Bihar V\u00e1rmegye \u00edzei","robots":{"index":"index","follow":"follow","max-snippet":"max-snippet:-1","max-image-preview":"max-image-preview:large","max-video-preview":"max-video-preview:-1"},"canonical":"https:\/\/tiszacsege.hu\/?p=28242","og_locale":"hu_HU","og_type":"article","og_title":"Hajd\u00fa-Bihar V\u00e1rmegye \u00edzei","og_description":"Tisztelt Lakoss\u00e1g! Hajd\u00fa-Bihar V\u00e1rmegye \u00d6nkorm\u00e1nyzata \u201eHajd\u00fa-Bihar V\u00e1rmegye \u00edzei\u201d c\u00edmmel receptgy\u0171jtem\u00e9ny \u00f6ssze\u00e1ll\u00edt\u00e1s\u00e1t \u00e9s kiad\u00e1s\u00e1t tervezi, amely a v\u00e1rmegye telep\u00fcl\u00e9seinek gasztron\u00f3miai \u00f6r\u00f6ks\u00e9g\u00e9t hivatott bemutatni \u00e9s m\u00e9lt\u00f3 m\u00f3don meg\u0151rizni. A kiadv\u00e1ny c\u00e9lja t\u00f6bbek k\u00f6z\u00f6tt a t\u00e9rs\u00e9g egyedi \u00edzvil\u00e1g\u00e1nak \u00e9s hagyom\u00e1nyainak meg\u0151rz\u00e9se, a helyi k\u00f6z\u00f6ss\u00e9gi \u00e9s kultur\u00e1lis identit\u00e1s er\u0151s\u00edt\u00e9se, valamint a v\u00e1rmegye gasztron\u00f3miai \u00e9rt\u00e9keinek sz\u00e9lesebb k\u00f6rben t\u00f6rt\u00e9n\u0151 megismertet\u00e9se. Ez\u00faton [&hellip;]","og_url":"https:\/\/tiszacsege.hu\/?p=28242","og_site_name":"Tiszacsege","article_publisher":"https:\/\/www.facebook.com\/tiszacsegeonkormanyzata","article_published_time":"2025-09-24T16:05:55+00:00","article_modified_time":"2025-09-24T16:05:57+00:00","og_image":[{"width":1671,"height":1278,"url":"https:\/\/tiszacsege.hu\/wp-content\/uploads\/2025\/09\/hbm_cimer.jpg","type":"image\/jpeg"}],"author":"admin","twitter_card":"summary_large_image","schema":{"@context":"https:\/\/schema.org","@graph":[{"@type":"Article","@id":"https:\/\/tiszacsege.hu\/?p=28242#article","isPartOf":{"@id":"https:\/\/tiszacsege.hu\/?p=28242"},"author":{"name":"admin","@id":"https:\/\/tiszacsege.hu\/#\/schema\/person\/ff2f4e3a9747199f545a2cf351f25334"},"headline":"Hajd\u00fa-Bihar V\u00e1rmegye \u00edzei","datePublished":"2025-09-24T16:05:55+00:00","dateModified":"2025-09-24T16:05:57+00:00","mainEntityOfPage":{"@id":"https:\/\/tiszacsege.hu\/?p=28242"},"wordCount":363,"publisher":{"@id":"https:\/\/tiszacsege.hu\/#organization"},"image":{"@id":"https:\/\/tiszacsege.hu\/?p=28242#primaryimage"},"thumbnailUrl":"https:\/\/tiszacsege.hu\/wp-content\/uploads\/2025\/09\/hbm_cimer.jpg","articleSection":["Helyi h\u00edrek, t\u00e1j\u00e9koztat\u00f3k"],"inLanguage":"hu"},{"@type":"WebPage","@id":"https:\/\/tiszacsege.hu\/?p=28242","url":"https:\/\/tiszacsege.hu\/?p=28242","name":"Hajd\u00fa-Bihar V\u00e1rmegye \u00edzei","isPartOf":{"@id":"https:\/\/tiszacsege.hu\/#website"},"primaryImageOfPage":{"@id":"https:\/\/tiszacsege.hu\/?p=28242#primaryimage"},"image":{"@id":"https:\/\/tiszacsege.hu\/?p=28242#primaryimage"},"thumbnailUrl":"https:\/\/tiszacsege.hu\/wp-content\/uploads\/2025\/09\/hbm_cimer.jpg","datePublished":"2025-09-24T16:05:55+00:00","dateModified":"2025-09-24T16:05:57+00:00","breadcrumb":{"@id":"https:\/\/tiszacsege.hu\/?p=28242#breadcrumb"},"inLanguage":"hu","potentialAction":[{"@type":"ReadAction","target":["https:\/\/tiszacsege.hu\/?p=28242"]}]},{"@type":"ImageObject","inLanguage":"hu","@id":"https:\/\/tiszacsege.hu\/?p=28242#primaryimage","url":"https:\/\/tiszacsege.hu\/wp-content\/uploads\/2025\/09\/hbm_cimer.jpg","contentUrl":"https:\/\/tiszacsege.hu\/wp-content\/uploads\/2025\/09\/hbm_cimer.jpg","width":1671,"height":1278},{"@type":"BreadcrumbList","@id":"https:\/\/tiszacsege.hu\/?p=28242#breadcrumb","itemListElement":[{"@type":"ListItem","position":1,"name":"Kezd\u0151lap","item":"https:\/\/tiszacsege.hu\/"},{"@type":"ListItem","position":2,"name":"Hajd\u00fa-Bihar V\u00e1rmegye \u00edzei"}]},{"@type":"WebSite","@id":"https:\/\/tiszacsege.hu\/#website","url":"https:\/\/tiszacsege.hu\/","name":"Tiszacsege","description":"Tiszacsege hivatalos honlapja","publisher":{"@id":"https:\/\/tiszacsege.hu\/#organization"},"potentialAction":[{"@type":"SearchAction","target":{"@type":"EntryPoint","urlTemplate":"https:\/\/tiszacsege.hu\/?s={search_term_string}"},"query-input":{"@type":"PropertyValueSpecification","valueRequired":true,"valueName":"search_term_string"}}],"inLanguage":"hu"},{"@type":"Organization","@id":"https:\/\/tiszacsege.hu\/#organization","name":"Tiszacsege","url":"https:\/\/tiszacsege.hu\/","logo":{"@type":"ImageObject","inLanguage":"hu","@id":"https:\/\/tiszacsege.hu\/#\/schema\/logo\/image\/","url":"https:\/\/tiszacsege.hu\/wp-content\/uploads\/2020\/10\/tiszacsege_logo_rovid2-1.png","contentUrl":"https:\/\/tiszacsege.hu\/wp-content\/uploads\/2020\/10\/tiszacsege_logo_rovid2-1.png","width":500,"height":150,"caption":"Tiszacsege"},"image":{"@id":"https:\/\/tiszacsege.hu\/#\/schema\/logo\/image\/"},"sameAs":["https:\/\/www.facebook.com\/tiszacsegeonkormanyzata"]},{"@type":"Person","@id":"https:\/\/tiszacsege.hu\/#\/schema\/person\/ff2f4e3a9747199f545a2cf351f25334","name":"admin","image":{"@type":"ImageObject","inLanguage":"hu","@id":"https:\/\/secure.gravatar.com\/avatar\/52224ccae048f9be8fd8d745a33eff630818f8bd5c43790479a2754dcef4b69b?s=96&d=mm&r=g","url":"https:\/\/secure.gravatar.com\/avatar\/52224ccae048f9be8fd8d745a33eff630818f8bd5c43790479a2754dcef4b69b?s=96&d=mm&r=g","contentUrl":"https:\/\/secure.gravatar.com\/avatar\/52224ccae048f9be8fd8d745a33eff630818f8bd5c43790479a2754dcef4b69b?s=96&d=mm&r=g","caption":"admin"},"url":"https:\/\/tiszacsege.hu\/?author=1"}]}},"_links":{"self":[{"href":"https:\/\/tiszacsege.hu\/index.php?rest_route=\/wp\/v2\/posts\/28242","targetHints":{"allow":["GET"]}}],"collection":[{"href":"https:\/\/tiszacsege.hu\/index.php?rest_route=\/wp\/v2\/posts"}],"about":[{"href":"https:\/\/tiszacsege.hu\/index.php?rest_route=\/wp\/v2\/types\/post"}],"author":[{"embeddable":true,"href":"https:\/\/tiszacsege.hu\/index.php?rest_route=\/wp\/v2\/users\/1"}],"replies":[{"embeddable":true,"href":"https:\/\/tiszacsege.hu\/index.php?rest_route=%2Fwp%2Fv2%2Fcomments&post=28242"}],"version-history":[{"count":7,"href":"https:\/\/tiszacsege.hu\/index.php?rest_route=\/wp\/v2\/posts\/28242\/revisions"}],"predecessor-version":[{"id":28249,"href":"https:\/\/tiszacsege.hu\/index.php?rest_route=\/wp\/v2\/posts\/28242\/revisions\/28249"}],"wp:featuredmedia":[{"embeddable":true,"href":"https:\/\/tiszacsege.hu\/index.php?rest_route=\/wp\/v2\/media\/27937"}],"wp:attachment":[{"href":"https:\/\/tiszacsege.hu\/index.php?rest_route=%2Fwp%2Fv2%2Fmedia&parent=28242"}],"wp:term":[{"taxonomy":"category","embeddable":true,"href":"https:\/\/tiszacsege.hu\/index.php?rest_route=%2Fwp%2Fv2%2Fcategories&post=28242"},{"taxonomy":"post_tag","embeddable":true,"href":"https:\/\/tiszacsege.hu\/index.php?rest_route=%2Fwp%2Fv2%2Ftags&post=28242"},{"taxonomy":"post_folder","embeddable":true,"href":"https:\/\/tiszacsege.hu\/index.php?rest_route=%2Fwp%2Fv2%2Fpost_folder&post=28242"}],"curies":[{"name":"wp","href":"https:\/\/api.w.org\/{rel}","templated":true}]}}