{"id":28456,"date":"2025-10-09T15:46:53","date_gmt":"2025-10-09T13:46:53","guid":{"rendered":"https:\/\/tiszacsege.hu\/?p=28456"},"modified":"2025-10-09T15:50:21","modified_gmt":"2025-10-09T13:50:21","slug":"tiszacsege-varos-diszpolgara-losonczi-janos-bemutatasa","status":"publish","type":"post","link":"https:\/\/tiszacsege.hu\/?p=28456","title":{"rendered":"Tiszacsege V\u00e1ros D\u00edszpolg\u00e1ra &#8211; Losonczi J\u00e1nos bemutat\u00e1sa"},"content":{"rendered":"\n<p class=\"has-text-align-justify has-medium-font-size wp-block-paragraph\"><strong>Magamr\u00f3l<\/strong><\/p>\n\n\n\n<div style=\"height:20px\" aria-hidden=\"true\" class=\"wp-block-spacer\"><\/div>\n\n\n\n<p class=\"has-text-align-justify has-medium-font-size wp-block-paragraph\">Losonczi J\u00e1nos vagyok, 1950. okt\u00f3ber 23-\u00e1n sz\u00fclettem, Tiszacseg\u00e9n. Az \u00e1ltal\u00e1nos iskola elv\u00e9gz\u00e9se ut\u00e1n a ny\u00edregyh\u00e1zi 124. sz\u00e1m\u00fa Ipari Szakmunk\u00e1sk\u00e9pz\u0151 Iskol\u00e1ban mez\u0151gazdas\u00e1gi g\u00e9pszerel\u0151 bizony\u00edtv\u00e1nyt szereztem. Ezt k\u00f6vet\u0151en, 1968-ban sikeres hivat\u00e1sos g\u00e9pkocsivezet\u0151i vizsg\u00e1t tettem. Az 1969-t\u0151l 1971-ig tart\u00f3 sorkatonai szolg\u00e1lat v\u00e9g\u00e9n t\u00f6rzs\u0151rmesterk\u00e9nt szereltem le. 1973-ban megn\u0151s\u00fcltem. K\u00e9t feln\u0151tt gyermekem \u00e9s h\u00e1rom unok\u00e1m van.<\/p>\n\n\n\n<div style=\"height:20px\" aria-hidden=\"true\" class=\"wp-block-spacer\"><\/div>\n\n\n\n<p class=\"has-text-align-justify has-medium-font-size wp-block-paragraph\">Tanultam, majd dolgoztam a MEZ\u0150G\u00c9P-n\u00e9l \u00e9s az \u00c1F\u00c9SZ-n\u00e9l, 1980-t\u00f3l 1986-ig kisiparosk\u00e9nt sorozatgy\u00e1rt\u00e1si enged\u00e9llyel g\u00e9pkocsi ut\u00e1nfut\u00f3kat gy\u00e1rtottam. Ezt k\u00f6vet\u0151en n\u00e9gy \u00e9vig, a BARNEV\u00c1L cs\u0151dj\u00e9ig broiler csirke nevel\u00e9s\u00e9vel foglalkoztam. 1991-t\u0151l 2008-ig kiskeresked\u0151 voltam, mely tev\u00e9kenys\u00e9ghez boltvezet\u0151i k\u00e9pes\u00edt\u00e9st szereztem. Jelenleg mez\u0151gazdas\u00e1gi \u0151stermel\u0151k\u00e9nt gazd\u00e1lkodom.<\/p>\n\n\n\n<div style=\"height:20px\" aria-hidden=\"true\" class=\"wp-block-spacer\"><\/div>\n\n\n\n<p class=\"has-text-align-justify has-medium-font-size wp-block-paragraph\"><strong>\u00d6nkorm\u00e1nyzati tev\u00e9kenys\u00e9gemr\u0151l<\/strong><\/p>\n\n\n\n<div style=\"height:20px\" aria-hidden=\"true\" class=\"wp-block-spacer\"><\/div>\n\n\n\n<p class=\"has-text-align-justify has-medium-font-size wp-block-paragraph\">1994-t\u0151l 1998-ig, majd 2010-t\u0151l 2014-ig voltam \u00f6nkorm\u00e1nyzati k\u00e9pvisel\u0151. 2010-ben a P\u00e9nz\u00fcgyi Bizotts\u00e1g eln\u00f6k\u00e9nek v\u00e1lasztottak. E tiszts\u00e9gemben k\u00f6zvetlen\u00fcl tapasztaltam meg, hogy \u00d6nkorm\u00e1nyzatunk fizet\u00e9sk\u00e9ptelen helyzetbe ker\u00fclt. K\u00e9pvisel\u0151t\u00e1rsaimmal egy\u00fctt t\u00f6bb alkalommal tett\u00fcnk javaslatot a gazd\u00e1lkod\u00e1s jav\u00edt\u00e1s\u00e1ra, azonban v\u00e1ltoz\u00e1s nem t\u00f6rt\u00e9nt. 2011. \u00e1prilis 13-\u00e1n a Test\u00fclet, miut\u00e1n az \u00d6nkorm\u00e1nyzat m\u00e1r a dolgoz\u00f3k fizet\u00e9s\u00e9t sem tudta kifizetni, \u00e9s mivel ennek megold\u00e1s\u00e1ra a polg\u00e1rmestert\u0151l nem kapott konkr\u00e9t megold\u00e1si javaslatot, \u00edgy t\u0151le a bizalmat megvonta, aki ezut\u00e1n az alpolg\u00e1rmesterrel egy\u00fctt lemondott.<\/p>\n\n\n\n<div style=\"height:20px\" aria-hidden=\"true\" class=\"wp-block-spacer\"><\/div>\n\n\n\n<p class=\"has-text-align-justify has-medium-font-size wp-block-paragraph\">A K\u00e9pvisel\u0151-test\u00fclet azt a d\u00f6nt\u00e9st hozta, hogy az id\u0151k\u00f6zi v\u00e1laszt\u00e1sig a P\u00e9nz\u00fcgyi Bizotts\u00e1g eln\u00f6kek\u00e9nt l\u00e1ssam el a polg\u00e1rmesteri teend\u0151ket. A feladatom nem volt egyszer\u0171, mivel a st\u00e1tuszom az \u00f6nkorm\u00e1nyzati rendszerben nem volt \u00e9rtelmezhet\u0151, kezdetben f\u0151k\u00e9nt a sz\u00e1mlavezet\u0151 bankkal t\u00f6rt\u00e9n\u0151 \u00fcgyint\u00e9z\u00e9s volt neh\u00e9zkes. Az \u00f6nkorm\u00e1nyzati dolgoz\u00f3k \u00e9s a k\u00f6zmunk\u00e1sok elmaradt b\u00e9r\u00e9t \u00e1prilis 22-\u00e9n, k\u00f6zvetlen\u00fcl a h\u00fasv\u00e9ti \u00fcnnepek el\u0151tt siker\u00fclt kifizetni. Az \u00fcnnepek ut\u00e1n els\u0151sz\u00e1m\u00fa feladat a p\u00e9nz\u00fcgyi gazd\u00e1lkod\u00e1s stabiliz\u00e1l\u00e1sa volt: a folyamatos egyeztet\u00e9seknek k\u00f6sz\u00f6nhet\u0151en, p\u00e9nz\u00fcgyi lehet\u0151s\u00e9geink szerint \u00fctemezve kifizett\u00fck az orvosok \u00e9s az \u00fcgyeleti dolgoz\u00f3k t\u00f6bbhavi elmaradt b\u00e9r\u00e9t, az iskolakonyh\u00e1t \u00fczemeltet\u0151 v\u00e1llalkoz\u00f3 fel\u00e9 fenn\u00e1ll\u00f3 igen tetemes ad\u00f3ss\u00e1got, valamint elkezdt\u00fck teljes\u00edteni a t\u00f6bbtucat \u201ek\u00e9nyszer\u201d hitelez\u0151nknek is a jogos k\u00f6vetel\u00e9seket. Sikeresen befejezt\u00fck az \u00f3voda\u00e9p\u00edt\u00e9si p\u00e1ly\u00e1zat hi\u00e1nyz\u00f3 p\u00f3tmunk\u00e1it, ezen fel\u00fcl kifizett\u00fck a komp fel\u00faj\u00edt\u00e1s\u00e1nak k\u00f6lts\u00e9geit, annak ellen\u00e9re, hogy ezen munk\u00e1k elv\u00e9gz\u00e9s\u00e9re az \u00f6nkorm\u00e1nyzati kassz\u00e1ban m\u00e1r nem \u00e1llt rendelkez\u00e9sre az ide tartoz\u00f3 fedezet.<\/p>\n\n\n\n<div style=\"height:20px\" aria-hidden=\"true\" class=\"wp-block-spacer\"><\/div>\n\n\n\n<p class=\"has-text-align-justify has-medium-font-size wp-block-paragraph\">Az id\u0151k\u00f6zi v\u00e1laszt\u00e1s ut\u00e1n maradtam a kib\u0151v\u00edtett P\u00e9nz\u00fcgyi-, \u00dcgyrendi-, Ter\u00fcletfejleszt\u00e9si-, Sport-, K\u00f6rnyezetv\u00e9delmi \u00e9s Idegenforgalmi Bizotts\u00e1g eln\u00f6ke. A k\u00f6zmunkaprogram hat\u00e9konyabb ir\u00e1ny\u00edt\u00e1sa \u00e9rdek\u00e9ben a K\u00e9pvisel\u0151-test\u00fclet alpolg\u00e1rmesternek v\u00e1lasztott. Ir\u00e1ny\u00edtottam a mez\u0151gazdas\u00e1gi k\u00f6zmunkaprogramot, amely 12 hekt\u00e1r sz\u00e1nt\u00f3f\u00f6ld\u00f6n \u00e9s egy 120 n\u00e9gyzetm\u00e9teres f\u00f3lias\u00e1torban gazd\u00e1lkodott. A r\u00e9gi \u00f3voda \u00e9p\u00fclet\u00e9ben l\u00e9trehoztam a sz\u00e1razt\u00e9szta k\u00e9sz\u00edt\u0151 \u00fczemet. A felhaszn\u00e1lt toj\u00e1st az \u00f6nkorm\u00e1nyzat saj\u00e1t toj\u00f3\u00e1llom\u00e1nya biztos\u00edtotta, amit a megtermelt takarm\u00e1nnyal etett\u00fcnk. A sz\u00e1razt\u00e9szta \u00e9rt\u00e9kes\u00edt\u00e9se c\u00e9lj\u00e1ra p\u00e1ly\u00e1ztunk egy \u00e1rus\u00edt\u00f3 pavilonra, amely a piac el\u0151tti ter\u00fcleten ker\u00fclt meg\u00e9p\u00edt\u00e9sre. Az el\u0151\u00e1ll\u00edtott t\u00e9szt\u00e1t az iskolai \u00e9tkeztet\u00e9sben \u00e9s a helyi k\u00f6z\u00e9tkeztet\u00e9sben hasznos\u00edtottuk, valamint a k\u00f6rnyez\u0151 telep\u00fcl\u00e9sek konyh\u00e1inak \u00e9s a meg\u00e9p\u00fclt pavilonban \u00e9rt\u00e9kes\u00edtett\u00fck. K\u00e9t alkalommal vett\u00fcnk r\u00e9szt a Hajd\u00fas\u00e1gi Exp\u00f3n Hajd\u00fab\u00f6sz\u00f6rm\u00e9nyben \u00e9s a Farmer Exp\u00f3n Debrecenben. Kezdem\u00e9nyez\u00e9semre faapr\u00edt\u00e9k t\u00fczel\u00e9s\u0171, automata \u00fczemel\u00e9s\u0171 kaz\u00e1nokat szerezt\u00fcnk be, melyek az \u00d6nkorm\u00e1nyzat int\u00e9zm\u00e9nyeinek f\u00f6ldg\u00e1zfelhaszn\u00e1l\u00e1s\u00e1t cs\u00f6kkentett\u00e9k az \u00e1ltal\u00e1nos iskola, a polg\u00e1rmesteri hivatal, a m\u0171vel\u0151d\u00e9si h\u00e1z \u00e9s a r\u00e9gi \u00f3voda \u00e9p\u00fclet\u00e9ben. A f\u0171t\u00e9sre szolg\u00e1l\u00f3 alapanyagot a beszerzett g\u00e9ppel egy n\u00e9gyf\u0151s, k\u00f6zmunk\u00e1sokb\u00f3l szervezett brig\u00e1d biztos\u00edtotta, ezzel az \u00f6nkorm\u00e1nyzati d\u0171l\u0151utakon a cserjeirt\u00e1s is megt\u00f6rt\u00e9nt.<\/p>\n\n\n\n<div style=\"height:20px\" aria-hidden=\"true\" class=\"wp-block-spacer\"><\/div>\n\n\n\n<p class=\"has-text-align-justify has-medium-font-size wp-block-paragraph\"><strong>Politikai \u00e9s t\u00e1rsadalmi szerepv\u00e1llal\u00e1somr\u00f3l<\/strong><\/p>\n\n\n\n<div style=\"height:20px\" aria-hidden=\"true\" class=\"wp-block-spacer\"><\/div>\n\n\n\n<p class=\"has-text-align-justify has-medium-font-size wp-block-paragraph\">A Kisgazda Polg\u00e1ri Egyes\u00fclet alap\u00edt\u00f3 tagja, jelenleg pedig a Hajd\u00fa-Bihar V\u00e1rmegyei szervezet eln\u00f6ke vagyok. Tagja vagyok tov\u00e1bb\u00e1 a FIDESZ Hajd\u00fa-Bihar V\u00e1rmegyei v\u00e1lasztm\u00e1ny\u00e1nak. A Hajd\u00fa-Bihar V\u00e1rmegyei Agr\u00e1rgazdas\u00e1gi Kamara F\u00f6ldbizotts\u00e1g\u00e1nak \u00e9s Etikai Bizotts\u00e1g\u00e1nak pedig megalakul\u00e1s\u00e1t\u00f3l szint\u00e9n tagja vagyok. Az Agr\u00e1rgazdas\u00e1gi Kamara Telep\u00fcl\u00e9si F\u00f6ldbizotts\u00e1g\u00e1nak eln\u00f6kek\u00e9nt n\u00e9gy eln\u00f6ks\u00e9gi taggal egy\u00fctt v\u00e9lem\u00e9nyezz\u00fck telep\u00fcl\u00e9s\u00fcnk term\u0151f\u00f6ld ad\u00e1s-v\u00e9teli szerz\u0151d\u00e9seit a f\u00f6ldforgalmi t\u00f6rv\u00e9ny el\u0151\u00edr\u00e1sai alapj\u00e1n.<\/p>\n\n\n\n<div style=\"height:20px\" aria-hidden=\"true\" class=\"wp-block-spacer\"><\/div>\n\n\n\n<p class=\"has-text-align-justify has-medium-font-size wp-block-paragraph\"><strong>A sport ter\u00fclet\u00e9n el\u00e9rt eredm\u00e9nyeimr\u0151l<\/strong><\/p>\n\n\n\n<div style=\"height:20px\" aria-hidden=\"true\" class=\"wp-block-spacer\"><\/div>\n\n\n\n<p class=\"has-text-align-justify has-medium-font-size wp-block-paragraph\">A telep\u00fcl\u00e9s\u00fcnk\u00f6n 1999-ben megrendezett veter\u00e1n gyorsas\u00e1gi motorversenyen \u00e1lltam el\u0151sz\u00f6r rajthoz. A versenyen el\u00e9rt els\u0151 helyez\u00e9s \u00e9s a m\u00e9g abban az \u00e9vben Ny\u00edregyh\u00e1z\u00e1n begy\u0171jt\u00f6tt harmadik helyez\u00e9s hat\u00e1s\u00e1ra 2000-ben motoros egyes\u00fcletet alap\u00edtottam, 29 taggal, Sz\u00e1guld\u00f3 Varjak Motoros Sport Egyes\u00fclet n\u00e9ven. Ezt k\u00f6vet\u0151en m\u00e1r saj\u00e1t egyes\u00fclet\u00fcnk sz\u00edneiben indulhattunk, illetve rendezhett\u00fcnk versenyeket. 2000-ben k\u00f6z\u00f6s, 2001-t\u0151l 2007-ig saj\u00e1t rendez\u00e9sben zajlottak a versenyek telep\u00fcl\u00e9s\u00fcnk\u00f6n. A csegei versenyek igen n\u00e9pszer\u0171ek voltak a hazai \u00e9s a k\u00fclf\u00f6ldi \u2013 osztr\u00e1k, szlov\u00e1k \u00e9s n\u00e9met \u2013 versenyz\u0151t\u00e1rsak k\u00f6r\u00e9ben is. A versenyz\u0151i l\u00e9tsz\u00e1m folyamatosan meghaladta a sz\u00e1z f\u0151t.\u00a0 A helyi lakosok sz\u00e1m\u00e1ra \u00e9veken kereszt\u00fcl igen nagy \u00e9lm\u00e9nyt ny\u00fajtottak a telep\u00fcl\u00e9s belter\u00fcleti \u00fatjain megrendezett versenyek, hiszen az \u00e9rintett szakaszon el\u00e9g volt a h\u00e1zuk el\u00e9 ki\u00fclni \u00e9s k\u00f6zvetlen k\u00f6zelr\u0151l v\u00e9gig k\u00eds\u00e9rni az esem\u00e9nyeket, de az orsz\u00e1g sz\u00e1mos ter\u00fclet\u00e9r\u0151l is ell\u00e1togattak hozz\u00e1nk a motorsportot kedvel\u0151k.<\/p>\n\n\n\n<div style=\"height:20px\" aria-hidden=\"true\" class=\"wp-block-spacer\"><\/div>\n\n\n\n<p class=\"has-text-align-justify has-medium-font-size wp-block-paragraph\">Versenyz\u0151k\u00e9nt 2001-t\u0151l 2007-ig a MAMS nemzetk\u00f6zi veter\u00e1n bajnoks\u00e1gban \u00e9s az Alpok-Adria Nemzetk\u00f6zi Veter\u00e1n Bajnoks\u00e1gban versenyeztem egyes\u00fclet\u00fcnk sz\u00edneiben, 350 cm<sup>3<\/sup> kateg\u00f3ri\u00e1ban. A hazai bajnoks\u00e1gban t\u00f6bb \u00e9ven kereszt\u00fcl a dobog\u00f3 harmadik hely\u00e9n v\u00e9geztem, az Alpok-Adria bajnoks\u00e1g \u00f6sszes\u00edt\u00e9s\u00e9ben pedig \u2013 amelynek versenyei Brnoban, Rijek\u00e1ban \u00e9s Losoncon ker\u00fcltek megrendez\u00e9sre \u2013 a legjobb eredm\u00e9nyem a hatodik helyez\u00e9s volt.<\/p>\n\n\n\n<div style=\"height:20px\" aria-hidden=\"true\" class=\"wp-block-spacer\"><\/div>\n\n\n\n<p class=\"has-text-align-justify has-medium-font-size wp-block-paragraph\">2003-ban a saj\u00e1t ter\u00fcletemen kialak\u00edtott MotoCross p\u00e1ly\u00e1n rendeztem versenyt, majd 2004-t\u0151l 2007-ig n\u00e9gy egyes\u00fclettel k\u00f6z\u00f6sen, Kelet Kupa n\u00e9ven hirdett\u00fcnk bajnoks\u00e1got. Helyi versenyz\u0151nk ugyan nem volt, de a n\u00e9z\u0151k k\u00f6r\u00e9ben \u00edgy is n\u00e9pszer\u0171ek voltak ezek a l\u00e1tv\u00e1nyos programok.<\/p>\n\n\n\n<div style=\"height:20px\" aria-hidden=\"true\" class=\"wp-block-spacer\"><\/div>\n\n\n\n<p class=\"has-text-align-justify has-medium-font-size wp-block-paragraph\">Sajnos a telep\u00fcl\u00e9sen szervezett versenyek a magyar veter\u00e1n bajnoks\u00e1g megsz\u0171n\u00e9se, a MotoCross eset\u00e9ben pedig a versenyrendez\u00e9s k\u00f6lts\u00e9geinek drasztikus emelked\u00e9se miatt 2007 v\u00e9g\u00e9n sz\u0171ntek meg.<\/p>\n\n\n\n<div style=\"height:20px\" aria-hidden=\"true\" class=\"wp-block-spacer\"><\/div>\n\n\n\n<p class=\"has-text-align-justify has-medium-font-size wp-block-paragraph\"><strong>A d\u00edszpolg\u00e1ri c\u00edmr\u0151l<\/strong><\/p>\n\n\n\n<div style=\"height:20px\" aria-hidden=\"true\" class=\"wp-block-spacer\"><\/div>\n\n\n\n<p class=\"has-text-align-justify has-medium-font-size wp-block-paragraph\">A megtisztel\u0151 c\u00edm r\u00e9szemre t\u00f6rt\u00e9n\u0151 adom\u00e1nyoz\u00e1sa nagy meglepet\u00e9sk\u00e9nt \u00e9rt. Tisztelettel k\u00f6sz\u00f6n\u00f6m Tiszacsege V\u00e1ros \u00d6nkorm\u00e1nyzata K\u00e9pvisel\u0151-test\u00fclet\u00e9nek, a V\u00e1ros lakoss\u00e1g\u00e1nak \u00e9s mindazoknak, akik munk\u00e1mat \u00e9rt\u00e9kesnek tartj\u00e1k \u00e9s azt egy-egy elismer\u0151 sz\u00f3val, k\u00e9zfog\u00e1ssal kifejezik.<\/p>\n\n\n\n<div style=\"height:20px\" aria-hidden=\"true\" class=\"wp-block-spacer\"><\/div>\n\n\n\n<figure class=\"wp-block-image size-full\"><img fetchpriority=\"high\" decoding=\"async\" width=\"2520\" height=\"3764\" src=\"https:\/\/tiszacsege.hu\/wp-content\/uploads\/2025\/09\/043.jpg\" alt=\"\" class=\"wp-image-28300\"\/><\/figure>\n","protected":false},"excerpt":{"rendered":"<p>Magamr\u00f3l Losonczi J\u00e1nos vagyok, 1950. okt\u00f3ber 23-\u00e1n sz\u00fclettem, Tiszacseg\u00e9n. Az \u00e1ltal\u00e1nos iskola elv\u00e9gz\u00e9se ut\u00e1n a ny\u00edregyh\u00e1zi 124. sz\u00e1m\u00fa Ipari Szakmunk\u00e1sk\u00e9pz\u0151 Iskol\u00e1ban mez\u0151gazdas\u00e1gi g\u00e9pszerel\u0151 bizony\u00edtv\u00e1nyt szereztem. Ezt k\u00f6vet\u0151en, 1968-ban sikeres hivat\u00e1sos g\u00e9pkocsivezet\u0151i vizsg\u00e1t tettem. Az 1969-t\u0151l 1971-ig tart\u00f3 sorkatonai szolg\u00e1lat v\u00e9g\u00e9n t\u00f6rzs\u0151rmesterk\u00e9nt szereltem le. 1973-ban megn\u0151s\u00fcltem. K\u00e9t feln\u0151tt gyermekem \u00e9s h\u00e1rom unok\u00e1m van. Tanultam, majd dolgoztam [&hellip;]<\/p>\n","protected":false},"author":1,"featured_media":28299,"comment_status":"closed","ping_status":"closed","sticky":false,"template":"","format":"standard","meta":{"_editorskit_title_hidden":false,"_editorskit_reading_time":0,"_editorskit_is_block_options_detached":false,"_editorskit_block_options_position":"{}","_crdt_document":"","footnotes":""},"categories":[1],"tags":[],"post_folder":[],"class_list":["post-28456","post","type-post","status-publish","format-standard","has-post-thumbnail","hentry","category-hirek"],"yoast_head":"<!-- This site is optimized with the Yoast SEO plugin v27.4 - https:\/\/yoast.com\/product\/yoast-seo-wordpress\/ -->\n<title>Tiszacsege V\u00e1ros D\u00edszpolg\u00e1ra - Losonczi J\u00e1nos bemutat\u00e1sa<\/title>\n<meta name=\"robots\" content=\"index, follow, max-snippet:-1, max-image-preview:large, max-video-preview:-1\" \/>\n<link rel=\"canonical\" href=\"https:\/\/tiszacsege.hu\/?p=28456\" \/>\n<meta property=\"og:locale\" content=\"hu_HU\" \/>\n<meta property=\"og:type\" content=\"article\" \/>\n<meta property=\"og:title\" content=\"Tiszacsege V\u00e1ros D\u00edszpolg\u00e1ra - Losonczi J\u00e1nos bemutat\u00e1sa\" \/>\n<meta property=\"og:description\" content=\"Magamr\u00f3l Losonczi J\u00e1nos vagyok, 1950. okt\u00f3ber 23-\u00e1n sz\u00fclettem, Tiszacseg\u00e9n. Az \u00e1ltal\u00e1nos iskola elv\u00e9gz\u00e9se ut\u00e1n a ny\u00edregyh\u00e1zi 124. sz\u00e1m\u00fa Ipari Szakmunk\u00e1sk\u00e9pz\u0151 Iskol\u00e1ban mez\u0151gazdas\u00e1gi g\u00e9pszerel\u0151 bizony\u00edtv\u00e1nyt szereztem. Ezt k\u00f6vet\u0151en, 1968-ban sikeres hivat\u00e1sos g\u00e9pkocsivezet\u0151i vizsg\u00e1t tettem. Az 1969-t\u0151l 1971-ig tart\u00f3 sorkatonai szolg\u00e1lat v\u00e9g\u00e9n t\u00f6rzs\u0151rmesterk\u00e9nt szereltem le. 1973-ban megn\u0151s\u00fcltem. K\u00e9t feln\u0151tt gyermekem \u00e9s h\u00e1rom unok\u00e1m van. Tanultam, majd dolgoztam [&hellip;]\" \/>\n<meta property=\"og:url\" content=\"https:\/\/tiszacsege.hu\/?p=28456\" \/>\n<meta property=\"og:site_name\" content=\"Tiszacsege\" \/>\n<meta property=\"article:publisher\" content=\"https:\/\/www.facebook.com\/tiszacsegeonkormanyzata\" \/>\n<meta property=\"article:published_time\" content=\"2025-10-09T13:46:53+00:00\" \/>\n<meta property=\"article:modified_time\" content=\"2025-10-09T13:50:21+00:00\" \/>\n<meta property=\"og:image\" content=\"https:\/\/tiszacsege.hu\/wp-content\/uploads\/2025\/09\/042.jpg\" \/>\n\t<meta property=\"og:image:width\" content=\"1362\" \/>\n\t<meta property=\"og:image:height\" content=\"2048\" \/>\n\t<meta property=\"og:image:type\" content=\"image\/jpeg\" \/>\n<meta name=\"author\" content=\"admin\" \/>\n<meta name=\"twitter:card\" content=\"summary_large_image\" \/>\n<script type=\"application\/ld+json\" class=\"yoast-schema-graph\">{\"@context\":\"https:\\\/\\\/schema.org\",\"@graph\":[{\"@type\":\"Article\",\"@id\":\"https:\\\/\\\/tiszacsege.hu\\\/?p=28456#article\",\"isPartOf\":{\"@id\":\"https:\\\/\\\/tiszacsege.hu\\\/?p=28456\"},\"author\":{\"name\":\"admin\",\"@id\":\"https:\\\/\\\/tiszacsege.hu\\\/#\\\/schema\\\/person\\\/ff2f4e3a9747199f545a2cf351f25334\"},\"headline\":\"Tiszacsege V\u00e1ros D\u00edszpolg\u00e1ra &#8211; Losonczi J\u00e1nos bemutat\u00e1sa\",\"datePublished\":\"2025-10-09T13:46:53+00:00\",\"dateModified\":\"2025-10-09T13:50:21+00:00\",\"mainEntityOfPage\":{\"@id\":\"https:\\\/\\\/tiszacsege.hu\\\/?p=28456\"},\"wordCount\":1426,\"publisher\":{\"@id\":\"https:\\\/\\\/tiszacsege.hu\\\/#organization\"},\"image\":{\"@id\":\"https:\\\/\\\/tiszacsege.hu\\\/?p=28456#primaryimage\"},\"thumbnailUrl\":\"https:\\\/\\\/tiszacsege.hu\\\/wp-content\\\/uploads\\\/2025\\\/09\\\/042.jpg\",\"articleSection\":[\"Helyi h\u00edrek, t\u00e1j\u00e9koztat\u00f3k\"],\"inLanguage\":\"hu\"},{\"@type\":\"WebPage\",\"@id\":\"https:\\\/\\\/tiszacsege.hu\\\/?p=28456\",\"url\":\"https:\\\/\\\/tiszacsege.hu\\\/?p=28456\",\"name\":\"Tiszacsege V\u00e1ros D\u00edszpolg\u00e1ra - Losonczi J\u00e1nos bemutat\u00e1sa\",\"isPartOf\":{\"@id\":\"https:\\\/\\\/tiszacsege.hu\\\/#website\"},\"primaryImageOfPage\":{\"@id\":\"https:\\\/\\\/tiszacsege.hu\\\/?p=28456#primaryimage\"},\"image\":{\"@id\":\"https:\\\/\\\/tiszacsege.hu\\\/?p=28456#primaryimage\"},\"thumbnailUrl\":\"https:\\\/\\\/tiszacsege.hu\\\/wp-content\\\/uploads\\\/2025\\\/09\\\/042.jpg\",\"datePublished\":\"2025-10-09T13:46:53+00:00\",\"dateModified\":\"2025-10-09T13:50:21+00:00\",\"breadcrumb\":{\"@id\":\"https:\\\/\\\/tiszacsege.hu\\\/?p=28456#breadcrumb\"},\"inLanguage\":\"hu\",\"potentialAction\":[{\"@type\":\"ReadAction\",\"target\":[\"https:\\\/\\\/tiszacsege.hu\\\/?p=28456\"]}]},{\"@type\":\"ImageObject\",\"inLanguage\":\"hu\",\"@id\":\"https:\\\/\\\/tiszacsege.hu\\\/?p=28456#primaryimage\",\"url\":\"https:\\\/\\\/tiszacsege.hu\\\/wp-content\\\/uploads\\\/2025\\\/09\\\/042.jpg\",\"contentUrl\":\"https:\\\/\\\/tiszacsege.hu\\\/wp-content\\\/uploads\\\/2025\\\/09\\\/042.jpg\",\"width\":1362,\"height\":2048},{\"@type\":\"BreadcrumbList\",\"@id\":\"https:\\\/\\\/tiszacsege.hu\\\/?p=28456#breadcrumb\",\"itemListElement\":[{\"@type\":\"ListItem\",\"position\":1,\"name\":\"Kezd\u0151lap\",\"item\":\"https:\\\/\\\/tiszacsege.hu\\\/\"},{\"@type\":\"ListItem\",\"position\":2,\"name\":\"Tiszacsege V\u00e1ros D\u00edszpolg\u00e1ra &#8211; Losonczi J\u00e1nos bemutat\u00e1sa\"}]},{\"@type\":\"WebSite\",\"@id\":\"https:\\\/\\\/tiszacsege.hu\\\/#website\",\"url\":\"https:\\\/\\\/tiszacsege.hu\\\/\",\"name\":\"Tiszacsege\",\"description\":\"Tiszacsege hivatalos honlapja\",\"publisher\":{\"@id\":\"https:\\\/\\\/tiszacsege.hu\\\/#organization\"},\"potentialAction\":[{\"@type\":\"SearchAction\",\"target\":{\"@type\":\"EntryPoint\",\"urlTemplate\":\"https:\\\/\\\/tiszacsege.hu\\\/?s={search_term_string}\"},\"query-input\":{\"@type\":\"PropertyValueSpecification\",\"valueRequired\":true,\"valueName\":\"search_term_string\"}}],\"inLanguage\":\"hu\"},{\"@type\":\"Organization\",\"@id\":\"https:\\\/\\\/tiszacsege.hu\\\/#organization\",\"name\":\"Tiszacsege\",\"url\":\"https:\\\/\\\/tiszacsege.hu\\\/\",\"logo\":{\"@type\":\"ImageObject\",\"inLanguage\":\"hu\",\"@id\":\"https:\\\/\\\/tiszacsege.hu\\\/#\\\/schema\\\/logo\\\/image\\\/\",\"url\":\"https:\\\/\\\/tiszacsege.hu\\\/wp-content\\\/uploads\\\/2020\\\/10\\\/tiszacsege_logo_rovid2-1.png\",\"contentUrl\":\"https:\\\/\\\/tiszacsege.hu\\\/wp-content\\\/uploads\\\/2020\\\/10\\\/tiszacsege_logo_rovid2-1.png\",\"width\":500,\"height\":150,\"caption\":\"Tiszacsege\"},\"image\":{\"@id\":\"https:\\\/\\\/tiszacsege.hu\\\/#\\\/schema\\\/logo\\\/image\\\/\"},\"sameAs\":[\"https:\\\/\\\/www.facebook.com\\\/tiszacsegeonkormanyzata\"]},{\"@type\":\"Person\",\"@id\":\"https:\\\/\\\/tiszacsege.hu\\\/#\\\/schema\\\/person\\\/ff2f4e3a9747199f545a2cf351f25334\",\"name\":\"admin\",\"image\":{\"@type\":\"ImageObject\",\"inLanguage\":\"hu\",\"@id\":\"https:\\\/\\\/secure.gravatar.com\\\/avatar\\\/52224ccae048f9be8fd8d745a33eff630818f8bd5c43790479a2754dcef4b69b?s=96&d=mm&r=g\",\"url\":\"https:\\\/\\\/secure.gravatar.com\\\/avatar\\\/52224ccae048f9be8fd8d745a33eff630818f8bd5c43790479a2754dcef4b69b?s=96&d=mm&r=g\",\"contentUrl\":\"https:\\\/\\\/secure.gravatar.com\\\/avatar\\\/52224ccae048f9be8fd8d745a33eff630818f8bd5c43790479a2754dcef4b69b?s=96&d=mm&r=g\",\"caption\":\"admin\"},\"url\":\"https:\\\/\\\/tiszacsege.hu\\\/?author=1\"}]}<\/script>\n<!-- \/ Yoast SEO plugin. -->","yoast_head_json":{"title":"Tiszacsege V\u00e1ros D\u00edszpolg\u00e1ra - Losonczi J\u00e1nos bemutat\u00e1sa","robots":{"index":"index","follow":"follow","max-snippet":"max-snippet:-1","max-image-preview":"max-image-preview:large","max-video-preview":"max-video-preview:-1"},"canonical":"https:\/\/tiszacsege.hu\/?p=28456","og_locale":"hu_HU","og_type":"article","og_title":"Tiszacsege V\u00e1ros D\u00edszpolg\u00e1ra - Losonczi J\u00e1nos bemutat\u00e1sa","og_description":"Magamr\u00f3l Losonczi J\u00e1nos vagyok, 1950. okt\u00f3ber 23-\u00e1n sz\u00fclettem, Tiszacseg\u00e9n. Az \u00e1ltal\u00e1nos iskola elv\u00e9gz\u00e9se ut\u00e1n a ny\u00edregyh\u00e1zi 124. sz\u00e1m\u00fa Ipari Szakmunk\u00e1sk\u00e9pz\u0151 Iskol\u00e1ban mez\u0151gazdas\u00e1gi g\u00e9pszerel\u0151 bizony\u00edtv\u00e1nyt szereztem. Ezt k\u00f6vet\u0151en, 1968-ban sikeres hivat\u00e1sos g\u00e9pkocsivezet\u0151i vizsg\u00e1t tettem. Az 1969-t\u0151l 1971-ig tart\u00f3 sorkatonai szolg\u00e1lat v\u00e9g\u00e9n t\u00f6rzs\u0151rmesterk\u00e9nt szereltem le. 1973-ban megn\u0151s\u00fcltem. K\u00e9t feln\u0151tt gyermekem \u00e9s h\u00e1rom unok\u00e1m van. Tanultam, majd dolgoztam [&hellip;]","og_url":"https:\/\/tiszacsege.hu\/?p=28456","og_site_name":"Tiszacsege","article_publisher":"https:\/\/www.facebook.com\/tiszacsegeonkormanyzata","article_published_time":"2025-10-09T13:46:53+00:00","article_modified_time":"2025-10-09T13:50:21+00:00","og_image":[{"width":1362,"height":2048,"url":"https:\/\/tiszacsege.hu\/wp-content\/uploads\/2025\/09\/042.jpg","type":"image\/jpeg"}],"author":"admin","twitter_card":"summary_large_image","schema":{"@context":"https:\/\/schema.org","@graph":[{"@type":"Article","@id":"https:\/\/tiszacsege.hu\/?p=28456#article","isPartOf":{"@id":"https:\/\/tiszacsege.hu\/?p=28456"},"author":{"name":"admin","@id":"https:\/\/tiszacsege.hu\/#\/schema\/person\/ff2f4e3a9747199f545a2cf351f25334"},"headline":"Tiszacsege V\u00e1ros D\u00edszpolg\u00e1ra &#8211; Losonczi J\u00e1nos bemutat\u00e1sa","datePublished":"2025-10-09T13:46:53+00:00","dateModified":"2025-10-09T13:50:21+00:00","mainEntityOfPage":{"@id":"https:\/\/tiszacsege.hu\/?p=28456"},"wordCount":1426,"publisher":{"@id":"https:\/\/tiszacsege.hu\/#organization"},"image":{"@id":"https:\/\/tiszacsege.hu\/?p=28456#primaryimage"},"thumbnailUrl":"https:\/\/tiszacsege.hu\/wp-content\/uploads\/2025\/09\/042.jpg","articleSection":["Helyi h\u00edrek, t\u00e1j\u00e9koztat\u00f3k"],"inLanguage":"hu"},{"@type":"WebPage","@id":"https:\/\/tiszacsege.hu\/?p=28456","url":"https:\/\/tiszacsege.hu\/?p=28456","name":"Tiszacsege V\u00e1ros D\u00edszpolg\u00e1ra - Losonczi J\u00e1nos bemutat\u00e1sa","isPartOf":{"@id":"https:\/\/tiszacsege.hu\/#website"},"primaryImageOfPage":{"@id":"https:\/\/tiszacsege.hu\/?p=28456#primaryimage"},"image":{"@id":"https:\/\/tiszacsege.hu\/?p=28456#primaryimage"},"thumbnailUrl":"https:\/\/tiszacsege.hu\/wp-content\/uploads\/2025\/09\/042.jpg","datePublished":"2025-10-09T13:46:53+00:00","dateModified":"2025-10-09T13:50:21+00:00","breadcrumb":{"@id":"https:\/\/tiszacsege.hu\/?p=28456#breadcrumb"},"inLanguage":"hu","potentialAction":[{"@type":"ReadAction","target":["https:\/\/tiszacsege.hu\/?p=28456"]}]},{"@type":"ImageObject","inLanguage":"hu","@id":"https:\/\/tiszacsege.hu\/?p=28456#primaryimage","url":"https:\/\/tiszacsege.hu\/wp-content\/uploads\/2025\/09\/042.jpg","contentUrl":"https:\/\/tiszacsege.hu\/wp-content\/uploads\/2025\/09\/042.jpg","width":1362,"height":2048},{"@type":"BreadcrumbList","@id":"https:\/\/tiszacsege.hu\/?p=28456#breadcrumb","itemListElement":[{"@type":"ListItem","position":1,"name":"Kezd\u0151lap","item":"https:\/\/tiszacsege.hu\/"},{"@type":"ListItem","position":2,"name":"Tiszacsege V\u00e1ros D\u00edszpolg\u00e1ra &#8211; Losonczi J\u00e1nos bemutat\u00e1sa"}]},{"@type":"WebSite","@id":"https:\/\/tiszacsege.hu\/#website","url":"https:\/\/tiszacsege.hu\/","name":"Tiszacsege","description":"Tiszacsege hivatalos honlapja","publisher":{"@id":"https:\/\/tiszacsege.hu\/#organization"},"potentialAction":[{"@type":"SearchAction","target":{"@type":"EntryPoint","urlTemplate":"https:\/\/tiszacsege.hu\/?s={search_term_string}"},"query-input":{"@type":"PropertyValueSpecification","valueRequired":true,"valueName":"search_term_string"}}],"inLanguage":"hu"},{"@type":"Organization","@id":"https:\/\/tiszacsege.hu\/#organization","name":"Tiszacsege","url":"https:\/\/tiszacsege.hu\/","logo":{"@type":"ImageObject","inLanguage":"hu","@id":"https:\/\/tiszacsege.hu\/#\/schema\/logo\/image\/","url":"https:\/\/tiszacsege.hu\/wp-content\/uploads\/2020\/10\/tiszacsege_logo_rovid2-1.png","contentUrl":"https:\/\/tiszacsege.hu\/wp-content\/uploads\/2020\/10\/tiszacsege_logo_rovid2-1.png","width":500,"height":150,"caption":"Tiszacsege"},"image":{"@id":"https:\/\/tiszacsege.hu\/#\/schema\/logo\/image\/"},"sameAs":["https:\/\/www.facebook.com\/tiszacsegeonkormanyzata"]},{"@type":"Person","@id":"https:\/\/tiszacsege.hu\/#\/schema\/person\/ff2f4e3a9747199f545a2cf351f25334","name":"admin","image":{"@type":"ImageObject","inLanguage":"hu","@id":"https:\/\/secure.gravatar.com\/avatar\/52224ccae048f9be8fd8d745a33eff630818f8bd5c43790479a2754dcef4b69b?s=96&d=mm&r=g","url":"https:\/\/secure.gravatar.com\/avatar\/52224ccae048f9be8fd8d745a33eff630818f8bd5c43790479a2754dcef4b69b?s=96&d=mm&r=g","contentUrl":"https:\/\/secure.gravatar.com\/avatar\/52224ccae048f9be8fd8d745a33eff630818f8bd5c43790479a2754dcef4b69b?s=96&d=mm&r=g","caption":"admin"},"url":"https:\/\/tiszacsege.hu\/?author=1"}]}},"_links":{"self":[{"href":"https:\/\/tiszacsege.hu\/index.php?rest_route=\/wp\/v2\/posts\/28456","targetHints":{"allow":["GET"]}}],"collection":[{"href":"https:\/\/tiszacsege.hu\/index.php?rest_route=\/wp\/v2\/posts"}],"about":[{"href":"https:\/\/tiszacsege.hu\/index.php?rest_route=\/wp\/v2\/types\/post"}],"author":[{"embeddable":true,"href":"https:\/\/tiszacsege.hu\/index.php?rest_route=\/wp\/v2\/users\/1"}],"replies":[{"embeddable":true,"href":"https:\/\/tiszacsege.hu\/index.php?rest_route=%2Fwp%2Fv2%2Fcomments&post=28456"}],"version-history":[{"count":3,"href":"https:\/\/tiszacsege.hu\/index.php?rest_route=\/wp\/v2\/posts\/28456\/revisions"}],"predecessor-version":[{"id":28459,"href":"https:\/\/tiszacsege.hu\/index.php?rest_route=\/wp\/v2\/posts\/28456\/revisions\/28459"}],"wp:featuredmedia":[{"embeddable":true,"href":"https:\/\/tiszacsege.hu\/index.php?rest_route=\/wp\/v2\/media\/28299"}],"wp:attachment":[{"href":"https:\/\/tiszacsege.hu\/index.php?rest_route=%2Fwp%2Fv2%2Fmedia&parent=28456"}],"wp:term":[{"taxonomy":"category","embeddable":true,"href":"https:\/\/tiszacsege.hu\/index.php?rest_route=%2Fwp%2Fv2%2Fcategories&post=28456"},{"taxonomy":"post_tag","embeddable":true,"href":"https:\/\/tiszacsege.hu\/index.php?rest_route=%2Fwp%2Fv2%2Ftags&post=28456"},{"taxonomy":"post_folder","embeddable":true,"href":"https:\/\/tiszacsege.hu\/index.php?rest_route=%2Fwp%2Fv2%2Fpost_folder&post=28456"}],"curies":[{"name":"wp","href":"https:\/\/api.w.org\/{rel}","templated":true}]}}