{"id":28697,"date":"2025-12-08T08:07:58","date_gmt":"2025-12-08T07:07:58","guid":{"rendered":"https:\/\/tiszacsege.hu\/?p=28697"},"modified":"2025-12-08T08:08:00","modified_gmt":"2025-12-08T07:08:00","slug":"polgarmesteri-beszamolo-2025-november-honaprol","status":"publish","type":"post","link":"https:\/\/tiszacsege.hu\/?p=28697","title":{"rendered":"Polg\u00e1rmesteri besz\u00e1mol\u00f3 2025. november h\u00f3napr\u00f3l"},"content":{"rendered":"\n<p class=\"has-medium-font-size has-text-align-justify wp-block-paragraph\">Tisztelt tiszacsegei Lakosok!<\/p>\n\n\n\n<div style=\"height:20px\" aria-hidden=\"true\" class=\"wp-block-spacer\"><\/div>\n\n\n\n<p class=\"has-medium-font-size has-text-align-justify wp-block-paragraph\">Az al\u00e1bbiakban a legfontosabb novemberi esem\u00e9nyekr\u0151l, az elm\u00falt id\u0151szak t\u00f6rt\u00e9n\u00e9seir\u0151l adok r\u00f6vid t\u00e1j\u00e9koztat\u00e1st id\u0151rendben.<\/p>\n\n\n\n<div style=\"height:20px\" aria-hidden=\"true\" class=\"wp-block-spacer\"><\/div>\n\n\n\n<p class=\"has-medium-font-size has-text-align-justify wp-block-paragraph\">November 3-\u00e1n a Versenyk\u00e9pes J\u00e1r\u00e1sok Program II. felh\u00edv\u00e1s\u00e1nak megfelel\u0151en vettem r\u00e9szt a V\u00e1rmegyeh\u00e1z\u00e1n megrendezett egyeztet\u0151 f\u00f3rumon, ahol a konzorciumi tagokkal megszavaztuk a m\u00e1sodik fordul\u00f3 tartalmait. Ez alapj\u00e1n Tiszacsege ker\u00e9kp\u00e1r\u00fat fejleszt\u00e9sre, valamint rendezv\u00e9nyek megtart\u00e1s\u00e1hoz sz\u00fcks\u00e9ges t\u00e1rgyi eszk\u00f6z\u00f6k \u00e9s szolg\u00e1ltat\u00e1sok t\u00e1mogat\u00e1s\u00e1ra ig\u00e9nyel p\u00e1ly\u00e1zati hozz\u00e1j\u00e1rul\u00e1st.<\/p>\n\n\n\n<div style=\"height:20px\" aria-hidden=\"true\" class=\"wp-block-spacer\"><\/div>\n\n\n\n<p class=\"has-medium-font-size has-text-align-justify wp-block-paragraph\">November 4-\u00e9n rendezte meg \u00f6nkorm\u00e1nyzatunk a lakoss\u00e1gi f\u00f3rumot, ahol egyr\u00e9szt teljes k\u00f6r\u0171 \u00e9s r\u00e9szletes besz\u00e1mol\u00f3t hallgathattak meg az \u00e9rdekl\u0151d\u0151k az idei \u00e9vben v\u00e9gzett munk\u00e1nkr\u00f3l \u00e9s j\u00f6v\u0151beli terveinkr\u0151l is szerezhettek inform\u00e1ci\u00f3kat, m\u00e1sr\u00e9szt lehet\u0151s\u00e9get kaptak a lakosok k\u00f6z\u00e9rdek\u0171 k\u00e9rd\u00e9seik feltev\u00e9s\u00e9re. A megjelent v\u00e1roslak\u00f3k csek\u00e9ly sz\u00e1ma arra enged k\u00f6vetkeztetni, hogy folyamatos besz\u00e1mol\u00f3im megfelel\u0151 t\u00e1j\u00e9koztat\u00e1st adnak az itt \u00e9l\u0151knek.<\/p>\n\n\n\n<div style=\"height:20px\" aria-hidden=\"true\" class=\"wp-block-spacer\"><\/div>\n\n\n\n<p class=\"has-medium-font-size has-text-align-justify wp-block-paragraph\">Tiszacsege testv\u00e9rv\u00e1rosi kapcsolatot \u00e1pol k\u00e9t rom\u00e1niai \u00f6nkorm\u00e1nyzattal. Ennek r\u00e9sze, hogy id\u0151r\u0151l-id\u0151re szem\u00e9lyes l\u00e1togat\u00e1sokkal is er\u0151s\u00edtj\u00fck egy\u00fcttm\u0171k\u00f6d\u00e9s\u00fcnket. November 7-\u00e9n k\u00e9pvisel\u0151 test\u00fclet\u00fcnk l\u00e1togat\u00e1st tett Magyargorb\u00f3n, ahol sz\u00edv\u00e9lyes fogadtat\u00e1sban r\u00e9szes\u00edtett Gheorghe-Lucian Broaina Polg\u00e1rmester \u00dar \u00e9s \u00f6nkorm\u00e1nyzata, hiszen r\u00e9g\u00f3ta v\u00e1rt\u00e1k m\u00e1r, hogy megmutathass\u00e1k term\u00e9szeti, \u00e9p\u00edtett \u00e9s kultur\u00e1lis \u00e9rt\u00e9keiket, valamint azt, hogy rom\u00e1n \u00e9s magyar lakoss\u00e1g milyen egyet\u00e9rt\u00e9sben \u00e9s egym\u00e1st k\u00f6lcs\u00f6n\u00f6sen tisztelve k\u00e9pes egy\u00fctt \u00e9lni, ezzel is j\u00f3 p\u00e9ld\u00e1t mutatva m\u00e1soknak.<\/p>\n\n\n\n<p class=\"has-medium-font-size has-text-align-justify wp-block-paragraph\">November 12-\u00e9n Karcagon rendezt\u00e9k meg Magyarorsz\u00e1g legszebb konyhakertje Orsz\u00e1gos D\u00edjra Jel\u00f6ltek \u00fcnneps\u00e9g\u00e9t, \u00c9v\u00e9rt\u00e9kel\u0151 \u00e9s Szakmai napj\u00e1t, melyre megh\u00edv\u00e1st kaptak Tiszacsege d\u00edjakra jel\u00f6lt versenyz\u0151i: Derzs\u00e9nyi Gerg\u0151, Kapus Lajos \u00e9s K\u00f3ti Ibolya, Nagy J\u00f3zsefn\u00e9, Szab\u00f3 K\u00e1lm\u00e1nn\u00e9, Tiszacsegei Fekete Istv\u00e1n \u00c1ltal\u00e1nos Iskola &#8211; Kapus Leona, \u00e9s a program helyi szervez\u0151i: Farkas J\u00e1nosn\u00e9 \u00e9s Kormosn\u00e9 Moln\u00e1r Katalin. Ez\u00faton is gratul\u00e1lunk a sz\u00e9p sikerekhez \u00e9s k\u00f6sz\u00f6nj\u00fck, hogy \u00f6regb\u00edtett\u00e9k v\u00e1rosunk j\u00f3 h\u00edr\u00e9t!<\/p>\n\n\n\n<div style=\"height:20px\" aria-hidden=\"true\" class=\"wp-block-spacer\"><\/div>\n\n\n\n<p class=\"has-medium-font-size has-text-align-justify wp-block-paragraph\">November 14-\u00e9n, a hagyom\u00e1nyosan megrendezett Babafa \u00dcltet\u0151 Napon id\u00e9n is \u00f6r\u00f6mteli alkalomra gy\u0171lt\u00fcnk \u00f6ssze. Ebben az \u00e9vben 4 \u00faj babaf\u00e1t \u00fcltett\u00fcnk el, \u00edgy k\u00f6z\u00f6ss\u00e9g\u00fcnk eml\u00e9kparkja imm\u00e1r \u00f6sszesen 55 babaf\u00e1val gazdagodik. A kisbab\u00e1k a fa\u00fcltet\u00e9s mellett egy eml\u00e9kplakettet, eml\u00e9klapot, \u00fcnnepi tort\u00e1t \u00e9s egy kis j\u00e1t\u00e9kot is kaptak, hogy ez a k\u00fcl\u00f6nleges nap m\u00e9g maradand\u00f3bb \u00e9lm\u00e9nyt ny\u00fajtson sz\u00e1mukra \u00e9s csal\u00e1djaik sz\u00e1m\u00e1ra.<\/p>\n\n\n\n<div style=\"height:20px\" aria-hidden=\"true\" class=\"wp-block-spacer\"><\/div>\n\n\n\n<p class=\"has-medium-font-size has-text-align-justify wp-block-paragraph\">Ez\u00faton is szeretn\u00e9nk megk\u00f6sz\u00f6nni a Tiszacsegei Fekete Istv\u00e1n \u00c1ltal\u00e1nos Iskola 4.b oszt\u00e1ly\u00e1nak, valamint felk\u00e9sz\u00edt\u0151 tan\u00e1ruknak, Csernikn\u00e9 Nagy M\u00e1ria Krisztin\u00e1nak a sz\u00ednvonalas m\u0171sorukat. A gyerekek lelkes szerepl\u00e9se \u00e9s a pedag\u00f3gusok munk\u00e1ja meghitt hangulatot teremtett az \u00fcnneps\u00e9gen.<\/p>\n\n\n\n<div style=\"height:20px\" aria-hidden=\"true\" class=\"wp-block-spacer\"><\/div>\n\n\n\n<p class=\"has-medium-font-size has-text-align-justify wp-block-paragraph\">Ez a sz\u00e9p hagyom\u00e1ny tov\u00e1bbra is a k\u00f6z\u00f6ss\u00e9g \u00f6sszetartoz\u00e1s\u00e1t \u00e9s a gyermekek sz\u00fclet\u00e9s\u00e9nek \u00f6r\u00f6m\u00e9t jelk\u00e9pezi. K\u00f6sz\u00f6nj\u00fck minden r\u00e9sztvev\u0151nek, hogy vel\u00fcnk \u00fcnnepelt!<\/p>\n\n\n\n<div style=\"height:20px\" aria-hidden=\"true\" class=\"wp-block-spacer\"><\/div>\n\n\n\n<p class=\"has-medium-font-size has-text-align-justify wp-block-paragraph\">November 15-\u00e9n a Tiszacsegei Horg\u00e1sz \u00e9s Term\u00e9szetv\u00e9delmi Egyes\u00fclet bankettet szervezett a Szolg\u00e1ltat\u00f3 Csarnokban, amelyen \u00f6nkorm\u00e1nyzatunkat k\u00e9pviselve vettem r\u00e9szt. Ez\u00faton is k\u00f6sz\u00f6n\u00f6m a megh\u00edv\u00e1st \u00e9s tov\u00e1bbi sok sikert k\u00edv\u00e1nok az egyes\u00fclet minden tagj\u00e1nak! ,,G\u00f6rb\u00fclj\u00f6n a bot!\u201d-ahogyan \u0151k k\u00f6sz\u00f6ntik egym\u00e1st.<\/p>\n\n\n\n<div style=\"height:20px\" aria-hidden=\"true\" class=\"wp-block-spacer\"><\/div>\n\n\n\n<p class=\"has-medium-font-size has-text-align-justify wp-block-paragraph\">November 21-\u00e9n rendezt\u00e9k meg Hajd\u00fas\u00e1msonban a V\u00e1rmegye Napj\u00e1nak hagyom\u00e1nyos \u00fcnneps\u00e9g\u00e9t, melyen telep\u00fcl\u00e9s\u00fcnket, Tiszacseg\u00e9t k\u00e9pviseltem.<\/p>\n\n\n\n<div style=\"height:20px\" aria-hidden=\"true\" class=\"wp-block-spacer\"><\/div>\n\n\n\n<p class=\"has-medium-font-size has-text-align-justify wp-block-paragraph\">November 29-\u00e9n tartottuk meg az els\u0151 adventi \u00fcnneps\u00e9get \u00e9s kar\u00e1csonyi v\u00e1s\u00e1rt. Ez\u00faton is k\u00f6sz\u00f6n\u00f6m a Tiszacsegei Hagyom\u00e1ny\u0151rz\u0151 N\u00e9pt\u00e1nc Egyes\u00fcletnek a szervez\u00e9st \u00e9s a sz\u00edvet melenget\u0151 m\u0171sort! K\u00f6sz\u00f6netemet fejezem ki Kocsis S\u00e1ndornak, Zhang D\u00e1vidnak \u00e9s az \u0151 citera tan\u00e1rn\u0151j\u00e9nek, Kov\u00e1csn\u00e9 Kenyeres M\u00e1rt\u00e1nak \u00e9s a Tiszacsegei T\u0171zolt\u00f3 Dal\u00e1rd\u00e1nak a k\u00f6zrem\u0171k\u00f6d\u00e9s\u00e9rt! B\u00edzom benne, hogy a december 6-\u00e1n, 13-\u00e1n \u00e9s 20-\u00e1n megrendez\u00e9sre ker\u00fcl\u0151 adventi rendezv\u00e9nyeinkre is ell\u00e1togatnak a kedves lakosok!<\/p>\n\n\n\n<div style=\"height:20px\" aria-hidden=\"true\" class=\"wp-block-spacer\"><\/div>\n\n\n\n<p class=\"has-medium-font-size has-text-align-justify wp-block-paragraph\">Novemberben k\u00e9t \u00faj kis v\u00e1roslak\u00f3t k\u00f6sz\u00f6nthett\u00fcnk babacsomaggal \u00e9s egy kilencven \u00e9ves n\u00e9nit sz\u00fclet\u00e9snapja alkalm\u00e1b\u00f3l. Ez\u00faton is j\u00f3 eg\u00e9szs\u00e9get k\u00edv\u00e1nok neki csal\u00e1djuk k\u00f6r\u00e9ben!<\/p>\n\n\n\n<div style=\"height:20px\" aria-hidden=\"true\" class=\"wp-block-spacer\"><\/div>\n\n\n\n<p class=\"has-medium-font-size has-text-align-justify wp-block-paragraph\">A december a kar\u00e1csony h\u00f3napja. Mivel a k\u00f6vetkez\u0151 lapsz\u00e1m m\u00e1r janu\u00e1rban jelenik meg, itt k\u00edv\u00e1nok minden kedves olvas\u00f3nak kellemes kar\u00e1csonyi \u00fcnnepeket \u00e9s boldog \u00faj \u00e9vet!<\/p>\n\n\n\n<div style=\"height:20px\" aria-hidden=\"true\" class=\"wp-block-spacer\"><\/div>\n\n\n\n<p class=\"has-medium-font-size has-text-align-justify wp-block-paragraph\">Szeli Zolt\u00e1n polg\u00e1rmester<\/p>\n","protected":false},"excerpt":{"rendered":"<p>Tisztelt tiszacsegei Lakosok! Az al\u00e1bbiakban a legfontosabb novemberi esem\u00e9nyekr\u0151l, az elm\u00falt id\u0151szak t\u00f6rt\u00e9n\u00e9seir\u0151l adok r\u00f6vid t\u00e1j\u00e9koztat\u00e1st id\u0151rendben. November 3-\u00e1n a Versenyk\u00e9pes J\u00e1r\u00e1sok Program II. felh\u00edv\u00e1s\u00e1nak megfelel\u0151en vettem r\u00e9szt a V\u00e1rmegyeh\u00e1z\u00e1n megrendezett egyeztet\u0151 f\u00f3rumon, ahol a konzorciumi tagokkal megszavaztuk a m\u00e1sodik fordul\u00f3 tartalmait. Ez alapj\u00e1n Tiszacsege ker\u00e9kp\u00e1r\u00fat fejleszt\u00e9sre, valamint rendezv\u00e9nyek megtart\u00e1s\u00e1hoz sz\u00fcks\u00e9ges t\u00e1rgyi eszk\u00f6z\u00f6k \u00e9s szolg\u00e1ltat\u00e1sok [&hellip;]<\/p>\n","protected":false},"author":1,"featured_media":11380,"comment_status":"closed","ping_status":"closed","sticky":false,"template":"","format":"standard","meta":{"_editorskit_title_hidden":false,"_editorskit_reading_time":0,"_editorskit_is_block_options_detached":false,"_editorskit_block_options_position":"{}","_crdt_document":"","footnotes":""},"categories":[173],"tags":[],"post_folder":[],"class_list":["post-28697","post","type-post","status-publish","format-standard","has-post-thumbnail","hentry","category-onkormanyzat"],"yoast_head":"<!-- This site is optimized with the Yoast SEO plugin v27.4 - https:\/\/yoast.com\/product\/yoast-seo-wordpress\/ -->\n<title>Polg\u00e1rmesteri besz\u00e1mol\u00f3 2025. november h\u00f3napr\u00f3l<\/title>\n<meta name=\"robots\" content=\"index, follow, max-snippet:-1, max-image-preview:large, max-video-preview:-1\" \/>\n<link rel=\"canonical\" href=\"https:\/\/tiszacsege.hu\/?p=28697\" \/>\n<meta property=\"og:locale\" content=\"hu_HU\" \/>\n<meta property=\"og:type\" content=\"article\" \/>\n<meta property=\"og:title\" content=\"Polg\u00e1rmesteri besz\u00e1mol\u00f3 2025. november h\u00f3napr\u00f3l\" \/>\n<meta property=\"og:description\" content=\"Tisztelt tiszacsegei Lakosok! Az al\u00e1bbiakban a legfontosabb novemberi esem\u00e9nyekr\u0151l, az elm\u00falt id\u0151szak t\u00f6rt\u00e9n\u00e9seir\u0151l adok r\u00f6vid t\u00e1j\u00e9koztat\u00e1st id\u0151rendben. November 3-\u00e1n a Versenyk\u00e9pes J\u00e1r\u00e1sok Program II. felh\u00edv\u00e1s\u00e1nak megfelel\u0151en vettem r\u00e9szt a V\u00e1rmegyeh\u00e1z\u00e1n megrendezett egyeztet\u0151 f\u00f3rumon, ahol a konzorciumi tagokkal megszavaztuk a m\u00e1sodik fordul\u00f3 tartalmait. Ez alapj\u00e1n Tiszacsege ker\u00e9kp\u00e1r\u00fat fejleszt\u00e9sre, valamint rendezv\u00e9nyek megtart\u00e1s\u00e1hoz sz\u00fcks\u00e9ges t\u00e1rgyi eszk\u00f6z\u00f6k \u00e9s szolg\u00e1ltat\u00e1sok [&hellip;]\" \/>\n<meta property=\"og:url\" content=\"https:\/\/tiszacsege.hu\/?p=28697\" \/>\n<meta property=\"og:site_name\" content=\"Tiszacsege\" \/>\n<meta property=\"article:publisher\" content=\"https:\/\/www.facebook.com\/tiszacsegeonkormanyzata\" \/>\n<meta property=\"article:published_time\" content=\"2025-12-08T07:07:58+00:00\" \/>\n<meta property=\"article:modified_time\" content=\"2025-12-08T07:08:00+00:00\" \/>\n<meta property=\"og:image\" content=\"https:\/\/tiszacsege.hu\/wp-content\/uploads\/2017\/11\/onkorm2.png\" \/>\n\t<meta property=\"og:image:width\" content=\"800\" \/>\n\t<meta property=\"og:image:height\" content=\"396\" \/>\n\t<meta property=\"og:image:type\" content=\"image\/png\" \/>\n<meta name=\"author\" content=\"admin\" \/>\n<meta name=\"twitter:card\" content=\"summary_large_image\" \/>\n<script type=\"application\/ld+json\" class=\"yoast-schema-graph\">{\"@context\":\"https:\\\/\\\/schema.org\",\"@graph\":[{\"@type\":\"Article\",\"@id\":\"https:\\\/\\\/tiszacsege.hu\\\/?p=28697#article\",\"isPartOf\":{\"@id\":\"https:\\\/\\\/tiszacsege.hu\\\/?p=28697\"},\"author\":{\"name\":\"admin\",\"@id\":\"https:\\\/\\\/tiszacsege.hu\\\/#\\\/schema\\\/person\\\/ff2f4e3a9747199f545a2cf351f25334\"},\"headline\":\"Polg\u00e1rmesteri besz\u00e1mol\u00f3 2025. november h\u00f3napr\u00f3l\",\"datePublished\":\"2025-12-08T07:07:58+00:00\",\"dateModified\":\"2025-12-08T07:08:00+00:00\",\"mainEntityOfPage\":{\"@id\":\"https:\\\/\\\/tiszacsege.hu\\\/?p=28697\"},\"wordCount\":907,\"publisher\":{\"@id\":\"https:\\\/\\\/tiszacsege.hu\\\/#organization\"},\"image\":{\"@id\":\"https:\\\/\\\/tiszacsege.hu\\\/?p=28697#primaryimage\"},\"thumbnailUrl\":\"https:\\\/\\\/tiszacsege.hu\\\/wp-content\\\/uploads\\\/2017\\\/11\\\/onkorm2.png\",\"articleSection\":[\"\u00d6nkorm\u00e1nyzat\"],\"inLanguage\":\"hu\"},{\"@type\":\"WebPage\",\"@id\":\"https:\\\/\\\/tiszacsege.hu\\\/?p=28697\",\"url\":\"https:\\\/\\\/tiszacsege.hu\\\/?p=28697\",\"name\":\"Polg\u00e1rmesteri besz\u00e1mol\u00f3 2025. november h\u00f3napr\u00f3l\",\"isPartOf\":{\"@id\":\"https:\\\/\\\/tiszacsege.hu\\\/#website\"},\"primaryImageOfPage\":{\"@id\":\"https:\\\/\\\/tiszacsege.hu\\\/?p=28697#primaryimage\"},\"image\":{\"@id\":\"https:\\\/\\\/tiszacsege.hu\\\/?p=28697#primaryimage\"},\"thumbnailUrl\":\"https:\\\/\\\/tiszacsege.hu\\\/wp-content\\\/uploads\\\/2017\\\/11\\\/onkorm2.png\",\"datePublished\":\"2025-12-08T07:07:58+00:00\",\"dateModified\":\"2025-12-08T07:08:00+00:00\",\"breadcrumb\":{\"@id\":\"https:\\\/\\\/tiszacsege.hu\\\/?p=28697#breadcrumb\"},\"inLanguage\":\"hu\",\"potentialAction\":[{\"@type\":\"ReadAction\",\"target\":[\"https:\\\/\\\/tiszacsege.hu\\\/?p=28697\"]}]},{\"@type\":\"ImageObject\",\"inLanguage\":\"hu\",\"@id\":\"https:\\\/\\\/tiszacsege.hu\\\/?p=28697#primaryimage\",\"url\":\"https:\\\/\\\/tiszacsege.hu\\\/wp-content\\\/uploads\\\/2017\\\/11\\\/onkorm2.png\",\"contentUrl\":\"https:\\\/\\\/tiszacsege.hu\\\/wp-content\\\/uploads\\\/2017\\\/11\\\/onkorm2.png\",\"width\":800,\"height\":396},{\"@type\":\"BreadcrumbList\",\"@id\":\"https:\\\/\\\/tiszacsege.hu\\\/?p=28697#breadcrumb\",\"itemListElement\":[{\"@type\":\"ListItem\",\"position\":1,\"name\":\"Kezd\u0151lap\",\"item\":\"https:\\\/\\\/tiszacsege.hu\\\/\"},{\"@type\":\"ListItem\",\"position\":2,\"name\":\"Polg\u00e1rmesteri besz\u00e1mol\u00f3 2025. november h\u00f3napr\u00f3l\"}]},{\"@type\":\"WebSite\",\"@id\":\"https:\\\/\\\/tiszacsege.hu\\\/#website\",\"url\":\"https:\\\/\\\/tiszacsege.hu\\\/\",\"name\":\"Tiszacsege\",\"description\":\"Tiszacsege hivatalos honlapja\",\"publisher\":{\"@id\":\"https:\\\/\\\/tiszacsege.hu\\\/#organization\"},\"potentialAction\":[{\"@type\":\"SearchAction\",\"target\":{\"@type\":\"EntryPoint\",\"urlTemplate\":\"https:\\\/\\\/tiszacsege.hu\\\/?s={search_term_string}\"},\"query-input\":{\"@type\":\"PropertyValueSpecification\",\"valueRequired\":true,\"valueName\":\"search_term_string\"}}],\"inLanguage\":\"hu\"},{\"@type\":\"Organization\",\"@id\":\"https:\\\/\\\/tiszacsege.hu\\\/#organization\",\"name\":\"Tiszacsege\",\"url\":\"https:\\\/\\\/tiszacsege.hu\\\/\",\"logo\":{\"@type\":\"ImageObject\",\"inLanguage\":\"hu\",\"@id\":\"https:\\\/\\\/tiszacsege.hu\\\/#\\\/schema\\\/logo\\\/image\\\/\",\"url\":\"https:\\\/\\\/tiszacsege.hu\\\/wp-content\\\/uploads\\\/2020\\\/10\\\/tiszacsege_logo_rovid2-1.png\",\"contentUrl\":\"https:\\\/\\\/tiszacsege.hu\\\/wp-content\\\/uploads\\\/2020\\\/10\\\/tiszacsege_logo_rovid2-1.png\",\"width\":500,\"height\":150,\"caption\":\"Tiszacsege\"},\"image\":{\"@id\":\"https:\\\/\\\/tiszacsege.hu\\\/#\\\/schema\\\/logo\\\/image\\\/\"},\"sameAs\":[\"https:\\\/\\\/www.facebook.com\\\/tiszacsegeonkormanyzata\"]},{\"@type\":\"Person\",\"@id\":\"https:\\\/\\\/tiszacsege.hu\\\/#\\\/schema\\\/person\\\/ff2f4e3a9747199f545a2cf351f25334\",\"name\":\"admin\",\"image\":{\"@type\":\"ImageObject\",\"inLanguage\":\"hu\",\"@id\":\"https:\\\/\\\/secure.gravatar.com\\\/avatar\\\/52224ccae048f9be8fd8d745a33eff630818f8bd5c43790479a2754dcef4b69b?s=96&d=mm&r=g\",\"url\":\"https:\\\/\\\/secure.gravatar.com\\\/avatar\\\/52224ccae048f9be8fd8d745a33eff630818f8bd5c43790479a2754dcef4b69b?s=96&d=mm&r=g\",\"contentUrl\":\"https:\\\/\\\/secure.gravatar.com\\\/avatar\\\/52224ccae048f9be8fd8d745a33eff630818f8bd5c43790479a2754dcef4b69b?s=96&d=mm&r=g\",\"caption\":\"admin\"},\"url\":\"https:\\\/\\\/tiszacsege.hu\\\/?author=1\"}]}<\/script>\n<!-- \/ Yoast SEO plugin. -->","yoast_head_json":{"title":"Polg\u00e1rmesteri besz\u00e1mol\u00f3 2025. november h\u00f3napr\u00f3l","robots":{"index":"index","follow":"follow","max-snippet":"max-snippet:-1","max-image-preview":"max-image-preview:large","max-video-preview":"max-video-preview:-1"},"canonical":"https:\/\/tiszacsege.hu\/?p=28697","og_locale":"hu_HU","og_type":"article","og_title":"Polg\u00e1rmesteri besz\u00e1mol\u00f3 2025. november h\u00f3napr\u00f3l","og_description":"Tisztelt tiszacsegei Lakosok! Az al\u00e1bbiakban a legfontosabb novemberi esem\u00e9nyekr\u0151l, az elm\u00falt id\u0151szak t\u00f6rt\u00e9n\u00e9seir\u0151l adok r\u00f6vid t\u00e1j\u00e9koztat\u00e1st id\u0151rendben. November 3-\u00e1n a Versenyk\u00e9pes J\u00e1r\u00e1sok Program II. felh\u00edv\u00e1s\u00e1nak megfelel\u0151en vettem r\u00e9szt a V\u00e1rmegyeh\u00e1z\u00e1n megrendezett egyeztet\u0151 f\u00f3rumon, ahol a konzorciumi tagokkal megszavaztuk a m\u00e1sodik fordul\u00f3 tartalmait. Ez alapj\u00e1n Tiszacsege ker\u00e9kp\u00e1r\u00fat fejleszt\u00e9sre, valamint rendezv\u00e9nyek megtart\u00e1s\u00e1hoz sz\u00fcks\u00e9ges t\u00e1rgyi eszk\u00f6z\u00f6k \u00e9s szolg\u00e1ltat\u00e1sok [&hellip;]","og_url":"https:\/\/tiszacsege.hu\/?p=28697","og_site_name":"Tiszacsege","article_publisher":"https:\/\/www.facebook.com\/tiszacsegeonkormanyzata","article_published_time":"2025-12-08T07:07:58+00:00","article_modified_time":"2025-12-08T07:08:00+00:00","og_image":[{"width":800,"height":396,"url":"https:\/\/tiszacsege.hu\/wp-content\/uploads\/2017\/11\/onkorm2.png","type":"image\/png"}],"author":"admin","twitter_card":"summary_large_image","schema":{"@context":"https:\/\/schema.org","@graph":[{"@type":"Article","@id":"https:\/\/tiszacsege.hu\/?p=28697#article","isPartOf":{"@id":"https:\/\/tiszacsege.hu\/?p=28697"},"author":{"name":"admin","@id":"https:\/\/tiszacsege.hu\/#\/schema\/person\/ff2f4e3a9747199f545a2cf351f25334"},"headline":"Polg\u00e1rmesteri besz\u00e1mol\u00f3 2025. november h\u00f3napr\u00f3l","datePublished":"2025-12-08T07:07:58+00:00","dateModified":"2025-12-08T07:08:00+00:00","mainEntityOfPage":{"@id":"https:\/\/tiszacsege.hu\/?p=28697"},"wordCount":907,"publisher":{"@id":"https:\/\/tiszacsege.hu\/#organization"},"image":{"@id":"https:\/\/tiszacsege.hu\/?p=28697#primaryimage"},"thumbnailUrl":"https:\/\/tiszacsege.hu\/wp-content\/uploads\/2017\/11\/onkorm2.png","articleSection":["\u00d6nkorm\u00e1nyzat"],"inLanguage":"hu"},{"@type":"WebPage","@id":"https:\/\/tiszacsege.hu\/?p=28697","url":"https:\/\/tiszacsege.hu\/?p=28697","name":"Polg\u00e1rmesteri besz\u00e1mol\u00f3 2025. november h\u00f3napr\u00f3l","isPartOf":{"@id":"https:\/\/tiszacsege.hu\/#website"},"primaryImageOfPage":{"@id":"https:\/\/tiszacsege.hu\/?p=28697#primaryimage"},"image":{"@id":"https:\/\/tiszacsege.hu\/?p=28697#primaryimage"},"thumbnailUrl":"https:\/\/tiszacsege.hu\/wp-content\/uploads\/2017\/11\/onkorm2.png","datePublished":"2025-12-08T07:07:58+00:00","dateModified":"2025-12-08T07:08:00+00:00","breadcrumb":{"@id":"https:\/\/tiszacsege.hu\/?p=28697#breadcrumb"},"inLanguage":"hu","potentialAction":[{"@type":"ReadAction","target":["https:\/\/tiszacsege.hu\/?p=28697"]}]},{"@type":"ImageObject","inLanguage":"hu","@id":"https:\/\/tiszacsege.hu\/?p=28697#primaryimage","url":"https:\/\/tiszacsege.hu\/wp-content\/uploads\/2017\/11\/onkorm2.png","contentUrl":"https:\/\/tiszacsege.hu\/wp-content\/uploads\/2017\/11\/onkorm2.png","width":800,"height":396},{"@type":"BreadcrumbList","@id":"https:\/\/tiszacsege.hu\/?p=28697#breadcrumb","itemListElement":[{"@type":"ListItem","position":1,"name":"Kezd\u0151lap","item":"https:\/\/tiszacsege.hu\/"},{"@type":"ListItem","position":2,"name":"Polg\u00e1rmesteri besz\u00e1mol\u00f3 2025. november h\u00f3napr\u00f3l"}]},{"@type":"WebSite","@id":"https:\/\/tiszacsege.hu\/#website","url":"https:\/\/tiszacsege.hu\/","name":"Tiszacsege","description":"Tiszacsege hivatalos honlapja","publisher":{"@id":"https:\/\/tiszacsege.hu\/#organization"},"potentialAction":[{"@type":"SearchAction","target":{"@type":"EntryPoint","urlTemplate":"https:\/\/tiszacsege.hu\/?s={search_term_string}"},"query-input":{"@type":"PropertyValueSpecification","valueRequired":true,"valueName":"search_term_string"}}],"inLanguage":"hu"},{"@type":"Organization","@id":"https:\/\/tiszacsege.hu\/#organization","name":"Tiszacsege","url":"https:\/\/tiszacsege.hu\/","logo":{"@type":"ImageObject","inLanguage":"hu","@id":"https:\/\/tiszacsege.hu\/#\/schema\/logo\/image\/","url":"https:\/\/tiszacsege.hu\/wp-content\/uploads\/2020\/10\/tiszacsege_logo_rovid2-1.png","contentUrl":"https:\/\/tiszacsege.hu\/wp-content\/uploads\/2020\/10\/tiszacsege_logo_rovid2-1.png","width":500,"height":150,"caption":"Tiszacsege"},"image":{"@id":"https:\/\/tiszacsege.hu\/#\/schema\/logo\/image\/"},"sameAs":["https:\/\/www.facebook.com\/tiszacsegeonkormanyzata"]},{"@type":"Person","@id":"https:\/\/tiszacsege.hu\/#\/schema\/person\/ff2f4e3a9747199f545a2cf351f25334","name":"admin","image":{"@type":"ImageObject","inLanguage":"hu","@id":"https:\/\/secure.gravatar.com\/avatar\/52224ccae048f9be8fd8d745a33eff630818f8bd5c43790479a2754dcef4b69b?s=96&d=mm&r=g","url":"https:\/\/secure.gravatar.com\/avatar\/52224ccae048f9be8fd8d745a33eff630818f8bd5c43790479a2754dcef4b69b?s=96&d=mm&r=g","contentUrl":"https:\/\/secure.gravatar.com\/avatar\/52224ccae048f9be8fd8d745a33eff630818f8bd5c43790479a2754dcef4b69b?s=96&d=mm&r=g","caption":"admin"},"url":"https:\/\/tiszacsege.hu\/?author=1"}]}},"_links":{"self":[{"href":"https:\/\/tiszacsege.hu\/index.php?rest_route=\/wp\/v2\/posts\/28697","targetHints":{"allow":["GET"]}}],"collection":[{"href":"https:\/\/tiszacsege.hu\/index.php?rest_route=\/wp\/v2\/posts"}],"about":[{"href":"https:\/\/tiszacsege.hu\/index.php?rest_route=\/wp\/v2\/types\/post"}],"author":[{"embeddable":true,"href":"https:\/\/tiszacsege.hu\/index.php?rest_route=\/wp\/v2\/users\/1"}],"replies":[{"embeddable":true,"href":"https:\/\/tiszacsege.hu\/index.php?rest_route=%2Fwp%2Fv2%2Fcomments&post=28697"}],"version-history":[{"count":1,"href":"https:\/\/tiszacsege.hu\/index.php?rest_route=\/wp\/v2\/posts\/28697\/revisions"}],"predecessor-version":[{"id":28698,"href":"https:\/\/tiszacsege.hu\/index.php?rest_route=\/wp\/v2\/posts\/28697\/revisions\/28698"}],"wp:featuredmedia":[{"embeddable":true,"href":"https:\/\/tiszacsege.hu\/index.php?rest_route=\/wp\/v2\/media\/11380"}],"wp:attachment":[{"href":"https:\/\/tiszacsege.hu\/index.php?rest_route=%2Fwp%2Fv2%2Fmedia&parent=28697"}],"wp:term":[{"taxonomy":"category","embeddable":true,"href":"https:\/\/tiszacsege.hu\/index.php?rest_route=%2Fwp%2Fv2%2Fcategories&post=28697"},{"taxonomy":"post_tag","embeddable":true,"href":"https:\/\/tiszacsege.hu\/index.php?rest_route=%2Fwp%2Fv2%2Ftags&post=28697"},{"taxonomy":"post_folder","embeddable":true,"href":"https:\/\/tiszacsege.hu\/index.php?rest_route=%2Fwp%2Fv2%2Fpost_folder&post=28697"}],"curies":[{"name":"wp","href":"https:\/\/api.w.org\/{rel}","templated":true}]}}