{"id":29217,"date":"2026-03-13T10:12:43","date_gmt":"2026-03-13T09:12:43","guid":{"rendered":"https:\/\/tiszacsege.hu\/?p=29217"},"modified":"2026-03-13T10:12:45","modified_gmt":"2026-03-13T09:12:45","slug":"orszagos-i-helyezes-a-tesetaltasd-kihivason-tiszacsege-buszkesege","status":"publish","type":"post","link":"https:\/\/tiszacsege.hu\/?p=29217","title":{"rendered":"Orsz\u00e1gos I. helyez\u00e9s a TeS\u00e9t\u00e1ltasd kih\u00edv\u00e1son \u2013 Tiszacsege b\u00fcszkes\u00e9ge"},"content":{"rendered":"\n<p class=\"has-medium-font-size has-text-align-justify wp-block-paragraph\">A Tiszacsegei V\u00e1rosi \u00d3voda \u00e9s B\u00f6lcs\u0151de orsz\u00e1gos I. helyez\u00e9st \u00e9rt el az \u00c1llatv\u00e9delmi T\u00e9mah\u00e9t keret\u00e9ben meghirdetett TeS\u00e9t\u00e1ltasd kih\u00edv\u00e1son.<\/p>\n\n\n\n<div style=\"height:20px\" aria-hidden=\"true\" class=\"wp-block-spacer\"><\/div>\n\n\n\n<p class=\"has-medium-font-size has-text-align-justify wp-block-paragraph\">A 3588 k\u00f6znevel\u00e9si int\u00e9zm\u00e9ny r\u00e9szv\u00e9tel\u00e9vel zajl\u00f3 programsorozat \u00fcnnep\u00e9lyes eredm\u00e9nyhirdet\u00e9s\u00e9re 2026. janu\u00e1r 26-\u00e1n, az Igazs\u00e1g\u00fcgyi Miniszt\u00e9rium \u00e9p\u00fclet\u00e9ben ker\u00fclt sor.<\/p>\n\n\n\n<div style=\"height:20px\" aria-hidden=\"true\" class=\"wp-block-spacer\"><\/div>\n\n\n\n<p class=\"has-medium-font-size has-text-align-justify wp-block-paragraph\">Az els\u0151 helyez\u00e9st igazol\u00f3 oklevelet \u00e9s plakettet az int\u00e9zm\u00e9ny k\u00e9pvisel\u0151je Ov\u00e1di P\u00e9ter, az \u00e1llatv\u00e9delmi cselekv\u00e9si terv kidolgoz\u00e1s\u00e1\u00e9rt \u00e9s v\u00e9grehajt\u00e1s\u00e1\u00e9rt felel\u0151s korm\u00e1nybiztost\u00f3l vehette \u00e1t.<\/p>\n\n\n\n<div style=\"height:20px\" aria-hidden=\"true\" class=\"wp-block-spacer\"><\/div>\n\n\n\n<p class=\"has-medium-font-size has-text-align-justify wp-block-paragraph\">A kiemelked\u0151 eredm\u00e9ny az \u00f3vodapedag\u00f3gusok szakmai elhivatotts\u00e1g\u00e1t \u00e9s kreativit\u00e1s\u00e1t dics\u00e9ri, ugyanakkor a k\u00f6z\u00f6s sikerhez elengedhetetlen volt a sz\u00fcl\u0151k akt\u00edv k\u00f6zrem\u0171k\u00f6d\u00e9se is. Az \u00c1llatv\u00e9delmi T\u00e9mah\u00e9t az orsz\u00e1g egyik legnagyobb szeml\u00e9letform\u00e1l\u00f3 esem\u00e9nye, amelynek c\u00e9lja az \u00e1llatok ir\u00e1nti felel\u0151ss\u00e9g, emp\u00e1tia \u00e9s gondoskod\u00e1s er\u0151s\u00edt\u00e9se m\u00e1r a legfiatalabb koroszt\u00e1lyban.<\/p>\n\n\n\n<div style=\"height:20px\" aria-hidden=\"true\" class=\"wp-block-spacer\"><\/div>\n\n\n\n<p class=\"has-medium-font-size has-text-align-justify wp-block-paragraph\">Az el\u00e9rt orsz\u00e1gos els\u0151 helyez\u00e9s \u00e9kes bizony\u00edt\u00e9ka annak, hogy Tiszacseg\u00e9n az \u00e1llatv\u00e9delem val\u00f3ban k\u00f6z\u00f6s \u00fcgy, \u00e9s a felel\u0151s \u00e1llattart\u00e1s alapjai m\u00e1r kisgyermekkorban is sikeresen \u00e1tadhat\u00f3k. Sz\u00edvb\u0151l gratul\u00e1lunk az int\u00e9zm\u00e9ny minden r\u00e9sztvev\u0151j\u00e9nek!<\/p>\n\n\n\n<div style=\"height:20px\" aria-hidden=\"true\" class=\"wp-block-spacer\"><\/div>\n\n\n\n<figure class=\"wp-block-image size-full\"><img fetchpriority=\"high\" decoding=\"async\" width=\"1241\" height=\"1755\" src=\"https:\/\/tiszacsege.hu\/wp-content\/uploads\/2026\/03\/Oklevel_OVI.png\" alt=\"\" class=\"wp-image-29220\"\/><\/figure>\n\n\n\n<div style=\"height:20px\" aria-hidden=\"true\" class=\"wp-block-spacer\"><\/div>\n\n\n\n<figure class=\"wp-block-image size-full\"><img decoding=\"async\" width=\"1814\" height=\"2419\" src=\"https:\/\/tiszacsege.hu\/wp-content\/uploads\/2026\/03\/IMG_3186-rotated.jpg\" alt=\"\" class=\"wp-image-29221\"\/><\/figure>\n","protected":false},"excerpt":{"rendered":"<p>A Tiszacsegei V\u00e1rosi \u00d3voda \u00e9s B\u00f6lcs\u0151de orsz\u00e1gos I. helyez\u00e9st \u00e9rt el az \u00c1llatv\u00e9delmi T\u00e9mah\u00e9t keret\u00e9ben meghirdetett TeS\u00e9t\u00e1ltasd kih\u00edv\u00e1son. A 3588 k\u00f6znevel\u00e9si int\u00e9zm\u00e9ny r\u00e9szv\u00e9tel\u00e9vel zajl\u00f3 programsorozat \u00fcnnep\u00e9lyes eredm\u00e9nyhirdet\u00e9s\u00e9re 2026. janu\u00e1r 26-\u00e1n, az Igazs\u00e1g\u00fcgyi Miniszt\u00e9rium \u00e9p\u00fclet\u00e9ben ker\u00fclt sor. Az els\u0151 helyez\u00e9st igazol\u00f3 oklevelet \u00e9s plakettet az int\u00e9zm\u00e9ny k\u00e9pvisel\u0151je Ov\u00e1di P\u00e9ter, az \u00e1llatv\u00e9delmi cselekv\u00e9si terv kidolgoz\u00e1s\u00e1\u00e9rt \u00e9s v\u00e9grehajt\u00e1s\u00e1\u00e9rt [&hellip;]<\/p>\n","protected":false},"author":1,"featured_media":29219,"comment_status":"closed","ping_status":"closed","sticky":false,"template":"","format":"standard","meta":{"_editorskit_title_hidden":false,"_editorskit_reading_time":0,"_editorskit_is_block_options_detached":false,"_editorskit_block_options_position":"{}","_crdt_document":"","footnotes":""},"categories":[1],"tags":[],"post_folder":[],"class_list":["post-29217","post","type-post","status-publish","format-standard","has-post-thumbnail","hentry","category-hirek"],"yoast_head":"<!-- This site is optimized with the Yoast SEO plugin v27.5 - https:\/\/yoast.com\/product\/yoast-seo-wordpress\/ -->\n<title>Orsz\u00e1gos I. helyez\u00e9s a TeS\u00e9t\u00e1ltasd kih\u00edv\u00e1son \u2013 Tiszacsege b\u00fcszkes\u00e9ge<\/title>\n<meta name=\"robots\" content=\"index, follow, max-snippet:-1, max-image-preview:large, max-video-preview:-1\" \/>\n<link rel=\"canonical\" href=\"https:\/\/tiszacsege.hu\/?p=29217\" \/>\n<meta property=\"og:locale\" content=\"hu_HU\" \/>\n<meta property=\"og:type\" content=\"article\" \/>\n<meta property=\"og:title\" content=\"Orsz\u00e1gos I. helyez\u00e9s a TeS\u00e9t\u00e1ltasd kih\u00edv\u00e1son \u2013 Tiszacsege b\u00fcszkes\u00e9ge\" \/>\n<meta property=\"og:description\" content=\"A Tiszacsegei V\u00e1rosi \u00d3voda \u00e9s B\u00f6lcs\u0151de orsz\u00e1gos I. helyez\u00e9st \u00e9rt el az \u00c1llatv\u00e9delmi T\u00e9mah\u00e9t keret\u00e9ben meghirdetett TeS\u00e9t\u00e1ltasd kih\u00edv\u00e1son. A 3588 k\u00f6znevel\u00e9si int\u00e9zm\u00e9ny r\u00e9szv\u00e9tel\u00e9vel zajl\u00f3 programsorozat \u00fcnnep\u00e9lyes eredm\u00e9nyhirdet\u00e9s\u00e9re 2026. janu\u00e1r 26-\u00e1n, az Igazs\u00e1g\u00fcgyi Miniszt\u00e9rium \u00e9p\u00fclet\u00e9ben ker\u00fclt sor. Az els\u0151 helyez\u00e9st igazol\u00f3 oklevelet \u00e9s plakettet az int\u00e9zm\u00e9ny k\u00e9pvisel\u0151je Ov\u00e1di P\u00e9ter, az \u00e1llatv\u00e9delmi cselekv\u00e9si terv kidolgoz\u00e1s\u00e1\u00e9rt \u00e9s v\u00e9grehajt\u00e1s\u00e1\u00e9rt [&hellip;]\" \/>\n<meta property=\"og:url\" content=\"https:\/\/tiszacsege.hu\/?p=29217\" \/>\n<meta property=\"og:site_name\" content=\"Tiszacsege\" \/>\n<meta property=\"article:publisher\" content=\"https:\/\/www.facebook.com\/tiszacsegeonkormanyzata\" \/>\n<meta property=\"article:published_time\" content=\"2026-03-13T09:12:43+00:00\" \/>\n<meta property=\"article:modified_time\" content=\"2026-03-13T09:12:45+00:00\" \/>\n<meta property=\"og:image\" content=\"https:\/\/tiszacsege.hu\/wp-content\/uploads\/2026\/03\/tesetaltasd.jpg\" \/>\n\t<meta property=\"og:image:width\" content=\"1671\" \/>\n\t<meta property=\"og:image:height\" content=\"1278\" \/>\n\t<meta property=\"og:image:type\" content=\"image\/jpeg\" \/>\n<meta name=\"author\" content=\"admin\" \/>\n<meta name=\"twitter:card\" content=\"summary_large_image\" \/>\n<script type=\"application\/ld+json\" class=\"yoast-schema-graph\">{\"@context\":\"https:\\\/\\\/schema.org\",\"@graph\":[{\"@type\":\"Article\",\"@id\":\"https:\\\/\\\/tiszacsege.hu\\\/?p=29217#article\",\"isPartOf\":{\"@id\":\"https:\\\/\\\/tiszacsege.hu\\\/?p=29217\"},\"author\":{\"name\":\"admin\",\"@id\":\"https:\\\/\\\/tiszacsege.hu\\\/#\\\/schema\\\/person\\\/ff2f4e3a9747199f545a2cf351f25334\"},\"headline\":\"Orsz\u00e1gos I. helyez\u00e9s a TeS\u00e9t\u00e1ltasd kih\u00edv\u00e1son \u2013 Tiszacsege b\u00fcszkes\u00e9ge\",\"datePublished\":\"2026-03-13T09:12:43+00:00\",\"dateModified\":\"2026-03-13T09:12:45+00:00\",\"mainEntityOfPage\":{\"@id\":\"https:\\\/\\\/tiszacsege.hu\\\/?p=29217\"},\"wordCount\":253,\"publisher\":{\"@id\":\"https:\\\/\\\/tiszacsege.hu\\\/#organization\"},\"image\":{\"@id\":\"https:\\\/\\\/tiszacsege.hu\\\/?p=29217#primaryimage\"},\"thumbnailUrl\":\"https:\\\/\\\/tiszacsege.hu\\\/wp-content\\\/uploads\\\/2026\\\/03\\\/tesetaltasd.jpg\",\"articleSection\":[\"Helyi h\u00edrek, t\u00e1j\u00e9koztat\u00f3k\"],\"inLanguage\":\"hu\"},{\"@type\":\"WebPage\",\"@id\":\"https:\\\/\\\/tiszacsege.hu\\\/?p=29217\",\"url\":\"https:\\\/\\\/tiszacsege.hu\\\/?p=29217\",\"name\":\"Orsz\u00e1gos I. helyez\u00e9s a TeS\u00e9t\u00e1ltasd kih\u00edv\u00e1son \u2013 Tiszacsege b\u00fcszkes\u00e9ge\",\"isPartOf\":{\"@id\":\"https:\\\/\\\/tiszacsege.hu\\\/#website\"},\"primaryImageOfPage\":{\"@id\":\"https:\\\/\\\/tiszacsege.hu\\\/?p=29217#primaryimage\"},\"image\":{\"@id\":\"https:\\\/\\\/tiszacsege.hu\\\/?p=29217#primaryimage\"},\"thumbnailUrl\":\"https:\\\/\\\/tiszacsege.hu\\\/wp-content\\\/uploads\\\/2026\\\/03\\\/tesetaltasd.jpg\",\"datePublished\":\"2026-03-13T09:12:43+00:00\",\"dateModified\":\"2026-03-13T09:12:45+00:00\",\"breadcrumb\":{\"@id\":\"https:\\\/\\\/tiszacsege.hu\\\/?p=29217#breadcrumb\"},\"inLanguage\":\"hu\",\"potentialAction\":[{\"@type\":\"ReadAction\",\"target\":[\"https:\\\/\\\/tiszacsege.hu\\\/?p=29217\"]}]},{\"@type\":\"ImageObject\",\"inLanguage\":\"hu\",\"@id\":\"https:\\\/\\\/tiszacsege.hu\\\/?p=29217#primaryimage\",\"url\":\"https:\\\/\\\/tiszacsege.hu\\\/wp-content\\\/uploads\\\/2026\\\/03\\\/tesetaltasd.jpg\",\"contentUrl\":\"https:\\\/\\\/tiszacsege.hu\\\/wp-content\\\/uploads\\\/2026\\\/03\\\/tesetaltasd.jpg\",\"width\":1671,\"height\":1278},{\"@type\":\"BreadcrumbList\",\"@id\":\"https:\\\/\\\/tiszacsege.hu\\\/?p=29217#breadcrumb\",\"itemListElement\":[{\"@type\":\"ListItem\",\"position\":1,\"name\":\"Kezd\u0151lap\",\"item\":\"https:\\\/\\\/tiszacsege.hu\\\/\"},{\"@type\":\"ListItem\",\"position\":2,\"name\":\"Orsz\u00e1gos I. helyez\u00e9s a TeS\u00e9t\u00e1ltasd kih\u00edv\u00e1son \u2013 Tiszacsege b\u00fcszkes\u00e9ge\"}]},{\"@type\":\"WebSite\",\"@id\":\"https:\\\/\\\/tiszacsege.hu\\\/#website\",\"url\":\"https:\\\/\\\/tiszacsege.hu\\\/\",\"name\":\"Tiszacsege\",\"description\":\"Tiszacsege hivatalos honlapja\",\"publisher\":{\"@id\":\"https:\\\/\\\/tiszacsege.hu\\\/#organization\"},\"potentialAction\":[{\"@type\":\"SearchAction\",\"target\":{\"@type\":\"EntryPoint\",\"urlTemplate\":\"https:\\\/\\\/tiszacsege.hu\\\/?s={search_term_string}\"},\"query-input\":{\"@type\":\"PropertyValueSpecification\",\"valueRequired\":true,\"valueName\":\"search_term_string\"}}],\"inLanguage\":\"hu\"},{\"@type\":\"Organization\",\"@id\":\"https:\\\/\\\/tiszacsege.hu\\\/#organization\",\"name\":\"Tiszacsege\",\"url\":\"https:\\\/\\\/tiszacsege.hu\\\/\",\"logo\":{\"@type\":\"ImageObject\",\"inLanguage\":\"hu\",\"@id\":\"https:\\\/\\\/tiszacsege.hu\\\/#\\\/schema\\\/logo\\\/image\\\/\",\"url\":\"https:\\\/\\\/tiszacsege.hu\\\/wp-content\\\/uploads\\\/2020\\\/10\\\/tiszacsege_logo_rovid2-1.png\",\"contentUrl\":\"https:\\\/\\\/tiszacsege.hu\\\/wp-content\\\/uploads\\\/2020\\\/10\\\/tiszacsege_logo_rovid2-1.png\",\"width\":500,\"height\":150,\"caption\":\"Tiszacsege\"},\"image\":{\"@id\":\"https:\\\/\\\/tiszacsege.hu\\\/#\\\/schema\\\/logo\\\/image\\\/\"},\"sameAs\":[\"https:\\\/\\\/www.facebook.com\\\/tiszacsegeonkormanyzata\"]},{\"@type\":\"Person\",\"@id\":\"https:\\\/\\\/tiszacsege.hu\\\/#\\\/schema\\\/person\\\/ff2f4e3a9747199f545a2cf351f25334\",\"name\":\"admin\",\"image\":{\"@type\":\"ImageObject\",\"inLanguage\":\"hu\",\"@id\":\"https:\\\/\\\/secure.gravatar.com\\\/avatar\\\/52224ccae048f9be8fd8d745a33eff630818f8bd5c43790479a2754dcef4b69b?s=96&d=mm&r=g\",\"url\":\"https:\\\/\\\/secure.gravatar.com\\\/avatar\\\/52224ccae048f9be8fd8d745a33eff630818f8bd5c43790479a2754dcef4b69b?s=96&d=mm&r=g\",\"contentUrl\":\"https:\\\/\\\/secure.gravatar.com\\\/avatar\\\/52224ccae048f9be8fd8d745a33eff630818f8bd5c43790479a2754dcef4b69b?s=96&d=mm&r=g\",\"caption\":\"admin\"},\"url\":\"https:\\\/\\\/tiszacsege.hu\\\/?author=1\"}]}<\/script>\n<!-- \/ Yoast SEO plugin. -->","yoast_head_json":{"title":"Orsz\u00e1gos I. helyez\u00e9s a TeS\u00e9t\u00e1ltasd kih\u00edv\u00e1son \u2013 Tiszacsege b\u00fcszkes\u00e9ge","robots":{"index":"index","follow":"follow","max-snippet":"max-snippet:-1","max-image-preview":"max-image-preview:large","max-video-preview":"max-video-preview:-1"},"canonical":"https:\/\/tiszacsege.hu\/?p=29217","og_locale":"hu_HU","og_type":"article","og_title":"Orsz\u00e1gos I. helyez\u00e9s a TeS\u00e9t\u00e1ltasd kih\u00edv\u00e1son \u2013 Tiszacsege b\u00fcszkes\u00e9ge","og_description":"A Tiszacsegei V\u00e1rosi \u00d3voda \u00e9s B\u00f6lcs\u0151de orsz\u00e1gos I. helyez\u00e9st \u00e9rt el az \u00c1llatv\u00e9delmi T\u00e9mah\u00e9t keret\u00e9ben meghirdetett TeS\u00e9t\u00e1ltasd kih\u00edv\u00e1son. A 3588 k\u00f6znevel\u00e9si int\u00e9zm\u00e9ny r\u00e9szv\u00e9tel\u00e9vel zajl\u00f3 programsorozat \u00fcnnep\u00e9lyes eredm\u00e9nyhirdet\u00e9s\u00e9re 2026. janu\u00e1r 26-\u00e1n, az Igazs\u00e1g\u00fcgyi Miniszt\u00e9rium \u00e9p\u00fclet\u00e9ben ker\u00fclt sor. Az els\u0151 helyez\u00e9st igazol\u00f3 oklevelet \u00e9s plakettet az int\u00e9zm\u00e9ny k\u00e9pvisel\u0151je Ov\u00e1di P\u00e9ter, az \u00e1llatv\u00e9delmi cselekv\u00e9si terv kidolgoz\u00e1s\u00e1\u00e9rt \u00e9s v\u00e9grehajt\u00e1s\u00e1\u00e9rt [&hellip;]","og_url":"https:\/\/tiszacsege.hu\/?p=29217","og_site_name":"Tiszacsege","article_publisher":"https:\/\/www.facebook.com\/tiszacsegeonkormanyzata","article_published_time":"2026-03-13T09:12:43+00:00","article_modified_time":"2026-03-13T09:12:45+00:00","og_image":[{"width":1671,"height":1278,"url":"https:\/\/tiszacsege.hu\/wp-content\/uploads\/2026\/03\/tesetaltasd.jpg","type":"image\/jpeg"}],"author":"admin","twitter_card":"summary_large_image","schema":{"@context":"https:\/\/schema.org","@graph":[{"@type":"Article","@id":"https:\/\/tiszacsege.hu\/?p=29217#article","isPartOf":{"@id":"https:\/\/tiszacsege.hu\/?p=29217"},"author":{"name":"admin","@id":"https:\/\/tiszacsege.hu\/#\/schema\/person\/ff2f4e3a9747199f545a2cf351f25334"},"headline":"Orsz\u00e1gos I. helyez\u00e9s a TeS\u00e9t\u00e1ltasd kih\u00edv\u00e1son \u2013 Tiszacsege b\u00fcszkes\u00e9ge","datePublished":"2026-03-13T09:12:43+00:00","dateModified":"2026-03-13T09:12:45+00:00","mainEntityOfPage":{"@id":"https:\/\/tiszacsege.hu\/?p=29217"},"wordCount":253,"publisher":{"@id":"https:\/\/tiszacsege.hu\/#organization"},"image":{"@id":"https:\/\/tiszacsege.hu\/?p=29217#primaryimage"},"thumbnailUrl":"https:\/\/tiszacsege.hu\/wp-content\/uploads\/2026\/03\/tesetaltasd.jpg","articleSection":["Helyi h\u00edrek, t\u00e1j\u00e9koztat\u00f3k"],"inLanguage":"hu"},{"@type":"WebPage","@id":"https:\/\/tiszacsege.hu\/?p=29217","url":"https:\/\/tiszacsege.hu\/?p=29217","name":"Orsz\u00e1gos I. helyez\u00e9s a TeS\u00e9t\u00e1ltasd kih\u00edv\u00e1son \u2013 Tiszacsege b\u00fcszkes\u00e9ge","isPartOf":{"@id":"https:\/\/tiszacsege.hu\/#website"},"primaryImageOfPage":{"@id":"https:\/\/tiszacsege.hu\/?p=29217#primaryimage"},"image":{"@id":"https:\/\/tiszacsege.hu\/?p=29217#primaryimage"},"thumbnailUrl":"https:\/\/tiszacsege.hu\/wp-content\/uploads\/2026\/03\/tesetaltasd.jpg","datePublished":"2026-03-13T09:12:43+00:00","dateModified":"2026-03-13T09:12:45+00:00","breadcrumb":{"@id":"https:\/\/tiszacsege.hu\/?p=29217#breadcrumb"},"inLanguage":"hu","potentialAction":[{"@type":"ReadAction","target":["https:\/\/tiszacsege.hu\/?p=29217"]}]},{"@type":"ImageObject","inLanguage":"hu","@id":"https:\/\/tiszacsege.hu\/?p=29217#primaryimage","url":"https:\/\/tiszacsege.hu\/wp-content\/uploads\/2026\/03\/tesetaltasd.jpg","contentUrl":"https:\/\/tiszacsege.hu\/wp-content\/uploads\/2026\/03\/tesetaltasd.jpg","width":1671,"height":1278},{"@type":"BreadcrumbList","@id":"https:\/\/tiszacsege.hu\/?p=29217#breadcrumb","itemListElement":[{"@type":"ListItem","position":1,"name":"Kezd\u0151lap","item":"https:\/\/tiszacsege.hu\/"},{"@type":"ListItem","position":2,"name":"Orsz\u00e1gos I. helyez\u00e9s a TeS\u00e9t\u00e1ltasd kih\u00edv\u00e1son \u2013 Tiszacsege b\u00fcszkes\u00e9ge"}]},{"@type":"WebSite","@id":"https:\/\/tiszacsege.hu\/#website","url":"https:\/\/tiszacsege.hu\/","name":"Tiszacsege","description":"Tiszacsege hivatalos honlapja","publisher":{"@id":"https:\/\/tiszacsege.hu\/#organization"},"potentialAction":[{"@type":"SearchAction","target":{"@type":"EntryPoint","urlTemplate":"https:\/\/tiszacsege.hu\/?s={search_term_string}"},"query-input":{"@type":"PropertyValueSpecification","valueRequired":true,"valueName":"search_term_string"}}],"inLanguage":"hu"},{"@type":"Organization","@id":"https:\/\/tiszacsege.hu\/#organization","name":"Tiszacsege","url":"https:\/\/tiszacsege.hu\/","logo":{"@type":"ImageObject","inLanguage":"hu","@id":"https:\/\/tiszacsege.hu\/#\/schema\/logo\/image\/","url":"https:\/\/tiszacsege.hu\/wp-content\/uploads\/2020\/10\/tiszacsege_logo_rovid2-1.png","contentUrl":"https:\/\/tiszacsege.hu\/wp-content\/uploads\/2020\/10\/tiszacsege_logo_rovid2-1.png","width":500,"height":150,"caption":"Tiszacsege"},"image":{"@id":"https:\/\/tiszacsege.hu\/#\/schema\/logo\/image\/"},"sameAs":["https:\/\/www.facebook.com\/tiszacsegeonkormanyzata"]},{"@type":"Person","@id":"https:\/\/tiszacsege.hu\/#\/schema\/person\/ff2f4e3a9747199f545a2cf351f25334","name":"admin","image":{"@type":"ImageObject","inLanguage":"hu","@id":"https:\/\/secure.gravatar.com\/avatar\/52224ccae048f9be8fd8d745a33eff630818f8bd5c43790479a2754dcef4b69b?s=96&d=mm&r=g","url":"https:\/\/secure.gravatar.com\/avatar\/52224ccae048f9be8fd8d745a33eff630818f8bd5c43790479a2754dcef4b69b?s=96&d=mm&r=g","contentUrl":"https:\/\/secure.gravatar.com\/avatar\/52224ccae048f9be8fd8d745a33eff630818f8bd5c43790479a2754dcef4b69b?s=96&d=mm&r=g","caption":"admin"},"url":"https:\/\/tiszacsege.hu\/?author=1"}]}},"_links":{"self":[{"href":"https:\/\/tiszacsege.hu\/index.php?rest_route=\/wp\/v2\/posts\/29217","targetHints":{"allow":["GET"]}}],"collection":[{"href":"https:\/\/tiszacsege.hu\/index.php?rest_route=\/wp\/v2\/posts"}],"about":[{"href":"https:\/\/tiszacsege.hu\/index.php?rest_route=\/wp\/v2\/types\/post"}],"author":[{"embeddable":true,"href":"https:\/\/tiszacsege.hu\/index.php?rest_route=\/wp\/v2\/users\/1"}],"replies":[{"embeddable":true,"href":"https:\/\/tiszacsege.hu\/index.php?rest_route=%2Fwp%2Fv2%2Fcomments&post=29217"}],"version-history":[{"count":1,"href":"https:\/\/tiszacsege.hu\/index.php?rest_route=\/wp\/v2\/posts\/29217\/revisions"}],"predecessor-version":[{"id":29222,"href":"https:\/\/tiszacsege.hu\/index.php?rest_route=\/wp\/v2\/posts\/29217\/revisions\/29222"}],"wp:featuredmedia":[{"embeddable":true,"href":"https:\/\/tiszacsege.hu\/index.php?rest_route=\/wp\/v2\/media\/29219"}],"wp:attachment":[{"href":"https:\/\/tiszacsege.hu\/index.php?rest_route=%2Fwp%2Fv2%2Fmedia&parent=29217"}],"wp:term":[{"taxonomy":"category","embeddable":true,"href":"https:\/\/tiszacsege.hu\/index.php?rest_route=%2Fwp%2Fv2%2Fcategories&post=29217"},{"taxonomy":"post_tag","embeddable":true,"href":"https:\/\/tiszacsege.hu\/index.php?rest_route=%2Fwp%2Fv2%2Ftags&post=29217"},{"taxonomy":"post_folder","embeddable":true,"href":"https:\/\/tiszacsege.hu\/index.php?rest_route=%2Fwp%2Fv2%2Fpost_folder&post=29217"}],"curies":[{"name":"wp","href":"https:\/\/api.w.org\/{rel}","templated":true}]}}