{"id":30229,"date":"2026-08-31T20:05:40","date_gmt":"2026-08-31T18:05:40","guid":{"rendered":"https:\/\/tiszacsege.hu\/?p=30229"},"modified":"2026-08-31T20:05:42","modified_gmt":"2026-08-31T18:05:42","slug":"onkormanyzati-hirek","status":"publish","type":"post","link":"https:\/\/tiszacsege.hu\/?p=30229","title":{"rendered":"\u00d6nkorm\u00e1nyzati h\u00edrek"},"content":{"rendered":"\n<p class=\"has-medium-font-size has-text-align-justify wp-block-paragraph\">Tisztelt tiszacsegei Lakosok!<\/p>\n\n\n\n<div style=\"height:20px\" aria-hidden=\"true\" class=\"wp-block-spacer\"><\/div>\n\n\n\n<p class=\"has-medium-font-size has-text-align-justify wp-block-paragraph\">Pet\u0151fi S\u00e1ndort id\u00e9zet\u00e9vel: \u201eItt van az \u0151sz, itt van \u00fajra\u201d: kezdhetn\u00e9m a h\u00edrad\u00e1st, de ne szaladjunk el\u0151re, hiszen az elm\u00falt h\u00f3nap esem\u00e9nyeir\u0151l, t\u00f6rt\u00e9n\u00e9seir\u0151l sz\u00e1molok be r\u00f6viden az al\u00e1bbiakban.<\/p>\n\n\n\n<div style=\"height:20px\" aria-hidden=\"true\" class=\"wp-block-spacer\"><\/div>\n\n\n\n<p class=\"has-medium-font-size has-text-align-justify wp-block-paragraph\">Augusztus t\u00f6bb szempontb\u00f3l is k\u00fcl\u00f6nleges h\u00f3nap, \u00e9s t\u00f6bbnyire ekkor van a legnagyobb h\u0151s\u00e9g, \u00e9s azt most\u00a0 el is mondhatjuk.<\/p>\n\n\n\n<div style=\"height:20px\" aria-hidden=\"true\" class=\"wp-block-spacer\"><\/div>\n\n\n\n<p class=\"has-medium-font-size has-text-align-justify wp-block-paragraph\">Els\u0151 h\u00e9tv\u00e9g\u00e9je imm\u00e1r t\u00f6bb mint harmincadik alkalommal a v\u00e1ros napj\u00e1nak, a <strong>Csegei R\u00e9vnapnak<\/strong> az id\u0151pontja. Lapunkban b\u0151vebb t\u00e1j\u00e9koztat\u00e1st is olvashatnak a kedves \u00e9rdekl\u0151d\u0151k, de b\u00edzom benne, hogy szem\u00e9lyes tapasztalataik is vannak e rendezv\u00e9ny\u00fcnkr\u0151l, melyeket megoszthatnak \u00f6nkorm\u00e1nyzatunkkal a tiszacsege.hu honlapon tal\u00e1lhat\u00f3 k\u00e9rd\u0151\u00edv seg\u00edts\u00e9g\u00e9vel. Erre\u00a0 az\u00e9rt is biztatom a lakoss\u00e1got, mert els\u0151sorban sz\u00e1mukra rendezz\u00fck ezt a kiemelt esem\u00e9nyt, \u00e9s szeretn\u00e9nk min\u00e9l sz\u00e9lesebb k\u00f6rben kiszolg\u00e1lni a r\u00e9sztvev\u0151k ig\u00e9nyeit a visszajelz\u00e9seik alapj\u00e1n.<\/p>\n\n\n\n<div style=\"height:20px\" aria-hidden=\"true\" class=\"wp-block-spacer\"><\/div>\n\n\n\n<p class=\"has-medium-font-size has-text-align-justify wp-block-paragraph\">Ez\u00faton is fogadj\u00e1k k\u00f6sz\u00f6netemet a szervez\u0151k, t\u00e1mogat\u00f3k, fell\u00e9p\u0151k \u00e9s mindenki, aki munk\u00e1j\u00e1val, idej\u00e9vel, anyagi t\u00e1mogat\u00e1s\u00e1val hozz\u00e1j\u00e1rult a Csegei R\u00e9vnap siker\u00e9hez!<\/p>\n\n\n\n<div style=\"height:20px\" aria-hidden=\"true\" class=\"wp-block-spacer\"><\/div>\n\n\n\n<p class=\"has-medium-font-size has-text-align-justify wp-block-paragraph\">Gratul\u00e1lok itt is a v\u00e1rosi elismer\u00e9sben r\u00e9szes\u00fclt, a k\u00f6z\u00f6ss\u00e9g\u00fcnk\u00e9rt kiemelked\u0151 munk\u00e1t v\u00e9gz\u0151 lakosainknak \u00e9s a k\u00fcl\u00f6nb\u00f6z\u0151 versenyeken sz\u00e9p eredm\u00e9nyeket el\u00e9rt csapatoknak, versenyz\u0151knek!<\/p>\n\n\n\n<div style=\"height:20px\" aria-hidden=\"true\" class=\"wp-block-spacer\"><\/div>\n\n\n\n<p class=\"has-medium-font-size has-text-align-justify wp-block-paragraph\">Augusztus b\u00e1r m\u00e9g a gyerekeknek sz\u00fcnid\u0151, de m\u00e1r k\u00e9sz\u00fclni kell az \u00f3vod\u00e1ra, iskol\u00e1ra. Mint minden \u00e9vben, az id\u00e9n is\u00a0 k\u00f6nny\u00edteni igyeksz\u00fcnk a sz\u00fcl\u0151k anyagi terhein\u00a0 az\u00a0 az \u00f3voda- illetve iskolakezd\u0151 t\u00e1mogat\u00e1sainkkal, melynek ig\u00e9nyl\u00e9s\u00e9r\u0151l a v\u00e1ros honlapj\u00e1n, illetve szem\u00e9lyesen a polg\u00e1rmesteri hivatalban tudnak t\u00e1j\u00e9koz\u00f3dni.<\/p>\n\n\n\n<div style=\"height:20px\" aria-hidden=\"true\" class=\"wp-block-spacer\"><\/div>\n\n\n\n<p class=\"has-medium-font-size has-text-align-justify wp-block-paragraph\"><strong>V\u00e1rosunk \u00d6nkorm\u00e1nyzata 2025-ben p\u00e1ly\u00e1zott \u00e9s nyert az Orsz\u00e1gos Bringapark Program keret\u00e9ben.<\/strong> Egy \u00faj, multifunkcion\u00e1lis ker\u00e9kp\u00e1ros pumpap\u00e1lya (bringapark) megval\u00f3s\u00edt\u00e1s\u00e1ra ker\u00fcl sor a v\u00e1rosban. A 35 531 768 Ft t\u00e1mogat\u00e1shoz k\u00f6zel 9 000 000 Ft \u00f6nkorm\u00e1nyzati \u00f6ner\u0151 volt sz\u00fcks\u00e9ges. A kivitelez\u0151 a Northern Lines Kft.<\/p>\n\n\n\n<div style=\"height:20px\" aria-hidden=\"true\" class=\"wp-block-spacer\"><\/div>\n\n\n\n<p class=\"has-medium-font-size has-text-align-justify wp-block-paragraph\">Mivel a ker\u00e9kp\u00e1rsport egyre nagyobb n\u00e9pszer\u0171s\u00e9gnek \u00f6rvend, ez\u00e9rt fontosnak tartjuk, hogy a gyerekek biztons\u00e1gosan ki\u00e9p\u00edtett k\u00f6r\u00fclm\u00e9nyek k\u00f6z\u00f6tt saj\u00e1t\u00edts\u00e1k el a sport alapjait. Koordin\u00e1ci\u00f3, kond\u00edci\u00f3, koncentr\u00e1ci\u00f3k\u00e9pess\u00e9g mellett k\u00f6z\u00f6ss\u00e9gform\u00e1l\u00f3 hat\u00e1ssal is b\u00edr, ugyanis \u00f6sszegy\u0171jti az azonos mozg\u00e1skult\u00fara szerelmeseit, legyenek ak\u00e1r gyerekek vagy feln\u0151ttek, \u00e9s ne felejts\u00fck el azt sem, hogy a profi sportol\u00f3knak kiv\u00e1l\u00f3 edz\u00e9si lehet\u0151s\u00e9gk\u00e9nt is tud szolg\u00e1lni.<\/p>\n\n\n\n<div style=\"height:20px\" aria-hidden=\"true\" class=\"wp-block-spacer\"><\/div>\n\n\n\n<p class=\"has-medium-font-size has-text-align-justify wp-block-paragraph\">Maga a pumpap\u00e1lya egy olyan z\u00e1rt k\u00f6rp\u00e1lya, amit \u00fagy terveznek, hogy ped\u00e1loz\u00e1s helyett a tests\u00falyunk \u201epump\u00e1l\u00e1s\u00e1val\u201d haladhatunk rajta el\u0151re. A p\u00e1ly\u00e1t hull\u00e1mok, dombok \u00e9s d\u00f6nt\u00f6tt kanyarok jellemzik. Els\u0151sorban ker\u00e9kp\u00e1ros haszn\u00e1latra \u00e9p\u00fclnek, \u00e1m el\u0151szeretettel haszn\u00e1lj\u00e1k g\u00f6rdeszk\u00e1val, g\u00f6rkorcsoly\u00e1val, illetve rollerrel is.<\/p>\n\n\n\n<div style=\"height:20px\" aria-hidden=\"true\" class=\"wp-block-spacer\"><\/div>\n\n\n\n<p class=\"has-medium-font-size has-text-align-justify wp-block-paragraph\">A l\u00e9tes\u00edtm\u00e9ny a Bocskai utc\u00e1n \u00e9p\u00fcl, ez\u00e9rt a szomsz\u00e9dos j\u00e1tsz\u00f3t\u00e9ren k\u00e9rj\u00fck a kedves sz\u00fcl\u0151ket fokozottan \u00fcgyeljenek a gyermekekre, az elker\u00edtett munkater\u00fcletre ne l\u00e9pjenek be!<\/p>\n\n\n\n<div style=\"height:20px\" aria-hidden=\"true\" class=\"wp-block-spacer\"><\/div>\n\n\n\n<p class=\"has-medium-font-size has-text-align-justify wp-block-paragraph\">A terv szerint egy h\u00f3nap m\u00falva m\u00e1r birtokba vehet\u0151 a p\u00e1lya, addig is k\u00f6sz\u00f6nj\u00fck a t\u00fcrelm\u00fcket!<\/p>\n\n\n\n<div style=\"height:20px\" aria-hidden=\"true\" class=\"wp-block-spacer\"><\/div>\n\n\n\n<p class=\"has-medium-font-size has-text-align-justify wp-block-paragraph\"><strong>Szem\u00e9lyi v\u00e1ltoz\u00e1sok t\u00f6rt\u00e9nnek v\u00e1rosunk orvosi ell\u00e1t\u00e1s\u00e1ban \u00e9s az \u00f3vod\u00e1nkban.<\/strong><\/p>\n\n\n\n<div style=\"height:20px\" aria-hidden=\"true\" class=\"wp-block-spacer\"><\/div>\n\n\n\n<p class=\"has-medium-font-size has-text-align-justify wp-block-paragraph\">A <strong>Tiszacsege 1. sz\u00e1m\u00fa h\u00e1ziorvosi k\u00f6rzetben<\/strong> 2026. szeptember 1. napj\u00e1t\u00f3l a h\u00e1ziorvosi feladatokat \u2013 tart\u00f3s helyettes\u00edt\u0151 orvosk\u00e9nt \u2013 Dr. B\u00e9k\u00e9si Zolt\u00e1n Imre l\u00e1tja el, az al\u00e1bbi rendel\u00e9si id\u0151ben:<\/p>\n\n\n\n<div style=\"height:20px\" aria-hidden=\"true\" class=\"wp-block-spacer\"><\/div>\n\n\n\n<ul class=\"wp-block-list\">\n<li class=\"has-medium-font-size\">p\u00e1ros h\u00e9ten:\u00a0\u00a0\u00a0\u00a0 h\u00e9tf\u0151t\u0151l \u2013 p\u00e9ntekig 13:15 \u00e9s 15:15 k\u00f6z\u00f6tt,<\/li>\n\n\n\n<li class=\"has-medium-font-size\">p\u00e1ratlan h\u00e9ten: h\u00e9tf\u0151t\u0151l \u2013 p\u00e9ntekig 08:15 \u00e9s 10:15 k\u00f6z\u00f6tt.<\/li>\n<\/ul>\n\n\n\n<div style=\"height:20px\" aria-hidden=\"true\" class=\"wp-block-spacer\"><\/div>\n\n\n\n<p class=\"has-medium-font-size has-text-align-justify wp-block-paragraph\">A h\u00e1ziorvosi k\u00f6rzethez tartoz\u00f3 telefonsz\u00e1m, amely 2026. szeptember 1. napj\u00e1t\u00f3l munkanapokon 08:00 \u00e9s 16:00 \u00f3ra k\u00f6z\u00f6tt h\u00edvhat\u00f3: <strong>06- 30\/638-7960.<\/strong><\/p>\n\n\n\n<div style=\"height:20px\" aria-hidden=\"true\" class=\"wp-block-spacer\"><\/div>\n\n\n\n<p class=\"has-medium-font-size has-text-align-justify wp-block-paragraph\">A Tiszacsegei V\u00e1rosi \u00d3voda \u00e9s B\u00f6lcs\u0151de vezet\u0151je, <strong>Hajd\u00fan\u00e9 Holl\u00f3 Katalin<\/strong> f\u0151igazgat\u00f3 asszony szeptember elsej\u00e9t\u0151l az oktat\u00e1si miniszt\u00e9rium felk\u00e9r\u00e9s\u00e9nek eleget t\u00e9ve, mint miniszt\u00e9riumi f\u0151oszt\u00e1lyvezet\u0151 folytatja magas sz\u00ednvonal\u00fa szakmai munk\u00e1j\u00e1t. Gratul\u00e1lok ez\u00faton is ehhez a sz\u00e9p, b\u00e1r neh\u00e9z feladathoz \u00e9s egy\u00fattal sajn\u00e1latomat fejezem ki, hiszen egy minden tekintetben kimagasl\u00f3 szakmai vezet\u0151t vesz\u00edtett el int\u00e9zm\u00e9ny\u00fcnk. K\u00edv\u00e1nok sok sikert \u00e9s j\u00f3 eg\u00e9szs\u00e9get!<\/p>\n\n\n\n<div style=\"height:20px\" aria-hidden=\"true\" class=\"wp-block-spacer\"><\/div>\n\n\n\n<p class=\"has-medium-font-size has-text-align-justify wp-block-paragraph\"><strong>P\u00e1ly\u00e1zataink:<\/strong><\/p>\n\n\n\n<div style=\"height:20px\" aria-hidden=\"true\" class=\"wp-block-spacer\"><\/div>\n\n\n\n<p class=\"has-medium-font-size has-text-align-justify wp-block-paragraph\">A <strong>piacn\u00e1l<\/strong> folyamatban van a haszn\u00e1latbav\u00e9teli enged\u00e9ly kiad\u00e1s\u00e1ra ir\u00e1nyul\u00f3 elj\u00e1r\u00e1s.<\/p>\n\n\n\n<div style=\"height:20px\" aria-hidden=\"true\" class=\"wp-block-spacer\"><\/div>\n\n\n\n<p class=\"has-medium-font-size has-text-align-justify wp-block-paragraph\"><span style=\"text-decoration: underline;\">Versenyk\u00e9pes J\u00e1r\u00e1sok Program I.<\/span><\/p>\n\n\n\n<div style=\"height:20px\" aria-hidden=\"true\" class=\"wp-block-spacer\"><\/div>\n\n\n\n<p class=\"has-medium-font-size has-text-align-justify wp-block-paragraph\"><strong>A T\u00e9rfigyel\u0151 kamera-rendszer:<\/strong> az \u00e1ramszolg\u00e1ltat\u00f3 enged\u00e9ly\u00e9re v\u00e1r a kivitelez\u0151 c\u00e9g a telep\u00edt\u00e9s megkezd\u00e9s\u00e9hez.<\/p>\n\n\n\n<div style=\"height:20px\" aria-hidden=\"true\" class=\"wp-block-spacer\"><\/div>\n\n\n\n<p class=\"has-medium-font-size has-text-align-justify wp-block-paragraph\"><strong>A F\u0151 utca 69-71. sz\u00e1m alatti \u00f6nkorm\u00e1nyzati tulajdon\u00fa \u00e9p\u00fclet bels\u0151 \u00e1talak\u00edt\u00e1sa:<\/strong> Kivitelez\u0151t keres\u00fcnk, elkezd\u0151d\u00f6tt a a k\u00f6zbeszerz\u00e9si elj\u00e1r\u00e1s m\u00e1sodik k\u00f6rben.<\/p>\n\n\n\n<div style=\"height:20px\" aria-hidden=\"true\" class=\"wp-block-spacer\"><\/div>\n\n\n\n<p class=\"has-medium-font-size has-text-align-justify wp-block-paragraph\"><span style=\"text-decoration: underline;\">Versenyk\u00e9pes J\u00e1r\u00e1sok Program II.<\/span><\/p>\n\n\n\n<div style=\"height:20px\" aria-hidden=\"true\" class=\"wp-block-spacer\"><\/div>\n\n\n\n<p class=\"has-medium-font-size has-text-align-justify wp-block-paragraph\"><strong>A Bocskai utc\u00e1n l\u00e9v\u0151 ker\u00e9kp\u00e1r\u00fat fel\u00faj\u00edt\u00e1sa:<\/strong> M\u00e9g mindig a tervek j\u00f3v\u00e1hagy\u00e1s\u00e1ra v\u00e1runk a Magyar K\u00f6z\u00fat r\u00e9sz\u00e9r\u0151l, azt k\u00f6vet\u0151en megh\u00edv\u00e1sos k\u00f6zbeszerz\u00e9si elj\u00e1r\u00e1s keret\u00e9ben t\u00f6rt\u00e9nik a kivitelez\u0151 kiv\u00e1laszt\u00e1sa.<\/p>\n\n\n\n<div style=\"height:20px\" aria-hidden=\"true\" class=\"wp-block-spacer\"><\/div>\n\n\n\n<p class=\"has-medium-font-size has-text-align-justify wp-block-paragraph\"><strong>\u00c9lhet\u0151 telep\u00fcl\u00e9sek p\u00e1ly\u00e1zat:<\/strong> A k\u00f6zbeszerz\u00e9si elj\u00e1r\u00e1s sikeresen lez\u00e1rult, a nyertes aj\u00e1nlattev\u0151vel a szerz\u0151d\u00e9sk\u00f6t\u00e9sre v\u00e1runk.<\/p>\n\n\n\n<div style=\"height:20px\" aria-hidden=\"true\" class=\"wp-block-spacer\"><\/div>\n\n\n\n<p class=\"has-medium-font-size has-text-align-justify wp-block-paragraph\"><strong>Zsell\u00e9rh\u00e1z p\u00e1ly\u00e1zat:<\/strong> A kivitelez\u0151nek \u00e1tadtuk a munkater\u00fcletet, a napokban megkezdi a fel\u00faj\u00edt\u00e1si munk\u00e1latokat.<\/p>\n\n\n\n<div style=\"height:20px\" aria-hidden=\"true\" class=\"wp-block-spacer\"><\/div>\n\n\n\n<p class=\"has-medium-font-size has-text-align-justify wp-block-paragraph\">A <strong>Magyar Falu Program keret\u00e9ben beny\u00fajtott k\u00e9t p\u00e1ly\u00e1zatunk (Bethlen utca fel\u00faj\u00edt\u00e1sa, J\u00e1tsz\u00f3t\u00e9r utcai j\u00e1tsz\u00f3t\u00e9r kialak\u00edt\u00e1sa)<\/strong> megfelelt a p\u00e1ly\u00e1zati ki\u00edr\u00e1sban meghat\u00e1rozott tartalmi \u00e9rt\u00e9kel\u00e9si szempontoknak, azonban a rendelkez\u00e9sre \u00e1ll\u00f3 forr\u00e1s kimer\u00fclt, ez\u00e9rt p\u00e1ly\u00e1zataink tartal\u00e9klist\u00e1ra ker\u00fcltek. B\u00edzom benne, hogy a k\u00e9s\u0151bbiek sor\u00e1n rendelnek hozz\u00e1 forr\u00e1st.<\/p>\n\n\n\n<div style=\"height:20px\" aria-hidden=\"true\" class=\"wp-block-spacer\"><\/div>\n\n\n\n<p class=\"has-medium-font-size has-text-align-justify wp-block-paragraph\">K\u00e9sz\u00fcl\u00fcnk a <strong>\u201eHagyom\u00e1ny\u0151rz\u0151 N\u00e9pzenei \u00e9s N\u00e9pt\u00e1nc tal\u00e1lkoz\u00f3, \u0150szk\u00f6sz\u00f6nt\u0151\u201d<\/strong> programunkra, valamint az id\u0151sek napj\u00e1ra, melyre szeretettel v\u00e1runk minden kedves \u00e9rdekl\u0151d\u0151t!<\/p>\n\n\n\n<div style=\"height:20px\" aria-hidden=\"true\" class=\"wp-block-spacer\"><\/div>\n\n\n\n<p class=\"has-medium-font-size has-text-align-justify wp-block-paragraph\">Szeli Zolt\u00e1n, polg\u00e1rmester<\/p>\n","protected":false},"excerpt":{"rendered":"<p>Tisztelt tiszacsegei Lakosok! Pet\u0151fi S\u00e1ndort id\u00e9zet\u00e9vel: \u201eItt van az \u0151sz, itt van \u00fajra\u201d: kezdhetn\u00e9m a h\u00edrad\u00e1st, de ne szaladjunk el\u0151re, hiszen az elm\u00falt h\u00f3nap esem\u00e9nyeir\u0151l, t\u00f6rt\u00e9n\u00e9seir\u0151l sz\u00e1molok be r\u00f6viden az al\u00e1bbiakban. Augusztus t\u00f6bb szempontb\u00f3l is k\u00fcl\u00f6nleges h\u00f3nap, \u00e9s t\u00f6bbnyire ekkor van a legnagyobb h\u0151s\u00e9g, \u00e9s azt most\u00a0 el is mondhatjuk. Els\u0151 h\u00e9tv\u00e9g\u00e9je imm\u00e1r t\u00f6bb mint [&hellip;]<\/p>\n","protected":false},"author":1,"featured_media":11380,"comment_status":"closed","ping_status":"closed","sticky":false,"template":"","format":"standard","meta":{"_editorskit_title_hidden":false,"_editorskit_reading_time":0,"_editorskit_is_block_options_detached":false,"_editorskit_block_options_position":"{}","footnotes":""},"categories":[173],"tags":[],"post_folder":[],"class_list":["post-30229","post","type-post","status-publish","format-standard","has-post-thumbnail","hentry","category-onkormanyzat"],"yoast_head":"<!-- This site is optimized with the Yoast SEO plugin v28.2 - https:\/\/yoast.com\/product\/yoast-seo-wordpress\/ -->\n<title>\u00d6nkorm\u00e1nyzati h\u00edrek<\/title>\n<meta name=\"robots\" content=\"index, follow, max-snippet:-1, max-image-preview:large, max-video-preview:-1\" \/>\n<link rel=\"canonical\" href=\"https:\/\/tiszacsege.hu\/?p=30229\" \/>\n<meta property=\"og:locale\" content=\"hu_HU\" \/>\n<meta property=\"og:type\" content=\"article\" \/>\n<meta property=\"og:title\" content=\"\u00d6nkorm\u00e1nyzati h\u00edrek\" \/>\n<meta property=\"og:description\" content=\"Tisztelt tiszacsegei Lakosok! Pet\u0151fi S\u00e1ndort id\u00e9zet\u00e9vel: \u201eItt van az \u0151sz, itt van \u00fajra\u201d: kezdhetn\u00e9m a h\u00edrad\u00e1st, de ne szaladjunk el\u0151re, hiszen az elm\u00falt h\u00f3nap esem\u00e9nyeir\u0151l, t\u00f6rt\u00e9n\u00e9seir\u0151l sz\u00e1molok be r\u00f6viden az al\u00e1bbiakban. Augusztus t\u00f6bb szempontb\u00f3l is k\u00fcl\u00f6nleges h\u00f3nap, \u00e9s t\u00f6bbnyire ekkor van a legnagyobb h\u0151s\u00e9g, \u00e9s azt most\u00a0 el is mondhatjuk. Els\u0151 h\u00e9tv\u00e9g\u00e9je imm\u00e1r t\u00f6bb mint [&hellip;]\" \/>\n<meta property=\"og:url\" content=\"https:\/\/tiszacsege.hu\/?p=30229\" \/>\n<meta property=\"og:site_name\" content=\"Tiszacsege\" \/>\n<meta property=\"article:publisher\" content=\"https:\/\/www.facebook.com\/tiszacsegeonkormanyzata\" \/>\n<meta property=\"article:published_time\" content=\"2026-08-31T18:05:40+00:00\" \/>\n<meta property=\"article:modified_time\" content=\"2026-08-31T18:05:42+00:00\" \/>\n<meta property=\"og:image\" content=\"https:\/\/tiszacsege.hu\/wp-content\/uploads\/2017\/11\/onkorm2.png\" \/>\n\t<meta property=\"og:image:width\" content=\"800\" \/>\n\t<meta property=\"og:image:height\" content=\"396\" \/>\n\t<meta property=\"og:image:type\" content=\"image\/png\" \/>\n<meta name=\"author\" content=\"admin\" \/>\n<meta name=\"twitter:card\" content=\"summary_large_image\" \/>\n<script type=\"application\/ld+json\" class=\"yoast-schema-graph\">{\"@context\":\"https:\\\/\\\/schema.org\",\"@graph\":[{\"@type\":\"Article\",\"@id\":\"https:\\\/\\\/tiszacsege.hu\\\/?p=30229#article\",\"isPartOf\":{\"@id\":\"https:\\\/\\\/tiszacsege.hu\\\/?p=30229\"},\"author\":{\"name\":\"admin\",\"@id\":\"https:\\\/\\\/tiszacsege.hu\\\/#\\\/schema\\\/person\\\/ff2f4e3a9747199f545a2cf351f25334\"},\"headline\":\"\u00d6nkorm\u00e1nyzati h\u00edrek\",\"datePublished\":\"2026-08-31T18:05:40+00:00\",\"dateModified\":\"2026-08-31T18:05:42+00:00\",\"mainEntityOfPage\":{\"@id\":\"https:\\\/\\\/tiszacsege.hu\\\/?p=30229\"},\"wordCount\":1161,\"publisher\":{\"@id\":\"https:\\\/\\\/tiszacsege.hu\\\/#organization\"},\"image\":{\"@id\":\"https:\\\/\\\/tiszacsege.hu\\\/?p=30229#primaryimage\"},\"thumbnailUrl\":\"https:\\\/\\\/tiszacsege.hu\\\/wp-content\\\/uploads\\\/2017\\\/11\\\/onkorm2.png\",\"articleSection\":[\"\u00d6nkorm\u00e1nyzat\"],\"inLanguage\":\"hu\"},{\"@type\":\"WebPage\",\"@id\":\"https:\\\/\\\/tiszacsege.hu\\\/?p=30229\",\"url\":\"https:\\\/\\\/tiszacsege.hu\\\/?p=30229\",\"name\":\"\u00d6nkorm\u00e1nyzati h\u00edrek\",\"isPartOf\":{\"@id\":\"https:\\\/\\\/tiszacsege.hu\\\/#website\"},\"primaryImageOfPage\":{\"@id\":\"https:\\\/\\\/tiszacsege.hu\\\/?p=30229#primaryimage\"},\"image\":{\"@id\":\"https:\\\/\\\/tiszacsege.hu\\\/?p=30229#primaryimage\"},\"thumbnailUrl\":\"https:\\\/\\\/tiszacsege.hu\\\/wp-content\\\/uploads\\\/2017\\\/11\\\/onkorm2.png\",\"datePublished\":\"2026-08-31T18:05:40+00:00\",\"dateModified\":\"2026-08-31T18:05:42+00:00\",\"breadcrumb\":{\"@id\":\"https:\\\/\\\/tiszacsege.hu\\\/?p=30229#breadcrumb\"},\"inLanguage\":\"hu\",\"potentialAction\":[{\"@type\":\"ReadAction\",\"target\":[\"https:\\\/\\\/tiszacsege.hu\\\/?p=30229\"]}]},{\"@type\":\"ImageObject\",\"inLanguage\":\"hu\",\"@id\":\"https:\\\/\\\/tiszacsege.hu\\\/?p=30229#primaryimage\",\"url\":\"https:\\\/\\\/tiszacsege.hu\\\/wp-content\\\/uploads\\\/2017\\\/11\\\/onkorm2.png\",\"contentUrl\":\"https:\\\/\\\/tiszacsege.hu\\\/wp-content\\\/uploads\\\/2017\\\/11\\\/onkorm2.png\",\"width\":800,\"height\":396},{\"@type\":\"BreadcrumbList\",\"@id\":\"https:\\\/\\\/tiszacsege.hu\\\/?p=30229#breadcrumb\",\"itemListElement\":[{\"@type\":\"ListItem\",\"position\":1,\"name\":\"Kezd\u0151lap\",\"item\":\"https:\\\/\\\/tiszacsege.hu\\\/\"},{\"@type\":\"ListItem\",\"position\":2,\"name\":\"\u00d6nkorm\u00e1nyzati h\u00edrek\"}]},{\"@type\":\"WebSite\",\"@id\":\"https:\\\/\\\/tiszacsege.hu\\\/#website\",\"url\":\"https:\\\/\\\/tiszacsege.hu\\\/\",\"name\":\"Tiszacsege\",\"description\":\"Tiszacsege hivatalos honlapja\",\"publisher\":{\"@id\":\"https:\\\/\\\/tiszacsege.hu\\\/#organization\"},\"potentialAction\":[{\"@type\":\"SearchAction\",\"target\":{\"@type\":\"EntryPoint\",\"urlTemplate\":\"https:\\\/\\\/tiszacsege.hu\\\/?s={search_term_string}\"},\"query-input\":{\"@type\":\"PropertyValueSpecification\",\"valueRequired\":true,\"valueName\":\"search_term_string\"}}],\"inLanguage\":\"hu\"},{\"@type\":\"Organization\",\"@id\":\"https:\\\/\\\/tiszacsege.hu\\\/#organization\",\"name\":\"Tiszacsege\",\"url\":\"https:\\\/\\\/tiszacsege.hu\\\/\",\"logo\":{\"@type\":\"ImageObject\",\"inLanguage\":\"hu\",\"@id\":\"https:\\\/\\\/tiszacsege.hu\\\/#\\\/schema\\\/logo\\\/image\\\/\",\"url\":\"https:\\\/\\\/tiszacsege.hu\\\/wp-content\\\/uploads\\\/2020\\\/10\\\/tiszacsege_logo_rovid2-1.png\",\"contentUrl\":\"https:\\\/\\\/tiszacsege.hu\\\/wp-content\\\/uploads\\\/2020\\\/10\\\/tiszacsege_logo_rovid2-1.png\",\"width\":500,\"height\":150,\"caption\":\"Tiszacsege\"},\"image\":{\"@id\":\"https:\\\/\\\/tiszacsege.hu\\\/#\\\/schema\\\/logo\\\/image\\\/\"},\"sameAs\":[\"https:\\\/\\\/www.facebook.com\\\/tiszacsegeonkormanyzata\"]},{\"@type\":\"Person\",\"@id\":\"https:\\\/\\\/tiszacsege.hu\\\/#\\\/schema\\\/person\\\/ff2f4e3a9747199f545a2cf351f25334\",\"name\":\"admin\",\"image\":{\"@type\":\"ImageObject\",\"inLanguage\":\"hu\",\"@id\":\"https:\\\/\\\/secure.gravatar.com\\\/avatar\\\/52224ccae048f9be8fd8d745a33eff630818f8bd5c43790479a2754dcef4b69b?s=96&d=mm&r=g\",\"url\":\"https:\\\/\\\/secure.gravatar.com\\\/avatar\\\/52224ccae048f9be8fd8d745a33eff630818f8bd5c43790479a2754dcef4b69b?s=96&d=mm&r=g\",\"contentUrl\":\"https:\\\/\\\/secure.gravatar.com\\\/avatar\\\/52224ccae048f9be8fd8d745a33eff630818f8bd5c43790479a2754dcef4b69b?s=96&d=mm&r=g\",\"caption\":\"admin\"},\"url\":\"https:\\\/\\\/tiszacsege.hu\\\/?author=1\"}]}<\/script>\n<!-- \/ Yoast SEO plugin. -->","yoast_head_json":{"title":"\u00d6nkorm\u00e1nyzati h\u00edrek","robots":{"index":"index","follow":"follow","max-snippet":"max-snippet:-1","max-image-preview":"max-image-preview:large","max-video-preview":"max-video-preview:-1"},"canonical":"https:\/\/tiszacsege.hu\/?p=30229","og_locale":"hu_HU","og_type":"article","og_title":"\u00d6nkorm\u00e1nyzati h\u00edrek","og_description":"Tisztelt tiszacsegei Lakosok! Pet\u0151fi S\u00e1ndort id\u00e9zet\u00e9vel: \u201eItt van az \u0151sz, itt van \u00fajra\u201d: kezdhetn\u00e9m a h\u00edrad\u00e1st, de ne szaladjunk el\u0151re, hiszen az elm\u00falt h\u00f3nap esem\u00e9nyeir\u0151l, t\u00f6rt\u00e9n\u00e9seir\u0151l sz\u00e1molok be r\u00f6viden az al\u00e1bbiakban. Augusztus t\u00f6bb szempontb\u00f3l is k\u00fcl\u00f6nleges h\u00f3nap, \u00e9s t\u00f6bbnyire ekkor van a legnagyobb h\u0151s\u00e9g, \u00e9s azt most\u00a0 el is mondhatjuk. Els\u0151 h\u00e9tv\u00e9g\u00e9je imm\u00e1r t\u00f6bb mint [&hellip;]","og_url":"https:\/\/tiszacsege.hu\/?p=30229","og_site_name":"Tiszacsege","article_publisher":"https:\/\/www.facebook.com\/tiszacsegeonkormanyzata","article_published_time":"2026-08-31T18:05:40+00:00","article_modified_time":"2026-08-31T18:05:42+00:00","og_image":[{"width":800,"height":396,"url":"https:\/\/tiszacsege.hu\/wp-content\/uploads\/2017\/11\/onkorm2.png","type":"image\/png"}],"author":"admin","twitter_card":"summary_large_image","schema":{"@context":"https:\/\/schema.org","@graph":[{"@type":"Article","@id":"https:\/\/tiszacsege.hu\/?p=30229#article","isPartOf":{"@id":"https:\/\/tiszacsege.hu\/?p=30229"},"author":{"name":"admin","@id":"https:\/\/tiszacsege.hu\/#\/schema\/person\/ff2f4e3a9747199f545a2cf351f25334"},"headline":"\u00d6nkorm\u00e1nyzati h\u00edrek","datePublished":"2026-08-31T18:05:40+00:00","dateModified":"2026-08-31T18:05:42+00:00","mainEntityOfPage":{"@id":"https:\/\/tiszacsege.hu\/?p=30229"},"wordCount":1161,"publisher":{"@id":"https:\/\/tiszacsege.hu\/#organization"},"image":{"@id":"https:\/\/tiszacsege.hu\/?p=30229#primaryimage"},"thumbnailUrl":"https:\/\/tiszacsege.hu\/wp-content\/uploads\/2017\/11\/onkorm2.png","articleSection":["\u00d6nkorm\u00e1nyzat"],"inLanguage":"hu"},{"@type":"WebPage","@id":"https:\/\/tiszacsege.hu\/?p=30229","url":"https:\/\/tiszacsege.hu\/?p=30229","name":"\u00d6nkorm\u00e1nyzati h\u00edrek","isPartOf":{"@id":"https:\/\/tiszacsege.hu\/#website"},"primaryImageOfPage":{"@id":"https:\/\/tiszacsege.hu\/?p=30229#primaryimage"},"image":{"@id":"https:\/\/tiszacsege.hu\/?p=30229#primaryimage"},"thumbnailUrl":"https:\/\/tiszacsege.hu\/wp-content\/uploads\/2017\/11\/onkorm2.png","datePublished":"2026-08-31T18:05:40+00:00","dateModified":"2026-08-31T18:05:42+00:00","breadcrumb":{"@id":"https:\/\/tiszacsege.hu\/?p=30229#breadcrumb"},"inLanguage":"hu","potentialAction":[{"@type":"ReadAction","target":["https:\/\/tiszacsege.hu\/?p=30229"]}]},{"@type":"ImageObject","inLanguage":"hu","@id":"https:\/\/tiszacsege.hu\/?p=30229#primaryimage","url":"https:\/\/tiszacsege.hu\/wp-content\/uploads\/2017\/11\/onkorm2.png","contentUrl":"https:\/\/tiszacsege.hu\/wp-content\/uploads\/2017\/11\/onkorm2.png","width":800,"height":396},{"@type":"BreadcrumbList","@id":"https:\/\/tiszacsege.hu\/?p=30229#breadcrumb","itemListElement":[{"@type":"ListItem","position":1,"name":"Kezd\u0151lap","item":"https:\/\/tiszacsege.hu\/"},{"@type":"ListItem","position":2,"name":"\u00d6nkorm\u00e1nyzati h\u00edrek"}]},{"@type":"WebSite","@id":"https:\/\/tiszacsege.hu\/#website","url":"https:\/\/tiszacsege.hu\/","name":"Tiszacsege","description":"Tiszacsege hivatalos honlapja","publisher":{"@id":"https:\/\/tiszacsege.hu\/#organization"},"potentialAction":[{"@type":"SearchAction","target":{"@type":"EntryPoint","urlTemplate":"https:\/\/tiszacsege.hu\/?s={search_term_string}"},"query-input":{"@type":"PropertyValueSpecification","valueRequired":true,"valueName":"search_term_string"}}],"inLanguage":"hu"},{"@type":"Organization","@id":"https:\/\/tiszacsege.hu\/#organization","name":"Tiszacsege","url":"https:\/\/tiszacsege.hu\/","logo":{"@type":"ImageObject","inLanguage":"hu","@id":"https:\/\/tiszacsege.hu\/#\/schema\/logo\/image\/","url":"https:\/\/tiszacsege.hu\/wp-content\/uploads\/2020\/10\/tiszacsege_logo_rovid2-1.png","contentUrl":"https:\/\/tiszacsege.hu\/wp-content\/uploads\/2020\/10\/tiszacsege_logo_rovid2-1.png","width":500,"height":150,"caption":"Tiszacsege"},"image":{"@id":"https:\/\/tiszacsege.hu\/#\/schema\/logo\/image\/"},"sameAs":["https:\/\/www.facebook.com\/tiszacsegeonkormanyzata"]},{"@type":"Person","@id":"https:\/\/tiszacsege.hu\/#\/schema\/person\/ff2f4e3a9747199f545a2cf351f25334","name":"admin","image":{"@type":"ImageObject","inLanguage":"hu","@id":"https:\/\/secure.gravatar.com\/avatar\/52224ccae048f9be8fd8d745a33eff630818f8bd5c43790479a2754dcef4b69b?s=96&d=mm&r=g","url":"https:\/\/secure.gravatar.com\/avatar\/52224ccae048f9be8fd8d745a33eff630818f8bd5c43790479a2754dcef4b69b?s=96&d=mm&r=g","contentUrl":"https:\/\/secure.gravatar.com\/avatar\/52224ccae048f9be8fd8d745a33eff630818f8bd5c43790479a2754dcef4b69b?s=96&d=mm&r=g","caption":"admin"},"url":"https:\/\/tiszacsege.hu\/?author=1"}]}},"_links":{"self":[{"href":"https:\/\/tiszacsege.hu\/index.php?rest_route=\/wp\/v2\/posts\/30229","targetHints":{"allow":["GET"]}}],"collection":[{"href":"https:\/\/tiszacsege.hu\/index.php?rest_route=\/wp\/v2\/posts"}],"about":[{"href":"https:\/\/tiszacsege.hu\/index.php?rest_route=\/wp\/v2\/types\/post"}],"author":[{"embeddable":true,"href":"https:\/\/tiszacsege.hu\/index.php?rest_route=\/wp\/v2\/users\/1"}],"replies":[{"embeddable":true,"href":"https:\/\/tiszacsege.hu\/index.php?rest_route=%2Fwp%2Fv2%2Fcomments&post=30229"}],"version-history":[{"count":2,"href":"https:\/\/tiszacsege.hu\/index.php?rest_route=\/wp\/v2\/posts\/30229\/revisions"}],"predecessor-version":[{"id":30234,"href":"https:\/\/tiszacsege.hu\/index.php?rest_route=\/wp\/v2\/posts\/30229\/revisions\/30234"}],"wp:featuredmedia":[{"embeddable":true,"href":"https:\/\/tiszacsege.hu\/index.php?rest_route=\/wp\/v2\/media\/11380"}],"wp:attachment":[{"href":"https:\/\/tiszacsege.hu\/index.php?rest_route=%2Fwp%2Fv2%2Fmedia&parent=30229"}],"wp:term":[{"taxonomy":"category","embeddable":true,"href":"https:\/\/tiszacsege.hu\/index.php?rest_route=%2Fwp%2Fv2%2Fcategories&post=30229"},{"taxonomy":"post_tag","embeddable":true,"href":"https:\/\/tiszacsege.hu\/index.php?rest_route=%2Fwp%2Fv2%2Ftags&post=30229"},{"taxonomy":"post_folder","embeddable":true,"href":"https:\/\/tiszacsege.hu\/index.php?rest_route=%2Fwp%2Fv2%2Fpost_folder&post=30229"}],"curies":[{"name":"wp","href":"https:\/\/api.w.org\/{rel}","templated":true}]}}