{"id":3802,"date":"2013-11-23T14:54:42","date_gmt":"2013-11-23T13:54:42","guid":{"rendered":"http:\/\/tiszacsege.hu\/?p=3802"},"modified":"2013-11-23T15:01:45","modified_gmt":"2013-11-23T14:01:45","slug":"soros-kepviselo-testuleti-ules-2013-november-27","status":"publish","type":"post","link":"https:\/\/tiszacsege.hu\/?p=3802","title":{"rendered":"Soros K\u00e9pvisel\u0151-test\u00fcleti \u00fcl\u00e9s &#8211; 2013. november 27."},"content":{"rendered":"<p><strong>Tiszacsege V\u00e1ros \u00d6nkorm\u00e1nyzata K\u00e9pvisel\u0151-test\u00fclete soron k\u00f6vetkez\u0151 \u00fcl\u00e9s\u00e9t 2013.\u00a0november 27-\u00e9n (szerd\u00e1n) 15:00 \u00f3rai kezdettel \u2013 a Polg\u00e1rmesteri Hivatal\u00a0tan\u00e1cskoz\u00f3term\u00e9ben tartja.<\/strong><\/p>\n<p>&nbsp;<\/p>\n<p style=\"text-align: center;\">El\u0151terjeszt\u00e9sek: <a href=\"http:\/\/tiszacsege.hu\/wp-content\/uploads\/2013\/11\/eloterjesztes_20131127.pdf\">eloterjesztes_20131127<\/a>\u00a0<\/p>\n<p>&nbsp;<\/p>\n<p>NAPIRENDI PONTOK:<\/p>\n<p>1.\/ Tiszacsege V\u00e1ros \u00d6nkorm\u00e1nyzat 2013 \u00e9vi k\u00f6lts\u00e9gvet\u00e9s\u00e9r\u0151l sz\u00f3l\u00f3 5\/2013.(II.18.)\u00a0\u00d6nkorm\u00e1nyzati rendelet\u00e9nek m\u00f3dos\u00edt\u00e1sa<br \/>Ea.: Szil\u00e1gyi S\u00e1ndor polg\u00e1rmester<\/p>\n<p>&nbsp;<\/p>\n<p>2.\/ Javaslat a helyi ad\u00f3kr\u00f3l sz\u00f3l\u00f3 28\/2012.(XII.13.) \u00f6nkorm\u00e1nyzati rendelet\u00a0m\u00f3dos\u00edt\u00e1s\u00e1ra<br \/>Ea.: Szil\u00e1gyi S\u00e1ndor polg\u00e1rmester<\/p>\n<p>&nbsp;<\/p>\n<p>3.\/ Javaslat a k\u00f6ztemet\u0151k haszn\u00e1lat\u00e1nak rendj\u00e9r\u0151l sz\u00f3l\u00f3 20\/2005. (IX.29.) rendelet\u00a0fel\u00fclvizsg\u00e1lat\u00e1ra \u00e9s a temet\u0151 haszn\u00e1lat\u00e1nak rendj\u00e9r\u0151l sz\u00f3l\u00f3 \u00faj rendelet<br \/>megalkot\u00e1s\u00e1ra<br \/>Ea.: Szil\u00e1gyi S\u00e1ndor polg\u00e1rmester<\/p>\n<p>&nbsp;<\/p>\n<p>4.\/ Javaslat a k\u00f6ztemet\u0151ben szoci\u00e1lis parcella \u00e9s szoci\u00e1lis temetkez\u00e9si hely kijel\u00f6l\u00e9sre<br \/>Ea.: Szil\u00e1gyi S\u00e1ndor polg\u00e1rmester<\/p>\n<p>&nbsp;<\/p>\n<p>5.\/ Tiszacsege V\u00e1ros \u00d6nkorm\u00e1nyzat\u00e1nak 2013. \u00e9vi k\u00f6zbeszerz\u00e9si terv\u00e9nek\u00a0m\u00f3dos\u00edt\u00e1sa<br \/>Ea.: Szil\u00e1gyi S\u00e1ndor polg\u00e1rmester<\/p>\n<p>&nbsp;<\/p>\n<p>6.\/ Tiszacsege V\u00e1ros \u00d6nkorm\u00e1nyzata \u00e9s int\u00e9zm\u00e9nyei 2014. \u00e9vi bels\u0151 ellen\u0151rz\u00e9si\u00a0terve<br \/>Ea.: Szil\u00e1gyi S\u00e1ndor polg\u00e1rmester<\/p>\n<p>&nbsp;<\/p>\n<p>7.\/ Javaslat p\u00e1ly\u00e1zat ki\u00edr\u00e1s\u00e1ra a Tiszacsege Kommun\u00e1lis Szolg\u00e1ltat\u00f3 Szervezet\u00a0int\u00e9zm\u00e9nyvezet\u0151i beoszt\u00e1s\u00e1nak ell\u00e1t\u00e1s\u00e1ra<\/p>\n<p>Ea.: Szil\u00e1gyi S\u00e1ndor polg\u00e1rmester<\/p>\n<p>&nbsp;<\/p>\n<p>8.\/ Gondoz\u00f3i Szolg\u00e1latok besz\u00e1mol\u00f3ja\u00a0(Baptista Szeretetszolg\u00e1lat E.J.Sz. Csal\u00e1dt\u00e1mogat\u00f3 \u00e9s Szoci\u00e1lis Szolg\u00e1ltat\u00f3\u00a0Int\u00e9zm\u00e9ny)<br \/>Ea.: Szil\u00e1gyi S\u00e1ndor polg\u00e1rmester<\/p>\n<p>&nbsp;<\/p>\n<p><span style=\"line-height: 1.6em;\">9.\/ Besz\u00e1mol\u00f3 Tiszacsege V\u00e1ros \u00d6nkorm\u00e1nyzata Polg\u00e1rmesteri Hivatala 2013\u00a0<\/span><span style=\"line-height: 1.6em;\">okt\u00f3ber\u00e9ben v\u00e9gzett munk\u00e1j\u00e1r\u00f3l<\/span><\/p>\n<p>Ea.: F\u00fczesin\u00e9 Nagy Zita jegyz\u0151<\/p>\n<p>&nbsp;<\/p>\n<p>10.\/ Tiszacsege V\u00e1ros Tanyagondnoki Szolg\u00e1lat fejleszt\u00e9se<br \/>Ea.: Szil\u00e1gyi S\u00e1ndor polg\u00e1rmester<\/p>\n<p>&nbsp;<\/p>\n<p>11.\/ T\u00e1j\u00e9koztat\u00f3 Tiszacsege V\u00e1ros \u00d6nkorm\u00e1nyzat \u00e9s int\u00e9zm\u00e9nyei sz\u00e1ll\u00edt\u00f3i\u00a0\u00e1llom\u00e1ny\u00e1r\u00f3l<br \/>Ea.: Szil\u00e1gyi S\u00e1ndor polg\u00e1rmester<\/p>\n<p>&nbsp;<\/p>\n<p>12.\/ H\u00e1tr\u00e1nyos Helyzet\u0171 Tanul\u00f3k Arany J\u00e1nos Tehets\u00e9ggondoz\u00f3 Programj\u00e1ban val\u00f3\u00a0r\u00e9szv\u00e9telre p\u00e1ly\u00e1zat beny\u00fajt\u00e1sa<br \/>Ea.: Szil\u00e1gyi S\u00e1ndor polg\u00e1rmester<\/p>\n<p>&nbsp;<\/p>\n<p>13.\/ Polg\u00e1rmesteri jelent\u00e9s<br \/>Ea.: Szil\u00e1gyi S\u00e1ndor polg\u00e1rmester<\/p>\n<p>&nbsp;<\/p>\n<p>14.\/ K\u00fcl\u00f6nf\u00e9l\u00e9k<\/p>\n<p>&nbsp;<\/p>\n<p style=\"text-align: right;\">Tiszacsege, 2013. november 22.<br \/>Tisztelettel:\u00a0Szil\u00e1gyi S\u00e1ndor\u00a0polg\u00e1rmester<\/p>\n","protected":false},"excerpt":{"rendered":"<p>Tiszacsege V\u00e1ros \u00d6nkorm\u00e1nyzata K\u00e9pvisel\u0151-test\u00fclete soron k\u00f6vetkez\u0151 \u00fcl\u00e9s\u00e9t 2013. november 27-\u00e9n (szerd\u00e1n) 15:00 \u00f3rai kezdettel \u2013 a Polg\u00e1rmesteri Hivatal tan\u00e1cskoz\u00f3term\u00e9ben tartja.<\/p>\n","protected":false},"author":1,"featured_media":1423,"comment_status":"closed","ping_status":"open","sticky":false,"template":"","format":"standard","meta":{"_editorskit_title_hidden":false,"_editorskit_reading_time":0,"_editorskit_is_block_options_detached":false,"_editorskit_block_options_position":"{}","_crdt_document":"","footnotes":""},"categories":[1,5],"tags":[],"post_folder":[],"class_list":["post-3802","post","type-post","status-publish","format-standard","has-post-thumbnail","hentry","category-hirek","category-testuleti_eloterjesztesek"],"yoast_head":"<!-- This site is optimized with the Yoast SEO plugin v27.4 - https:\/\/yoast.com\/product\/yoast-seo-wordpress\/ -->\n<title>Soros K\u00e9pvisel\u0151-test\u00fcleti \u00fcl\u00e9s - 2013. november 27.<\/title>\n<meta name=\"robots\" content=\"index, follow, max-snippet:-1, max-image-preview:large, max-video-preview:-1\" \/>\n<link rel=\"canonical\" href=\"https:\/\/tiszacsege.hu\/?p=3802\" \/>\n<meta property=\"og:locale\" content=\"hu_HU\" \/>\n<meta property=\"og:type\" content=\"article\" \/>\n<meta property=\"og:title\" content=\"Soros K\u00e9pvisel\u0151-test\u00fcleti \u00fcl\u00e9s - 2013. november 27.\" \/>\n<meta property=\"og:description\" content=\"Tiszacsege V\u00e1ros \u00d6nkorm\u00e1nyzata K\u00e9pvisel\u0151-test\u00fclete soron k\u00f6vetkez\u0151 \u00fcl\u00e9s\u00e9t 2013. november 27-\u00e9n (szerd\u00e1n) 15:00 \u00f3rai kezdettel \u2013 a Polg\u00e1rmesteri Hivatal tan\u00e1cskoz\u00f3term\u00e9ben tartja.\" \/>\n<meta property=\"og:url\" content=\"https:\/\/tiszacsege.hu\/?p=3802\" \/>\n<meta property=\"og:site_name\" content=\"Tiszacsege\" \/>\n<meta property=\"article:publisher\" content=\"https:\/\/www.facebook.com\/tiszacsegeonkormanyzata\" \/>\n<meta property=\"article:published_time\" content=\"2013-11-23T13:54:42+00:00\" \/>\n<meta property=\"article:modified_time\" content=\"2013-11-23T14:01:45+00:00\" \/>\n<meta property=\"og:image\" content=\"https:\/\/tiszacsege.hu\/wp-content\/uploads\/2012\/11\/tiszacsege_onkormanyzat.jpg\" \/>\n\t<meta property=\"og:image:width\" content=\"300\" \/>\n\t<meta property=\"og:image:height\" content=\"165\" \/>\n\t<meta property=\"og:image:type\" content=\"image\/jpeg\" \/>\n<meta name=\"author\" content=\"admin\" \/>\n<meta name=\"twitter:card\" content=\"summary_large_image\" \/>\n<script type=\"application\/ld+json\" class=\"yoast-schema-graph\">{\"@context\":\"https:\\\/\\\/schema.org\",\"@graph\":[{\"@type\":\"Article\",\"@id\":\"https:\\\/\\\/tiszacsege.hu\\\/?p=3802#article\",\"isPartOf\":{\"@id\":\"https:\\\/\\\/tiszacsege.hu\\\/?p=3802\"},\"author\":{\"name\":\"admin\",\"@id\":\"https:\\\/\\\/tiszacsege.hu\\\/#\\\/schema\\\/person\\\/ff2f4e3a9747199f545a2cf351f25334\"},\"headline\":\"Soros K\u00e9pvisel\u0151-test\u00fcleti \u00fcl\u00e9s &#8211; 2013. november 27.\",\"datePublished\":\"2013-11-23T13:54:42+00:00\",\"dateModified\":\"2013-11-23T14:01:45+00:00\",\"mainEntityOfPage\":{\"@id\":\"https:\\\/\\\/tiszacsege.hu\\\/?p=3802\"},\"wordCount\":402,\"publisher\":{\"@id\":\"https:\\\/\\\/tiszacsege.hu\\\/#organization\"},\"image\":{\"@id\":\"https:\\\/\\\/tiszacsege.hu\\\/?p=3802#primaryimage\"},\"thumbnailUrl\":\"https:\\\/\\\/tiszacsege.hu\\\/wp-content\\\/uploads\\\/2012\\\/11\\\/tiszacsege_onkormanyzat.jpg\",\"articleSection\":[\"Helyi h\u00edrek, t\u00e1j\u00e9koztat\u00f3k\",\"Test\u00fcleti \u00fcl\u00e9sek, el\u0151terjeszt\u00e9sek\"],\"inLanguage\":\"hu\"},{\"@type\":\"WebPage\",\"@id\":\"https:\\\/\\\/tiszacsege.hu\\\/?p=3802\",\"url\":\"https:\\\/\\\/tiszacsege.hu\\\/?p=3802\",\"name\":\"Soros K\u00e9pvisel\u0151-test\u00fcleti \u00fcl\u00e9s - 2013. november 27.\",\"isPartOf\":{\"@id\":\"https:\\\/\\\/tiszacsege.hu\\\/#website\"},\"primaryImageOfPage\":{\"@id\":\"https:\\\/\\\/tiszacsege.hu\\\/?p=3802#primaryimage\"},\"image\":{\"@id\":\"https:\\\/\\\/tiszacsege.hu\\\/?p=3802#primaryimage\"},\"thumbnailUrl\":\"https:\\\/\\\/tiszacsege.hu\\\/wp-content\\\/uploads\\\/2012\\\/11\\\/tiszacsege_onkormanyzat.jpg\",\"datePublished\":\"2013-11-23T13:54:42+00:00\",\"dateModified\":\"2013-11-23T14:01:45+00:00\",\"breadcrumb\":{\"@id\":\"https:\\\/\\\/tiszacsege.hu\\\/?p=3802#breadcrumb\"},\"inLanguage\":\"hu\",\"potentialAction\":[{\"@type\":\"ReadAction\",\"target\":[\"https:\\\/\\\/tiszacsege.hu\\\/?p=3802\"]}]},{\"@type\":\"ImageObject\",\"inLanguage\":\"hu\",\"@id\":\"https:\\\/\\\/tiszacsege.hu\\\/?p=3802#primaryimage\",\"url\":\"https:\\\/\\\/tiszacsege.hu\\\/wp-content\\\/uploads\\\/2012\\\/11\\\/tiszacsege_onkormanyzat.jpg\",\"contentUrl\":\"https:\\\/\\\/tiszacsege.hu\\\/wp-content\\\/uploads\\\/2012\\\/11\\\/tiszacsege_onkormanyzat.jpg\",\"width\":\"300\",\"height\":\"165\"},{\"@type\":\"BreadcrumbList\",\"@id\":\"https:\\\/\\\/tiszacsege.hu\\\/?p=3802#breadcrumb\",\"itemListElement\":[{\"@type\":\"ListItem\",\"position\":1,\"name\":\"Kezd\u0151lap\",\"item\":\"https:\\\/\\\/tiszacsege.hu\\\/\"},{\"@type\":\"ListItem\",\"position\":2,\"name\":\"Soros K\u00e9pvisel\u0151-test\u00fcleti \u00fcl\u00e9s &#8211; 2013. november 27.\"}]},{\"@type\":\"WebSite\",\"@id\":\"https:\\\/\\\/tiszacsege.hu\\\/#website\",\"url\":\"https:\\\/\\\/tiszacsege.hu\\\/\",\"name\":\"Tiszacsege\",\"description\":\"Tiszacsege hivatalos honlapja\",\"publisher\":{\"@id\":\"https:\\\/\\\/tiszacsege.hu\\\/#organization\"},\"potentialAction\":[{\"@type\":\"SearchAction\",\"target\":{\"@type\":\"EntryPoint\",\"urlTemplate\":\"https:\\\/\\\/tiszacsege.hu\\\/?s={search_term_string}\"},\"query-input\":{\"@type\":\"PropertyValueSpecification\",\"valueRequired\":true,\"valueName\":\"search_term_string\"}}],\"inLanguage\":\"hu\"},{\"@type\":\"Organization\",\"@id\":\"https:\\\/\\\/tiszacsege.hu\\\/#organization\",\"name\":\"Tiszacsege\",\"url\":\"https:\\\/\\\/tiszacsege.hu\\\/\",\"logo\":{\"@type\":\"ImageObject\",\"inLanguage\":\"hu\",\"@id\":\"https:\\\/\\\/tiszacsege.hu\\\/#\\\/schema\\\/logo\\\/image\\\/\",\"url\":\"https:\\\/\\\/tiszacsege.hu\\\/wp-content\\\/uploads\\\/2020\\\/10\\\/tiszacsege_logo_rovid2-1.png\",\"contentUrl\":\"https:\\\/\\\/tiszacsege.hu\\\/wp-content\\\/uploads\\\/2020\\\/10\\\/tiszacsege_logo_rovid2-1.png\",\"width\":500,\"height\":150,\"caption\":\"Tiszacsege\"},\"image\":{\"@id\":\"https:\\\/\\\/tiszacsege.hu\\\/#\\\/schema\\\/logo\\\/image\\\/\"},\"sameAs\":[\"https:\\\/\\\/www.facebook.com\\\/tiszacsegeonkormanyzata\"]},{\"@type\":\"Person\",\"@id\":\"https:\\\/\\\/tiszacsege.hu\\\/#\\\/schema\\\/person\\\/ff2f4e3a9747199f545a2cf351f25334\",\"name\":\"admin\",\"image\":{\"@type\":\"ImageObject\",\"inLanguage\":\"hu\",\"@id\":\"https:\\\/\\\/secure.gravatar.com\\\/avatar\\\/52224ccae048f9be8fd8d745a33eff630818f8bd5c43790479a2754dcef4b69b?s=96&d=mm&r=g\",\"url\":\"https:\\\/\\\/secure.gravatar.com\\\/avatar\\\/52224ccae048f9be8fd8d745a33eff630818f8bd5c43790479a2754dcef4b69b?s=96&d=mm&r=g\",\"contentUrl\":\"https:\\\/\\\/secure.gravatar.com\\\/avatar\\\/52224ccae048f9be8fd8d745a33eff630818f8bd5c43790479a2754dcef4b69b?s=96&d=mm&r=g\",\"caption\":\"admin\"},\"url\":\"https:\\\/\\\/tiszacsege.hu\\\/?author=1\"}]}<\/script>\n<!-- \/ Yoast SEO plugin. -->","yoast_head_json":{"title":"Soros K\u00e9pvisel\u0151-test\u00fcleti \u00fcl\u00e9s - 2013. november 27.","robots":{"index":"index","follow":"follow","max-snippet":"max-snippet:-1","max-image-preview":"max-image-preview:large","max-video-preview":"max-video-preview:-1"},"canonical":"https:\/\/tiszacsege.hu\/?p=3802","og_locale":"hu_HU","og_type":"article","og_title":"Soros K\u00e9pvisel\u0151-test\u00fcleti \u00fcl\u00e9s - 2013. november 27.","og_description":"Tiszacsege V\u00e1ros \u00d6nkorm\u00e1nyzata K\u00e9pvisel\u0151-test\u00fclete soron k\u00f6vetkez\u0151 \u00fcl\u00e9s\u00e9t 2013. november 27-\u00e9n (szerd\u00e1n) 15:00 \u00f3rai kezdettel \u2013 a Polg\u00e1rmesteri Hivatal tan\u00e1cskoz\u00f3term\u00e9ben tartja.","og_url":"https:\/\/tiszacsege.hu\/?p=3802","og_site_name":"Tiszacsege","article_publisher":"https:\/\/www.facebook.com\/tiszacsegeonkormanyzata","article_published_time":"2013-11-23T13:54:42+00:00","article_modified_time":"2013-11-23T14:01:45+00:00","og_image":[{"width":300,"height":165,"url":"https:\/\/tiszacsege.hu\/wp-content\/uploads\/2012\/11\/tiszacsege_onkormanyzat.jpg","type":"image\/jpeg"}],"author":"admin","twitter_card":"summary_large_image","schema":{"@context":"https:\/\/schema.org","@graph":[{"@type":"Article","@id":"https:\/\/tiszacsege.hu\/?p=3802#article","isPartOf":{"@id":"https:\/\/tiszacsege.hu\/?p=3802"},"author":{"name":"admin","@id":"https:\/\/tiszacsege.hu\/#\/schema\/person\/ff2f4e3a9747199f545a2cf351f25334"},"headline":"Soros K\u00e9pvisel\u0151-test\u00fcleti \u00fcl\u00e9s &#8211; 2013. november 27.","datePublished":"2013-11-23T13:54:42+00:00","dateModified":"2013-11-23T14:01:45+00:00","mainEntityOfPage":{"@id":"https:\/\/tiszacsege.hu\/?p=3802"},"wordCount":402,"publisher":{"@id":"https:\/\/tiszacsege.hu\/#organization"},"image":{"@id":"https:\/\/tiszacsege.hu\/?p=3802#primaryimage"},"thumbnailUrl":"https:\/\/tiszacsege.hu\/wp-content\/uploads\/2012\/11\/tiszacsege_onkormanyzat.jpg","articleSection":["Helyi h\u00edrek, t\u00e1j\u00e9koztat\u00f3k","Test\u00fcleti \u00fcl\u00e9sek, el\u0151terjeszt\u00e9sek"],"inLanguage":"hu"},{"@type":"WebPage","@id":"https:\/\/tiszacsege.hu\/?p=3802","url":"https:\/\/tiszacsege.hu\/?p=3802","name":"Soros K\u00e9pvisel\u0151-test\u00fcleti \u00fcl\u00e9s - 2013. november 27.","isPartOf":{"@id":"https:\/\/tiszacsege.hu\/#website"},"primaryImageOfPage":{"@id":"https:\/\/tiszacsege.hu\/?p=3802#primaryimage"},"image":{"@id":"https:\/\/tiszacsege.hu\/?p=3802#primaryimage"},"thumbnailUrl":"https:\/\/tiszacsege.hu\/wp-content\/uploads\/2012\/11\/tiszacsege_onkormanyzat.jpg","datePublished":"2013-11-23T13:54:42+00:00","dateModified":"2013-11-23T14:01:45+00:00","breadcrumb":{"@id":"https:\/\/tiszacsege.hu\/?p=3802#breadcrumb"},"inLanguage":"hu","potentialAction":[{"@type":"ReadAction","target":["https:\/\/tiszacsege.hu\/?p=3802"]}]},{"@type":"ImageObject","inLanguage":"hu","@id":"https:\/\/tiszacsege.hu\/?p=3802#primaryimage","url":"https:\/\/tiszacsege.hu\/wp-content\/uploads\/2012\/11\/tiszacsege_onkormanyzat.jpg","contentUrl":"https:\/\/tiszacsege.hu\/wp-content\/uploads\/2012\/11\/tiszacsege_onkormanyzat.jpg","width":"300","height":"165"},{"@type":"BreadcrumbList","@id":"https:\/\/tiszacsege.hu\/?p=3802#breadcrumb","itemListElement":[{"@type":"ListItem","position":1,"name":"Kezd\u0151lap","item":"https:\/\/tiszacsege.hu\/"},{"@type":"ListItem","position":2,"name":"Soros K\u00e9pvisel\u0151-test\u00fcleti \u00fcl\u00e9s &#8211; 2013. november 27."}]},{"@type":"WebSite","@id":"https:\/\/tiszacsege.hu\/#website","url":"https:\/\/tiszacsege.hu\/","name":"Tiszacsege","description":"Tiszacsege hivatalos honlapja","publisher":{"@id":"https:\/\/tiszacsege.hu\/#organization"},"potentialAction":[{"@type":"SearchAction","target":{"@type":"EntryPoint","urlTemplate":"https:\/\/tiszacsege.hu\/?s={search_term_string}"},"query-input":{"@type":"PropertyValueSpecification","valueRequired":true,"valueName":"search_term_string"}}],"inLanguage":"hu"},{"@type":"Organization","@id":"https:\/\/tiszacsege.hu\/#organization","name":"Tiszacsege","url":"https:\/\/tiszacsege.hu\/","logo":{"@type":"ImageObject","inLanguage":"hu","@id":"https:\/\/tiszacsege.hu\/#\/schema\/logo\/image\/","url":"https:\/\/tiszacsege.hu\/wp-content\/uploads\/2020\/10\/tiszacsege_logo_rovid2-1.png","contentUrl":"https:\/\/tiszacsege.hu\/wp-content\/uploads\/2020\/10\/tiszacsege_logo_rovid2-1.png","width":500,"height":150,"caption":"Tiszacsege"},"image":{"@id":"https:\/\/tiszacsege.hu\/#\/schema\/logo\/image\/"},"sameAs":["https:\/\/www.facebook.com\/tiszacsegeonkormanyzata"]},{"@type":"Person","@id":"https:\/\/tiszacsege.hu\/#\/schema\/person\/ff2f4e3a9747199f545a2cf351f25334","name":"admin","image":{"@type":"ImageObject","inLanguage":"hu","@id":"https:\/\/secure.gravatar.com\/avatar\/52224ccae048f9be8fd8d745a33eff630818f8bd5c43790479a2754dcef4b69b?s=96&d=mm&r=g","url":"https:\/\/secure.gravatar.com\/avatar\/52224ccae048f9be8fd8d745a33eff630818f8bd5c43790479a2754dcef4b69b?s=96&d=mm&r=g","contentUrl":"https:\/\/secure.gravatar.com\/avatar\/52224ccae048f9be8fd8d745a33eff630818f8bd5c43790479a2754dcef4b69b?s=96&d=mm&r=g","caption":"admin"},"url":"https:\/\/tiszacsege.hu\/?author=1"}]}},"_links":{"self":[{"href":"https:\/\/tiszacsege.hu\/index.php?rest_route=\/wp\/v2\/posts\/3802","targetHints":{"allow":["GET"]}}],"collection":[{"href":"https:\/\/tiszacsege.hu\/index.php?rest_route=\/wp\/v2\/posts"}],"about":[{"href":"https:\/\/tiszacsege.hu\/index.php?rest_route=\/wp\/v2\/types\/post"}],"author":[{"embeddable":true,"href":"https:\/\/tiszacsege.hu\/index.php?rest_route=\/wp\/v2\/users\/1"}],"replies":[{"embeddable":true,"href":"https:\/\/tiszacsege.hu\/index.php?rest_route=%2Fwp%2Fv2%2Fcomments&post=3802"}],"version-history":[{"count":4,"href":"https:\/\/tiszacsege.hu\/index.php?rest_route=\/wp\/v2\/posts\/3802\/revisions"}],"predecessor-version":[{"id":3805,"href":"https:\/\/tiszacsege.hu\/index.php?rest_route=\/wp\/v2\/posts\/3802\/revisions\/3805"}],"wp:featuredmedia":[{"embeddable":true,"href":"https:\/\/tiszacsege.hu\/index.php?rest_route=\/wp\/v2\/media\/1423"}],"wp:attachment":[{"href":"https:\/\/tiszacsege.hu\/index.php?rest_route=%2Fwp%2Fv2%2Fmedia&parent=3802"}],"wp:term":[{"taxonomy":"category","embeddable":true,"href":"https:\/\/tiszacsege.hu\/index.php?rest_route=%2Fwp%2Fv2%2Fcategories&post=3802"},{"taxonomy":"post_tag","embeddable":true,"href":"https:\/\/tiszacsege.hu\/index.php?rest_route=%2Fwp%2Fv2%2Ftags&post=3802"},{"taxonomy":"post_folder","embeddable":true,"href":"https:\/\/tiszacsege.hu\/index.php?rest_route=%2Fwp%2Fv2%2Fpost_folder&post=3802"}],"curies":[{"name":"wp","href":"https:\/\/api.w.org\/{rel}","templated":true}]}}