{"id":3828,"date":"2013-11-30T13:38:02","date_gmt":"2013-11-30T12:38:02","guid":{"rendered":"http:\/\/tiszacsege.hu\/?p=3828"},"modified":"2013-11-30T13:38:02","modified_gmt":"2013-11-30T12:38:02","slug":"unnepi-diszvilagitas","status":"publish","type":"post","link":"https:\/\/tiszacsege.hu\/?p=3828","title":{"rendered":"\u00dcnnepi d\u00edszvil\u00e1g\u00edt\u00e1s"},"content":{"rendered":"<p><strong>Ism\u00e9t d\u00edszvil\u00e1g\u00edt\u00e1s a telep\u00fcl\u00e9sen.<\/strong><\/p>\n<p>&nbsp;<\/p>\n<div id=\"attachment_3829\" style=\"width: 810px\" class=\"wp-caption aligncenter\"><a href=\"http:\/\/tiszacsege.hu\/wp-content\/uploads\/2013\/11\/DSC2228.jpg\"><img fetchpriority=\"high\" decoding=\"async\" aria-describedby=\"caption-attachment-3829\" class=\"size-full wp-image-3829\" alt=\"A f\u0151 utc\u00e1n szerelik a vil\u00e1g\u00edt\u00f3 form\u00e1kat\" src=\"http:\/\/tiszacsege.hu\/wp-content\/uploads\/2013\/11\/DSC2228.jpg\" width=\"800\" height=\"536\" srcset=\"https:\/\/tiszacsege.hu\/wp-content\/uploads\/2013\/11\/DSC2228.jpg 800w, https:\/\/tiszacsege.hu\/wp-content\/uploads\/2013\/11\/DSC2228-300x201.jpg 300w\" sizes=\"(max-width: 800px) 100vw, 800px\" \/><\/a><p id=\"caption-attachment-3829\" class=\"wp-caption-text\">A f\u0151 utc\u00e1n szerelik a vil\u00e1g\u00edt\u00f3 form\u00e1kat<\/p><\/div>\n<p style=\"text-align: justify;\">A kor\u00e1bbi \u00f6nkorm\u00e1nyzati vezet\u00e9s \u00fagy d\u00f6nt\u00f6tt, hogy anyagi helyzete miatt nem lesz d\u00edszvil\u00e1g\u00edt\u00e1s a v\u00e1rosban. Az\u00f3ta a korm\u00e1ny jelent\u0151s t\u00e1mogat\u00e1sa \u00e9s a jelenlegi vezet\u00e9s gazd\u00e1lkod\u00e1sa lehet\u0151v\u00e9 tette, hogy ism\u00e9t \u00fcnnepi d\u00edszbe \u00f6lt\u00f6zz\u00f6n a telep\u00fcl\u00e9s. A megl\u00e9v\u0151 mot\u00edvumok mell\u00e9 lehet\u0151s\u00e9g ny\u00edlt \u00fajabbak beszerz\u00e9s\u00e9re is.<\/p>\n<p style=\"text-align: justify;\">\u00a0<\/p>\n<p>T\u00f6bb \u00e9v kimarad\u00e1s ut\u00e1n a mai napon \u00fajra felszerelik az \u00fcnnepi hangulatot ad\u00f3 vil\u00e1g\u00edt\u00f3 form\u00e1kat.<\/p>\n","protected":false},"excerpt":{"rendered":"<p>Ism\u00e9t d\u00edszvil\u00e1g\u00edt\u00e1s a telep\u00fcl\u00e9sen. &nbsp; A kor\u00e1bbi \u00f6nkorm\u00e1nyzati vezet\u00e9s \u00fagy d\u00f6nt\u00f6tt, hogy anyagi helyzete miatt nem lesz d\u00edszvil\u00e1g\u00edt\u00e1s a v\u00e1rosban. Az\u00f3ta a korm\u00e1ny jelent\u0151s t\u00e1mogat\u00e1sa \u00e9s a jelenlegi vezet\u00e9s gazd\u00e1lkod\u00e1sa lehet\u0151v\u00e9 tette, hogy ism\u00e9t \u00fcnnepi d\u00edszbe \u00f6lt\u00f6zz\u00f6n a telep\u00fcl\u00e9s. A megl\u00e9v\u0151 mot\u00edvumok mell\u00e9 lehet\u0151s\u00e9g ny\u00edlt \u00fajabbak beszerz\u00e9s\u00e9re is. \u00a0 T\u00f6bb \u00e9v kimarad\u00e1s ut\u00e1n a mai [&hellip;]<\/p>\n","protected":false},"author":1,"featured_media":3829,"comment_status":"closed","ping_status":"open","sticky":false,"template":"","format":"standard","meta":{"_editorskit_title_hidden":false,"_editorskit_reading_time":0,"_editorskit_is_block_options_detached":false,"_editorskit_block_options_position":"{}","_crdt_document":"","footnotes":""},"categories":[1],"tags":[],"post_folder":[],"class_list":["post-3828","post","type-post","status-publish","format-standard","has-post-thumbnail","hentry","category-hirek"],"yoast_head":"<!-- This site is optimized with the Yoast SEO plugin v27.4 - https:\/\/yoast.com\/product\/yoast-seo-wordpress\/ -->\n<title>\u00dcnnepi d\u00edszvil\u00e1g\u00edt\u00e1s<\/title>\n<meta name=\"robots\" content=\"index, follow, max-snippet:-1, max-image-preview:large, max-video-preview:-1\" \/>\n<link rel=\"canonical\" href=\"https:\/\/tiszacsege.hu\/?p=3828\" \/>\n<meta property=\"og:locale\" content=\"hu_HU\" \/>\n<meta property=\"og:type\" content=\"article\" \/>\n<meta property=\"og:title\" content=\"\u00dcnnepi d\u00edszvil\u00e1g\u00edt\u00e1s\" \/>\n<meta property=\"og:description\" content=\"Ism\u00e9t d\u00edszvil\u00e1g\u00edt\u00e1s a telep\u00fcl\u00e9sen. &nbsp; A kor\u00e1bbi \u00f6nkorm\u00e1nyzati vezet\u00e9s \u00fagy d\u00f6nt\u00f6tt, hogy anyagi helyzete miatt nem lesz d\u00edszvil\u00e1g\u00edt\u00e1s a v\u00e1rosban. Az\u00f3ta a korm\u00e1ny jelent\u0151s t\u00e1mogat\u00e1sa \u00e9s a jelenlegi vezet\u00e9s gazd\u00e1lkod\u00e1sa lehet\u0151v\u00e9 tette, hogy ism\u00e9t \u00fcnnepi d\u00edszbe \u00f6lt\u00f6zz\u00f6n a telep\u00fcl\u00e9s. A megl\u00e9v\u0151 mot\u00edvumok mell\u00e9 lehet\u0151s\u00e9g ny\u00edlt \u00fajabbak beszerz\u00e9s\u00e9re is. \u00a0 T\u00f6bb \u00e9v kimarad\u00e1s ut\u00e1n a mai [&hellip;]\" \/>\n<meta property=\"og:url\" content=\"https:\/\/tiszacsege.hu\/?p=3828\" \/>\n<meta property=\"og:site_name\" content=\"Tiszacsege\" \/>\n<meta property=\"article:publisher\" content=\"https:\/\/www.facebook.com\/tiszacsegeonkormanyzata\" \/>\n<meta property=\"article:published_time\" content=\"2013-11-30T12:38:02+00:00\" \/>\n<meta property=\"og:image\" content=\"https:\/\/tiszacsege.hu\/wp-content\/uploads\/2013\/11\/DSC2228.jpg\" \/>\n\t<meta property=\"og:image:width\" content=\"800\" \/>\n\t<meta property=\"og:image:height\" content=\"536\" \/>\n\t<meta property=\"og:image:type\" content=\"image\/jpeg\" \/>\n<meta name=\"author\" content=\"admin\" \/>\n<meta name=\"twitter:card\" content=\"summary_large_image\" \/>\n<script type=\"application\/ld+json\" class=\"yoast-schema-graph\">{\"@context\":\"https:\\\/\\\/schema.org\",\"@graph\":[{\"@type\":\"Article\",\"@id\":\"https:\\\/\\\/tiszacsege.hu\\\/?p=3828#article\",\"isPartOf\":{\"@id\":\"https:\\\/\\\/tiszacsege.hu\\\/?p=3828\"},\"author\":{\"name\":\"admin\",\"@id\":\"https:\\\/\\\/tiszacsege.hu\\\/#\\\/schema\\\/person\\\/ff2f4e3a9747199f545a2cf351f25334\"},\"headline\":\"\u00dcnnepi d\u00edszvil\u00e1g\u00edt\u00e1s\",\"datePublished\":\"2013-11-30T12:38:02+00:00\",\"mainEntityOfPage\":{\"@id\":\"https:\\\/\\\/tiszacsege.hu\\\/?p=3828\"},\"wordCount\":132,\"publisher\":{\"@id\":\"https:\\\/\\\/tiszacsege.hu\\\/#organization\"},\"image\":{\"@id\":\"https:\\\/\\\/tiszacsege.hu\\\/?p=3828#primaryimage\"},\"thumbnailUrl\":\"https:\\\/\\\/tiszacsege.hu\\\/wp-content\\\/uploads\\\/2013\\\/11\\\/DSC2228.jpg\",\"articleSection\":[\"Helyi h\u00edrek, t\u00e1j\u00e9koztat\u00f3k\"],\"inLanguage\":\"hu\"},{\"@type\":\"WebPage\",\"@id\":\"https:\\\/\\\/tiszacsege.hu\\\/?p=3828\",\"url\":\"https:\\\/\\\/tiszacsege.hu\\\/?p=3828\",\"name\":\"\u00dcnnepi d\u00edszvil\u00e1g\u00edt\u00e1s\",\"isPartOf\":{\"@id\":\"https:\\\/\\\/tiszacsege.hu\\\/#website\"},\"primaryImageOfPage\":{\"@id\":\"https:\\\/\\\/tiszacsege.hu\\\/?p=3828#primaryimage\"},\"image\":{\"@id\":\"https:\\\/\\\/tiszacsege.hu\\\/?p=3828#primaryimage\"},\"thumbnailUrl\":\"https:\\\/\\\/tiszacsege.hu\\\/wp-content\\\/uploads\\\/2013\\\/11\\\/DSC2228.jpg\",\"datePublished\":\"2013-11-30T12:38:02+00:00\",\"breadcrumb\":{\"@id\":\"https:\\\/\\\/tiszacsege.hu\\\/?p=3828#breadcrumb\"},\"inLanguage\":\"hu\",\"potentialAction\":[{\"@type\":\"ReadAction\",\"target\":[\"https:\\\/\\\/tiszacsege.hu\\\/?p=3828\"]}]},{\"@type\":\"ImageObject\",\"inLanguage\":\"hu\",\"@id\":\"https:\\\/\\\/tiszacsege.hu\\\/?p=3828#primaryimage\",\"url\":\"https:\\\/\\\/tiszacsege.hu\\\/wp-content\\\/uploads\\\/2013\\\/11\\\/DSC2228.jpg\",\"contentUrl\":\"https:\\\/\\\/tiszacsege.hu\\\/wp-content\\\/uploads\\\/2013\\\/11\\\/DSC2228.jpg\",\"width\":800,\"height\":536,\"caption\":\"A f\u0151 utc\u00e1n szerelik a vil\u00e1g\u00edt\u00f3 form\u00e1kat\"},{\"@type\":\"BreadcrumbList\",\"@id\":\"https:\\\/\\\/tiszacsege.hu\\\/?p=3828#breadcrumb\",\"itemListElement\":[{\"@type\":\"ListItem\",\"position\":1,\"name\":\"Kezd\u0151lap\",\"item\":\"https:\\\/\\\/tiszacsege.hu\\\/\"},{\"@type\":\"ListItem\",\"position\":2,\"name\":\"\u00dcnnepi d\u00edszvil\u00e1g\u00edt\u00e1s\"}]},{\"@type\":\"WebSite\",\"@id\":\"https:\\\/\\\/tiszacsege.hu\\\/#website\",\"url\":\"https:\\\/\\\/tiszacsege.hu\\\/\",\"name\":\"Tiszacsege\",\"description\":\"Tiszacsege hivatalos honlapja\",\"publisher\":{\"@id\":\"https:\\\/\\\/tiszacsege.hu\\\/#organization\"},\"potentialAction\":[{\"@type\":\"SearchAction\",\"target\":{\"@type\":\"EntryPoint\",\"urlTemplate\":\"https:\\\/\\\/tiszacsege.hu\\\/?s={search_term_string}\"},\"query-input\":{\"@type\":\"PropertyValueSpecification\",\"valueRequired\":true,\"valueName\":\"search_term_string\"}}],\"inLanguage\":\"hu\"},{\"@type\":\"Organization\",\"@id\":\"https:\\\/\\\/tiszacsege.hu\\\/#organization\",\"name\":\"Tiszacsege\",\"url\":\"https:\\\/\\\/tiszacsege.hu\\\/\",\"logo\":{\"@type\":\"ImageObject\",\"inLanguage\":\"hu\",\"@id\":\"https:\\\/\\\/tiszacsege.hu\\\/#\\\/schema\\\/logo\\\/image\\\/\",\"url\":\"https:\\\/\\\/tiszacsege.hu\\\/wp-content\\\/uploads\\\/2020\\\/10\\\/tiszacsege_logo_rovid2-1.png\",\"contentUrl\":\"https:\\\/\\\/tiszacsege.hu\\\/wp-content\\\/uploads\\\/2020\\\/10\\\/tiszacsege_logo_rovid2-1.png\",\"width\":500,\"height\":150,\"caption\":\"Tiszacsege\"},\"image\":{\"@id\":\"https:\\\/\\\/tiszacsege.hu\\\/#\\\/schema\\\/logo\\\/image\\\/\"},\"sameAs\":[\"https:\\\/\\\/www.facebook.com\\\/tiszacsegeonkormanyzata\"]},{\"@type\":\"Person\",\"@id\":\"https:\\\/\\\/tiszacsege.hu\\\/#\\\/schema\\\/person\\\/ff2f4e3a9747199f545a2cf351f25334\",\"name\":\"admin\",\"image\":{\"@type\":\"ImageObject\",\"inLanguage\":\"hu\",\"@id\":\"https:\\\/\\\/secure.gravatar.com\\\/avatar\\\/52224ccae048f9be8fd8d745a33eff630818f8bd5c43790479a2754dcef4b69b?s=96&d=mm&r=g\",\"url\":\"https:\\\/\\\/secure.gravatar.com\\\/avatar\\\/52224ccae048f9be8fd8d745a33eff630818f8bd5c43790479a2754dcef4b69b?s=96&d=mm&r=g\",\"contentUrl\":\"https:\\\/\\\/secure.gravatar.com\\\/avatar\\\/52224ccae048f9be8fd8d745a33eff630818f8bd5c43790479a2754dcef4b69b?s=96&d=mm&r=g\",\"caption\":\"admin\"},\"url\":\"https:\\\/\\\/tiszacsege.hu\\\/?author=1\"}]}<\/script>\n<!-- \/ Yoast SEO plugin. -->","yoast_head_json":{"title":"\u00dcnnepi d\u00edszvil\u00e1g\u00edt\u00e1s","robots":{"index":"index","follow":"follow","max-snippet":"max-snippet:-1","max-image-preview":"max-image-preview:large","max-video-preview":"max-video-preview:-1"},"canonical":"https:\/\/tiszacsege.hu\/?p=3828","og_locale":"hu_HU","og_type":"article","og_title":"\u00dcnnepi d\u00edszvil\u00e1g\u00edt\u00e1s","og_description":"Ism\u00e9t d\u00edszvil\u00e1g\u00edt\u00e1s a telep\u00fcl\u00e9sen. &nbsp; A kor\u00e1bbi \u00f6nkorm\u00e1nyzati vezet\u00e9s \u00fagy d\u00f6nt\u00f6tt, hogy anyagi helyzete miatt nem lesz d\u00edszvil\u00e1g\u00edt\u00e1s a v\u00e1rosban. Az\u00f3ta a korm\u00e1ny jelent\u0151s t\u00e1mogat\u00e1sa \u00e9s a jelenlegi vezet\u00e9s gazd\u00e1lkod\u00e1sa lehet\u0151v\u00e9 tette, hogy ism\u00e9t \u00fcnnepi d\u00edszbe \u00f6lt\u00f6zz\u00f6n a telep\u00fcl\u00e9s. A megl\u00e9v\u0151 mot\u00edvumok mell\u00e9 lehet\u0151s\u00e9g ny\u00edlt \u00fajabbak beszerz\u00e9s\u00e9re is. \u00a0 T\u00f6bb \u00e9v kimarad\u00e1s ut\u00e1n a mai [&hellip;]","og_url":"https:\/\/tiszacsege.hu\/?p=3828","og_site_name":"Tiszacsege","article_publisher":"https:\/\/www.facebook.com\/tiszacsegeonkormanyzata","article_published_time":"2013-11-30T12:38:02+00:00","og_image":[{"width":800,"height":536,"url":"https:\/\/tiszacsege.hu\/wp-content\/uploads\/2013\/11\/DSC2228.jpg","type":"image\/jpeg"}],"author":"admin","twitter_card":"summary_large_image","schema":{"@context":"https:\/\/schema.org","@graph":[{"@type":"Article","@id":"https:\/\/tiszacsege.hu\/?p=3828#article","isPartOf":{"@id":"https:\/\/tiszacsege.hu\/?p=3828"},"author":{"name":"admin","@id":"https:\/\/tiszacsege.hu\/#\/schema\/person\/ff2f4e3a9747199f545a2cf351f25334"},"headline":"\u00dcnnepi d\u00edszvil\u00e1g\u00edt\u00e1s","datePublished":"2013-11-30T12:38:02+00:00","mainEntityOfPage":{"@id":"https:\/\/tiszacsege.hu\/?p=3828"},"wordCount":132,"publisher":{"@id":"https:\/\/tiszacsege.hu\/#organization"},"image":{"@id":"https:\/\/tiszacsege.hu\/?p=3828#primaryimage"},"thumbnailUrl":"https:\/\/tiszacsege.hu\/wp-content\/uploads\/2013\/11\/DSC2228.jpg","articleSection":["Helyi h\u00edrek, t\u00e1j\u00e9koztat\u00f3k"],"inLanguage":"hu"},{"@type":"WebPage","@id":"https:\/\/tiszacsege.hu\/?p=3828","url":"https:\/\/tiszacsege.hu\/?p=3828","name":"\u00dcnnepi d\u00edszvil\u00e1g\u00edt\u00e1s","isPartOf":{"@id":"https:\/\/tiszacsege.hu\/#website"},"primaryImageOfPage":{"@id":"https:\/\/tiszacsege.hu\/?p=3828#primaryimage"},"image":{"@id":"https:\/\/tiszacsege.hu\/?p=3828#primaryimage"},"thumbnailUrl":"https:\/\/tiszacsege.hu\/wp-content\/uploads\/2013\/11\/DSC2228.jpg","datePublished":"2013-11-30T12:38:02+00:00","breadcrumb":{"@id":"https:\/\/tiszacsege.hu\/?p=3828#breadcrumb"},"inLanguage":"hu","potentialAction":[{"@type":"ReadAction","target":["https:\/\/tiszacsege.hu\/?p=3828"]}]},{"@type":"ImageObject","inLanguage":"hu","@id":"https:\/\/tiszacsege.hu\/?p=3828#primaryimage","url":"https:\/\/tiszacsege.hu\/wp-content\/uploads\/2013\/11\/DSC2228.jpg","contentUrl":"https:\/\/tiszacsege.hu\/wp-content\/uploads\/2013\/11\/DSC2228.jpg","width":800,"height":536,"caption":"A f\u0151 utc\u00e1n szerelik a vil\u00e1g\u00edt\u00f3 form\u00e1kat"},{"@type":"BreadcrumbList","@id":"https:\/\/tiszacsege.hu\/?p=3828#breadcrumb","itemListElement":[{"@type":"ListItem","position":1,"name":"Kezd\u0151lap","item":"https:\/\/tiszacsege.hu\/"},{"@type":"ListItem","position":2,"name":"\u00dcnnepi d\u00edszvil\u00e1g\u00edt\u00e1s"}]},{"@type":"WebSite","@id":"https:\/\/tiszacsege.hu\/#website","url":"https:\/\/tiszacsege.hu\/","name":"Tiszacsege","description":"Tiszacsege hivatalos honlapja","publisher":{"@id":"https:\/\/tiszacsege.hu\/#organization"},"potentialAction":[{"@type":"SearchAction","target":{"@type":"EntryPoint","urlTemplate":"https:\/\/tiszacsege.hu\/?s={search_term_string}"},"query-input":{"@type":"PropertyValueSpecification","valueRequired":true,"valueName":"search_term_string"}}],"inLanguage":"hu"},{"@type":"Organization","@id":"https:\/\/tiszacsege.hu\/#organization","name":"Tiszacsege","url":"https:\/\/tiszacsege.hu\/","logo":{"@type":"ImageObject","inLanguage":"hu","@id":"https:\/\/tiszacsege.hu\/#\/schema\/logo\/image\/","url":"https:\/\/tiszacsege.hu\/wp-content\/uploads\/2020\/10\/tiszacsege_logo_rovid2-1.png","contentUrl":"https:\/\/tiszacsege.hu\/wp-content\/uploads\/2020\/10\/tiszacsege_logo_rovid2-1.png","width":500,"height":150,"caption":"Tiszacsege"},"image":{"@id":"https:\/\/tiszacsege.hu\/#\/schema\/logo\/image\/"},"sameAs":["https:\/\/www.facebook.com\/tiszacsegeonkormanyzata"]},{"@type":"Person","@id":"https:\/\/tiszacsege.hu\/#\/schema\/person\/ff2f4e3a9747199f545a2cf351f25334","name":"admin","image":{"@type":"ImageObject","inLanguage":"hu","@id":"https:\/\/secure.gravatar.com\/avatar\/52224ccae048f9be8fd8d745a33eff630818f8bd5c43790479a2754dcef4b69b?s=96&d=mm&r=g","url":"https:\/\/secure.gravatar.com\/avatar\/52224ccae048f9be8fd8d745a33eff630818f8bd5c43790479a2754dcef4b69b?s=96&d=mm&r=g","contentUrl":"https:\/\/secure.gravatar.com\/avatar\/52224ccae048f9be8fd8d745a33eff630818f8bd5c43790479a2754dcef4b69b?s=96&d=mm&r=g","caption":"admin"},"url":"https:\/\/tiszacsege.hu\/?author=1"}]}},"_links":{"self":[{"href":"https:\/\/tiszacsege.hu\/index.php?rest_route=\/wp\/v2\/posts\/3828","targetHints":{"allow":["GET"]}}],"collection":[{"href":"https:\/\/tiszacsege.hu\/index.php?rest_route=\/wp\/v2\/posts"}],"about":[{"href":"https:\/\/tiszacsege.hu\/index.php?rest_route=\/wp\/v2\/types\/post"}],"author":[{"embeddable":true,"href":"https:\/\/tiszacsege.hu\/index.php?rest_route=\/wp\/v2\/users\/1"}],"replies":[{"embeddable":true,"href":"https:\/\/tiszacsege.hu\/index.php?rest_route=%2Fwp%2Fv2%2Fcomments&post=3828"}],"version-history":[{"count":4,"href":"https:\/\/tiszacsege.hu\/index.php?rest_route=\/wp\/v2\/posts\/3828\/revisions"}],"predecessor-version":[{"id":3833,"href":"https:\/\/tiszacsege.hu\/index.php?rest_route=\/wp\/v2\/posts\/3828\/revisions\/3833"}],"wp:featuredmedia":[{"embeddable":true,"href":"https:\/\/tiszacsege.hu\/index.php?rest_route=\/wp\/v2\/media\/3829"}],"wp:attachment":[{"href":"https:\/\/tiszacsege.hu\/index.php?rest_route=%2Fwp%2Fv2%2Fmedia&parent=3828"}],"wp:term":[{"taxonomy":"category","embeddable":true,"href":"https:\/\/tiszacsege.hu\/index.php?rest_route=%2Fwp%2Fv2%2Fcategories&post=3828"},{"taxonomy":"post_tag","embeddable":true,"href":"https:\/\/tiszacsege.hu\/index.php?rest_route=%2Fwp%2Fv2%2Ftags&post=3828"},{"taxonomy":"post_folder","embeddable":true,"href":"https:\/\/tiszacsege.hu\/index.php?rest_route=%2Fwp%2Fv2%2Fpost_folder&post=3828"}],"curies":[{"name":"wp","href":"https:\/\/api.w.org\/{rel}","templated":true}]}}