{"id":5022,"date":"2014-06-22T16:51:19","date_gmt":"2014-06-22T14:51:19","guid":{"rendered":"http:\/\/tiszacsege.hu\/?p=5022"},"modified":"2014-06-23T19:10:27","modified_gmt":"2014-06-23T17:10:27","slug":"soros-kepviselo-testuleti-ules-2014-junius-25","status":"publish","type":"post","link":"https:\/\/tiszacsege.hu\/?p=5022","title":{"rendered":"Soros K\u00e9pvisel\u0151-test\u00fcleti \u00fcl\u00e9s &#8211; 2014. j\u00fanius 25."},"content":{"rendered":"<p>Tiszacsege V\u00e1ros \u00d6nkorm\u00e1nyzata K\u00e9pvisel\u0151-test\u00fclete <b>soron k\u00f6vetkez\u0151<\/b> \u00fcl\u00e9s\u00e9t <b>2014. j\u00fanius 25-\u00e9n 15:00\u00a0\u00f3rai<\/b> <b>kezdettel<\/b>\u00a0a Polg\u00e1rmesteri Hivatal tan\u00e1cskoz\u00f3term\u00e9ben tartja.<\/p>\n<p>&nbsp;<\/p>\n<p>\u00a0Let\u00f6lthet\u0151 el\u0151terjeszt\u00e9s:\u00a0<a href=\"http:\/\/tiszacsege.hu\/wp-content\/uploads\/2014\/06\/testuleti_eloterjesztes_201406251.pdf\">testuleti_eloterjesztes_20140625<\/a>\u00a0(.pdf)<\/p>\n<h2>\u00a0<\/h2>\n<h2><b>Napirendi pont:<\/b><\/h2>\n<p>&nbsp;<\/p>\n<p>1.\/ \u00a0\u00a0\u00a0 Az \u00f6nkorm\u00e1nyzat 2014. \u00e9vi k\u00f6lts\u00e9gvet\u00e9s\u00e9r\u0151l sz\u00f3l\u00f3 5\/2014. (III.4.) \u00f6nkorm\u00e1nyzati rendelet m\u00f3dos\u00edt\u00e1s\u00e1r\u00f3l<\/p>\n<p>\u00a0\u00a0\u00a0\u00a0\u00a0\u00a0\u00a0\u00a0\u00a0 Ea.: Szil\u00e1gyi S\u00e1ndor polg\u00e1rmester<\/p>\n<p>&nbsp;<\/p>\n<p>2.\/\u00a0\u00a0\u00a0\u00a0 Javaslat a K\u00e9pvisel\u0151-test\u00fclet Szervezeti \u00e9s M\u0171k\u00f6d\u00e9si Szab\u00e1lyzat\u00e1r\u00f3l sz\u00f3l\u00f3 6\/2013.(II.18.) \u00f6nkorm\u00e1nyzati rendelete m\u00f3dos\u00edt\u00e1s\u00e1ra<\/p>\n<p>\u00a0\u00a0\u00a0\u00a0\u00a0\u00a0\u00a0\u00a0\u00a0 Ea.: Szil\u00e1gyi S\u00e1ndor polg\u00e1rmester<\/p>\n<p>&nbsp;<\/p>\n<p>3.\/\u00a0\u00a0\u00a0\u00a0 Javaslat a temet\u0151 haszn\u00e1lat\u00e1nak rendj\u00e9r\u0151l sz\u00f3l\u00f3 30\/2013.(XII.21.) \u00f6nkorm\u00e1nyzati rendelet m\u00f3dos\u00edt\u00e1s\u00e1ra<\/p>\n<p>\u00a0\u00a0\u00a0\u00a0\u00a0\u00a0\u00a0\u00a0\u00a0 Ea.: Szil\u00e1gyi S\u00e1ndor polg\u00e1rmester<\/p>\n<p>&nbsp;<\/p>\n<p>4.\/\u00a0\u00a0\u00a0\u00a0 Javaslat hullad\u00e9kgazd\u00e1lkod\u00e1si k\u00f6zszolg\u00e1ltat\u00e1si szerz\u0151d\u00e9s megk\u00f6t\u00e9s\u00e9re<\/p>\n<p>\u00a0\u00a0\u00a0\u00a0\u00a0\u00a0\u00a0\u00a0\u00a0 Ea.: Szil\u00e1gyi S\u00e1ndor polg\u00e1rmester<\/p>\n<p>&nbsp;<\/p>\n<p>5.\/\u00a0\u00a0\u00a0\u00a0 Javaslat igazgat\u00e1si sz\u00fcnet elrendel\u00e9s\u00e9re<\/p>\n<p>\u00a0\u00a0\u00a0\u00a0\u00a0\u00a0\u00a0\u00a0\u00a0 Ea.: Szil\u00e1gyi S\u00e1ndor polg\u00e1rmester<\/p>\n<p>&nbsp;<\/p>\n<p>6.\/\u00a0\u00a0\u00a0\u00a0 Tiszacsege V\u00e1ros \u00d6nkorm\u00e1nyzata K\u00e9pvisel\u0151-test\u00fclet 2014. II. f\u00e9l\u00e9vi munkaterv\u00e9nek elfogad\u00e1sa<\/p>\n<p>\u00a0\u00a0\u00a0\u00a0\u00a0\u00a0\u00a0\u00a0\u00a0 Ea.: Szil\u00e1gyi S\u00e1ndor polg\u00e1rmester<\/p>\n<p>&nbsp;<\/p>\n<p>7.\/\u00a0\u00a0\u00a0\u00a0 Besz\u00e1mol\u00f3 a Balmaz\u00fajv\u00e1rosi Kist\u00e9rs\u00e9g T\u00f6bbc\u00e9l\u00fa T\u00e1rsul\u00e1s keret\u00e9ben 2013 \u00e9vben ell\u00e1tott munk\u00e1r\u00f3l<\/p>\n<p>\u00a0\u00a0\u00a0\u00a0\u00a0\u00a0\u00a0\u00a0\u00a0 Ea.: Szil\u00e1gyi S\u00e1ndor polg\u00e1rmester<\/p>\n<p>&nbsp;<\/p>\n<p>8.\/\u00a0\u00a0\u00a0\u00a0 Besz\u00e1mol\u00f3 a Kommun\u00e1lis Szolg\u00e1ltat\u00f3 Szervezet 2013. \u00e9vi munk\u00e1j\u00e1r\u00f3l<\/p>\n<p>\u00a0\u00a0\u00a0\u00a0\u00a0\u00a0\u00a0\u00a0\u00a0 Ea.: Ol\u00e1h Lajos mb. int\u00e9zm\u00e9nyvezet\u0151<\/p>\n<p>&nbsp;<\/p>\n<p>9.\/\u00a0\u00a0\u00a0\u00a0 Besz\u00e1mol\u00f3 a Tourinform Tiszacsege iroda szakmai munk\u00e1j\u00e1r\u00f3l<\/p>\n<p>\u00a0\u00a0\u00a0\u00a0\u00a0\u00a0\u00a0\u00a0\u00a0 Ea.: Szil\u00e1gyi S\u00e1ndor polg\u00e1rmester<\/p>\n<p>&nbsp;<\/p>\n<p>10.\/\u00a0\u00a0 K\u00f6zbeszerz\u00e9si felh\u00edv\u00e1s elfogad\u00e1sa k\u00f6z\u00e9tkeztet\u00e9sre<\/p>\n<p>\u00a0\u00a0\u00a0\u00a0\u00a0\u00a0\u00a0\u00a0\u00a0 Ea.: Szil\u00e1gyi S\u00e1ndor polg\u00e1rmester<\/p>\n<p>&nbsp;<\/p>\n<p>\u00a0\u00a0<\/p>\n<p>11.\/\u00a0\u00a0 T\u00e1j\u00e9koztat\u00f3 Tiszacsege V\u00e1ros \u00d6nkorm\u00e1nyzat \u00e9s int\u00e9zm\u00e9nyei sz\u00e1ll\u00edt\u00f3i \u00e1llom\u00e1ny\u00e1r\u00f3l<\/p>\n<p>\u00a0\u00a0\u00a0\u00a0\u00a0\u00a0\u00a0\u00a0\u00a0 Ea.: Szil\u00e1gyi S\u00e1ndor polg\u00e1rmester<\/p>\n<p>&nbsp;<\/p>\n<p>12.\/\u00a0\u00a0 Besz\u00e1mol\u00f3 Tiszacsege V\u00e1ros \u00d6nkorm\u00e1nyzata Polg\u00e1rmesteri Hivatala 2014 \u00e1prilis \u00e9s m\u00e1jus h\u00f3napban v\u00e9gzett munk\u00e1j\u00e1r\u00f3l<\/p>\n<p>\u00a0\u00a0\u00a0\u00a0\u00a0\u00a0\u00a0\u00a0\u00a0 Ea.: F\u00fczesin\u00e9 Nagy Zita jegyz\u0151<\/p>\n<p>&nbsp;<\/p>\n<p>13.\/\u00a0\u00a0 Az I. Tiszacsegei Halnapok rendezv\u00e9nysorozat keret\u00e9n bel\u00fcl rendezend\u0151 VII. \u201eTiszacsegei Hal\u00e1szl\u00e9 Fesztiv\u00e1l\u201d \u00e9s a II. \u201eTiszacsegei Harcsapaprik\u00e1s F\u0151z\u0151 Fesztiv\u00e1l\u201d rendezv\u00e9ny megtart\u00e1s\u00e1hoz \u00f6nkorm\u00e1nyzati ter\u00fcletek ig\u00e9nyl\u00e9se<\/p>\n<p>\u00a0\u00a0\u00a0\u00a0\u00a0\u00a0\u00a0\u00a0\u00a0 Ea.: Szil\u00e1gyi S\u00e1ndor polg\u00e1rmester<\/p>\n<p>&nbsp;<\/p>\n<p>14.\/\u00a0\u00a0 T\u00f3th Zolt\u00e1n, 4066 Tiszacsege, F\u0151 u. 13. sz\u00e1m alatti lakos k\u00e9relme<\/p>\n<p>\u00a0\u00a0\u00a0\u00a0\u00a0\u00a0\u00a0\u00a0\u00a0 Ea.: Szil\u00e1gyi S\u00e1ndor polg\u00e1rmester<\/p>\n<p>&nbsp;<\/p>\n<p>15.\/\u00a0\u00a0 Polg\u00e1rmesteri jelent\u00e9s<\/p>\n<p>\u00a0\u00a0\u00a0\u00a0\u00a0\u00a0\u00a0\u00a0\u00a0 Ea.: Szil\u00e1gyi S\u00e1ndor polg\u00e1rmester<\/p>\n<p>&nbsp;<\/p>\n<p>16.\/\u00a0\u00a0 K\u00fcl\u00f6nf\u00e9l\u00e9k<\/p>\n<p>&nbsp;<\/p>\n<p>a.)\u00a0\u00a0\u00a0\u00a0\u00a0\u00a0\u00a0\u00a0\u00a0\u00a0 \u00a0\u00a0\u00a0\u00a0\u00a0\u00a0Hajd\u00fa-Bihar Megye Szoci\u00e1lis Sz\u00f6vetkezetben tagk\u00e9nt val\u00f3 r\u00e9szv\u00e9tel<\/p>\n<p>Ea.: Szil\u00e1gyi S\u00e1ndor polg\u00e1rmester<\/p>\n<p>&nbsp;<\/p>\n<p>&nbsp;<\/p>\n<p>Tiszacsege, 2014. j\u00fanius 20.<\/p>\n<p>&nbsp;<\/p>\n<p style=\"text-align: right;\">Tisztelettel:\u00a0Szil\u00e1gyi S\u00e1ndor\u00a0polg\u00e1rmester<\/p>\n","protected":false},"excerpt":{"rendered":"<p>Tiszacsege V\u00e1ros \u00d6nkorm\u00e1nyzata K\u00e9pvisel\u0151-test\u00fclete soron k\u00f6vetkez\u0151 \u00fcl\u00e9s\u00e9t 2014. j\u00fanius 25-\u00e9n 15:00\u00a0\u00f3rai kezdettel\u00a0a Polg\u00e1rmesteri Hivatal tan\u00e1cskoz\u00f3term\u00e9ben tartja. &nbsp; \u00a0Let\u00f6lthet\u0151 el\u0151terjeszt\u00e9s:\u00a0testuleti_eloterjesztes_20140625\u00a0(.pdf) \u00a0 Napirendi pont: &nbsp; 1.\/ \u00a0\u00a0\u00a0 Az \u00f6nkorm\u00e1nyzat 2014. \u00e9vi k\u00f6lts\u00e9gvet\u00e9s\u00e9r\u0151l sz\u00f3l\u00f3 5\/2014. (III.4.) \u00f6nkorm\u00e1nyzati rendelet m\u00f3dos\u00edt\u00e1s\u00e1r\u00f3l \u00a0\u00a0\u00a0\u00a0\u00a0\u00a0\u00a0\u00a0\u00a0 Ea.: Szil\u00e1gyi S\u00e1ndor polg\u00e1rmester &nbsp; 2.\/\u00a0\u00a0\u00a0\u00a0 Javaslat a K\u00e9pvisel\u0151-test\u00fclet Szervezeti \u00e9s M\u0171k\u00f6d\u00e9si Szab\u00e1lyzat\u00e1r\u00f3l sz\u00f3l\u00f3 6\/2013.(II.18.) \u00f6nkorm\u00e1nyzati rendelete m\u00f3dos\u00edt\u00e1s\u00e1ra [&hellip;]<\/p>\n","protected":false},"author":1,"featured_media":1423,"comment_status":"closed","ping_status":"open","sticky":false,"template":"","format":"standard","meta":{"_editorskit_title_hidden":false,"_editorskit_reading_time":0,"_editorskit_is_block_options_detached":false,"_editorskit_block_options_position":"{}","_crdt_document":"","footnotes":""},"categories":[1,5],"tags":[],"post_folder":[],"class_list":["post-5022","post","type-post","status-publish","format-standard","has-post-thumbnail","hentry","category-hirek","category-testuleti_eloterjesztesek"],"yoast_head":"<!-- This site is optimized with the Yoast SEO plugin v27.4 - https:\/\/yoast.com\/product\/yoast-seo-wordpress\/ -->\n<title>Soros K\u00e9pvisel\u0151-test\u00fcleti \u00fcl\u00e9s - 2014. j\u00fanius 25.<\/title>\n<meta name=\"robots\" content=\"index, follow, max-snippet:-1, max-image-preview:large, max-video-preview:-1\" \/>\n<link rel=\"canonical\" href=\"https:\/\/tiszacsege.hu\/?p=5022\" \/>\n<meta property=\"og:locale\" content=\"hu_HU\" \/>\n<meta property=\"og:type\" content=\"article\" \/>\n<meta property=\"og:title\" content=\"Soros K\u00e9pvisel\u0151-test\u00fcleti \u00fcl\u00e9s - 2014. j\u00fanius 25.\" \/>\n<meta property=\"og:description\" content=\"Tiszacsege V\u00e1ros \u00d6nkorm\u00e1nyzata K\u00e9pvisel\u0151-test\u00fclete soron k\u00f6vetkez\u0151 \u00fcl\u00e9s\u00e9t 2014. j\u00fanius 25-\u00e9n 15:00\u00a0\u00f3rai kezdettel\u00a0a Polg\u00e1rmesteri Hivatal tan\u00e1cskoz\u00f3term\u00e9ben tartja. &nbsp; \u00a0Let\u00f6lthet\u0151 el\u0151terjeszt\u00e9s:\u00a0testuleti_eloterjesztes_20140625\u00a0(.pdf) \u00a0 Napirendi pont: &nbsp; 1.\/ \u00a0\u00a0\u00a0 Az \u00f6nkorm\u00e1nyzat 2014. \u00e9vi k\u00f6lts\u00e9gvet\u00e9s\u00e9r\u0151l sz\u00f3l\u00f3 5\/2014. (III.4.) \u00f6nkorm\u00e1nyzati rendelet m\u00f3dos\u00edt\u00e1s\u00e1r\u00f3l \u00a0\u00a0\u00a0\u00a0\u00a0\u00a0\u00a0\u00a0\u00a0 Ea.: Szil\u00e1gyi S\u00e1ndor polg\u00e1rmester &nbsp; 2.\/\u00a0\u00a0\u00a0\u00a0 Javaslat a K\u00e9pvisel\u0151-test\u00fclet Szervezeti \u00e9s M\u0171k\u00f6d\u00e9si Szab\u00e1lyzat\u00e1r\u00f3l sz\u00f3l\u00f3 6\/2013.(II.18.) \u00f6nkorm\u00e1nyzati rendelete m\u00f3dos\u00edt\u00e1s\u00e1ra [&hellip;]\" \/>\n<meta property=\"og:url\" content=\"https:\/\/tiszacsege.hu\/?p=5022\" \/>\n<meta property=\"og:site_name\" content=\"Tiszacsege\" \/>\n<meta property=\"article:publisher\" content=\"https:\/\/www.facebook.com\/tiszacsegeonkormanyzata\" \/>\n<meta property=\"article:published_time\" content=\"2014-06-22T14:51:19+00:00\" \/>\n<meta property=\"article:modified_time\" content=\"2014-06-23T17:10:27+00:00\" \/>\n<meta property=\"og:image\" content=\"https:\/\/tiszacsege.hu\/wp-content\/uploads\/2012\/11\/tiszacsege_onkormanyzat.jpg\" \/>\n\t<meta property=\"og:image:width\" content=\"300\" \/>\n\t<meta property=\"og:image:height\" content=\"165\" \/>\n\t<meta property=\"og:image:type\" content=\"image\/jpeg\" \/>\n<meta name=\"author\" content=\"admin\" \/>\n<meta name=\"twitter:card\" content=\"summary_large_image\" \/>\n<script type=\"application\/ld+json\" class=\"yoast-schema-graph\">{\"@context\":\"https:\\\/\\\/schema.org\",\"@graph\":[{\"@type\":\"Article\",\"@id\":\"https:\\\/\\\/tiszacsege.hu\\\/?p=5022#article\",\"isPartOf\":{\"@id\":\"https:\\\/\\\/tiszacsege.hu\\\/?p=5022\"},\"author\":{\"name\":\"admin\",\"@id\":\"https:\\\/\\\/tiszacsege.hu\\\/#\\\/schema\\\/person\\\/ff2f4e3a9747199f545a2cf351f25334\"},\"headline\":\"Soros K\u00e9pvisel\u0151-test\u00fcleti \u00fcl\u00e9s &#8211; 2014. j\u00fanius 25.\",\"datePublished\":\"2014-06-22T14:51:19+00:00\",\"dateModified\":\"2014-06-23T17:10:27+00:00\",\"mainEntityOfPage\":{\"@id\":\"https:\\\/\\\/tiszacsege.hu\\\/?p=5022\"},\"wordCount\":479,\"publisher\":{\"@id\":\"https:\\\/\\\/tiszacsege.hu\\\/#organization\"},\"image\":{\"@id\":\"https:\\\/\\\/tiszacsege.hu\\\/?p=5022#primaryimage\"},\"thumbnailUrl\":\"https:\\\/\\\/tiszacsege.hu\\\/wp-content\\\/uploads\\\/2012\\\/11\\\/tiszacsege_onkormanyzat.jpg\",\"articleSection\":[\"Helyi h\u00edrek, t\u00e1j\u00e9koztat\u00f3k\",\"Test\u00fcleti \u00fcl\u00e9sek, el\u0151terjeszt\u00e9sek\"],\"inLanguage\":\"hu\"},{\"@type\":\"WebPage\",\"@id\":\"https:\\\/\\\/tiszacsege.hu\\\/?p=5022\",\"url\":\"https:\\\/\\\/tiszacsege.hu\\\/?p=5022\",\"name\":\"Soros K\u00e9pvisel\u0151-test\u00fcleti \u00fcl\u00e9s - 2014. j\u00fanius 25.\",\"isPartOf\":{\"@id\":\"https:\\\/\\\/tiszacsege.hu\\\/#website\"},\"primaryImageOfPage\":{\"@id\":\"https:\\\/\\\/tiszacsege.hu\\\/?p=5022#primaryimage\"},\"image\":{\"@id\":\"https:\\\/\\\/tiszacsege.hu\\\/?p=5022#primaryimage\"},\"thumbnailUrl\":\"https:\\\/\\\/tiszacsege.hu\\\/wp-content\\\/uploads\\\/2012\\\/11\\\/tiszacsege_onkormanyzat.jpg\",\"datePublished\":\"2014-06-22T14:51:19+00:00\",\"dateModified\":\"2014-06-23T17:10:27+00:00\",\"breadcrumb\":{\"@id\":\"https:\\\/\\\/tiszacsege.hu\\\/?p=5022#breadcrumb\"},\"inLanguage\":\"hu\",\"potentialAction\":[{\"@type\":\"ReadAction\",\"target\":[\"https:\\\/\\\/tiszacsege.hu\\\/?p=5022\"]}]},{\"@type\":\"ImageObject\",\"inLanguage\":\"hu\",\"@id\":\"https:\\\/\\\/tiszacsege.hu\\\/?p=5022#primaryimage\",\"url\":\"https:\\\/\\\/tiszacsege.hu\\\/wp-content\\\/uploads\\\/2012\\\/11\\\/tiszacsege_onkormanyzat.jpg\",\"contentUrl\":\"https:\\\/\\\/tiszacsege.hu\\\/wp-content\\\/uploads\\\/2012\\\/11\\\/tiszacsege_onkormanyzat.jpg\",\"width\":\"300\",\"height\":\"165\"},{\"@type\":\"BreadcrumbList\",\"@id\":\"https:\\\/\\\/tiszacsege.hu\\\/?p=5022#breadcrumb\",\"itemListElement\":[{\"@type\":\"ListItem\",\"position\":1,\"name\":\"Kezd\u0151lap\",\"item\":\"https:\\\/\\\/tiszacsege.hu\\\/\"},{\"@type\":\"ListItem\",\"position\":2,\"name\":\"Soros K\u00e9pvisel\u0151-test\u00fcleti \u00fcl\u00e9s &#8211; 2014. j\u00fanius 25.\"}]},{\"@type\":\"WebSite\",\"@id\":\"https:\\\/\\\/tiszacsege.hu\\\/#website\",\"url\":\"https:\\\/\\\/tiszacsege.hu\\\/\",\"name\":\"Tiszacsege\",\"description\":\"Tiszacsege hivatalos honlapja\",\"publisher\":{\"@id\":\"https:\\\/\\\/tiszacsege.hu\\\/#organization\"},\"potentialAction\":[{\"@type\":\"SearchAction\",\"target\":{\"@type\":\"EntryPoint\",\"urlTemplate\":\"https:\\\/\\\/tiszacsege.hu\\\/?s={search_term_string}\"},\"query-input\":{\"@type\":\"PropertyValueSpecification\",\"valueRequired\":true,\"valueName\":\"search_term_string\"}}],\"inLanguage\":\"hu\"},{\"@type\":\"Organization\",\"@id\":\"https:\\\/\\\/tiszacsege.hu\\\/#organization\",\"name\":\"Tiszacsege\",\"url\":\"https:\\\/\\\/tiszacsege.hu\\\/\",\"logo\":{\"@type\":\"ImageObject\",\"inLanguage\":\"hu\",\"@id\":\"https:\\\/\\\/tiszacsege.hu\\\/#\\\/schema\\\/logo\\\/image\\\/\",\"url\":\"https:\\\/\\\/tiszacsege.hu\\\/wp-content\\\/uploads\\\/2020\\\/10\\\/tiszacsege_logo_rovid2-1.png\",\"contentUrl\":\"https:\\\/\\\/tiszacsege.hu\\\/wp-content\\\/uploads\\\/2020\\\/10\\\/tiszacsege_logo_rovid2-1.png\",\"width\":500,\"height\":150,\"caption\":\"Tiszacsege\"},\"image\":{\"@id\":\"https:\\\/\\\/tiszacsege.hu\\\/#\\\/schema\\\/logo\\\/image\\\/\"},\"sameAs\":[\"https:\\\/\\\/www.facebook.com\\\/tiszacsegeonkormanyzata\"]},{\"@type\":\"Person\",\"@id\":\"https:\\\/\\\/tiszacsege.hu\\\/#\\\/schema\\\/person\\\/ff2f4e3a9747199f545a2cf351f25334\",\"name\":\"admin\",\"image\":{\"@type\":\"ImageObject\",\"inLanguage\":\"hu\",\"@id\":\"https:\\\/\\\/secure.gravatar.com\\\/avatar\\\/52224ccae048f9be8fd8d745a33eff630818f8bd5c43790479a2754dcef4b69b?s=96&d=mm&r=g\",\"url\":\"https:\\\/\\\/secure.gravatar.com\\\/avatar\\\/52224ccae048f9be8fd8d745a33eff630818f8bd5c43790479a2754dcef4b69b?s=96&d=mm&r=g\",\"contentUrl\":\"https:\\\/\\\/secure.gravatar.com\\\/avatar\\\/52224ccae048f9be8fd8d745a33eff630818f8bd5c43790479a2754dcef4b69b?s=96&d=mm&r=g\",\"caption\":\"admin\"},\"url\":\"https:\\\/\\\/tiszacsege.hu\\\/?author=1\"}]}<\/script>\n<!-- \/ Yoast SEO plugin. -->","yoast_head_json":{"title":"Soros K\u00e9pvisel\u0151-test\u00fcleti \u00fcl\u00e9s - 2014. j\u00fanius 25.","robots":{"index":"index","follow":"follow","max-snippet":"max-snippet:-1","max-image-preview":"max-image-preview:large","max-video-preview":"max-video-preview:-1"},"canonical":"https:\/\/tiszacsege.hu\/?p=5022","og_locale":"hu_HU","og_type":"article","og_title":"Soros K\u00e9pvisel\u0151-test\u00fcleti \u00fcl\u00e9s - 2014. j\u00fanius 25.","og_description":"Tiszacsege V\u00e1ros \u00d6nkorm\u00e1nyzata K\u00e9pvisel\u0151-test\u00fclete soron k\u00f6vetkez\u0151 \u00fcl\u00e9s\u00e9t 2014. j\u00fanius 25-\u00e9n 15:00\u00a0\u00f3rai kezdettel\u00a0a Polg\u00e1rmesteri Hivatal tan\u00e1cskoz\u00f3term\u00e9ben tartja. &nbsp; \u00a0Let\u00f6lthet\u0151 el\u0151terjeszt\u00e9s:\u00a0testuleti_eloterjesztes_20140625\u00a0(.pdf) \u00a0 Napirendi pont: &nbsp; 1.\/ \u00a0\u00a0\u00a0 Az \u00f6nkorm\u00e1nyzat 2014. \u00e9vi k\u00f6lts\u00e9gvet\u00e9s\u00e9r\u0151l sz\u00f3l\u00f3 5\/2014. (III.4.) \u00f6nkorm\u00e1nyzati rendelet m\u00f3dos\u00edt\u00e1s\u00e1r\u00f3l \u00a0\u00a0\u00a0\u00a0\u00a0\u00a0\u00a0\u00a0\u00a0 Ea.: Szil\u00e1gyi S\u00e1ndor polg\u00e1rmester &nbsp; 2.\/\u00a0\u00a0\u00a0\u00a0 Javaslat a K\u00e9pvisel\u0151-test\u00fclet Szervezeti \u00e9s M\u0171k\u00f6d\u00e9si Szab\u00e1lyzat\u00e1r\u00f3l sz\u00f3l\u00f3 6\/2013.(II.18.) \u00f6nkorm\u00e1nyzati rendelete m\u00f3dos\u00edt\u00e1s\u00e1ra [&hellip;]","og_url":"https:\/\/tiszacsege.hu\/?p=5022","og_site_name":"Tiszacsege","article_publisher":"https:\/\/www.facebook.com\/tiszacsegeonkormanyzata","article_published_time":"2014-06-22T14:51:19+00:00","article_modified_time":"2014-06-23T17:10:27+00:00","og_image":[{"width":300,"height":165,"url":"https:\/\/tiszacsege.hu\/wp-content\/uploads\/2012\/11\/tiszacsege_onkormanyzat.jpg","type":"image\/jpeg"}],"author":"admin","twitter_card":"summary_large_image","schema":{"@context":"https:\/\/schema.org","@graph":[{"@type":"Article","@id":"https:\/\/tiszacsege.hu\/?p=5022#article","isPartOf":{"@id":"https:\/\/tiszacsege.hu\/?p=5022"},"author":{"name":"admin","@id":"https:\/\/tiszacsege.hu\/#\/schema\/person\/ff2f4e3a9747199f545a2cf351f25334"},"headline":"Soros K\u00e9pvisel\u0151-test\u00fcleti \u00fcl\u00e9s &#8211; 2014. j\u00fanius 25.","datePublished":"2014-06-22T14:51:19+00:00","dateModified":"2014-06-23T17:10:27+00:00","mainEntityOfPage":{"@id":"https:\/\/tiszacsege.hu\/?p=5022"},"wordCount":479,"publisher":{"@id":"https:\/\/tiszacsege.hu\/#organization"},"image":{"@id":"https:\/\/tiszacsege.hu\/?p=5022#primaryimage"},"thumbnailUrl":"https:\/\/tiszacsege.hu\/wp-content\/uploads\/2012\/11\/tiszacsege_onkormanyzat.jpg","articleSection":["Helyi h\u00edrek, t\u00e1j\u00e9koztat\u00f3k","Test\u00fcleti \u00fcl\u00e9sek, el\u0151terjeszt\u00e9sek"],"inLanguage":"hu"},{"@type":"WebPage","@id":"https:\/\/tiszacsege.hu\/?p=5022","url":"https:\/\/tiszacsege.hu\/?p=5022","name":"Soros K\u00e9pvisel\u0151-test\u00fcleti \u00fcl\u00e9s - 2014. j\u00fanius 25.","isPartOf":{"@id":"https:\/\/tiszacsege.hu\/#website"},"primaryImageOfPage":{"@id":"https:\/\/tiszacsege.hu\/?p=5022#primaryimage"},"image":{"@id":"https:\/\/tiszacsege.hu\/?p=5022#primaryimage"},"thumbnailUrl":"https:\/\/tiszacsege.hu\/wp-content\/uploads\/2012\/11\/tiszacsege_onkormanyzat.jpg","datePublished":"2014-06-22T14:51:19+00:00","dateModified":"2014-06-23T17:10:27+00:00","breadcrumb":{"@id":"https:\/\/tiszacsege.hu\/?p=5022#breadcrumb"},"inLanguage":"hu","potentialAction":[{"@type":"ReadAction","target":["https:\/\/tiszacsege.hu\/?p=5022"]}]},{"@type":"ImageObject","inLanguage":"hu","@id":"https:\/\/tiszacsege.hu\/?p=5022#primaryimage","url":"https:\/\/tiszacsege.hu\/wp-content\/uploads\/2012\/11\/tiszacsege_onkormanyzat.jpg","contentUrl":"https:\/\/tiszacsege.hu\/wp-content\/uploads\/2012\/11\/tiszacsege_onkormanyzat.jpg","width":"300","height":"165"},{"@type":"BreadcrumbList","@id":"https:\/\/tiszacsege.hu\/?p=5022#breadcrumb","itemListElement":[{"@type":"ListItem","position":1,"name":"Kezd\u0151lap","item":"https:\/\/tiszacsege.hu\/"},{"@type":"ListItem","position":2,"name":"Soros K\u00e9pvisel\u0151-test\u00fcleti \u00fcl\u00e9s &#8211; 2014. j\u00fanius 25."}]},{"@type":"WebSite","@id":"https:\/\/tiszacsege.hu\/#website","url":"https:\/\/tiszacsege.hu\/","name":"Tiszacsege","description":"Tiszacsege hivatalos honlapja","publisher":{"@id":"https:\/\/tiszacsege.hu\/#organization"},"potentialAction":[{"@type":"SearchAction","target":{"@type":"EntryPoint","urlTemplate":"https:\/\/tiszacsege.hu\/?s={search_term_string}"},"query-input":{"@type":"PropertyValueSpecification","valueRequired":true,"valueName":"search_term_string"}}],"inLanguage":"hu"},{"@type":"Organization","@id":"https:\/\/tiszacsege.hu\/#organization","name":"Tiszacsege","url":"https:\/\/tiszacsege.hu\/","logo":{"@type":"ImageObject","inLanguage":"hu","@id":"https:\/\/tiszacsege.hu\/#\/schema\/logo\/image\/","url":"https:\/\/tiszacsege.hu\/wp-content\/uploads\/2020\/10\/tiszacsege_logo_rovid2-1.png","contentUrl":"https:\/\/tiszacsege.hu\/wp-content\/uploads\/2020\/10\/tiszacsege_logo_rovid2-1.png","width":500,"height":150,"caption":"Tiszacsege"},"image":{"@id":"https:\/\/tiszacsege.hu\/#\/schema\/logo\/image\/"},"sameAs":["https:\/\/www.facebook.com\/tiszacsegeonkormanyzata"]},{"@type":"Person","@id":"https:\/\/tiszacsege.hu\/#\/schema\/person\/ff2f4e3a9747199f545a2cf351f25334","name":"admin","image":{"@type":"ImageObject","inLanguage":"hu","@id":"https:\/\/secure.gravatar.com\/avatar\/52224ccae048f9be8fd8d745a33eff630818f8bd5c43790479a2754dcef4b69b?s=96&d=mm&r=g","url":"https:\/\/secure.gravatar.com\/avatar\/52224ccae048f9be8fd8d745a33eff630818f8bd5c43790479a2754dcef4b69b?s=96&d=mm&r=g","contentUrl":"https:\/\/secure.gravatar.com\/avatar\/52224ccae048f9be8fd8d745a33eff630818f8bd5c43790479a2754dcef4b69b?s=96&d=mm&r=g","caption":"admin"},"url":"https:\/\/tiszacsege.hu\/?author=1"}]}},"_links":{"self":[{"href":"https:\/\/tiszacsege.hu\/index.php?rest_route=\/wp\/v2\/posts\/5022","targetHints":{"allow":["GET"]}}],"collection":[{"href":"https:\/\/tiszacsege.hu\/index.php?rest_route=\/wp\/v2\/posts"}],"about":[{"href":"https:\/\/tiszacsege.hu\/index.php?rest_route=\/wp\/v2\/types\/post"}],"author":[{"embeddable":true,"href":"https:\/\/tiszacsege.hu\/index.php?rest_route=\/wp\/v2\/users\/1"}],"replies":[{"embeddable":true,"href":"https:\/\/tiszacsege.hu\/index.php?rest_route=%2Fwp%2Fv2%2Fcomments&post=5022"}],"version-history":[{"count":4,"href":"https:\/\/tiszacsege.hu\/index.php?rest_route=\/wp\/v2\/posts\/5022\/revisions"}],"predecessor-version":[{"id":5042,"href":"https:\/\/tiszacsege.hu\/index.php?rest_route=\/wp\/v2\/posts\/5022\/revisions\/5042"}],"wp:featuredmedia":[{"embeddable":true,"href":"https:\/\/tiszacsege.hu\/index.php?rest_route=\/wp\/v2\/media\/1423"}],"wp:attachment":[{"href":"https:\/\/tiszacsege.hu\/index.php?rest_route=%2Fwp%2Fv2%2Fmedia&parent=5022"}],"wp:term":[{"taxonomy":"category","embeddable":true,"href":"https:\/\/tiszacsege.hu\/index.php?rest_route=%2Fwp%2Fv2%2Fcategories&post=5022"},{"taxonomy":"post_tag","embeddable":true,"href":"https:\/\/tiszacsege.hu\/index.php?rest_route=%2Fwp%2Fv2%2Ftags&post=5022"},{"taxonomy":"post_folder","embeddable":true,"href":"https:\/\/tiszacsege.hu\/index.php?rest_route=%2Fwp%2Fv2%2Fpost_folder&post=5022"}],"curies":[{"name":"wp","href":"https:\/\/api.w.org\/{rel}","templated":true}]}}