{"id":5053,"date":"2014-06-24T13:09:28","date_gmt":"2014-06-24T11:09:28","guid":{"rendered":"http:\/\/tiszacsege.hu\/?p=5053"},"modified":"2015-05-28T21:51:39","modified_gmt":"2015-05-28T19:51:39","slug":"tajekoztato-a-nyari-diakmunka-elosegitese-2014-program-inditasarol","status":"publish","type":"post","link":"https:\/\/tiszacsege.hu\/?p=5053","title":{"rendered":"T\u00c1J\u00c9KOZTAT\u00d3  a \u201eNy\u00e1ri di\u00e1kmunka el\u0151seg\u00edt\u00e9se 2014.\u201d  program ind\u00edt\u00e1s\u00e1r\u00f3l"},"content":{"rendered":"<p>A Nemzetgazdas\u00e1gi Miniszt\u00e9rium a f\u0151v\u00e1rosi\/megyei korm\u00e1nyhivatalok munka\u00fcgyi k\u00f6zpontjai \u00e9s a j\u00e1r\u00e1si hivatalok j\u00e1r\u00e1si munka\u00fcgyi kirendelts\u00e9gei megval\u00f3s\u00edt\u00e1s\u00e1val \u201eA ny\u00e1ri di\u00e1kmunka el\u0151seg\u00edt\u00e9se 2014\u201d elnevez\u00e9ssel munkaer\u0151-piaci programot ind\u00edt.<\/p>\n<p>&nbsp;<\/p>\n<p>A program c\u00e9lja a korai munkatapasztalat \u00e9s munkaj\u00f6vedelem szerz\u00e9s el\u0151seg\u00edt\u00e9se.<\/p>\n<p>&nbsp;<\/p>\n<p>A program c\u00e9lcsoportj\u00e1ba azok a 16-25 \u00e9v k\u00f6z\u00f6tti, nappali tagozaton, tanul\u00f3i, vagy hallgat\u00f3i jogviszonnyal rendelkez\u0151 di\u00e1kok tartoznak, akik nem rendelkeznek sem v\u00e1llalkoz\u00f3i, sem egy\u00e9b, foglalkoztat\u00e1sra ir\u00e1nyul\u00f3 jogviszonnyal.<\/p>\n<p>&nbsp;<\/p>\n<p>A program keret\u00e9ben lehet\u0151s\u00e9g van \u00d6nkorm\u00e1nyzatunkn\u00e1l di\u00e1kok foglalkoztat\u00e1s\u00e1ra napi 6 \u00f3r\u00e1s munkaviszony keret\u00e9ben.<\/p>\n<p>&nbsp;<\/p>\n<p>A programhoz csatlakoz\u00e1s el\u0151felt\u00e9tele, hogy a nappali tagozatos di\u00e1k a Balmaz\u00fajv\u00e1rosi J\u00e1r\u00e1si Hivatali Munka\u00fcgyi Kirendelts\u00e9gen k\u00f6zvet\u00edt\u00e9st k\u00e9r\u0151k\u00e9nt nyilv\u00e1ntart\u00e1sba vetesse mag\u00e1t. Ehhez szem\u00e9lyes okm\u00e1nyaival, valamint \u00e9rv\u00e9nyes di\u00e1kigazolv\u00e1ny\u00e1val, vagy annak az iskolai tanulm\u00e1nyok befejez\u00e9se miatti visszavon\u00e1sakor kiadott iskolal\u00e1togat\u00e1si igazol\u00e1s\u00e1val kell a munkaviszony kezdete el\u0151tt a kirendelts\u00e9gre bef\u00e1radnia annak \u00e9rdek\u00e9ben, hogy a programba von\u00e1s\u00e1nak el\u0151felt\u00e9tel\u00e9t jelent\u0151 regisztr\u00e1ci\u00f3ja megt\u00f6rt\u00e9nhessen.<\/p>\n<p>&nbsp;<\/p>\n<p align=\"center\"><b>A programba beker\u00fcl\u00e9shez sz\u00fcks\u00e9ges jelentkez\u00e9si lap<\/b><\/p>\n<p align=\"center\"><b>\u00a0a Polg\u00e1rmesteri Hivatal port\u00e1j\u00e1n \u00e1tvehet\u0151 illetve a <\/b><a href=\"http:\/\/www.tiszacsege.hu\/\"><b>www.tiszacsege.hu<\/b><\/a><b> oldalr\u00f3l let\u00f6lthet\u0151.<\/b><\/p>\n<p align=\"center\"><b>\u00a0<\/b><\/p>\n<p align=\"center\"><b>Jelentkez\u00e9si hat\u00e1rid\u0151:\u00a0\u00a0 2014. j\u00fanius 27. p\u00e9ntek 20.00 \u00f3ra<\/b><\/p>\n<p align=\"center\">\u00a0<\/p>\n<hr \/>\n<p align=\"center\">\u00a0<\/p>\n<table border=\"0\">\n<tbody>\n<tr>\n<td style=\"width: 75%; text-align: center;\">let\u00f6lthet\u0151 jelentkez\u00e9si lap<\/td>\n<td>\n<p><img decoding=\"async\" class=\"aligncenter  wp-image-720\" alt=\"Pdf-256\" src=\"http:\/\/tiszacsege.hu\/wp-content\/uploads\/2012\/10\/Pdf-256.png\" width=\"50\" height=\"50\" srcset=\"https:\/\/tiszacsege.hu\/wp-content\/uploads\/2012\/10\/Pdf-256.png 256w, https:\/\/tiszacsege.hu\/wp-content\/uploads\/2012\/10\/Pdf-256-150x150.png 150w\" sizes=\"(max-width: 50px) 100vw, 50px\" \/><\/p>\n<p style=\"text-align: center;\"><a href=\"http:\/\/tiszacsege.hu\/wp-content\/uploads\/2014\/06\/Jelentkez\u00e9si-lap-di\u00e1kmunk\u00e1ra.pdf\">Jelentkez\u00e9si lap di\u00e1kmunk\u00e1ra<\/a><\/p>\n<\/td>\n<\/tr>\n<\/tbody>\n<\/table>\n<hr \/>\n<p align=\"center\">\u00a0<\/p>\n<p>&nbsp;<\/p>\n<p>Tiszacsege, 2014. j\u00fanius 24.<\/p>\n<p>&nbsp;<\/p>\n<p>&nbsp;<\/p>\n<p style=\"text-align: right;\">\u00a0 \u00a0 \u00a0 \u00a0 \u00a0 \u00a0 \u00a0 \u00a0 \u00a0 \u00a0 \u00a0 \u00a0 \u00a0 \u00a0 \u00a0 \u00a0 \u00a0 \u00a0 \u00a0 \u00a0 \u00a0 \u00a0 \u00a0 \u00a0 \u00a0 \u00a0 \u00a0 \u00a0 \u00a0 \u00a0 \u00a0 \u00a0 \u00a0 \u00a0 \u00a0 \u00a0 \u00a0 \u00a0 \u00a0 \u00a0 \u00a0 \u00a0 \u00a0 \u00a0 \u00a0 \u00a0 \u00a0 \u00a0 \u00a0 \u00a0 \u00a0 \u00a0 \u00a0 \u00a0 \u00a0 \u00a0 \u00a0 \u00a0 \u00a0 \u00a0 \u00a0 \u00a0 \u00a0 \u00a0 \u00a0 \u00a0 \u00a0 \u00a0 \u00a0 \u00a0Szil\u00e1gyi S\u00e1ndor\u00a0polg\u00e1rmester<\/p>\n","protected":false},"excerpt":{"rendered":"<p>A Nemzetgazdas\u00e1gi Miniszt\u00e9rium a f\u0151v\u00e1rosi\/megyei korm\u00e1nyhivatalok munka\u00fcgyi k\u00f6zpontjai \u00e9s a j\u00e1r\u00e1si hivatalok j\u00e1r\u00e1si munka\u00fcgyi kirendelts\u00e9gei megval\u00f3s\u00edt\u00e1s\u00e1val \u201eA ny\u00e1ri di\u00e1kmunka el\u0151seg\u00edt\u00e9se 2014\u201d elnevez\u00e9ssel munkaer\u0151-piaci programot ind\u00edt. &nbsp; A program c\u00e9lja a korai munkatapasztalat \u00e9s munkaj\u00f6vedelem szerz\u00e9s el\u0151seg\u00edt\u00e9se. &nbsp; A program c\u00e9lcsoportj\u00e1ba azok a 16-25 \u00e9v k\u00f6z\u00f6tti, nappali tagozaton, tanul\u00f3i, vagy hallgat\u00f3i jogviszonnyal rendelkez\u0151 di\u00e1kok tartoznak, akik [&hellip;]<\/p>\n","protected":false},"author":1,"featured_media":5061,"comment_status":"closed","ping_status":"open","sticky":false,"template":"","format":"standard","meta":{"_editorskit_title_hidden":false,"_editorskit_reading_time":0,"_editorskit_is_block_options_detached":false,"_editorskit_block_options_position":"{}","_crdt_document":"","footnotes":""},"categories":[1],"tags":[],"post_folder":[],"class_list":["post-5053","post","type-post","status-publish","format-standard","has-post-thumbnail","hentry","category-hirek"],"yoast_head":"<!-- This site is optimized with the Yoast SEO plugin v27.4 - https:\/\/yoast.com\/product\/yoast-seo-wordpress\/ -->\n<title>T\u00c1J\u00c9KOZTAT\u00d3 a \u201eNy\u00e1ri di\u00e1kmunka el\u0151seg\u00edt\u00e9se 2014.\u201d program ind\u00edt\u00e1s\u00e1r\u00f3l<\/title>\n<meta name=\"robots\" content=\"index, follow, max-snippet:-1, max-image-preview:large, max-video-preview:-1\" \/>\n<link rel=\"canonical\" href=\"https:\/\/tiszacsege.hu\/?p=5053\" \/>\n<meta property=\"og:locale\" content=\"hu_HU\" \/>\n<meta property=\"og:type\" content=\"article\" \/>\n<meta property=\"og:title\" content=\"T\u00c1J\u00c9KOZTAT\u00d3 a \u201eNy\u00e1ri di\u00e1kmunka el\u0151seg\u00edt\u00e9se 2014.\u201d program ind\u00edt\u00e1s\u00e1r\u00f3l\" \/>\n<meta property=\"og:description\" content=\"A Nemzetgazdas\u00e1gi Miniszt\u00e9rium a f\u0151v\u00e1rosi\/megyei korm\u00e1nyhivatalok munka\u00fcgyi k\u00f6zpontjai \u00e9s a j\u00e1r\u00e1si hivatalok j\u00e1r\u00e1si munka\u00fcgyi kirendelts\u00e9gei megval\u00f3s\u00edt\u00e1s\u00e1val \u201eA ny\u00e1ri di\u00e1kmunka el\u0151seg\u00edt\u00e9se 2014\u201d elnevez\u00e9ssel munkaer\u0151-piaci programot ind\u00edt. &nbsp; A program c\u00e9lja a korai munkatapasztalat \u00e9s munkaj\u00f6vedelem szerz\u00e9s el\u0151seg\u00edt\u00e9se. &nbsp; A program c\u00e9lcsoportj\u00e1ba azok a 16-25 \u00e9v k\u00f6z\u00f6tti, nappali tagozaton, tanul\u00f3i, vagy hallgat\u00f3i jogviszonnyal rendelkez\u0151 di\u00e1kok tartoznak, akik [&hellip;]\" \/>\n<meta property=\"og:url\" content=\"https:\/\/tiszacsege.hu\/?p=5053\" \/>\n<meta property=\"og:site_name\" content=\"Tiszacsege\" \/>\n<meta property=\"article:publisher\" content=\"https:\/\/www.facebook.com\/tiszacsegeonkormanyzata\" \/>\n<meta property=\"article:published_time\" content=\"2014-06-24T11:09:28+00:00\" \/>\n<meta property=\"article:modified_time\" content=\"2015-05-28T19:51:39+00:00\" \/>\n<meta property=\"og:image\" content=\"https:\/\/tiszacsege.hu\/wp-content\/uploads\/2014\/06\/diakmunka.jpg\" \/>\n\t<meta property=\"og:image:width\" content=\"396\" \/>\n\t<meta property=\"og:image:height\" content=\"303\" \/>\n\t<meta property=\"og:image:type\" content=\"image\/jpeg\" \/>\n<meta name=\"author\" content=\"admin\" \/>\n<meta name=\"twitter:card\" content=\"summary_large_image\" \/>\n<script type=\"application\/ld+json\" class=\"yoast-schema-graph\">{\"@context\":\"https:\\\/\\\/schema.org\",\"@graph\":[{\"@type\":\"Article\",\"@id\":\"https:\\\/\\\/tiszacsege.hu\\\/?p=5053#article\",\"isPartOf\":{\"@id\":\"https:\\\/\\\/tiszacsege.hu\\\/?p=5053\"},\"author\":{\"name\":\"admin\",\"@id\":\"https:\\\/\\\/tiszacsege.hu\\\/#\\\/schema\\\/person\\\/ff2f4e3a9747199f545a2cf351f25334\"},\"headline\":\"T\u00c1J\u00c9KOZTAT\u00d3 a \u201eNy\u00e1ri di\u00e1kmunka el\u0151seg\u00edt\u00e9se 2014.\u201d program ind\u00edt\u00e1s\u00e1r\u00f3l\",\"datePublished\":\"2014-06-24T11:09:28+00:00\",\"dateModified\":\"2015-05-28T19:51:39+00:00\",\"mainEntityOfPage\":{\"@id\":\"https:\\\/\\\/tiszacsege.hu\\\/?p=5053\"},\"wordCount\":310,\"publisher\":{\"@id\":\"https:\\\/\\\/tiszacsege.hu\\\/#organization\"},\"image\":{\"@id\":\"https:\\\/\\\/tiszacsege.hu\\\/?p=5053#primaryimage\"},\"thumbnailUrl\":\"https:\\\/\\\/tiszacsege.hu\\\/wp-content\\\/uploads\\\/2014\\\/06\\\/diakmunka.jpg\",\"articleSection\":[\"Helyi h\u00edrek, t\u00e1j\u00e9koztat\u00f3k\"],\"inLanguage\":\"hu\"},{\"@type\":\"WebPage\",\"@id\":\"https:\\\/\\\/tiszacsege.hu\\\/?p=5053\",\"url\":\"https:\\\/\\\/tiszacsege.hu\\\/?p=5053\",\"name\":\"T\u00c1J\u00c9KOZTAT\u00d3 a \u201eNy\u00e1ri di\u00e1kmunka el\u0151seg\u00edt\u00e9se 2014.\u201d program ind\u00edt\u00e1s\u00e1r\u00f3l\",\"isPartOf\":{\"@id\":\"https:\\\/\\\/tiszacsege.hu\\\/#website\"},\"primaryImageOfPage\":{\"@id\":\"https:\\\/\\\/tiszacsege.hu\\\/?p=5053#primaryimage\"},\"image\":{\"@id\":\"https:\\\/\\\/tiszacsege.hu\\\/?p=5053#primaryimage\"},\"thumbnailUrl\":\"https:\\\/\\\/tiszacsege.hu\\\/wp-content\\\/uploads\\\/2014\\\/06\\\/diakmunka.jpg\",\"datePublished\":\"2014-06-24T11:09:28+00:00\",\"dateModified\":\"2015-05-28T19:51:39+00:00\",\"breadcrumb\":{\"@id\":\"https:\\\/\\\/tiszacsege.hu\\\/?p=5053#breadcrumb\"},\"inLanguage\":\"hu\",\"potentialAction\":[{\"@type\":\"ReadAction\",\"target\":[\"https:\\\/\\\/tiszacsege.hu\\\/?p=5053\"]}]},{\"@type\":\"ImageObject\",\"inLanguage\":\"hu\",\"@id\":\"https:\\\/\\\/tiszacsege.hu\\\/?p=5053#primaryimage\",\"url\":\"https:\\\/\\\/tiszacsege.hu\\\/wp-content\\\/uploads\\\/2014\\\/06\\\/diakmunka.jpg\",\"contentUrl\":\"https:\\\/\\\/tiszacsege.hu\\\/wp-content\\\/uploads\\\/2014\\\/06\\\/diakmunka.jpg\",\"width\":396,\"height\":303},{\"@type\":\"BreadcrumbList\",\"@id\":\"https:\\\/\\\/tiszacsege.hu\\\/?p=5053#breadcrumb\",\"itemListElement\":[{\"@type\":\"ListItem\",\"position\":1,\"name\":\"Kezd\u0151lap\",\"item\":\"https:\\\/\\\/tiszacsege.hu\\\/\"},{\"@type\":\"ListItem\",\"position\":2,\"name\":\"T\u00c1J\u00c9KOZTAT\u00d3 a \u201eNy\u00e1ri di\u00e1kmunka el\u0151seg\u00edt\u00e9se 2014.\u201d program ind\u00edt\u00e1s\u00e1r\u00f3l\"}]},{\"@type\":\"WebSite\",\"@id\":\"https:\\\/\\\/tiszacsege.hu\\\/#website\",\"url\":\"https:\\\/\\\/tiszacsege.hu\\\/\",\"name\":\"Tiszacsege\",\"description\":\"Tiszacsege hivatalos honlapja\",\"publisher\":{\"@id\":\"https:\\\/\\\/tiszacsege.hu\\\/#organization\"},\"potentialAction\":[{\"@type\":\"SearchAction\",\"target\":{\"@type\":\"EntryPoint\",\"urlTemplate\":\"https:\\\/\\\/tiszacsege.hu\\\/?s={search_term_string}\"},\"query-input\":{\"@type\":\"PropertyValueSpecification\",\"valueRequired\":true,\"valueName\":\"search_term_string\"}}],\"inLanguage\":\"hu\"},{\"@type\":\"Organization\",\"@id\":\"https:\\\/\\\/tiszacsege.hu\\\/#organization\",\"name\":\"Tiszacsege\",\"url\":\"https:\\\/\\\/tiszacsege.hu\\\/\",\"logo\":{\"@type\":\"ImageObject\",\"inLanguage\":\"hu\",\"@id\":\"https:\\\/\\\/tiszacsege.hu\\\/#\\\/schema\\\/logo\\\/image\\\/\",\"url\":\"https:\\\/\\\/tiszacsege.hu\\\/wp-content\\\/uploads\\\/2020\\\/10\\\/tiszacsege_logo_rovid2-1.png\",\"contentUrl\":\"https:\\\/\\\/tiszacsege.hu\\\/wp-content\\\/uploads\\\/2020\\\/10\\\/tiszacsege_logo_rovid2-1.png\",\"width\":500,\"height\":150,\"caption\":\"Tiszacsege\"},\"image\":{\"@id\":\"https:\\\/\\\/tiszacsege.hu\\\/#\\\/schema\\\/logo\\\/image\\\/\"},\"sameAs\":[\"https:\\\/\\\/www.facebook.com\\\/tiszacsegeonkormanyzata\"]},{\"@type\":\"Person\",\"@id\":\"https:\\\/\\\/tiszacsege.hu\\\/#\\\/schema\\\/person\\\/ff2f4e3a9747199f545a2cf351f25334\",\"name\":\"admin\",\"image\":{\"@type\":\"ImageObject\",\"inLanguage\":\"hu\",\"@id\":\"https:\\\/\\\/secure.gravatar.com\\\/avatar\\\/52224ccae048f9be8fd8d745a33eff630818f8bd5c43790479a2754dcef4b69b?s=96&d=mm&r=g\",\"url\":\"https:\\\/\\\/secure.gravatar.com\\\/avatar\\\/52224ccae048f9be8fd8d745a33eff630818f8bd5c43790479a2754dcef4b69b?s=96&d=mm&r=g\",\"contentUrl\":\"https:\\\/\\\/secure.gravatar.com\\\/avatar\\\/52224ccae048f9be8fd8d745a33eff630818f8bd5c43790479a2754dcef4b69b?s=96&d=mm&r=g\",\"caption\":\"admin\"},\"url\":\"https:\\\/\\\/tiszacsege.hu\\\/?author=1\"}]}<\/script>\n<!-- \/ Yoast SEO plugin. -->","yoast_head_json":{"title":"T\u00c1J\u00c9KOZTAT\u00d3 a \u201eNy\u00e1ri di\u00e1kmunka el\u0151seg\u00edt\u00e9se 2014.\u201d program ind\u00edt\u00e1s\u00e1r\u00f3l","robots":{"index":"index","follow":"follow","max-snippet":"max-snippet:-1","max-image-preview":"max-image-preview:large","max-video-preview":"max-video-preview:-1"},"canonical":"https:\/\/tiszacsege.hu\/?p=5053","og_locale":"hu_HU","og_type":"article","og_title":"T\u00c1J\u00c9KOZTAT\u00d3 a \u201eNy\u00e1ri di\u00e1kmunka el\u0151seg\u00edt\u00e9se 2014.\u201d program ind\u00edt\u00e1s\u00e1r\u00f3l","og_description":"A Nemzetgazdas\u00e1gi Miniszt\u00e9rium a f\u0151v\u00e1rosi\/megyei korm\u00e1nyhivatalok munka\u00fcgyi k\u00f6zpontjai \u00e9s a j\u00e1r\u00e1si hivatalok j\u00e1r\u00e1si munka\u00fcgyi kirendelts\u00e9gei megval\u00f3s\u00edt\u00e1s\u00e1val \u201eA ny\u00e1ri di\u00e1kmunka el\u0151seg\u00edt\u00e9se 2014\u201d elnevez\u00e9ssel munkaer\u0151-piaci programot ind\u00edt. &nbsp; A program c\u00e9lja a korai munkatapasztalat \u00e9s munkaj\u00f6vedelem szerz\u00e9s el\u0151seg\u00edt\u00e9se. &nbsp; A program c\u00e9lcsoportj\u00e1ba azok a 16-25 \u00e9v k\u00f6z\u00f6tti, nappali tagozaton, tanul\u00f3i, vagy hallgat\u00f3i jogviszonnyal rendelkez\u0151 di\u00e1kok tartoznak, akik [&hellip;]","og_url":"https:\/\/tiszacsege.hu\/?p=5053","og_site_name":"Tiszacsege","article_publisher":"https:\/\/www.facebook.com\/tiszacsegeonkormanyzata","article_published_time":"2014-06-24T11:09:28+00:00","article_modified_time":"2015-05-28T19:51:39+00:00","og_image":[{"width":396,"height":303,"url":"https:\/\/tiszacsege.hu\/wp-content\/uploads\/2014\/06\/diakmunka.jpg","type":"image\/jpeg"}],"author":"admin","twitter_card":"summary_large_image","schema":{"@context":"https:\/\/schema.org","@graph":[{"@type":"Article","@id":"https:\/\/tiszacsege.hu\/?p=5053#article","isPartOf":{"@id":"https:\/\/tiszacsege.hu\/?p=5053"},"author":{"name":"admin","@id":"https:\/\/tiszacsege.hu\/#\/schema\/person\/ff2f4e3a9747199f545a2cf351f25334"},"headline":"T\u00c1J\u00c9KOZTAT\u00d3 a \u201eNy\u00e1ri di\u00e1kmunka el\u0151seg\u00edt\u00e9se 2014.\u201d program ind\u00edt\u00e1s\u00e1r\u00f3l","datePublished":"2014-06-24T11:09:28+00:00","dateModified":"2015-05-28T19:51:39+00:00","mainEntityOfPage":{"@id":"https:\/\/tiszacsege.hu\/?p=5053"},"wordCount":310,"publisher":{"@id":"https:\/\/tiszacsege.hu\/#organization"},"image":{"@id":"https:\/\/tiszacsege.hu\/?p=5053#primaryimage"},"thumbnailUrl":"https:\/\/tiszacsege.hu\/wp-content\/uploads\/2014\/06\/diakmunka.jpg","articleSection":["Helyi h\u00edrek, t\u00e1j\u00e9koztat\u00f3k"],"inLanguage":"hu"},{"@type":"WebPage","@id":"https:\/\/tiszacsege.hu\/?p=5053","url":"https:\/\/tiszacsege.hu\/?p=5053","name":"T\u00c1J\u00c9KOZTAT\u00d3 a \u201eNy\u00e1ri di\u00e1kmunka el\u0151seg\u00edt\u00e9se 2014.\u201d program ind\u00edt\u00e1s\u00e1r\u00f3l","isPartOf":{"@id":"https:\/\/tiszacsege.hu\/#website"},"primaryImageOfPage":{"@id":"https:\/\/tiszacsege.hu\/?p=5053#primaryimage"},"image":{"@id":"https:\/\/tiszacsege.hu\/?p=5053#primaryimage"},"thumbnailUrl":"https:\/\/tiszacsege.hu\/wp-content\/uploads\/2014\/06\/diakmunka.jpg","datePublished":"2014-06-24T11:09:28+00:00","dateModified":"2015-05-28T19:51:39+00:00","breadcrumb":{"@id":"https:\/\/tiszacsege.hu\/?p=5053#breadcrumb"},"inLanguage":"hu","potentialAction":[{"@type":"ReadAction","target":["https:\/\/tiszacsege.hu\/?p=5053"]}]},{"@type":"ImageObject","inLanguage":"hu","@id":"https:\/\/tiszacsege.hu\/?p=5053#primaryimage","url":"https:\/\/tiszacsege.hu\/wp-content\/uploads\/2014\/06\/diakmunka.jpg","contentUrl":"https:\/\/tiszacsege.hu\/wp-content\/uploads\/2014\/06\/diakmunka.jpg","width":396,"height":303},{"@type":"BreadcrumbList","@id":"https:\/\/tiszacsege.hu\/?p=5053#breadcrumb","itemListElement":[{"@type":"ListItem","position":1,"name":"Kezd\u0151lap","item":"https:\/\/tiszacsege.hu\/"},{"@type":"ListItem","position":2,"name":"T\u00c1J\u00c9KOZTAT\u00d3 a \u201eNy\u00e1ri di\u00e1kmunka el\u0151seg\u00edt\u00e9se 2014.\u201d program ind\u00edt\u00e1s\u00e1r\u00f3l"}]},{"@type":"WebSite","@id":"https:\/\/tiszacsege.hu\/#website","url":"https:\/\/tiszacsege.hu\/","name":"Tiszacsege","description":"Tiszacsege hivatalos honlapja","publisher":{"@id":"https:\/\/tiszacsege.hu\/#organization"},"potentialAction":[{"@type":"SearchAction","target":{"@type":"EntryPoint","urlTemplate":"https:\/\/tiszacsege.hu\/?s={search_term_string}"},"query-input":{"@type":"PropertyValueSpecification","valueRequired":true,"valueName":"search_term_string"}}],"inLanguage":"hu"},{"@type":"Organization","@id":"https:\/\/tiszacsege.hu\/#organization","name":"Tiszacsege","url":"https:\/\/tiszacsege.hu\/","logo":{"@type":"ImageObject","inLanguage":"hu","@id":"https:\/\/tiszacsege.hu\/#\/schema\/logo\/image\/","url":"https:\/\/tiszacsege.hu\/wp-content\/uploads\/2020\/10\/tiszacsege_logo_rovid2-1.png","contentUrl":"https:\/\/tiszacsege.hu\/wp-content\/uploads\/2020\/10\/tiszacsege_logo_rovid2-1.png","width":500,"height":150,"caption":"Tiszacsege"},"image":{"@id":"https:\/\/tiszacsege.hu\/#\/schema\/logo\/image\/"},"sameAs":["https:\/\/www.facebook.com\/tiszacsegeonkormanyzata"]},{"@type":"Person","@id":"https:\/\/tiszacsege.hu\/#\/schema\/person\/ff2f4e3a9747199f545a2cf351f25334","name":"admin","image":{"@type":"ImageObject","inLanguage":"hu","@id":"https:\/\/secure.gravatar.com\/avatar\/52224ccae048f9be8fd8d745a33eff630818f8bd5c43790479a2754dcef4b69b?s=96&d=mm&r=g","url":"https:\/\/secure.gravatar.com\/avatar\/52224ccae048f9be8fd8d745a33eff630818f8bd5c43790479a2754dcef4b69b?s=96&d=mm&r=g","contentUrl":"https:\/\/secure.gravatar.com\/avatar\/52224ccae048f9be8fd8d745a33eff630818f8bd5c43790479a2754dcef4b69b?s=96&d=mm&r=g","caption":"admin"},"url":"https:\/\/tiszacsege.hu\/?author=1"}]}},"_links":{"self":[{"href":"https:\/\/tiszacsege.hu\/index.php?rest_route=\/wp\/v2\/posts\/5053","targetHints":{"allow":["GET"]}}],"collection":[{"href":"https:\/\/tiszacsege.hu\/index.php?rest_route=\/wp\/v2\/posts"}],"about":[{"href":"https:\/\/tiszacsege.hu\/index.php?rest_route=\/wp\/v2\/types\/post"}],"author":[{"embeddable":true,"href":"https:\/\/tiszacsege.hu\/index.php?rest_route=\/wp\/v2\/users\/1"}],"replies":[{"embeddable":true,"href":"https:\/\/tiszacsege.hu\/index.php?rest_route=%2Fwp%2Fv2%2Fcomments&post=5053"}],"version-history":[{"count":8,"href":"https:\/\/tiszacsege.hu\/index.php?rest_route=\/wp\/v2\/posts\/5053\/revisions"}],"predecessor-version":[{"id":5063,"href":"https:\/\/tiszacsege.hu\/index.php?rest_route=\/wp\/v2\/posts\/5053\/revisions\/5063"}],"wp:featuredmedia":[{"embeddable":true,"href":"https:\/\/tiszacsege.hu\/index.php?rest_route=\/wp\/v2\/media\/5061"}],"wp:attachment":[{"href":"https:\/\/tiszacsege.hu\/index.php?rest_route=%2Fwp%2Fv2%2Fmedia&parent=5053"}],"wp:term":[{"taxonomy":"category","embeddable":true,"href":"https:\/\/tiszacsege.hu\/index.php?rest_route=%2Fwp%2Fv2%2Fcategories&post=5053"},{"taxonomy":"post_tag","embeddable":true,"href":"https:\/\/tiszacsege.hu\/index.php?rest_route=%2Fwp%2Fv2%2Ftags&post=5053"},{"taxonomy":"post_folder","embeddable":true,"href":"https:\/\/tiszacsege.hu\/index.php?rest_route=%2Fwp%2Fv2%2Fpost_folder&post=5053"}],"curies":[{"name":"wp","href":"https:\/\/api.w.org\/{rel}","templated":true}]}}