{"id":5473,"date":"2014-08-12T09:34:41","date_gmt":"2014-08-12T07:34:41","guid":{"rendered":"http:\/\/tiszacsege.hu\/?p=5473"},"modified":"2014-08-12T09:39:04","modified_gmt":"2014-08-12T07:39:04","slug":"ugyfelfogadasi-rend-valtozas-szocialis-iroda","status":"publish","type":"post","link":"https:\/\/tiszacsege.hu\/?p=5473","title":{"rendered":"\u00dcgyf\u00e9lfogad\u00e1si rend v\u00e1ltoz\u00e1s &#8211; Szoci\u00e1lis iroda"},"content":{"rendered":"<p style=\"text-align: center;\" align=\"center\"><span style=\"font-size: large;\"><strong>T\u00e1j\u00e9koztatjuk \u00fcgyfeleinket, hogy 2014. augusztus 11-t\u0151l a Szoci\u00e1lis iroda (5\/a iroda) \u00fcgyf\u00e9lfogad\u00e1si rendje megv\u00e1ltozott.<\/strong><\/span><\/p>\n<p style=\"text-align: center;\" align=\"center\">\u00a0<\/p>\n<p style=\"text-align: center;\" align=\"center\">\u00a0<\/p>\n<p style=\"text-align: center;\" align=\"center\">\u00a0<\/p>\n<p style=\"text-align: center;\" align=\"center\"><span style=\"text-decoration: underline;\"><span style=\"font-size: large;\"><strong>\u00daj \u00fcgyf\u00e9lfogad\u00e1s:<\/strong><\/span><\/span><\/p>\n<p align=\"center\">\u00a0<\/p>\n<p align=\"center\">\u00a0<\/p>\n<table style=\"width: 399px; height: 139px;\" border=\"0\" align=\"center\">\n<tbody>\n<tr>\n<td><span style=\"font-size: large;\">H\u00e9tf\u0151:<\/span><\/td>\n<td><span style=\"font-size: large;\">8:00-12:00<\/span><\/td>\n<\/tr>\n<tr>\n<td><span style=\"font-size: large;\">Kedd:<\/span><\/td>\n<td><span style=\"font-size: large;\">Nincs \u00fcgyf\u00e9lfogad\u00e1s<\/span><\/td>\n<\/tr>\n<tr>\n<td><span style=\"font-size: large;\">Szerda:<\/span><\/td>\n<td><span style=\"font-size: large;\">13:00-16:00<\/span><\/td>\n<\/tr>\n<tr>\n<td><span style=\"font-size: large;\">Cs\u00fct\u00f6rt\u00f6k: <\/span><\/td>\n<td><span style=\"font-size: large;\">Nincs \u00fcgyf\u00e9lfogad\u00e1s<\/span><\/td>\n<\/tr>\n<tr>\n<td><span style=\"font-size: large;\">P\u00e9ntek:<\/span><\/td>\n<td><span style=\"font-size: large;\">8:00-12:00<\/span><\/td>\n<\/tr>\n<\/tbody>\n<\/table>\n","protected":false},"excerpt":{"rendered":"<p>T\u00e1j\u00e9koztatjuk \u00fcgyfeleinket, hogy 2014. augusztus 11-t\u0151l a Szoci\u00e1lis iroda (5\/a iroda) \u00fcgyf\u00e9lfogad\u00e1si rendje megv\u00e1ltozott. \u00a0 \u00a0 \u00a0 \u00daj \u00fcgyf\u00e9lfogad\u00e1s: \u00a0 \u00a0 H\u00e9tf\u0151: 8:00-12:00 Kedd: Nincs \u00fcgyf\u00e9lfogad\u00e1s Szerda: 13:00-16:00 Cs\u00fct\u00f6rt\u00f6k: Nincs \u00fcgyf\u00e9lfogad\u00e1s P\u00e9ntek: 8:00-12:00<\/p>\n","protected":false},"author":1,"featured_media":0,"comment_status":"closed","ping_status":"open","sticky":false,"template":"","format":"standard","meta":{"_editorskit_title_hidden":false,"_editorskit_reading_time":0,"_editorskit_is_block_options_detached":false,"_editorskit_block_options_position":"{}","_crdt_document":"","footnotes":""},"categories":[1],"tags":[],"post_folder":[],"class_list":["post-5473","post","type-post","status-publish","format-standard","hentry","category-hirek"],"yoast_head":"<!-- This site is optimized with the Yoast SEO plugin v27.4 - https:\/\/yoast.com\/product\/yoast-seo-wordpress\/ -->\n<title>\u00dcgyf\u00e9lfogad\u00e1si rend v\u00e1ltoz\u00e1s - Szoci\u00e1lis iroda<\/title>\n<meta name=\"robots\" content=\"index, follow, max-snippet:-1, max-image-preview:large, max-video-preview:-1\" \/>\n<link rel=\"canonical\" href=\"https:\/\/tiszacsege.hu\/?p=5473\" \/>\n<meta property=\"og:locale\" content=\"hu_HU\" \/>\n<meta property=\"og:type\" content=\"article\" \/>\n<meta property=\"og:title\" content=\"\u00dcgyf\u00e9lfogad\u00e1si rend v\u00e1ltoz\u00e1s - Szoci\u00e1lis iroda\" \/>\n<meta property=\"og:description\" content=\"T\u00e1j\u00e9koztatjuk \u00fcgyfeleinket, hogy 2014. augusztus 11-t\u0151l a Szoci\u00e1lis iroda (5\/a iroda) \u00fcgyf\u00e9lfogad\u00e1si rendje megv\u00e1ltozott. \u00a0 \u00a0 \u00a0 \u00daj \u00fcgyf\u00e9lfogad\u00e1s: \u00a0 \u00a0 H\u00e9tf\u0151: 8:00-12:00 Kedd: Nincs \u00fcgyf\u00e9lfogad\u00e1s Szerda: 13:00-16:00 Cs\u00fct\u00f6rt\u00f6k: Nincs \u00fcgyf\u00e9lfogad\u00e1s P\u00e9ntek: 8:00-12:00\" \/>\n<meta property=\"og:url\" content=\"https:\/\/tiszacsege.hu\/?p=5473\" \/>\n<meta property=\"og:site_name\" content=\"Tiszacsege\" \/>\n<meta property=\"article:publisher\" content=\"https:\/\/www.facebook.com\/tiszacsegeonkormanyzata\" \/>\n<meta property=\"article:published_time\" content=\"2014-08-12T07:34:41+00:00\" \/>\n<meta property=\"article:modified_time\" content=\"2014-08-12T07:39:04+00:00\" \/>\n<meta name=\"author\" content=\"admin\" \/>\n<meta name=\"twitter:card\" content=\"summary_large_image\" \/>\n<script type=\"application\/ld+json\" class=\"yoast-schema-graph\">{\"@context\":\"https:\\\/\\\/schema.org\",\"@graph\":[{\"@type\":\"Article\",\"@id\":\"https:\\\/\\\/tiszacsege.hu\\\/?p=5473#article\",\"isPartOf\":{\"@id\":\"https:\\\/\\\/tiszacsege.hu\\\/?p=5473\"},\"author\":{\"name\":\"admin\",\"@id\":\"https:\\\/\\\/tiszacsege.hu\\\/#\\\/schema\\\/person\\\/ff2f4e3a9747199f545a2cf351f25334\"},\"headline\":\"\u00dcgyf\u00e9lfogad\u00e1si rend v\u00e1ltoz\u00e1s &#8211; Szoci\u00e1lis iroda\",\"datePublished\":\"2014-08-12T07:34:41+00:00\",\"dateModified\":\"2014-08-12T07:39:04+00:00\",\"mainEntityOfPage\":{\"@id\":\"https:\\\/\\\/tiszacsege.hu\\\/?p=5473\"},\"wordCount\":56,\"publisher\":{\"@id\":\"https:\\\/\\\/tiszacsege.hu\\\/#organization\"},\"articleSection\":[\"Helyi h\u00edrek, t\u00e1j\u00e9koztat\u00f3k\"],\"inLanguage\":\"hu\"},{\"@type\":\"WebPage\",\"@id\":\"https:\\\/\\\/tiszacsege.hu\\\/?p=5473\",\"url\":\"https:\\\/\\\/tiszacsege.hu\\\/?p=5473\",\"name\":\"\u00dcgyf\u00e9lfogad\u00e1si rend v\u00e1ltoz\u00e1s - Szoci\u00e1lis iroda\",\"isPartOf\":{\"@id\":\"https:\\\/\\\/tiszacsege.hu\\\/#website\"},\"datePublished\":\"2014-08-12T07:34:41+00:00\",\"dateModified\":\"2014-08-12T07:39:04+00:00\",\"breadcrumb\":{\"@id\":\"https:\\\/\\\/tiszacsege.hu\\\/?p=5473#breadcrumb\"},\"inLanguage\":\"hu\",\"potentialAction\":[{\"@type\":\"ReadAction\",\"target\":[\"https:\\\/\\\/tiszacsege.hu\\\/?p=5473\"]}]},{\"@type\":\"BreadcrumbList\",\"@id\":\"https:\\\/\\\/tiszacsege.hu\\\/?p=5473#breadcrumb\",\"itemListElement\":[{\"@type\":\"ListItem\",\"position\":1,\"name\":\"Kezd\u0151lap\",\"item\":\"https:\\\/\\\/tiszacsege.hu\\\/\"},{\"@type\":\"ListItem\",\"position\":2,\"name\":\"\u00dcgyf\u00e9lfogad\u00e1si rend v\u00e1ltoz\u00e1s &#8211; Szoci\u00e1lis iroda\"}]},{\"@type\":\"WebSite\",\"@id\":\"https:\\\/\\\/tiszacsege.hu\\\/#website\",\"url\":\"https:\\\/\\\/tiszacsege.hu\\\/\",\"name\":\"Tiszacsege\",\"description\":\"Tiszacsege hivatalos honlapja\",\"publisher\":{\"@id\":\"https:\\\/\\\/tiszacsege.hu\\\/#organization\"},\"potentialAction\":[{\"@type\":\"SearchAction\",\"target\":{\"@type\":\"EntryPoint\",\"urlTemplate\":\"https:\\\/\\\/tiszacsege.hu\\\/?s={search_term_string}\"},\"query-input\":{\"@type\":\"PropertyValueSpecification\",\"valueRequired\":true,\"valueName\":\"search_term_string\"}}],\"inLanguage\":\"hu\"},{\"@type\":\"Organization\",\"@id\":\"https:\\\/\\\/tiszacsege.hu\\\/#organization\",\"name\":\"Tiszacsege\",\"url\":\"https:\\\/\\\/tiszacsege.hu\\\/\",\"logo\":{\"@type\":\"ImageObject\",\"inLanguage\":\"hu\",\"@id\":\"https:\\\/\\\/tiszacsege.hu\\\/#\\\/schema\\\/logo\\\/image\\\/\",\"url\":\"https:\\\/\\\/tiszacsege.hu\\\/wp-content\\\/uploads\\\/2020\\\/10\\\/tiszacsege_logo_rovid2-1.png\",\"contentUrl\":\"https:\\\/\\\/tiszacsege.hu\\\/wp-content\\\/uploads\\\/2020\\\/10\\\/tiszacsege_logo_rovid2-1.png\",\"width\":500,\"height\":150,\"caption\":\"Tiszacsege\"},\"image\":{\"@id\":\"https:\\\/\\\/tiszacsege.hu\\\/#\\\/schema\\\/logo\\\/image\\\/\"},\"sameAs\":[\"https:\\\/\\\/www.facebook.com\\\/tiszacsegeonkormanyzata\"]},{\"@type\":\"Person\",\"@id\":\"https:\\\/\\\/tiszacsege.hu\\\/#\\\/schema\\\/person\\\/ff2f4e3a9747199f545a2cf351f25334\",\"name\":\"admin\",\"image\":{\"@type\":\"ImageObject\",\"inLanguage\":\"hu\",\"@id\":\"https:\\\/\\\/secure.gravatar.com\\\/avatar\\\/52224ccae048f9be8fd8d745a33eff630818f8bd5c43790479a2754dcef4b69b?s=96&d=mm&r=g\",\"url\":\"https:\\\/\\\/secure.gravatar.com\\\/avatar\\\/52224ccae048f9be8fd8d745a33eff630818f8bd5c43790479a2754dcef4b69b?s=96&d=mm&r=g\",\"contentUrl\":\"https:\\\/\\\/secure.gravatar.com\\\/avatar\\\/52224ccae048f9be8fd8d745a33eff630818f8bd5c43790479a2754dcef4b69b?s=96&d=mm&r=g\",\"caption\":\"admin\"},\"url\":\"https:\\\/\\\/tiszacsege.hu\\\/?author=1\"}]}<\/script>\n<!-- \/ Yoast SEO plugin. -->","yoast_head_json":{"title":"\u00dcgyf\u00e9lfogad\u00e1si rend v\u00e1ltoz\u00e1s - Szoci\u00e1lis iroda","robots":{"index":"index","follow":"follow","max-snippet":"max-snippet:-1","max-image-preview":"max-image-preview:large","max-video-preview":"max-video-preview:-1"},"canonical":"https:\/\/tiszacsege.hu\/?p=5473","og_locale":"hu_HU","og_type":"article","og_title":"\u00dcgyf\u00e9lfogad\u00e1si rend v\u00e1ltoz\u00e1s - Szoci\u00e1lis iroda","og_description":"T\u00e1j\u00e9koztatjuk \u00fcgyfeleinket, hogy 2014. augusztus 11-t\u0151l a Szoci\u00e1lis iroda (5\/a iroda) \u00fcgyf\u00e9lfogad\u00e1si rendje megv\u00e1ltozott. \u00a0 \u00a0 \u00a0 \u00daj \u00fcgyf\u00e9lfogad\u00e1s: \u00a0 \u00a0 H\u00e9tf\u0151: 8:00-12:00 Kedd: Nincs \u00fcgyf\u00e9lfogad\u00e1s Szerda: 13:00-16:00 Cs\u00fct\u00f6rt\u00f6k: Nincs \u00fcgyf\u00e9lfogad\u00e1s P\u00e9ntek: 8:00-12:00","og_url":"https:\/\/tiszacsege.hu\/?p=5473","og_site_name":"Tiszacsege","article_publisher":"https:\/\/www.facebook.com\/tiszacsegeonkormanyzata","article_published_time":"2014-08-12T07:34:41+00:00","article_modified_time":"2014-08-12T07:39:04+00:00","author":"admin","twitter_card":"summary_large_image","schema":{"@context":"https:\/\/schema.org","@graph":[{"@type":"Article","@id":"https:\/\/tiszacsege.hu\/?p=5473#article","isPartOf":{"@id":"https:\/\/tiszacsege.hu\/?p=5473"},"author":{"name":"admin","@id":"https:\/\/tiszacsege.hu\/#\/schema\/person\/ff2f4e3a9747199f545a2cf351f25334"},"headline":"\u00dcgyf\u00e9lfogad\u00e1si rend v\u00e1ltoz\u00e1s &#8211; Szoci\u00e1lis iroda","datePublished":"2014-08-12T07:34:41+00:00","dateModified":"2014-08-12T07:39:04+00:00","mainEntityOfPage":{"@id":"https:\/\/tiszacsege.hu\/?p=5473"},"wordCount":56,"publisher":{"@id":"https:\/\/tiszacsege.hu\/#organization"},"articleSection":["Helyi h\u00edrek, t\u00e1j\u00e9koztat\u00f3k"],"inLanguage":"hu"},{"@type":"WebPage","@id":"https:\/\/tiszacsege.hu\/?p=5473","url":"https:\/\/tiszacsege.hu\/?p=5473","name":"\u00dcgyf\u00e9lfogad\u00e1si rend v\u00e1ltoz\u00e1s - Szoci\u00e1lis iroda","isPartOf":{"@id":"https:\/\/tiszacsege.hu\/#website"},"datePublished":"2014-08-12T07:34:41+00:00","dateModified":"2014-08-12T07:39:04+00:00","breadcrumb":{"@id":"https:\/\/tiszacsege.hu\/?p=5473#breadcrumb"},"inLanguage":"hu","potentialAction":[{"@type":"ReadAction","target":["https:\/\/tiszacsege.hu\/?p=5473"]}]},{"@type":"BreadcrumbList","@id":"https:\/\/tiszacsege.hu\/?p=5473#breadcrumb","itemListElement":[{"@type":"ListItem","position":1,"name":"Kezd\u0151lap","item":"https:\/\/tiszacsege.hu\/"},{"@type":"ListItem","position":2,"name":"\u00dcgyf\u00e9lfogad\u00e1si rend v\u00e1ltoz\u00e1s &#8211; Szoci\u00e1lis iroda"}]},{"@type":"WebSite","@id":"https:\/\/tiszacsege.hu\/#website","url":"https:\/\/tiszacsege.hu\/","name":"Tiszacsege","description":"Tiszacsege hivatalos honlapja","publisher":{"@id":"https:\/\/tiszacsege.hu\/#organization"},"potentialAction":[{"@type":"SearchAction","target":{"@type":"EntryPoint","urlTemplate":"https:\/\/tiszacsege.hu\/?s={search_term_string}"},"query-input":{"@type":"PropertyValueSpecification","valueRequired":true,"valueName":"search_term_string"}}],"inLanguage":"hu"},{"@type":"Organization","@id":"https:\/\/tiszacsege.hu\/#organization","name":"Tiszacsege","url":"https:\/\/tiszacsege.hu\/","logo":{"@type":"ImageObject","inLanguage":"hu","@id":"https:\/\/tiszacsege.hu\/#\/schema\/logo\/image\/","url":"https:\/\/tiszacsege.hu\/wp-content\/uploads\/2020\/10\/tiszacsege_logo_rovid2-1.png","contentUrl":"https:\/\/tiszacsege.hu\/wp-content\/uploads\/2020\/10\/tiszacsege_logo_rovid2-1.png","width":500,"height":150,"caption":"Tiszacsege"},"image":{"@id":"https:\/\/tiszacsege.hu\/#\/schema\/logo\/image\/"},"sameAs":["https:\/\/www.facebook.com\/tiszacsegeonkormanyzata"]},{"@type":"Person","@id":"https:\/\/tiszacsege.hu\/#\/schema\/person\/ff2f4e3a9747199f545a2cf351f25334","name":"admin","image":{"@type":"ImageObject","inLanguage":"hu","@id":"https:\/\/secure.gravatar.com\/avatar\/52224ccae048f9be8fd8d745a33eff630818f8bd5c43790479a2754dcef4b69b?s=96&d=mm&r=g","url":"https:\/\/secure.gravatar.com\/avatar\/52224ccae048f9be8fd8d745a33eff630818f8bd5c43790479a2754dcef4b69b?s=96&d=mm&r=g","contentUrl":"https:\/\/secure.gravatar.com\/avatar\/52224ccae048f9be8fd8d745a33eff630818f8bd5c43790479a2754dcef4b69b?s=96&d=mm&r=g","caption":"admin"},"url":"https:\/\/tiszacsege.hu\/?author=1"}]}},"_links":{"self":[{"href":"https:\/\/tiszacsege.hu\/index.php?rest_route=\/wp\/v2\/posts\/5473","targetHints":{"allow":["GET"]}}],"collection":[{"href":"https:\/\/tiszacsege.hu\/index.php?rest_route=\/wp\/v2\/posts"}],"about":[{"href":"https:\/\/tiszacsege.hu\/index.php?rest_route=\/wp\/v2\/types\/post"}],"author":[{"embeddable":true,"href":"https:\/\/tiszacsege.hu\/index.php?rest_route=\/wp\/v2\/users\/1"}],"replies":[{"embeddable":true,"href":"https:\/\/tiszacsege.hu\/index.php?rest_route=%2Fwp%2Fv2%2Fcomments&post=5473"}],"version-history":[{"count":13,"href":"https:\/\/tiszacsege.hu\/index.php?rest_route=\/wp\/v2\/posts\/5473\/revisions"}],"predecessor-version":[{"id":5485,"href":"https:\/\/tiszacsege.hu\/index.php?rest_route=\/wp\/v2\/posts\/5473\/revisions\/5485"}],"wp:attachment":[{"href":"https:\/\/tiszacsege.hu\/index.php?rest_route=%2Fwp%2Fv2%2Fmedia&parent=5473"}],"wp:term":[{"taxonomy":"category","embeddable":true,"href":"https:\/\/tiszacsege.hu\/index.php?rest_route=%2Fwp%2Fv2%2Fcategories&post=5473"},{"taxonomy":"post_tag","embeddable":true,"href":"https:\/\/tiszacsege.hu\/index.php?rest_route=%2Fwp%2Fv2%2Ftags&post=5473"},{"taxonomy":"post_folder","embeddable":true,"href":"https:\/\/tiszacsege.hu\/index.php?rest_route=%2Fwp%2Fv2%2Fpost_folder&post=5473"}],"curies":[{"name":"wp","href":"https:\/\/api.w.org\/{rel}","templated":true}]}}