{"id":5488,"date":"2014-08-18T10:37:48","date_gmt":"2014-08-18T08:37:48","guid":{"rendered":"http:\/\/tiszacsege.hu\/?p=5488"},"modified":"2014-08-25T10:48:05","modified_gmt":"2014-08-25T08:48:05","slug":"a-helyi-valasztasi-iroda-kozlemenye","status":"publish","type":"post","link":"https:\/\/tiszacsege.hu\/?p=5488","title":{"rendered":"A Helyi V\u00e1laszt\u00e1si Iroda k\u00f6zlem\u00e9nye"},"content":{"rendered":"<p style=\"text-align: center;\">\u00a0<span style=\"font-size: small;\">K\u00d6ZLEM\u00c9NY<\/span><\/p>\n<p style=\"text-align: center;\">\u00a0<\/p>\n<p style=\"text-align: justify;\"><span style=\"font-size: small;\">A Tiszacsegei Helyi V\u00e1laszt\u00e1si Irod<\/span><span style=\"font-size: small;\">a v\u00e1laszt\u00e1si elj\u00e1r\u00e1sr\u00f3l sz\u00f3l\u00f3 2013. \u00e9vi XXXVI.\u00a0<\/span><span style=\"font-size: small;\">t\u00f6rv\u00e9ny 307\/E. \u00a7-a \u00e9rtelm\u00e9ben, a helyi\u00a0<\/span><span style=\"font-size: small;\">\u00f6nkorm\u00e1nyzati k\u00e9pvisel\u0151k \u00e9s polg\u00e1rmesterek\u00a0<\/span><span style=\"font-size: small;\">v\u00e1laszt\u00e1s\u00e1r\u00f3l sz\u00f3l\u00f3 2010. \u00e9vi L. t\u00f6rv\u00e9ny 9. \u00a7 (1),\u00a0<\/span><span style=\"font-size: small;\">valamint (3) bekezd\u00e9s\u00e9nek megfelel\u0151en, a helyi\u00a0<\/span><span style=\"font-size: small;\">\u00f6nkorm\u00e1nyzati k\u00e9pvisel\u0151k \u00e9s polg\u00e1rmesterek 2014.\u00a0<\/span><span style=\"font-size: small;\">okt\u00f3ber 12. napj\u00e1ra kit\u0171z\u00f6tt v\u00e1laszt\u00e1sa elj\u00e1r\u00e1si\u00a0<\/span><span style=\"font-size: small;\">hat\u00e1rid\u0151inek \u00e9s hat\u00e1rnapjainak meg\u00e1llap\u00edt\u00e1s\u00e1r\u00f3l\u00a0<\/span><span style=\"font-size: small;\">sz\u00f3l\u00f3 2\/2014. (VII. 24.) IM rendelet 16. \u00a7 (1)\u00a0<\/span><span style=\"font-size: small;\">bekezd\u00e9se alapj\u00e1n a polg\u00e1rmester jel\u00f6lt, valamint\u00a0<\/span><span style=\"font-size: small;\">az egy\u00e9ni list\u00e1s jel\u00f6lt \u00e1ll\u00edt\u00e1s\u00e1hoz sz\u00fcks\u00e9ges\u00a0<\/span><span style=\"font-size: small;\">aj\u00e1nl\u00e1sok sz\u00e1m\u00e1t az al\u00e1bbiak szerint \u00e1llap\u00edtja meg.<\/span><\/p>\n<p style=\"text-align: justify;\">\u00a0<\/p>\n<p style=\"text-align: center;\">\u00a0<\/p>\n<p style=\"text-align: justify;\"><span style=\"font-size: small;\"><strong>Sz\u00fcks\u00e9ges aj\u00e1nl\u00e1sok sz\u00e1ma legal\u00e1bb:<\/strong><\/span><\/p>\n<p style=\"text-align: justify;\">\u00a0<\/p>\n<p style=\"text-align: justify;\"><span style=\"font-size: small;\"><strong>1. Polg\u00e1rmester jel\u00f6lt: 115 db<\/strong><\/span><span style=\"font-size: small;\">\u00a0<\/span><\/p>\n<p style=\"text-align: justify;\"><span style=\"font-size: small;\"><strong>2. Egy\u00e9ni list\u00e1s jel\u00f6lt: 39 db<\/strong><\/span><\/p>\n<p style=\"text-align: justify;\">\u00a0<\/p>\n<p><span style=\"font-size: small;\"><a href=\"http:\/\/tiszacsege.hu\/wp-content\/uploads\/2014\/08\/12.-mell-aj%C3%A1nl%C3%B3%C3%ADv-ig%C3%A9nyl%C3%A9se-egy%C3%A9ni_A4-%C3%B6nk.pdf\">Aj\u00e1nl\u00f3\u00edv ig\u00e9nyl\u00e9se egy\u00e9ni<\/a><\/span><span style=\"font-size: small;\">\u00a0<\/span><\/p>\n<p><span style=\"font-size: small;\"><a href=\"http:\/\/tiszacsege.hu\/wp-content\/uploads\/2014\/08\/14.-mell-aj%C3%A1nl%C3%B3%C3%ADv-ig%C3%A9nyl%C3%A9se-egy%C3%A9ni_A6-nemz.pdf\">Aj\u00e1nl\u00f3\u00edv ig\u00e9nyl\u00e9se egy\u00e9ni (nemzetis\u00e9gi)<\/a><\/span><\/p>\n<p><span style=\"font-size: small;\"><a href=\"http:\/\/tiszacsege.hu\/wp-content\/uploads\/2014\/08\/17.-mell-egyeni-jelolt-bejelentese_E2-%C3%B6nk.pdf\">Egy\u00e9ni jel\u00f6lt bejelent\u00e9se<\/a><\/span><\/p>\n<p><span style=\"font-size: small;\"><a href=\"http:\/\/tiszacsege.hu\/wp-content\/uploads\/2014\/08\/18.-mell-egyeni-jelolt-bejelentese_E3-nemz.pdf\">Egy\u00e9ni jel\u00f6lt bejelent\u00e9se (nemzetis\u00e9gi)<\/a><\/span><\/p>\n<p><span style=\"font-size: small;\"><a href=\"http:\/\/tiszacsege.hu\/wp-content\/uploads\/2014\/08\/onkval2014_kerelem_mozgourna.pdf\">Mozg\u00f3urna ir\u00e1nti k\u00e9relem<\/a><\/span><\/p>\n<p><span style=\"font-size: small;\">\u00a0<\/span><\/p>\n<p style=\"text-align: center;\"><span style=\"font-size: small;\">\u00a0<\/span><\/p>\n<p style=\"text-align: right;\"><span style=\"font-size: small;\">Helyi V\u00e1laszt\u00e1si Iroda<\/span><\/p>\n","protected":false},"excerpt":{"rendered":"<p>A Tiszacsegei Helyi V\u00e1laszt\u00e1si Iroda v\u00e1laszt\u00e1si elj\u00e1r\u00e1sr\u00f3l sz\u00f3l\u00f3 2013. \u00e9vi XXXVI. t\u00f6rv\u00e9ny <\/p>\n","protected":false},"author":1,"featured_media":5503,"comment_status":"closed","ping_status":"open","sticky":false,"template":"","format":"standard","meta":{"_editorskit_title_hidden":false,"_editorskit_reading_time":0,"_editorskit_is_block_options_detached":false,"_editorskit_block_options_position":"{}","_crdt_document":"","footnotes":""},"categories":[1],"tags":[],"post_folder":[],"class_list":["post-5488","post","type-post","status-publish","format-standard","has-post-thumbnail","hentry","category-hirek"],"yoast_head":"<!-- This site is optimized with the Yoast SEO plugin v27.4 - https:\/\/yoast.com\/product\/yoast-seo-wordpress\/ -->\n<title>A Helyi V\u00e1laszt\u00e1si Iroda k\u00f6zlem\u00e9nye<\/title>\n<meta name=\"robots\" content=\"index, follow, max-snippet:-1, max-image-preview:large, max-video-preview:-1\" \/>\n<link rel=\"canonical\" href=\"https:\/\/tiszacsege.hu\/?p=5488\" \/>\n<meta property=\"og:locale\" content=\"hu_HU\" \/>\n<meta property=\"og:type\" content=\"article\" \/>\n<meta property=\"og:title\" content=\"A Helyi V\u00e1laszt\u00e1si Iroda k\u00f6zlem\u00e9nye\" \/>\n<meta property=\"og:description\" content=\"A Tiszacsegei Helyi V\u00e1laszt\u00e1si Iroda v\u00e1laszt\u00e1si elj\u00e1r\u00e1sr\u00f3l sz\u00f3l\u00f3 2013. \u00e9vi XXXVI. t\u00f6rv\u00e9ny\" \/>\n<meta property=\"og:url\" content=\"https:\/\/tiszacsege.hu\/?p=5488\" \/>\n<meta property=\"og:site_name\" content=\"Tiszacsege\" \/>\n<meta property=\"article:publisher\" content=\"https:\/\/www.facebook.com\/tiszacsegeonkormanyzata\" \/>\n<meta property=\"article:published_time\" content=\"2014-08-18T08:37:48+00:00\" \/>\n<meta property=\"article:modified_time\" content=\"2014-08-25T08:48:05+00:00\" \/>\n<meta property=\"og:image\" content=\"https:\/\/tiszacsege.hu\/wp-content\/uploads\/2014\/08\/Flag_of_Hungary_with_arms_state.svg_.png\" \/>\n\t<meta property=\"og:image:width\" content=\"1280\" \/>\n\t<meta property=\"og:image:height\" content=\"640\" \/>\n\t<meta property=\"og:image:type\" content=\"image\/png\" \/>\n<meta name=\"author\" content=\"admin\" \/>\n<meta name=\"twitter:card\" content=\"summary_large_image\" \/>\n<script type=\"application\/ld+json\" class=\"yoast-schema-graph\">{\"@context\":\"https:\\\/\\\/schema.org\",\"@graph\":[{\"@type\":\"Article\",\"@id\":\"https:\\\/\\\/tiszacsege.hu\\\/?p=5488#article\",\"isPartOf\":{\"@id\":\"https:\\\/\\\/tiszacsege.hu\\\/?p=5488\"},\"author\":{\"name\":\"admin\",\"@id\":\"https:\\\/\\\/tiszacsege.hu\\\/#\\\/schema\\\/person\\\/ff2f4e3a9747199f545a2cf351f25334\"},\"headline\":\"A Helyi V\u00e1laszt\u00e1si Iroda k\u00f6zlem\u00e9nye\",\"datePublished\":\"2014-08-18T08:37:48+00:00\",\"dateModified\":\"2014-08-25T08:48:05+00:00\",\"mainEntityOfPage\":{\"@id\":\"https:\\\/\\\/tiszacsege.hu\\\/?p=5488\"},\"wordCount\":208,\"publisher\":{\"@id\":\"https:\\\/\\\/tiszacsege.hu\\\/#organization\"},\"image\":{\"@id\":\"https:\\\/\\\/tiszacsege.hu\\\/?p=5488#primaryimage\"},\"thumbnailUrl\":\"https:\\\/\\\/tiszacsege.hu\\\/wp-content\\\/uploads\\\/2014\\\/08\\\/Flag_of_Hungary_with_arms_state.svg_.png\",\"articleSection\":[\"Helyi h\u00edrek, t\u00e1j\u00e9koztat\u00f3k\"],\"inLanguage\":\"hu\"},{\"@type\":\"WebPage\",\"@id\":\"https:\\\/\\\/tiszacsege.hu\\\/?p=5488\",\"url\":\"https:\\\/\\\/tiszacsege.hu\\\/?p=5488\",\"name\":\"A Helyi V\u00e1laszt\u00e1si Iroda k\u00f6zlem\u00e9nye\",\"isPartOf\":{\"@id\":\"https:\\\/\\\/tiszacsege.hu\\\/#website\"},\"primaryImageOfPage\":{\"@id\":\"https:\\\/\\\/tiszacsege.hu\\\/?p=5488#primaryimage\"},\"image\":{\"@id\":\"https:\\\/\\\/tiszacsege.hu\\\/?p=5488#primaryimage\"},\"thumbnailUrl\":\"https:\\\/\\\/tiszacsege.hu\\\/wp-content\\\/uploads\\\/2014\\\/08\\\/Flag_of_Hungary_with_arms_state.svg_.png\",\"datePublished\":\"2014-08-18T08:37:48+00:00\",\"dateModified\":\"2014-08-25T08:48:05+00:00\",\"breadcrumb\":{\"@id\":\"https:\\\/\\\/tiszacsege.hu\\\/?p=5488#breadcrumb\"},\"inLanguage\":\"hu\",\"potentialAction\":[{\"@type\":\"ReadAction\",\"target\":[\"https:\\\/\\\/tiszacsege.hu\\\/?p=5488\"]}]},{\"@type\":\"ImageObject\",\"inLanguage\":\"hu\",\"@id\":\"https:\\\/\\\/tiszacsege.hu\\\/?p=5488#primaryimage\",\"url\":\"https:\\\/\\\/tiszacsege.hu\\\/wp-content\\\/uploads\\\/2014\\\/08\\\/Flag_of_Hungary_with_arms_state.svg_.png\",\"contentUrl\":\"https:\\\/\\\/tiszacsege.hu\\\/wp-content\\\/uploads\\\/2014\\\/08\\\/Flag_of_Hungary_with_arms_state.svg_.png\",\"width\":1280,\"height\":640},{\"@type\":\"BreadcrumbList\",\"@id\":\"https:\\\/\\\/tiszacsege.hu\\\/?p=5488#breadcrumb\",\"itemListElement\":[{\"@type\":\"ListItem\",\"position\":1,\"name\":\"Kezd\u0151lap\",\"item\":\"https:\\\/\\\/tiszacsege.hu\\\/\"},{\"@type\":\"ListItem\",\"position\":2,\"name\":\"A Helyi V\u00e1laszt\u00e1si Iroda k\u00f6zlem\u00e9nye\"}]},{\"@type\":\"WebSite\",\"@id\":\"https:\\\/\\\/tiszacsege.hu\\\/#website\",\"url\":\"https:\\\/\\\/tiszacsege.hu\\\/\",\"name\":\"Tiszacsege\",\"description\":\"Tiszacsege hivatalos honlapja\",\"publisher\":{\"@id\":\"https:\\\/\\\/tiszacsege.hu\\\/#organization\"},\"potentialAction\":[{\"@type\":\"SearchAction\",\"target\":{\"@type\":\"EntryPoint\",\"urlTemplate\":\"https:\\\/\\\/tiszacsege.hu\\\/?s={search_term_string}\"},\"query-input\":{\"@type\":\"PropertyValueSpecification\",\"valueRequired\":true,\"valueName\":\"search_term_string\"}}],\"inLanguage\":\"hu\"},{\"@type\":\"Organization\",\"@id\":\"https:\\\/\\\/tiszacsege.hu\\\/#organization\",\"name\":\"Tiszacsege\",\"url\":\"https:\\\/\\\/tiszacsege.hu\\\/\",\"logo\":{\"@type\":\"ImageObject\",\"inLanguage\":\"hu\",\"@id\":\"https:\\\/\\\/tiszacsege.hu\\\/#\\\/schema\\\/logo\\\/image\\\/\",\"url\":\"https:\\\/\\\/tiszacsege.hu\\\/wp-content\\\/uploads\\\/2020\\\/10\\\/tiszacsege_logo_rovid2-1.png\",\"contentUrl\":\"https:\\\/\\\/tiszacsege.hu\\\/wp-content\\\/uploads\\\/2020\\\/10\\\/tiszacsege_logo_rovid2-1.png\",\"width\":500,\"height\":150,\"caption\":\"Tiszacsege\"},\"image\":{\"@id\":\"https:\\\/\\\/tiszacsege.hu\\\/#\\\/schema\\\/logo\\\/image\\\/\"},\"sameAs\":[\"https:\\\/\\\/www.facebook.com\\\/tiszacsegeonkormanyzata\"]},{\"@type\":\"Person\",\"@id\":\"https:\\\/\\\/tiszacsege.hu\\\/#\\\/schema\\\/person\\\/ff2f4e3a9747199f545a2cf351f25334\",\"name\":\"admin\",\"image\":{\"@type\":\"ImageObject\",\"inLanguage\":\"hu\",\"@id\":\"https:\\\/\\\/secure.gravatar.com\\\/avatar\\\/52224ccae048f9be8fd8d745a33eff630818f8bd5c43790479a2754dcef4b69b?s=96&d=mm&r=g\",\"url\":\"https:\\\/\\\/secure.gravatar.com\\\/avatar\\\/52224ccae048f9be8fd8d745a33eff630818f8bd5c43790479a2754dcef4b69b?s=96&d=mm&r=g\",\"contentUrl\":\"https:\\\/\\\/secure.gravatar.com\\\/avatar\\\/52224ccae048f9be8fd8d745a33eff630818f8bd5c43790479a2754dcef4b69b?s=96&d=mm&r=g\",\"caption\":\"admin\"},\"url\":\"https:\\\/\\\/tiszacsege.hu\\\/?author=1\"}]}<\/script>\n<!-- \/ Yoast SEO plugin. -->","yoast_head_json":{"title":"A Helyi V\u00e1laszt\u00e1si Iroda k\u00f6zlem\u00e9nye","robots":{"index":"index","follow":"follow","max-snippet":"max-snippet:-1","max-image-preview":"max-image-preview:large","max-video-preview":"max-video-preview:-1"},"canonical":"https:\/\/tiszacsege.hu\/?p=5488","og_locale":"hu_HU","og_type":"article","og_title":"A Helyi V\u00e1laszt\u00e1si Iroda k\u00f6zlem\u00e9nye","og_description":"A Tiszacsegei Helyi V\u00e1laszt\u00e1si Iroda v\u00e1laszt\u00e1si elj\u00e1r\u00e1sr\u00f3l sz\u00f3l\u00f3 2013. \u00e9vi XXXVI. t\u00f6rv\u00e9ny","og_url":"https:\/\/tiszacsege.hu\/?p=5488","og_site_name":"Tiszacsege","article_publisher":"https:\/\/www.facebook.com\/tiszacsegeonkormanyzata","article_published_time":"2014-08-18T08:37:48+00:00","article_modified_time":"2014-08-25T08:48:05+00:00","og_image":[{"width":1280,"height":640,"url":"https:\/\/tiszacsege.hu\/wp-content\/uploads\/2014\/08\/Flag_of_Hungary_with_arms_state.svg_.png","type":"image\/png"}],"author":"admin","twitter_card":"summary_large_image","schema":{"@context":"https:\/\/schema.org","@graph":[{"@type":"Article","@id":"https:\/\/tiszacsege.hu\/?p=5488#article","isPartOf":{"@id":"https:\/\/tiszacsege.hu\/?p=5488"},"author":{"name":"admin","@id":"https:\/\/tiszacsege.hu\/#\/schema\/person\/ff2f4e3a9747199f545a2cf351f25334"},"headline":"A Helyi V\u00e1laszt\u00e1si Iroda k\u00f6zlem\u00e9nye","datePublished":"2014-08-18T08:37:48+00:00","dateModified":"2014-08-25T08:48:05+00:00","mainEntityOfPage":{"@id":"https:\/\/tiszacsege.hu\/?p=5488"},"wordCount":208,"publisher":{"@id":"https:\/\/tiszacsege.hu\/#organization"},"image":{"@id":"https:\/\/tiszacsege.hu\/?p=5488#primaryimage"},"thumbnailUrl":"https:\/\/tiszacsege.hu\/wp-content\/uploads\/2014\/08\/Flag_of_Hungary_with_arms_state.svg_.png","articleSection":["Helyi h\u00edrek, t\u00e1j\u00e9koztat\u00f3k"],"inLanguage":"hu"},{"@type":"WebPage","@id":"https:\/\/tiszacsege.hu\/?p=5488","url":"https:\/\/tiszacsege.hu\/?p=5488","name":"A Helyi V\u00e1laszt\u00e1si Iroda k\u00f6zlem\u00e9nye","isPartOf":{"@id":"https:\/\/tiszacsege.hu\/#website"},"primaryImageOfPage":{"@id":"https:\/\/tiszacsege.hu\/?p=5488#primaryimage"},"image":{"@id":"https:\/\/tiszacsege.hu\/?p=5488#primaryimage"},"thumbnailUrl":"https:\/\/tiszacsege.hu\/wp-content\/uploads\/2014\/08\/Flag_of_Hungary_with_arms_state.svg_.png","datePublished":"2014-08-18T08:37:48+00:00","dateModified":"2014-08-25T08:48:05+00:00","breadcrumb":{"@id":"https:\/\/tiszacsege.hu\/?p=5488#breadcrumb"},"inLanguage":"hu","potentialAction":[{"@type":"ReadAction","target":["https:\/\/tiszacsege.hu\/?p=5488"]}]},{"@type":"ImageObject","inLanguage":"hu","@id":"https:\/\/tiszacsege.hu\/?p=5488#primaryimage","url":"https:\/\/tiszacsege.hu\/wp-content\/uploads\/2014\/08\/Flag_of_Hungary_with_arms_state.svg_.png","contentUrl":"https:\/\/tiszacsege.hu\/wp-content\/uploads\/2014\/08\/Flag_of_Hungary_with_arms_state.svg_.png","width":1280,"height":640},{"@type":"BreadcrumbList","@id":"https:\/\/tiszacsege.hu\/?p=5488#breadcrumb","itemListElement":[{"@type":"ListItem","position":1,"name":"Kezd\u0151lap","item":"https:\/\/tiszacsege.hu\/"},{"@type":"ListItem","position":2,"name":"A Helyi V\u00e1laszt\u00e1si Iroda k\u00f6zlem\u00e9nye"}]},{"@type":"WebSite","@id":"https:\/\/tiszacsege.hu\/#website","url":"https:\/\/tiszacsege.hu\/","name":"Tiszacsege","description":"Tiszacsege hivatalos honlapja","publisher":{"@id":"https:\/\/tiszacsege.hu\/#organization"},"potentialAction":[{"@type":"SearchAction","target":{"@type":"EntryPoint","urlTemplate":"https:\/\/tiszacsege.hu\/?s={search_term_string}"},"query-input":{"@type":"PropertyValueSpecification","valueRequired":true,"valueName":"search_term_string"}}],"inLanguage":"hu"},{"@type":"Organization","@id":"https:\/\/tiszacsege.hu\/#organization","name":"Tiszacsege","url":"https:\/\/tiszacsege.hu\/","logo":{"@type":"ImageObject","inLanguage":"hu","@id":"https:\/\/tiszacsege.hu\/#\/schema\/logo\/image\/","url":"https:\/\/tiszacsege.hu\/wp-content\/uploads\/2020\/10\/tiszacsege_logo_rovid2-1.png","contentUrl":"https:\/\/tiszacsege.hu\/wp-content\/uploads\/2020\/10\/tiszacsege_logo_rovid2-1.png","width":500,"height":150,"caption":"Tiszacsege"},"image":{"@id":"https:\/\/tiszacsege.hu\/#\/schema\/logo\/image\/"},"sameAs":["https:\/\/www.facebook.com\/tiszacsegeonkormanyzata"]},{"@type":"Person","@id":"https:\/\/tiszacsege.hu\/#\/schema\/person\/ff2f4e3a9747199f545a2cf351f25334","name":"admin","image":{"@type":"ImageObject","inLanguage":"hu","@id":"https:\/\/secure.gravatar.com\/avatar\/52224ccae048f9be8fd8d745a33eff630818f8bd5c43790479a2754dcef4b69b?s=96&d=mm&r=g","url":"https:\/\/secure.gravatar.com\/avatar\/52224ccae048f9be8fd8d745a33eff630818f8bd5c43790479a2754dcef4b69b?s=96&d=mm&r=g","contentUrl":"https:\/\/secure.gravatar.com\/avatar\/52224ccae048f9be8fd8d745a33eff630818f8bd5c43790479a2754dcef4b69b?s=96&d=mm&r=g","caption":"admin"},"url":"https:\/\/tiszacsege.hu\/?author=1"}]}},"_links":{"self":[{"href":"https:\/\/tiszacsege.hu\/index.php?rest_route=\/wp\/v2\/posts\/5488","targetHints":{"allow":["GET"]}}],"collection":[{"href":"https:\/\/tiszacsege.hu\/index.php?rest_route=\/wp\/v2\/posts"}],"about":[{"href":"https:\/\/tiszacsege.hu\/index.php?rest_route=\/wp\/v2\/types\/post"}],"author":[{"embeddable":true,"href":"https:\/\/tiszacsege.hu\/index.php?rest_route=\/wp\/v2\/users\/1"}],"replies":[{"embeddable":true,"href":"https:\/\/tiszacsege.hu\/index.php?rest_route=%2Fwp%2Fv2%2Fcomments&post=5488"}],"version-history":[{"count":23,"href":"https:\/\/tiszacsege.hu\/index.php?rest_route=\/wp\/v2\/posts\/5488\/revisions"}],"predecessor-version":[{"id":5508,"href":"https:\/\/tiszacsege.hu\/index.php?rest_route=\/wp\/v2\/posts\/5488\/revisions\/5508"}],"wp:featuredmedia":[{"embeddable":true,"href":"https:\/\/tiszacsege.hu\/index.php?rest_route=\/wp\/v2\/media\/5503"}],"wp:attachment":[{"href":"https:\/\/tiszacsege.hu\/index.php?rest_route=%2Fwp%2Fv2%2Fmedia&parent=5488"}],"wp:term":[{"taxonomy":"category","embeddable":true,"href":"https:\/\/tiszacsege.hu\/index.php?rest_route=%2Fwp%2Fv2%2Fcategories&post=5488"},{"taxonomy":"post_tag","embeddable":true,"href":"https:\/\/tiszacsege.hu\/index.php?rest_route=%2Fwp%2Fv2%2Ftags&post=5488"},{"taxonomy":"post_folder","embeddable":true,"href":"https:\/\/tiszacsege.hu\/index.php?rest_route=%2Fwp%2Fv2%2Fpost_folder&post=5488"}],"curies":[{"name":"wp","href":"https:\/\/api.w.org\/{rel}","templated":true}]}}