{"id":5995,"date":"2014-09-30T13:24:03","date_gmt":"2014-09-30T11:24:03","guid":{"rendered":"http:\/\/tiszacsege.hu\/?p=5995"},"modified":"2015-05-28T21:50:37","modified_gmt":"2015-05-28T19:50:37","slug":"beszamolo-tiszacsege-varos-kepviselo-testulete-3-eves-2011-2014-ciklusa-alatt-vegzett-munkajarol","status":"publish","type":"post","link":"https:\/\/tiszacsege.hu\/?p=5995","title":{"rendered":"Besz\u00e1mol\u00f3 Tiszacsege V\u00e1ros K\u00e9pvisel\u0151-test\u00fclete 3 \u00e9ves (2011-2014) ciklusa alatt v\u00e9gzett munk\u00e1j\u00e1r\u00f3l"},"content":{"rendered":"<p style=\"text-align: justify;\" align=\"center\"><span style=\"line-height: 1.6em;\">A v\u00e1laszt\u00e1si ciklus 2010. okt\u00f3ber 3-\u00e1n kezd\u0151d\u00f6tt, ahol a telep\u00fcl\u00e9s \u00e1llampolg\u00e1rai megv\u00e1lasztott\u00e1k az \u00d6nkorm\u00e1nyzat polg\u00e1rmester\u00e9t \u00e9s 6 f\u0151 k\u00e9pvisel\u0151j\u00e9t. 2011. \u00e1prilis 15-\u00e9n J\u00f3n\u00e1s S\u00e1ndor polg\u00e1rmester lemondott tiszts\u00e9g\u00e9r\u0151l. A Helyi V\u00e1laszt\u00e1si Bizotts\u00e1g Tiszacsege telep\u00fcl\u00e9sen az id\u0151k\u00f6zi polg\u00e1rmester v\u00e1laszt\u00e1st 2011. j\u00falius 10-\u00e9re t\u0171zte ki, Tiszacsege \u00faj polg\u00e1rmester\u00e9nek a lakoss\u00e1g engem v\u00e1lasztott. \u00a0<\/span><\/p>\n<p>A polg\u00e1rmester v\u00e1laszt\u00e1st k\u00f6vet\u0151en javaslatot tettem az \u00f6nkorm\u00e1nyzat szervezeti \u00e9s m\u0171k\u00f6d\u00e9si szab\u00e1lyzat\u00e1nak m\u00f3dos\u00edt\u00e1s\u00e1val k\u00e9t alpolg\u00e1rmester v\u00e1laszt\u00e1s\u00e1ra, ezt k\u00f6vet\u0151en a k\u00e9pvisel\u0151-test\u00fclet Bagdi S\u00e1ndort \u00e9s Losonczi J\u00e1nost megv\u00e1lasztotta alpolg\u00e1rmesternek, akik a Startmunka mintaprogram lebonyol\u00edt\u00e1s\u00e1ban jelent\u0151s szerepet v\u00e1llaltak.<\/p>\n<p>&nbsp;<\/p>\n<p>K\u00e9pvisel\u0151-test\u00fclet bizotts\u00e1gai:<\/p>\n<p>&nbsp;<\/p>\n<p>&#8211; <b><i>P\u00e9nz\u00fcgyi \u00e9s \u00dcgyrendi Bizotts\u00e1g:<\/i><\/b>\u00a0\u00a0\u00a0\u00a0\u00a0\u00a0\u00a0\u00a0\u00a0\u00a0\u00a0\u00a0\u00a0\u00a0\u00a0\u00a0\u00a0\u00a0\u00a0\u00a0\u00a0\u00a0\u00a0\u00a0\u00a0 3 f\u0151vel, melynek tagjai 2 f\u0151 k\u00e9pvisel\u0151, 1 f\u0151 nem k\u00e9pvisel\u0151,<\/p>\n<p>&nbsp;<\/p>\n<p>&#8211; <b><i>Szoci\u00e1lis \u00e9s Eg\u00e9szs\u00e9g\u00fcgyi Bizotts\u00e1g:<\/i><\/b>\u00a0\u00a0\u00a0\u00a0\u00a0\u00a0\u00a0\u00a0\u00a0\u00a0\u00a0\u00a0\u00a0\u00a0\u00a0\u00a0\u00a0\u00a0\u00a0\u00a0 3 f\u0151vel, melynek tagjai 2 f\u0151 k\u00e9pvisel\u0151, 1 f\u0151 nem k\u00e9pvisel\u0151.<\/p>\n<p>&nbsp;<\/p>\n<p>Az \u00f6nkorm\u00e1nyzat Szervezeti \u00e9s M\u0171k\u00f6d\u00e9si Szab\u00e1lyzata jogi form\u00e1t ny\u00fajtott a K\u00e9pvisel\u0151-test\u00fclet \u00e9s bizotts\u00e1gai rendeltet\u00e9sszer\u0171 m\u0171k\u00f6d\u00e9s\u00e9hez. A test\u00fcleti \u00fcl\u00e9sek minden \u00e9vben a j\u00f3v\u00e1hagyott \u00fcl\u00e9sterveknek megfelel\u0151en t\u00f6rt\u00e9ntek, a tervezett illetve aktu\u00e1lis napirendi pontok megt\u00e1rgyal\u00e1s\u00e1val.<\/p>\n<p>A h\u00e1rom \u00e9v alatt rendszeresen \u00fcl\u00e9seztek a K\u00e9pvisel\u0151-test\u00fclet mellett m\u0171k\u00f6d\u0151 bizotts\u00e1gok, minden esetben megt\u00e1rgyalt\u00e1k a napirendi pontokat, melyek hat\u00e1sk\u00f6r\u00fckbe tartoztak. A bizotts\u00e1gok m\u0171k\u00f6d\u00e9s\u00e9re jellemz\u0151 volt, hogy \u00f6sszevont \u00fcl\u00e9s keret\u00e9ben t\u00e1rgyalt\u00e1k meg a beterjesztett anyagokat.<\/p>\n<p>&nbsp;<\/p>\n<p>A 3 \u00e9v alatt a K\u00e9pvisel\u0151-test\u00fclet<\/p>\n<p>&#8211;\u00a0\u00a0\u00a0\u00a0\u00a0\u00a0\u00a0\u00a0\u00a0 a P\u00e9nz\u00fcgyi \u00e9s \u00dcgyrendi Bizotts\u00e1g <b>57<\/b> alkalommal \u00fcl\u00e9sezett,<b> 608<\/b> hat\u00e1rozatot hozott,<\/p>\n<p>&#8211;\u00a0\u00a0\u00a0\u00a0\u00a0\u00a0\u00a0\u00a0\u00a0 a Szoci\u00e1lis \u00e9s Eg\u00e9szs\u00e9g\u00fcgyi Bizotts\u00e1g <b>63<\/b> alkalommal \u00fcl\u00e9sezett, <b>1422<\/b> hat\u00e1rozatott hozott,<\/p>\n<p>&#8211;\u00a0\u00a0\u00a0\u00a0\u00a0\u00a0\u00a0\u00a0\u00a0 a K\u00e9pvisel\u0151-test\u00fclet <b>100<\/b> alkalommal \u00fcl\u00e9sezett, d\u00f6nt\u00e9seit rendeletbe, vagy hat\u00e1rozatba foglalta. T\u00f6rv\u00e9ny \u00e1ltal nem szab\u00e1lyozott helyi t\u00e1rsadalmi viszonyok rendez\u00e9s\u00e9re, tov\u00e1bb\u00e1 t\u00f6rv\u00e9ny felhatalmaz\u00e1sa alapj\u00e1n annak v\u00e9grehajt\u00e1s\u00e1ra \u00f6sszesen <b>93<\/b> alkalommal rendeletet alkotott, <b>727<\/b> hat\u00e1rozatott hozott.<\/p>\n<p>&nbsp;<\/p>\n<p>A fenti adatok kell\u0151en t\u00fckr\u00f6zik, hogy igen is voltak tennival\u00f3k \u00e9s a k\u00e9pvisel\u0151k kell\u0151 felel\u0151ss\u00e9ggel \u00e9s hat\u00e1rozotts\u00e1ggal d\u00f6nt\u00f6ttek az egyes napirendek k\u00e9rd\u00e9s\u00e9ben.<\/p>\n<p>Test\u00fcleti \u00fcl\u00e9s elnapol\u00e1s\u00e1ra hat\u00e1rozatk\u00e9ptelens\u00e9g miatt nem ker\u00fclt sor.<\/p>\n<p>&nbsp;<\/p>\n<p>Lakoss\u00e1gi f\u00f3rum 3 esetben, k\u00f6zmeghallgat\u00e1s szint\u00e9n 3 esetben volt tervezve, melyek megtart\u00e1sra is ker\u00fcltek. E lakoss\u00e1gi f\u00f3rumok napirendjei k\u00f6lts\u00e9gvet\u00e9si t\u00e1j\u00e9koztat\u00f3b\u00f3l, az el\u0151z\u0151 \u00e9vi z\u00e1rsz\u00e1mad\u00e1s ismertet\u00e9s\u00e9b\u0151l, fejleszt\u00e9si \u00e9s beruh\u00e1z\u00e1si programok megt\u00e1rgyal\u00e1s\u00e1b\u00f3l \u00e1lltak. A f\u00f3rumokon \u00e1ltal\u00e1ban nagyobb sz\u00e1mban jelent meg a lakoss\u00e1g, mint a k\u00f6zmeghallgat\u00e1sokon, \u00e9s az \u00e1ltaluk feltett k\u00e9rd\u00e9sek, felvet\u00e9sek k\u00f6re f\u0151leg a fejleszt\u00e9si feladatokra, a szem\u00e9tsz\u00e1ll\u00edt\u00e1ssal kapcsolatos k\u00e9rd\u00e9sekre ir\u00e1nyult.<\/p>\n<p>&nbsp;<\/p>\n<p>Az id\u0151k\u00f6zi v\u00e1laszt\u00e1st k\u00f6vet\u0151en 2011. m\u00e1sodik f\u00e9l\u00e9v\u00e9ben az \u00f6nkorm\u00e1nyzat legfontosabb \u00e9s legnehezebb feladata az int\u00e9zm\u00e9nyek m\u0171k\u00f6dtet\u00e9se volt. A szigor\u00fa takar\u00e9kos gazd\u00e1lkod\u00e1snak k\u00f6sz\u00f6nhet\u0151en az \u00e9v els\u0151 fel\u00e9ben jelentkez\u0151 igen s\u00falyos likvidit\u00e1si gondokat siker\u00fclt kezelni, \u00edgy az int\u00e9zm\u00e9nyek az \u00e9v sor\u00e1n m\u0171k\u00f6d\u0151k\u00e9pesek voltak feladataikat megfelel\u0151 sz\u00ednvonalon l\u00e1tt\u00e1k el.<\/p>\n<p>&nbsp;<\/p>\n<p>2011 \u00e9vben jelent\u0151s t\u00e9tel volt az \u00f6nkorm\u00e1nyzat fizet\u0151k\u00e9pess\u00e9g\u00e9nek meg\u0151rz\u00e9se \u00e9rdek\u00e9ben ny\u00fajtott \u00d6NHIKI \u00e9s egy\u00e9b k\u00f6zponti t\u00e1mogat\u00e1s, melynek egy\u00fcttes \u00f6sszege 121.500 ezer Ft.<\/p>\n<p>&nbsp;<\/p>\n<p>Az \u00f6nkorm\u00e1nyzat 163 f\u0151 k\u00f6zfoglalkoztat\u00e1s\u00e1t szervezte meg, a r\u00f6vid t\u00e1v\u00fa programban 136 f\u0151, a hossz\u00fa t\u00e1vra szervezett k\u00f6zfoglalkoztat\u00e1sba 27 f\u0151 vett r\u00e9szt.<\/p>\n<p>&nbsp;<\/p>\n<p>A hitelm\u0171veletek egyenlege a jelent\u0151s korm\u00e1nyzati seg\u00edts\u00e9gnek, valamint az \u00e1th\u00faz\u00f3d\u00f3 EU-s p\u00e1ly\u00e1zati t\u00e1mogat\u00e1sok meg\u00e9rkez\u00e9s\u00e9nek k\u00f6sz\u00f6nhet\u0151en 251.949 ezer Ft-tal cs\u00f6kkent.<\/p>\n<p>A fejleszt\u00e9seket befoly\u00e1solt\u00e1k a m\u0171k\u00f6d\u00e9sben jelentkez\u0151 zavarok. Forr\u00e1shi\u00e1ny miatt nem tudtunk \u00e9p\u00fcleteink \u00e1llagmeg\u00f3v\u00e1s\u00e1ra, valamint a j\u00e1rda\u00e9p\u00edt\u00e9sekre, \u00fatkarbantart\u00e1sra p\u00e9nzeszk\u00f6z\u00f6ket biztos\u00edtani. \u00a0<\/p>\n<p>&nbsp;<\/p>\n<p>2011 \u00e9vben<\/p>\n<ul>\n<li>fejleszt\u00e9sre ford\u00edtott \u00f6sszegb\u0151l:<\/li>\n<\/ul>\n<p>&#8211;\u00a0\u00a0\u00a0\u00a0\u00a0\u00a0 komp fel\u00faj\u00edt\u00e1sra 3.875 ezer Ft-ot,<\/p>\n<ul>\n<li>beruh\u00e1z\u00e1sokra els\u0151sorban eszk\u00f6z\u00f6k beszerz\u00e9s\u00e9re:<\/li>\n<\/ul>\n<p>&#8211;\u00a0\u00a0\u00a0\u00a0 program licenc, szoftver haszn\u00e1latra 433 e Ft-ot,<\/p>\n<p>&#8211;\u00a0\u00a0\u00a0\u00a0 Start k\u00f6zmunkaprogram \u201ebelvizes programra\u201d: 872 ezer Ft-ot,<\/p>\n<p>&#8211;\u00a0\u00a0\u00a0\u00a0 Start k\u00f6zmunkaprogram \u201emez\u0151gazdas\u00e1gi programra\u201d: 894 ezer Ft-ot<\/p>\n<p>ford\u00edtott az \u00f6nkorm\u00e1nyzat.<\/p>\n<p><b>\u00a0<\/b><\/p>\n<p>2011 \u00e9vben k\u00e9relemmel fordult \u00d6nkorm\u00e1nyzatunkhoz a Hortob\u00e1gyi Nemzeti Park \u00e9s az enged\u00e9llyel nem rendelkez\u0151, haszn\u00e1laton k\u00edv\u00fcli csatorn\u00e1kat, \u00e1rkok (\u00f6sszesen: 7,7810 ha) elbont\u00e1s\u00e1hoz k\u00e9rte hozz\u00e1j\u00e1rul\u00e1sunkat, mivel a Hortob\u00e1gyi Nemzeti Park saj\u00e1t vagyonkezel\u00e9s\u00e9ben l\u00e9v\u0151 ter\u00fcletek k\u00f6z\u00e9 \u00e9kel\u0151dve roncsolj\u00e1k a term\u00e9szetes \u00e9l\u0151helyeket.<\/p>\n<p>A ter\u00fclet\u00e9rt cser\u00e9be a Magyar \u00c1llam tulajdon\u00e1ban \u00e9s a Hortob\u00e1gyi Nemzeti Park vagyonkezel\u00e9s\u00e9ben l\u00e9v\u0151 Tiszacsege 0881\/4 hrsz.-\u00fa erd\u0151 m\u0171vel\u00e9si \u00e1g\u00fa ingatlan ter\u00fclet\u00e9b\u0151l kialak\u00edt\u00e1sra ker\u00fcl\u0151 kb. 1,7 ha nagys\u00e1g\u00fa gyep, m\u0171vel\u00e9si \u00e1g\u00fa ingatlant adja cser\u00e9be csereszerz\u0151d\u00e9s keret\u00e9ben. A csere \u00fcgylet lebonyol\u00edt\u00e1s\u00e1hoz el\u0151sz\u00f6r a jogszab\u00e1lyi felt\u00e9teleket kell biztos\u00edtani (telekmegoszt\u00e1s, m\u0171vel\u00e9si \u00e1g v\u00e1ltoztat\u00e1s), amit \u00f6nkorm\u00e1nyzatunk megkezdett, az erd\u00e9szeti hat\u00f3s\u00e1g, term\u00e9szetv\u00e9delmi hat\u00f3s\u00e1g, Nemzeti F\u00f6ldalapkezel\u0151 Szervezet hozz\u00e1j\u00e1rul\u00e1s\u00e1nak beszerz\u00e9se folyamatban van.<\/p>\n<p>&nbsp;<\/p>\n<p>2012 \u00e9vben az ad\u00f3ss\u00e1gkonszolid\u00e1ci\u00f3s c\u00e9llal adott \u00e1llami t\u00e1mogat\u00e1s \u00f6sszege 244.279 ezer Ft, melynek k\u00f6sz\u00f6nhet\u0151en:<\/p>\n<ul>\n<li>a hossz\u00fa lej\u00e1rat\u00fa k\u00f6telezetts\u00e9gek \u00e1llom\u00e1nya a fejleszt\u00e9si hitelek eset\u00e9ben 46.662 ezer Ft-tal,<\/li>\n<li>a r\u00f6vid lej\u00e1rat\u00fa k\u00f6telezetts\u00e9gek \u00e1llom\u00e1ny\u00e1b\u00f3l a r\u00f6vid lej\u00e1rat\u00fa hitelek \u00e1llom\u00e1nya 2011 \u00e9vhez viszony\u00edtva 202.288 ezer Ft-tal<\/li>\n<\/ul>\n<p>cs\u00f6kkent az al\u00e1bbiak szerint:<\/p>\n<p>&#8211;\u00a0\u00a0\u00a0\u00a0\u00a0\u00a0\u00a0\u00a0\u00a0 b\u00e9rlak\u00e1s \u00e9p\u00edt\u00e9shez felvett hitel t\u0151ket\u00f6rleszt\u00e9s\u00e9re: \u00a0\u00a0\u00a0\u00a0\u00a0\u00a0\u00a0\u00a0\u00a0\u00a0\u00a0 \u00a028.700 ezer Ft,<\/p>\n<p>&#8211;\u00a0\u00a0\u00a0\u00a0\u00a0\u00a0\u00a0\u00a0\u00a0 f\u00fcrd\u0151 fejleszt\u00e9si hitel t\u0151ke t\u00f6rleszt\u00e9s\u00e9re: \u00a0\u00a0\u00a0\u00a0\u00a0\u00a0\u00a0\u00a0\u00a0\u00a0\u00a0\u00a0\u00a0\u00a0\u00a0\u00a0\u00a0\u00a0\u00a0\u00a0\u00a0\u00a0\u00a0\u00a0\u00a0\u00a0\u00a0 \u00a0\u00a019.085 ezer Ft,<\/p>\n<p>&#8211;\u00a0\u00a0\u00a0\u00a0\u00a0\u00a0\u00a0\u00a0\u00a0 a fejleszt\u00e9si hitelekhez kapcsol\u00f3d\u00f3 kamat kiad\u00e1sokhoz \u00a0\u00a0\u00a0\u00a0\u00a0 \u00a0\u00a0\u00a0\u00a0\u00a0\u00a0\u00a0\u00a0611 ezer Ft,<\/p>\n<p>&#8211;\u00a0\u00a0\u00a0\u00a0\u00a0\u00a0\u00a0\u00a0\u00a0 foly\u00f3sz\u00e1mlahitel visszafizet\u00e9shez \u00a0\u00a0\u00a0\u00a0\u00a0\u00a0\u00a0\u00a0\u00a0\u00a0\u00a0\u00a0\u00a0\u00a0\u00a0\u00a0\u00a0\u00a0\u00a0\u00a0\u00a0\u00a0\u00a0\u00a0\u00a0\u00a0\u00a0\u00a0\u00a0\u00a0\u00a0\u00a0\u00a0\u00a0\u00a0\u00a0\u00a0\u00a0\u00a0 134.996 ezer Ft,<\/p>\n<p>&#8211;\u00a0\u00a0\u00a0\u00a0\u00a0\u00a0\u00a0\u00a0\u00a0 m\u0171k\u00f6d\u00e9si c\u00e9l\u00fa r\u00f6vid lej\u00e1rat\u00fa hitel visszafizet\u00e9s\u00e9hez \u00a0\u00a0\u00a0\u00a0\u00a0\u00a0\u00a0\u00a0\u00a0 \u00a0\u00a0\u00a024.000 ezer Ft,<\/p>\n<p>&#8211;\u00a0\u00a0\u00a0\u00a0\u00a0\u00a0\u00a0\u00a0\u00a0 munkab\u00e9rhitel visszafizet\u00e9shez: \u00a0\u00a0\u00a0\u00a0\u00a0\u00a0\u00a0\u00a0\u00a0\u00a0\u00a0\u00a0\u00a0\u00a0\u00a0\u00a0\u00a0\u00a0\u00a0\u00a0\u00a0\u00a0\u00a0\u00a0\u00a0\u00a0\u00a0\u00a0\u00a0\u00a0\u00a0\u00a0\u00a0\u00a0\u00a0\u00a0\u00a0\u00a0\u00a0\u00a0\u00a0 \u00a0\u00a0\u00a032.625 ezer Ft,<\/p>\n<p>&#8211;\u00a0\u00a0\u00a0\u00a0\u00a0\u00a0\u00a0\u00a0\u00a0 a likvidhitelek ut\u00e1n fizetend\u0151 kamatkiad\u00e1sok \u00a0\u00a0\u00a0\u00a0\u00a0\u00a0\u00a0\u00a0\u00a0\u00a0\u00a0\u00a0\u00a0\u00a0\u00a0\u00a0\u00a0\u00a0\u00a0\u00a0 \u00a0\u00a0\u00a0\u00a0\u00a04.262 ezer Ft.<\/p>\n<p>&nbsp;<\/p>\n<p>Fentiek figyelembev\u00e9tel\u00e9vel 2012. december 31-\u00e9n 15.000 ezer Ft \u00f6sszeg\u0171 hitel\u00e1llom\u00e1nya maradt az \u00f6nkorm\u00e1nyzatnak, mivel ez a tartoz\u00e1s\u00e1llom\u00e1ny nem p\u00e9nzint\u00e9zett\u0151l sz\u00e1rmazik, \u00edgy nem volt bevonhat\u00f3 az ad\u00f3ss\u00e1gkonszolid\u00e1ci\u00f3ba.<\/p>\n<p>&nbsp;<\/p>\n<p>2012 \u00e9vben is a legfontosabb \u00f6nkorm\u00e1nyzati feladat az int\u00e9zm\u00e9nyek m\u0171k\u00f6dtet\u00e9se volt, az int\u00e9zm\u00e9nyek feladataikat megfelel\u0151 sz\u00ednvonalon l\u00e1tt\u00e1k el.<\/p>\n<p>&nbsp;<\/p>\n<p>Az \u00f6nkorm\u00e1nyzat 2012 \u00e9vben t\u00f6bb Start k\u00f6zmunkaprogramban is r\u00e9szt vett:<\/p>\n<p>&#8211;\u00a0\u00a0\u00a0\u00a0\u00a0\u00a0\u00a0\u00a0\u00a0 hossz\u00fa t\u00e1v\u00fa k\u00f6zfoglalkoztat\u00e1s keret\u00e9ben 16 f\u0151<\/p>\n<p>&#8211;\u00a0\u00a0\u00a0\u00a0\u00a0\u00a0\u00a0\u00a0\u00a0 a Start k\u00f6zmunkaprogram keret\u00e9ben \u00e1tlagosan 100 f\u0151<\/p>\n<p>foglalkoztat\u00e1sa val\u00f3sult meg.<\/p>\n<p>A kiutalt t\u00e1mogat\u00e1sb\u00f3l 41.938 ezer Ft-ot tudtunk fejleszt\u00e9sre ford\u00edtani.<\/p>\n<p>&nbsp;<\/p>\n<p>2012 \u00e9vben jelent\u0151s \u00f6sszeget, \u00f6sszesen: 51.689 Ft-ot (\u00f6nkorm\u00e1nyzati saj\u00e1t forr\u00e1s: 2.992 ezer Ft, p\u00e1ly\u00e1zati, illetve k\u00f6zponti t\u00e1mogat\u00e1s: 48.697 ezer Ft) ford\u00edtottunk eszk\u00f6z\u00f6k beszerz\u00e9sre:<\/p>\n<ul>\n<li>Startmunka program g\u00e9pek, munkag\u00e9pek v\u00e1s\u00e1rl\u00e1sa: \u00a0\u00a0\u00a0\u00a0\u00a0\u00a0\u00a0\u00a0\u00a0\u00a0\u00a0\u00a0\u00a0\u00a0\u00a0\u00a0\u00a0\u00a0\u00a0 21.001 e Ft,<\/li>\n<li>Mez\u0151gazdas\u00e1gi startmunka programhoz eszk\u00f6z beszerz\u00e9s: \u00a0\u00a0\u00a0\u00a0\u00a0\u00a0\u00a0\u00a0\u00a0\u00a0 \u00a0\u00a09.954 e Ft,<\/li>\n<li>K\u00f6zbiztons\u00e1g n\u00f6vel\u0151 t\u00e1mogat\u00e1sb\u00f3l g\u00e9pkocsi v\u00e1s\u00e1rl\u00e1s:\u00a0\u00a0\u00a0\u00a0\u00a0\u00a0\u00a0 \u00a0\u00a0\u00a0\u00a0\u00a0\u00a0\u00a0\u00a0\u00a0\u00a0\u00a0 \u00a0 6.270 e Ft,<\/li>\n<li>H\u00e1tr\u00e1nyos helyzet\u0171 telep\u00fcl\u00e9sek t\u00e1mogat\u00e1s\u00e1b\u00f3l eszk\u00f6zbeszerz\u00e9s:\u00a0 11.194 e Ft<\/li>\n<li>sz\u00e1m\u00edt\u00e1stechnikai eszk\u00f6zbeszerz\u00e9s:\u00a0\u00a0\u00a0\u00a0\u00a0\u00a0\u00a0\u00a0\u00a0\u00a0\u00a0\u00a0\u00a0\u00a0\u00a0\u00a0\u00a0\u00a0\u00a0\u00a0\u00a0\u00a0\u00a0\u00a0\u00a0\u00a0\u00a0\u00a0\u00a0\u00a0\u00a0\u00a0\u00a0\u00a0\u00a0\u00a0\u00a0\u00a0\u00a0\u00a0\u00a0\u00a0\u00a0\u00a0\u00a0\u00a0\u00a0\u00a0 \u00a0 1.859 e Ft<\/li>\n<li>egy\u00e9b felhalmoz\u00e1si kiad\u00e1s: \u00a0\u00a0\u00a0\u00a0\u00a0\u00a0\u00a0\u00a0\u00a0\u00a0\u00a0\u00a0\u00a0\u00a0\u00a0\u00a0\u00a0\u00a0\u00a0\u00a0\u00a0\u00a0\u00a0\u00a0\u00a0\u00a0\u00a0\u00a0\u00a0\u00a0\u00a0\u00a0\u00a0\u00a0\u00a0\u00a0\u00a0\u00a0\u00a0\u00a0\u00a0\u00a0\u00a0\u00a0\u00a0\u00a0\u00a0\u00a0\u00a0\u00a0\u00a0\u00a0\u00a0\u00a0\u00a0\u00a0\u00a0\u00a0\u00a0\u00a0 \u00a0\u00a01.411 e Ft.<\/li>\n<\/ul>\n<p>&nbsp;<\/p>\n<p>2012 \u00e9vben a fentiek alapj\u00e1n az al\u00e1bbi nagy \u00e9rt\u00e9k\u0171 t\u00e1rgyi eszk\u00f6z\u00f6k ker\u00fcltek beszerz\u00e9sre:<\/p>\n<p>&#8211;\u00a0\u00a0\u00a0\u00a0\u00a0\u00a0\u00a0\u00a0\u00a0 Suzuki SX4 g\u00e9pkocsi<\/p>\n<p>&#8211;\u00a0\u00a0\u00a0\u00a0\u00a0\u00a0\u00a0\u00a0\u00a0 Fiat Professional Ducato<\/p>\n<p>&#8211;\u00a0\u00a0\u00a0\u00a0\u00a0\u00a0\u00a0\u00a0\u00a0 Zetor Proxima 85 er\u0151g\u00e9p<\/p>\n<p>&#8211;\u00a0\u00a0\u00a0\u00a0\u00a0\u00a0\u00a0\u00a0\u00a0 AGROG\u00c9P AP 206 p\u00f3tkocsi<\/p>\n<p>&#8211;\u00a0\u00a0\u00a0\u00a0\u00a0\u00a0\u00a0\u00a0\u00a0 JCB 8026 CTS mini kotr\u00f3g\u00e9p<\/p>\n<p>&#8211;\u00a0\u00a0\u00a0\u00a0\u00a0\u00a0\u00a0\u00a0\u00a0 N\u00f6v\u00e9nyh\u00e1z<\/p>\n<p>&#8211;\u00a0\u00a0\u00a0\u00a0\u00a0\u00a0\u00a0\u00a0\u00a0 v\u00edzalatti robot porsz\u00edv\u00f3<\/p>\n<p>&#8211;\u00a0\u00a0\u00a0\u00a0\u00a0\u00a0\u00a0\u00a0\u00a0 BS 60-2 D\u00f6ng\u00f6l\u0151 11<\/p>\n<p>&#8211;\u00a0\u00a0\u00a0\u00a0\u00a0\u00a0\u00a0\u00a0\u00a0 Nedo ET-5 Digit\u00e1lis teodolit, l\u00e9zeres f\u00fcgg\u00e9lyez\u0151<\/p>\n<p>&#8211;\u00a0\u00a0\u00a0\u00a0\u00a0\u00a0\u00a0\u00a0\u00a0 Betonelem gy\u00e1rt\u00f3 g\u00e9p \u00e9s tartoz\u00e9kai<\/p>\n<p>&#8211;\u00a0\u00a0\u00a0\u00a0\u00a0\u00a0\u00a0\u00a0\u00a0 j\u00e1rdaalap, mederalap sablon,<\/p>\n<p>&#8211;\u00a0\u00a0\u00a0\u00a0\u00a0\u00a0\u00a0\u00a0\u00a0 Dr\u00f3tfon\u00f3 g\u00e9p,<\/p>\n<p>&#8211;\u00a0\u00a0\u00a0\u00a0\u00a0\u00a0\u00a0\u00a0\u00a0 Honda F-560 rot\u00e1ci\u00f3s kapa,<\/p>\n<p>&#8211;\u00a0\u00a0\u00a0\u00a0\u00a0\u00a0\u00a0\u00a0\u00a0 Honda WB-20 v\u00edzszivatty\u00fa,<\/p>\n<p>&#8211;\u00a0\u00a0\u00a0\u00a0\u00a0\u00a0\u00a0\u00a0\u00a0 Motoros kasza,<\/p>\n<p>&#8211;\u00a0\u00a0\u00a0\u00a0\u00a0\u00a0\u00a0\u00a0\u00a0 Eke\u00a0\u00a0\u00a0\u00a0\u00a0\u00a0\u00a0\u00a0\u00a0\u00a0\u00a0\u00a0\u00a0\u00a0\u00a0\u00a0\u00a0\u00a0\u00a0\u00a0\u00a0\u00a0\u00a0\u00a0\u00a0\u00a0\u00a0\u00a0\u00a0\u00a0\u00a0\u00a0\u00a0\u00a0\u00a0\u00a0\u00a0\u00a0\u00a0\u00a0<\/p>\n<p>&#8211;\u00a0\u00a0\u00a0\u00a0\u00a0\u00a0\u00a0\u00a0\u00a0 Kultiv\u00e1tor\u00a0\u00a0\u00a0\u00a0\u00a0\u00a0\u00a0\u00a0\u00a0\u00a0\u00a0\u00a0\u00a0\u00a0\u00a0\u00a0\u00a0\u00a0\u00a0\u00a0\u00a0\u00a0\u00a0\u00a0\u00a0\u00a0\u00a0\u00a0\u00a0\u00a0<\/p>\n<p>&#8211;\u00a0\u00a0\u00a0\u00a0\u00a0\u00a0\u00a0\u00a0\u00a0 T\u00e1rcsa\u00a0\u00a0\u00a0\u00a0\u00a0\u00a0\u00a0\u00a0\u00a0\u00a0\u00a0\u00a0\u00a0\u00a0\u00a0\u00a0\u00a0\u00a0\u00a0\u00a0\u00a0\u00a0\u00a0\u00a0\u00a0\u00a0\u00a0\u00a0\u00a0\u00a0\u00a0\u00a0\u00a0\u00a0\u00a0<\/p>\n<p>&#8211;\u00a0\u00a0\u00a0\u00a0\u00a0\u00a0\u00a0\u00a0\u00a0 Borona\u00a0\u00a0\u00a0\u00a0\u00a0\u00a0\u00a0\u00a0\u00a0\u00a0\u00a0\u00a0\u00a0\u00a0\u00a0\u00a0\u00a0\u00a0\u00a0\u00a0\u00a0\u00a0\u00a0\u00a0\u00a0\u00a0\u00a0\u00a0\u00a0\u00a0\u00a0\u00a0\u00a0\u00a0<\/p>\n<p>&#8211;\u00a0\u00a0\u00a0\u00a0\u00a0\u00a0\u00a0\u00a0\u00a0 Talajmar\u00f3\u00a0\u00a0\u00a0\u00a0\u00a0\u00a0\u00a0\u00a0\u00a0\u00a0\u00a0\u00a0\u00a0\u00a0\u00a0\u00a0\u00a0\u00a0\u00a0\u00a0\u00a0\u00a0\u00a0\u00a0\u00a0\u00a0\u00a0\u00a0\u00a0<\/p>\n<p>&#8211;\u00a0\u00a0\u00a0\u00a0\u00a0\u00a0\u00a0\u00a0\u00a0 Permetez\u0151\u00a0\u00a0\u00a0\u00a0\u00a0\u00a0\u00a0\u00a0\u00a0\u00a0\u00a0\u00a0\u00a0\u00a0\u00a0\u00a0\u00a0\u00a0\u00a0\u00a0\u00a0\u00a0\u00a0\u00a0\u00a0\u00a0\u00a0\u00a0<\/p>\n<p>&#8211;\u00a0\u00a0\u00a0\u00a0\u00a0\u00a0\u00a0\u00a0\u00a0 M\u0171tr\u00e1gyasz\u00f3r\u00f3\u00a0\u00a0\u00a0\u00a0\u00a0\u00a0\u00a0\u00a0\u00a0\u00a0\u00a0\u00a0\u00a0\u00a0\u00a0\u00a0\u00a0\u00a0\u00a0\u00a0\u00a0<\/p>\n<p>&#8211;\u00a0\u00a0\u00a0\u00a0\u00a0\u00a0\u00a0\u00a0\u00a0 Kombin\u00e1tor\u00a0\u00a0\u00a0\u00a0\u00a0\u00a0\u00a0\u00a0\u00a0\u00a0\u00a0\u00a0\u00a0\u00a0\u00a0\u00a0\u00a0\u00a0\u00a0\u00a0\u00a0\u00a0\u00a0\u00a0\u00a0\u00a0\u00a0<\/p>\n<p>&#8211;\u00a0\u00a0\u00a0\u00a0\u00a0\u00a0\u00a0\u00a0\u00a0 Burgonyavet\u0151g\u00e9p\u00a0\u00a0\u00a0\u00a0\u00a0\u00a0<\/p>\n<p>&#8211;\u00a0\u00a0\u00a0\u00a0\u00a0\u00a0\u00a0\u00a0\u00a0 k\u00e1posztagyalu<\/p>\n<p>&#8211;\u00a0\u00a0\u00a0\u00a0\u00a0\u00a0\u00a0\u00a0\u00a0 iratszekr\u00e9nysor<\/p>\n<p>&#8211;\u00a0\u00a0\u00a0\u00a0\u00a0\u00a0\u00a0\u00a0\u00a0 rozsdamentes munkaasztal<\/p>\n<p>&#8211;\u00a0\u00a0\u00a0\u00a0\u00a0\u00a0\u00a0\u00a0\u00a0 sz\u00e1razt\u00e9szta gy\u00e1rt\u00f3 g\u00e9p<\/p>\n<p>&#8211;\u00a0\u00a0\u00a0\u00a0\u00a0\u00a0\u00a0\u00a0\u00a0 hegeszt\u0151 traf\u00f3<\/p>\n<p>&#8211;\u00a0\u00a0\u00a0\u00a0\u00a0\u00a0\u00a0\u00a0\u00a0 \u00e1ramfejleszt\u0151<\/p>\n<p>&#8211;\u00a0\u00a0\u00a0\u00a0\u00a0\u00a0\u00a0\u00a0\u00a0 magasnyom\u00e1s\u00fa mos\u00f3<\/p>\n<p>&nbsp;<\/p>\n<p>2013-ban t\u00f6bb \u00e9vtized ut\u00e1n siker\u00fclt a Magyar Nemzeti Vagyonkezel\u0151 Zrt-vel meg\u00e1llapod\u00e1st k\u00f6tni az \u00e1llami vagyonba tartoz\u00f3 Tiszacsege 2984 hrsz.-\u00fa ingatlan (Honv\u00e9d\u00fcd\u00fcl\u0151) ingyenes \u00f6nkorm\u00e1nyzati tulajdonba ad\u00e1s\u00e1r\u00f3l. A meg\u00e1llapod\u00e1s szerint az ingatlant a tulajdonjog bejegyz\u00e9s\u00e9t\u0151l sz\u00e1m\u00edtott 15 \u00e9vig az \u00f6nkorm\u00e1nyzat nem idegen\u00edtheti el, tov\u00e1bb\u00e1 15 \u00e9vig a hasznos\u00edt\u00e1si c\u00e9lnak &#8211; helyi k\u00f6zm\u0171vel\u0151d\u00e9si tev\u00e9kenys\u00e9g t\u00e1mogat\u00e1sa, \u00f6nkorm\u00e1nyzati feladatok ell\u00e1t\u00e1s\u00e1nak el\u0151seg\u00edt\u00e9se \u00e9rdek\u00e9ben, k\u00f6z\u00f6ss\u00e9gi esem\u00e9nyek, rendezv\u00e9nyek lebonyol\u00edt\u00e1sa &#8211; megfelel\u0151en k\u00f6teles haszn\u00e1lni. \u00a0<\/p>\n<p>&nbsp;<\/p>\n<p>2013-ban a k\u00e9pvisel\u0151-test\u00fclet elfogadta<\/p>\n<p>&#8211;\u00a0\u00a0\u00a0\u00a0\u00a0\u00a0\u00a0\u00a0\u00a0 Tiszacsege V\u00e1ros Integr\u00e1lt V\u00e1rosfejleszt\u00e9si Strat\u00e9gi\u00e1j\u00e1t, valamint<\/p>\n<p>&#8211;\u00a0\u00a0\u00a0\u00a0\u00a0\u00a0\u00a0\u00a0\u00a0 a Szoci\u00e1lis C\u00e9l\u00fa V\u00e1rosrehabilit\u00e1ci\u00f3 Akci\u00f3ter\u00fcleti Terv\u00e9t.<\/p>\n<p>A tervek konkr\u00e9tan kifejtik a beruh\u00e1z\u00e1sokat, vizsg\u00e1lja azok hat\u00e1sait, bemutatja azok megval\u00f3s\u00edthat\u00f3s\u00e1g\u00e1t, figyelembe v\u00e9ve a v\u00e1ros telep\u00fcl\u00e9sszerkezeti terv\u00e9t \u00e9s szab\u00e1lyoz\u00e1si terv\u00e9t, valamint a telep\u00fcl\u00e9s fejleszt\u00e9si koncepci\u00f3j\u00e1t.<\/p>\n<p>A v\u00e1rosrehabilit\u00e1ci\u00f3 az al\u00e1bbi f\u0151bb projektelemeket tartalmazza:<\/p>\n<ol>\n<li>\u00fctem:<\/li>\n<\/ol>\n<p>&#8211;\u00a0\u00a0\u00a0\u00a0\u00a0\u00a0\u00a0\u00a0\u00a0 \u00faj konferencia k\u00f6zpont kialak\u00edt\u00e1sa a r\u00e9gi mozi \u00e1talak\u00edt\u00e1s\u00e1val,<\/p>\n<p>&#8211;\u00a0\u00a0\u00a0\u00a0\u00a0\u00a0\u00a0\u00a0\u00a0 Multi-funkci\u00f3s k\u00f6z\u00f6ss\u00e9gi t\u00e9r kialak\u00edt\u00e1sa a r\u00e9gi m\u0171vel\u0151d\u00e9si h\u00e1z fejleszt\u00e9s\u00e9vel,<\/p>\n<p>&#8211;\u00a0\u00a0\u00a0\u00a0\u00a0\u00a0\u00a0\u00a0\u00a0 polg\u00e1r\u0151rs\u00e9g-rend\u0151rs\u00e9g \u00e9p\u00fclet\u00e9nek fel\u00faj\u00edt\u00e1sa,<\/p>\n<p>&#8211;\u00a0\u00a0\u00a0\u00a0\u00a0\u00a0\u00a0\u00a0\u00a0 \u00d3voda utca fel\u00faj\u00edt\u00e1sa,<\/p>\n<ol>\n<li>\u00fctem:<\/li>\n<\/ol>\n<p>&#8211;\u00a0\u00a0\u00a0\u00a0\u00a0\u00a0\u00a0\u00a0\u00a0 \u00faj v\u00e1rosi sportcsarnok \u00e9p\u00edt\u00e9se,<\/p>\n<p>&#8211;\u00a0\u00a0\u00a0\u00a0\u00a0\u00a0\u00a0\u00a0\u00a0 Tiszacsegei sportl\u00e9tes\u00edtm\u00e9ny infrastruktur\u00e1lis fejleszt\u00e9se, \u00faj sportol\u00e1si lehet\u0151s\u00e9gek kialak\u00edt\u00e1sa,<\/p>\n<p>&#8211;\u00a0\u00a0\u00a0\u00a0\u00a0\u00a0\u00a0\u00a0\u00a0 Kossuth utca fel\u00faj\u00edt\u00e1sa,<\/p>\n<p>&#8211;\u00a0\u00a0\u00a0\u00a0\u00a0\u00a0\u00a0\u00a0\u00a0 \u00d3voda \u00e9s F\u0151 utca \u00e1ltal hat\u00e1rolt v\u00e1rosk\u00f6zponti ter\u00fclet k\u00f6rnyezetrendez\u00e9se, k\u00f6zter\u00fclet rendez\u00e9se,<\/p>\n<p>&#8211;\u00a0\u00a0\u00a0\u00a0\u00a0\u00a0\u00a0\u00a0\u00a0 t\u00e9rfigyel\u0151 h\u00e1l\u00f3zat ki\u00e9p\u00edt\u00e9se,<\/p>\n<p>&#8211;\u00a0\u00a0\u00a0\u00a0\u00a0\u00a0\u00a0\u00a0\u00a0 fedett piac kialak\u00edt\u00e1sa,<\/p>\n<p>&#8211;\u00a0\u00a0\u00a0\u00a0\u00a0\u00a0\u00a0\u00a0\u00a0 a v\u00e1ros szoci\u00e1lis ell\u00e1t\u00f3 int\u00e9zm\u00e9ny\u00e9nek fejleszt\u00e9se,<\/p>\n<p>&#8211;\u00a0\u00a0\u00a0\u00a0\u00a0\u00a0\u00a0\u00a0\u00a0 komplex lakoss\u00e1gi \u00fath\u00e1l\u00f3zat burkol\u00e1sa,<\/p>\n<p>&#8211;\u00a0\u00a0\u00a0\u00a0\u00a0\u00a0\u00a0\u00a0\u00a0 ker\u00e9kp\u00e1r\u00fat \u00e9p\u00edt\u00e9se a F\u0151 utca mellett.<\/p>\n<p>Egy\u00e9b tervezett fejleszt\u00e9sek:<\/p>\n<p>&#8211;\u00a0\u00a0\u00a0\u00a0\u00a0\u00a0\u00a0\u00a0\u00a0 meg\u00fajul\u00f3 \u00e9s geotermikus er\u0151m\u0171 l\u00e9tes\u00edt\u00e9se,<\/p>\n<p>&#8211;\u00a0\u00a0\u00a0\u00a0\u00a0\u00a0\u00a0\u00a0\u00a0 feldolgoz\u00f3ipar fejleszt\u00e9se,<\/p>\n<p>&#8211;\u00a0\u00a0\u00a0\u00a0\u00a0\u00a0\u00a0\u00a0\u00a0 \u00f6nt\u00f6z\u00e9si csatornah\u00e1l\u00f3zat fel\u00faj\u00edt\u00e1sa, \u00fajak kialak\u00edt\u00e1sa,<\/p>\n<p>&#8211;\u00a0\u00a0\u00a0\u00a0\u00a0\u00a0\u00a0\u00a0\u00a0 v\u00e1rosi szint\u0171 turisztikai egyes\u00fclet l\u00e9trehoz\u00e1sa,<\/p>\n<p>&#8211;\u00a0\u00a0\u00a0\u00a0\u00a0\u00a0\u00a0\u00a0\u00a0 \u00faj, t\u00f6bbfunkci\u00f3s, komplex k\u00f6z\u00f6ss\u00e9gi ig\u00e9nyeket kiel\u00e9g\u00edt\u0151 v\u00e1rosi sportcsarnok l\u00e9trehoz\u00e1sa, fedett lovarda kialak\u00edt\u00e1sa,<\/p>\n<p>&#8211;\u00a0\u00a0\u00a0\u00a0\u00a0\u00a0\u00a0\u00a0\u00a0 v\u00e1rosi kultur\u00e1lis int\u00e9zm\u00e9ny b\u0151v\u00edt\u00e9se,<\/p>\n<p>&#8211;\u00a0\u00a0\u00a0\u00a0\u00a0\u00a0\u00a0\u00a0\u00a0 a lak\u00f3\u00f6vezetekben j\u00e1tsz\u00f3terek kialak\u00edt\u00e1sa,<\/p>\n<p>&#8211;\u00a0\u00a0\u00a0\u00a0\u00a0\u00a0\u00a0\u00a0\u00a0 ipari ter\u00fclet kijel\u00f6l\u00e9se \u00e9s infrastruktur\u00e1lis fejleszt\u00e9se<\/p>\n<p>&#8211;\u00a0\u00a0\u00a0\u00a0\u00a0\u00a0\u00a0\u00a0\u00a0 az orvosi rendel\u0151int\u00e9zet meg\u00faj\u00edt\u00e1sa,<\/p>\n<p>&#8211;\u00a0\u00a0\u00a0\u00a0\u00a0\u00a0\u00a0\u00a0\u00a0 piac fejleszt\u00e9se,<\/p>\n<p>&#8211;\u00a0\u00a0\u00a0\u00a0\u00a0\u00a0\u00a0\u00a0\u00a0 turisztikai sz\u00e1ll\u00e1shely fejleszt\u00e9se,<\/p>\n<p>&#8211;\u00a0\u00a0\u00a0\u00a0\u00a0\u00a0\u00a0\u00a0\u00a0 turista \u00fatvonalak kialak\u00edt\u00e1sa a v\u00e1rosban,<\/p>\n<p>&#8211;\u00a0\u00a0\u00a0\u00a0\u00a0\u00a0\u00a0\u00a0\u00a0 turisztikai term\u00e9kcsomagok l\u00e9trehoz\u00e1sa a Tisza foly\u00f3ra \u00e9s a Hortob\u00e1gyra alapozva,<\/p>\n<p>&nbsp;<\/p>\n<p>2012. \u00e1prilis 1. napj\u00e1t\u00f3l a v\u00edz \u00e9s csatorna szolg\u00e1ltat\u00e1st telep\u00fcl\u00e9s\u00fcnk\u00f6n a Kommun\u00e1lis Szolg\u00e1ltat\u00f3 Szervezet helyett a Hajd\u00fa-Bihari \u00d6nkorm\u00e1nyzatok V\u00edzm\u0171 Zrt. l\u00e1tja el, melyben \u00f6nkorm\u00e1nyzatunk r\u00e9szv\u00e9nnyel rendelkezik. Jogszab\u00e1lyi el\u0151\u00edr\u00e1snak megfelel\u0151en 2013. janu\u00e1r 1. napj\u00e1t\u00f3l a V\u00edzm\u0171 Zrt.-be beapport\u00e1lt v\u00edzik\u00f6zm\u0171 vagyon visszaker\u00fclt az \u00f6nkorm\u00e1nyzathoz.<\/p>\n<p>&nbsp;<\/p>\n<p>2013 \u00e9vben az \u00f6nkorm\u00e1nyzat<\/p>\n<p>&#8211;\u00a0\u00a0\u00a0\u00a0\u00a0\u00a0\u00a0\u00a0\u00a0 hossz\u00fa t\u00e1v\u00fa k\u00f6zfoglalkoztat\u00e1s keret\u00e9ben \u00a0\u00a0\u00a0\u00a0\u00a0\u00a0\u00a0\u00a0\u00a0\u00a0\u00a0\u00a0\u00a0\u00a0\u00a0 329 f\u0151,<\/p>\n<p>&#8211;\u00a0\u00a0\u00a0\u00a0\u00a0\u00a0\u00a0\u00a0\u00a0 Start k\u00f6zmunkaprogram keret\u00e9ben \u00a0\u00a0\u00a0\u00a0\u00a0\u00a0\u00a0\u00a0\u00a0\u00a0\u00a0\u00a0\u00a0\u00a0\u00a0\u00a0\u00a0\u00a0\u00a0\u00a0\u00a0\u00a0\u00a0 266 f\u0151,<\/p>\n<p>&#8211;\u00a0\u00a0\u00a0\u00a0\u00a0\u00a0\u00a0\u00a0\u00a0 t\u00e9li \u00e1tmeneti k\u00f6zfoglalkoztat\u00e1s keret\u00e9ben \u00a0\u00a0\u00a0\u00a0\u00a0\u00a0\u00a0\u00a0\u00a0\u00a0\u00a0\u00a0\u00a0 103 f\u0151<\/p>\n<p>foglalkoztat\u00e1s\u00e1t szervezte meg.<\/p>\n<p>&nbsp;<\/p>\n<p>2013 \u00e9vben jelent\u0151s \u00f6sszeget, \u00f6sszesen: 94.943 Ft-ot (\u00f6nkorm\u00e1nyzati saj\u00e1t forr\u00e1s: 5.796 ezer Ft, p\u00e1ly\u00e1zati, illetve k\u00f6zponti t\u00e1mogat\u00e1s: 89.147 ezer Ft) ford\u00edtottunk fejleszt\u00e9sre, a legfontosabban az al\u00e1bbiakban k\u00edv\u00e1nom bemutatni:\u00a0<\/p>\n<ul>\n<li>LEADER t\u00e9rfigyel\u0151 rendszer kialak\u00edt\u00e1sa (2013-2014 \u00e9vben megval\u00f3sult beruh\u00e1z\u00e1s sor\u00e1n 1 db k\u00f6zponti szerver, 12 db kamera ker\u00fclt felszerel\u00e9sre)\u00a0 \u00a0\u00a0\u00a0\u00a0\u00a0\u00a0\u00a0\u00a0\u00a0 \u00a0\u00a0<\/li>\n<li>LEADER v\u00e1rosi sportp\u00e1lya fejleszt\u00e9se (sport\u00f6lt\u00f6z\u0151 \u00e9p\u00edt\u00e9s)\u00a0\u00a0\u00a0\u00a0\u00a0\u00a0\u00a0\u00a0\u00a0\u00a0\u00a0\u00a0\u00a0<\/li>\n<li>\u00c1ltal\u00e1nos rendez\u00e9si terv, \u00e9p\u00fcletterv k\u00e9sz\u00edt\u00e9s\u00a0\u00a0\u00a0\u00a0\u00a0\u00a0\u00a0\u00a0\u00a0\u00a0 \u00a0<\/li>\n<li>Kaz\u00e1n program 2.0 (t\u00e1rol\u00f3 \u00e9p\u00edt\u00e9s, faapr\u00edt\u00e9k t\u00fczel\u0151 kaz\u00e1n 500 l-es 2db)\u00a0\u00a0\u00a0\u00a0\u00a0\u00a0\u00a0\u00a0\u00a0\u00a0\u00a0\u00a0\u00a0\u00a0\u00a0<\/li>\n<li>Kaz\u00e1n program 2.2 (t\u00e1rol\u00f3 \u00e9p\u00edt\u00e9s, faapr\u00edt\u00e9k t\u00fczel\u0151 kaz\u00e1n 500 l-es 2 db, t\u00e1rcs\u00e1s apr\u00edt\u00f3) \u00a0<\/li>\n<li>K\u00f6zbiztons\u00e1g n\u00f6vel\u0151 p\u00e1ly\u00e1zat (gar\u00e1zs \u00e9p\u00edt\u00e9s Kossuth u. 5.)\u00a0\u00a0\u00a0\u00a0\u00a0\u00a0\u00a0\u00a0\u00a0\u00a0\u00a0\u00a0\u00a0\u00a0\u00a0\u00a0\u00a0\u00a0\u00a0\u00a0\u00a0\u00a0\u00a0<\/li>\n<li>Kist\u00e9rs\u00e9gi startmunka mez\u0151gazdas\u00e1gi projekt eszk\u00f6z beszerz\u00e9s\u00a0\u00a0\u00a0\u00a0\u00a0\u00a0\u00a0\u00a0\u00a0\u00a0\u00a0\u00a0\u00a0\u00a0\u00a0\u00a0\u00a0\u00a0\u00a0\u00a0\u00a0\u00a0\u00a0\u00a0\u00a0\u00a0\u00a0<\/li>\n<li>Kist\u00e9rs\u00e9gi startmunka bio- \u00e9s meg\u00fajul\u00f3 energia projekt eszk\u00f6z beszerz\u00e9s\u00a0\u00a0\u00a0\u00a0\u00a0\u00a0\u00a0\u00a0\u00a0\u00a0\u00a0<\/li>\n<li>Kist\u00e9rs\u00e9gi startmunka k\u00f6z\u00fat karbantart\u00e1s projekt eszk\u00f6z beszerz\u00e9s\u00a0\u00a0\u00a0\u00a0\u00a0\u00a0\u00a0\u00a0\u00a0\u00a0\u00a0\u00a0\u00a0\u00a0\u00a0\u00a0\u00a0\u00a0\u00a0\u00a0\u00a0<\/li>\n<li>\u201eK\u00e9k b\u00fcf\u00e9\u201d v\u00e1s\u00e1rl\u00e1s\u00a0\u00a0\u00a0\u00a0\u00a0\u00a0\u00a0\u00a0\u00a0\u00a0\u00a0\u00a0\u00a0\u00a0\u00a0\u00a0\u00a0\u00a0\u00a0\u00a0\u00a0\u00a0\u00a0\u00a0\u00a0\u00a0\u00a0\u00a0\u00a0\u00a0\u00a0\u00a0\u00a0\u00a0\u00a0\u00a0\u00a0\u00a0\u00a0\u00a0\u00a0\u00a0\u00a0\u00a0\u00a0\u00a0\u00a0\u00a0\u00a0 \u00a0\u00a0\u00a0 \u00a0<\/li>\n<li>K\u00f6zponti iskola kandall\u00f3 v\u00e1s\u00e1rl\u00e1s\u00a0\u00a0\u00a0\u00a0\u00a0\u00a0\u00a0\u00a0\u00a0\u00a0\u00a0\u00a0\u00a0\u00a0\u00a0\u00a0\u00a0\u00a0\u00a0\u00a0\u00a0\u00a0\u00a0\u00a0\u00a0\u00a0\u00a0\u00a0 \u00a0\u00a0\u00a0\u00a0\u00a0\u00a0\u00a0<\/li>\n<li>Startmunka program Nagymajori ingatlan v\u00e1s\u00e1rl\u00e1s\u00a0\u00a0\u00a0\u00a0\u00a0\u00a0\u00a0\u00a0\u00a0\u00a0 \u00a0\u00a0\u00a0\u00a0<\/li>\n<li>Startmunka program t\u00e9sztagy\u00e1rt\u00f3g\u00e9p v\u00e1s\u00e1rl\u00e1s\u00a0\u00a0\u00a0\u00a0\u00a0\u00a0 \u00a0\u00a0\u00a0\u00a0<\/li>\n<li>Startmunka program g\u00e9pek, berendez\u00e9sek v\u00e1s\u00e1rl\u00e1sa \u00a0\u00a0<\/li>\n<li>Irodab\u00fator v\u00e1s\u00e1rl\u00e1s\u00a0\u00a0\u00a0\u00a0\u00a0\u00a0\u00a0\u00a0\u00a0\u00a0\u00a0\u00a0\u00a0\u00a0\u00a0\u00a0\u00a0\u00a0\u00a0\u00a0\u00a0\u00a0\u00a0\u00a0\u00a0\u00a0\u00a0\u00a0\u00a0\u00a0\u00a0\u00a0\u00a0\u00a0\u00a0\u00a0\u00a0\u00a0\u00a0\u00a0\u00a0\u00a0\u00a0\u00a0\u00a0\u00a0\u00a0\u00a0\u00a0\u00a0 \u00a0\u00a0 \u00a0\u00a0\u00a0\u00a0\u00a0\u00a0<\/li>\n<li>Fog\u00e1szati b\u00fator beszerz\u00e9s\u00a0\u00a0\u00a0\u00a0\u00a0\u00a0\u00a0\u00a0\u00a0\u00a0\u00a0\u00a0\u00a0\u00a0\u00a0\u00a0\u00a0\u00a0\u00a0\u00a0\u00a0\u00a0\u00a0\u00a0\u00a0\u00a0\u00a0\u00a0\u00a0\u00a0\u00a0\u00a0\u00a0\u00a0\u00a0\u00a0\u00a0\u00a0\u00a0\u00a0 \u00a0\u00a0\u00a0\u00a0\u00a0\u00a0\u00a0\u00a0<\/li>\n<li>T\u00e9rfigyel\u0151 kamera v\u00e1s\u00e1rl\u00e1s\u00a0\u00a0\u00a0\u00a0\u00a0\u00a0\u00a0\u00a0\u00a0\u00a0\u00a0\u00a0\u00a0\u00a0\u00a0\u00a0\u00a0\u00a0\u00a0\u00a0\u00a0\u00a0\u00a0\u00a0\u00a0\u00a0\u00a0\u00a0\u00a0\u00a0\u00a0\u00a0\u00a0\u00a0\u00a0\u00a0\u00a0 \u00a0\u00a0\u00a0\u00a0\u00a0<\/li>\n<li>Tisza-parton egy\u00e9b \u00e9p\u00edtm\u00e9ny (b\u00fcf\u00e9terasz, takar\u00f3ponyva, kapcsol\u00f3szekr\u00e9ny) v\u00e1s\u00e1rl\u00e1s,<\/li>\n<li>\u00a0\u00a0\u00a0\u00a0\u00a0\u00a0\u00a0\u00a0\u00a0\u00a0\u00a0 Sz\u00e1m\u00edt\u00e1stechnikai eszk\u00f6z\u00f6k beszerz\u00e9s\u00a0\u00a0\u00a0\u00a0\u00a0\u00a0\u00a0\u00a0\u00a0\u00a0\u00a0\u00a0\u00a0\u00a0\u00a0\u00a0\u00a0\u00a0\u00a0\u00a0\u00a0 \u00a0\u00a0\u00a0<\/li>\n<li>Komp fel\u00faj\u00edt\u00e1s\u00a0\u00a0\u00a0\u00a0\u00a0\u00a0\u00a0\u00a0\u00a0\u00a0\u00a0\u00a0\u00a0\u00a0\u00a0\u00a0\u00a0\u00a0\u00a0\u00a0\u00a0\u00a0\u00a0\u00a0\u00a0\u00a0\u00a0\u00a0\u00a0\u00a0\u00a0\u00a0\u00a0\u00a0\u00a0\u00a0\u00a0\u00a0\u00a0\u00a0\u00a0\u00a0\u00a0\u00a0\u00a0\u00a0\u00a0\u00a0\u00a0\u00a0\u00a0\u00a0\u00a0\u00a0\u00a0\u00a0\u00a0\u00a0\u00a0\u00a0\u00a0\u00a0\u00a0\u00a0\u00a0\u00a0\u00a0\u00a0\u00a0\u00a0 \u00a0\u00a0\u00a0\u00a0\u00a0<\/li>\n<li>Zsell\u00e9rh\u00e1z szakmai fejleszt\u00e9se\u00a0\u00a0\u00a0\u00a0\u00a0\u00a0\u00a0\u00a0\u00a0\u00a0\u00a0\u00a0\u00a0\u00a0\u00a0\u00a0\u00a0\u00a0\u00a0\u00a0\u00a0\u00a0\u00a0\u00a0\u00a0\u00a0\u00a0\u00a0\u00a0\u00a0\u00a0\u00a0\u00a0 \u00a0\u00a0\u00a0\u00a0\u00a0\u00a0\u00a0\u00a0\u00a0<\/li>\n<\/ul>\n<p>&nbsp;<\/p>\n<p>2014 \u00e9v els\u0151 f\u00e9l\u00e9v\u00e9re elmondhat\u00f3, hogy az \u00f6nkorm\u00e1nyzat gazd\u00e1lkod\u00e1sa takar\u00e9kosan, likvidit\u00e1si gondok n\u00e9lk\u00fcl folyt. A t\u00f6bbletforr\u00e1sok megszerz\u00e9se \u00e9rdek\u00e9ben a m\u0171k\u00f6d\u0151k\u00e9pess\u00e9get szolg\u00e1l\u00f3 t\u00e1mogat\u00e1s II. \u00fctem\u00e9re szeptemberben ism\u00e9telten beny\u00fajtotta \u00f6nkorm\u00e1nyzatunk az ig\u00e9ny\u00e9t.<\/p>\n<p>&nbsp;<\/p>\n<p>2014. \u00e1prilis 2. a TIOP-3.3.1\/A-12\/2-2013-0006 \u201eA Hajd\u00fa-Bihar megyei korm\u00e1nyablakok akad\u00e1lymentes\u00edt\u00e9se\u201d projekt keret\u00e9ben \u00fcnnep\u00e9lyes keretek k\u00f6z\u00f6tt \u00e1tad\u00e1sra ker\u00fclt a korm\u00e1nyablak. A korm\u00e1nyablakot Dr. R\u00e9tv\u00e1ri Bence a K\u00f6zigazgat\u00e1si \u00e9s Igazs\u00e1g\u00fcgyi Miniszt\u00e9rium \u00e1llamtitk\u00e1ra, R\u00e1cz R\u00f3bert a Hajd\u00fa-Bihar Megyei Korm\u00e1nyhivatal korm\u00e1nymegb\u00edzottja adta \u00e1t.<\/p>\n<p>&nbsp;<\/p>\n<ol>\n<li>2014. \u00a0\u00e9v els\u0151 f\u00e9l\u00e9v\u00e9ben<\/li>\n<\/ol>\n<p>&#8211;\u00a0\u00a0\u00a0\u00a0\u00a0\u00a0\u00a0\u00a0\u00a0 hosszabb id\u0151tartam\u00fa k\u00f6zfoglalkoztat\u00e1s keret\u00e9ben 385 f\u0151,<\/p>\n<p>&#8211;\u00a0\u00a0\u00a0\u00a0\u00a0\u00a0\u00a0\u00a0\u00a0 Startmunka-programok keret\u00e9ben 98 f\u0151<\/p>\n<p>k\u00f6zfoglalkoztat\u00e1s\u00e1t szervezte meg az \u00f6nkorm\u00e1nyzat.<\/p>\n<p>&nbsp;<\/p>\n<p>2014. \u00e9v els\u0151 fel\u00e9ben \u00f6nkorm\u00e1nyzati saj\u00e1t forr\u00e1sb\u00f3l, p\u00e1ly\u00e1zati, illetve k\u00f6zponti t\u00e1mogat\u00e1sb\u00f3l eddig k\u00f6zel 31 milli\u00f3 Ft-ot ford\u00edtottunk fejleszt\u00e9sre:<\/p>\n<ul>\n<li>LEADER t\u00e9rfigyel\u0151 rendszer kialak\u00edt\u00e1sa \u00a0\u00a0\u00a0\u00a0\u00a0\u00a0 \u00a0\u00a0\u00a0\u00a0\u00a0\u00a0\u00a0\u00a0\u00a0\u00a0\u00a0 \u00a0\u00a0\u00a0\u00a0\u00a0\u00a0\u00a0\u00a0\u00a0\u00a0\u00a0<\/li>\n<li>T\u00e9li \u00e9s \u00e1tmeneti k\u00f6zfoglalkoztat\u00e1s eszk\u00f6zbeszerz\u00e9s\u00a0\u00a0\u00a0\u00a0\u00a0\u00a0\u00a0\u00a0\u00a0\u00a0\u00a0<\/li>\n<li>Telek v\u00e1s\u00e1rl\u00e1s (iskol\u00e1val szemben parkol\u00f3 kialak\u00edt\u00e1s)\u00a0\u00a0\u00a0\u00a0\u00a0\u00a0\u00a0\u00a0<\/li>\n<li>Komphoz motorcs\u00f3nak v\u00e1s\u00e1rl\u00e1s\u00a0\u00a0\u00a0\u00a0\u00a0\u00a0\u00a0\u00a0\u00a0\u00a0\u00a0\u00a0\u00a0\u00a0\u00a0\u00a0\u00a0\u00a0\u00a0\u00a0\u00a0\u00a0\u00a0\u00a0\u00a0\u00a0\u00a0\u00a0\u00a0\u00a0\u00a0\u00a0\u00a0\u00a0\u00a0\u00a0\u00a0\u00a0\u00a0\u00a0\u00a0\u00a0<\/li>\n<li>Falugondnoki szolg\u00e1lat eszk\u00f6z beszerz\u00e9s (irodab\u00fator, sz\u00e1m\u00edt\u00e1stechnikai eszk\u00f6z\u00f6k, EKG k\u00e9sz\u00fcl\u00e9k, v\u00e9rcukorm\u00e9r\u0151, v\u00e9rnyom\u00e1sm\u00e9r\u0151, fonendoszk\u00f3p, szem\u00e9lym\u00e9rleg)<\/li>\n<li>K\u00f6zfoglalkoztat\u00e1si programokhoz eszk\u00f6zbeszerz\u00e9s\u00a0\u00a0\u00a0\u00a0\u00a0\u00a0\u00a0\u00a0\u00a0\u00a0\u00a0\u00a0\u00a0<\/li>\n<li>T\u00e9li \u00e9s egy\u00e9b \u00e9rt\u00e9kteremt\u0151 munkaprogramhoz betonfoly\u00f3ka, t\u00e9rk\u0151 sablon v\u00e1s\u00e1rl\u00e1s<\/li>\n<li>\u00c1rus\u00edt\u00f3 pavilon kialak\u00edt\u00e1sa sz\u00e1razt\u00e9szta \u00e9rt\u00e9kes\u00edt\u00e9s\u00e9hez<\/li>\n<\/ul>\n<p>&nbsp;<\/p>\n<p align=\"center\"><b>A 3 \u00e9ves ciklus alatt elv\u00e9gzett munk\u00e1kat <\/b><\/p>\n<p align=\"center\"><b>ter\u00fcletenk\u00e9nt az al\u00e1bbiakban k\u00edv\u00e1nom bemutatni<\/b><\/p>\n<p align=\"center\"><b>\u00a0<\/b><\/p>\n<ul>\n<li><b>Temet\u0151:<\/b><\/li>\n<\/ul>\n<p>&#8211;\u00a0\u00a0\u00a0\u00a0\u00a0\u00a0\u00a0\u00a0\u00a0 temet\u0151 ter\u00fclet\u00e9n l\u00e9v\u0151 utak fel\u00faj\u00edt\u00e1sa z\u00fazott k\u0151vel (a nagy k\u00f6vek kiszed\u00e9s\u00e9vel),<\/p>\n<p>&#8211;\u00a0\u00a0\u00a0\u00a0\u00a0\u00a0\u00a0\u00a0\u00a0 ker\u00edt\u00e9sben l\u00e9v\u0151 nagy ny\u00e1rf\u00e1kat, amit a szakemberek ott hagytak, s\u00edrrong\u00e1l\u00e1s n\u00e9lk\u00fcl kiszedt\u00fck,<\/p>\n<p>&#8211;\u00a0\u00a0\u00a0\u00a0\u00a0\u00a0\u00a0\u00a0\u00a0 ker\u00edt\u00e9s fel\u00faj\u00edt\u00e1sa,<\/p>\n<p>&#8211;\u00a0\u00a0\u00a0\u00a0\u00a0\u00a0\u00a0\u00a0\u00a0 kialak\u00edt\u00e1sra ker\u00fclt a szoci\u00e1lis parcella, valamint folyamatban van az \u00faj parcella kialak\u00edt\u00e1sa,<\/p>\n<p>&#8211;\u00a0\u00a0\u00a0\u00a0\u00a0\u00a0\u00a0\u00a0\u00a0 ravataloz\u00f3ban fel\u00faj\u00edt\u00e1sra ker\u00fclt a hangos\u00edt\u00e1s, \u00faj sz\u00e9keket, \u00faj fagyaszt\u00f3t v\u00e1s\u00e1roltunk,<\/p>\n<p>&#8211;\u00a0\u00a0\u00a0\u00a0\u00a0\u00a0\u00a0\u00a0\u00a0 temet\u0151 ter\u00fclet\u00e9nek k\u00f6rbe gaztalan\u00edt\u00e1sa is megt\u00f6rt\u00e9nt a r\u00e9gi homokossal egy\u00fctt,<\/p>\n<p>&#8211;\u00a0\u00a0\u00a0\u00a0\u00a0\u00a0\u00a0\u00a0\u00a0 a megl\u00e9v\u0151 parkol\u00f3 mell\u00e9 ugyan olyan nagys\u00e1grend\u0171 parkol\u00f3t alak\u00edtottunk ki,<\/p>\n<p>&#8211;\u00a0\u00a0\u00a0\u00a0\u00a0\u00a0\u00a0\u00a0\u00a0 \u00faj j\u00e1rd\u00e1t, \u00faj ker\u00edt\u00e9st, \u00faj v\u00e1r\u00f3padokat k\u00e9sz\u00edtett\u00fcnk,<\/p>\n<p>&#8211;\u00a0\u00a0\u00a0\u00a0\u00a0\u00a0\u00a0\u00a0\u00a0 a temet\u0151 ter\u00fclet\u00e9r\u0151l 57 db nagytusk\u00f3 kiszed\u00e9se is megt\u00f6rt\u00e9nt.<\/p>\n<p>&nbsp;<\/p>\n<ul>\n<li><b>Szem\u00e9ttelep<\/b><\/li>\n<\/ul>\n<p>&#8211;\u00a0\u00a0\u00a0\u00a0\u00a0\u00a0\u00a0\u00a0\u00a0 megold\u00e1sra ker\u00fclt a szem\u00e9ttelep rekultiv\u00e1ci\u00f3ja, ahov\u00e1 a szem\u00e9tlerak\u00e1s tilos.<\/p>\n<p>&nbsp;<\/p>\n<ul>\n<li><b>Tisza-part<\/b><\/li>\n<\/ul>\n<p>&#8211;\u00a0\u00a0\u00a0\u00a0\u00a0\u00a0\u00a0\u00a0\u00a0 2 ha-os ter\u00fclet gaztalan\u00edt\u00e1s\u00e1t v\u00e9gezt\u00fck el, amely komoly rendezv\u00e9nyek lebonyol\u00edt\u00e1s\u00e1nak biztos\u00edt helysz\u00ednt,<\/p>\n<p>&#8211;\u00a0\u00a0\u00a0\u00a0\u00a0\u00a0\u00a0\u00a0\u00a0 K\u00e1pl\u00e1r S\u00e1ndort\u00f3l megv\u00e1s\u00e1rolta \u00f6nkorm\u00e1nyzatunk a b\u00fcf\u00e9teraszt, takar\u00f3ponyv\u00e1t, valamint a kapcsol\u00f3szekr\u00e9nyt,<\/p>\n<p>&#8211;\u00a0\u00a0\u00a0\u00a0\u00a0\u00a0\u00a0\u00a0\u00a0 \u00faj v\u00edzvezet\u00e9k rendszert \u00e9p\u00edtett\u00fcnk ki a Hal\u00e1sz Cs\u00e1rd\u00e1t\u00f3l az \u00f6nkorm\u00e1nyzat tulajdon\u00e1ban l\u00e9v\u0151 Musk\u00e1tli Vend\u00e9gh\u00e1zig (volt TIT\u00c1TSZ \u00fcd\u00fcl\u0151)<\/p>\n<p>&#8211;\u00a0\u00a0\u00a0\u00a0\u00a0\u00a0\u00a0\u00a0\u00a0 k\u00e1ty\u00faz\u00e1s aszfaltoz\u00e1sa \u00e9s az \u00faj nyomvonal aszfaltoz\u00e1sa is megt\u00f6rt\u00e9nt,<\/p>\n<p>&#8211;\u00a0\u00a0\u00a0\u00a0\u00a0\u00a0\u00a0\u00a0\u00a0 a r\u00e9gi tiszaparti k\u0151h\u00e1z &#8211; amelyet \u00e9vek \u00f3ta nem siker\u00fclt fel\u00faj\u00edtani \u2013 most teljes fel\u00faj\u00edt\u00e1s\u00e1t megtudtuk val\u00f3s\u00edtani, mely 12 f\u00e9r\u0151helyes apartmank\u00e9nt az idel\u00e1togat\u00f3 vend\u00e9gek rendelkez\u00e9s\u00e9re \u00e1ll,<\/p>\n<p>&#8211;\u00a0\u00a0\u00a0\u00a0\u00a0\u00a0\u00a0\u00a0\u00a0 az \u00fcd\u00fcl\u0151\u00f6vezetben a f\u00e1k gallyaz\u00e1s\u00e1t is elv\u00e9gezt\u00fck, ami nem kis feladat volt, mert a szakemberek milli\u00f3s nagys\u00e1grendben akart\u00e1k elv\u00e9gezni,<\/p>\n<p>&#8211;\u00a0\u00a0\u00a0\u00a0\u00a0\u00a0\u00a0\u00a0\u00a0 a sziv\u00e1rg\u00f3n ideiglenes hidat \u00e9p\u00edtett\u00fcnk, s\u00e9t\u00e1nyt alak\u00edtottunk ki az \u00fcd\u00fcl\u0151falub\u00f3l a Tisza-partra s\u00e9t\u00e1l\u00f3 vend\u00e9gek r\u00e9sz\u00e9re,<\/p>\n<p>&#8211;\u00a0\u00a0\u00a0\u00a0\u00a0\u00a0\u00a0\u00a0\u00a0 A Tisza-part fel\u00e9 levezet\u0151 \u00faton l\u00e9v\u0151 k\u00e9t kiserd\u0151 gaztalan\u00edt\u00e1sa, f\u00e1k nyes\u00e9se, gallyaz\u00e1sa is megt\u00f6rt\u00e9nt.<\/p>\n<p>&nbsp;<\/p>\n<ul>\n<li><b>F\u00fcrd\u0151 \u00e9s kemping<\/b><\/li>\n<\/ul>\n<p>&#8211;\u00a0\u00a0\u00a0\u00a0\u00a0\u00a0\u00a0\u00a0\u00a0 a f\u00fcrd\u0151 ter\u00fclet\u00e9n fel\u00faj\u00edt\u00e1sra ker\u00fclt a hideg vizes \u00fasz\u00f3medence, amelynek az alj\u00e1t kicsemp\u00e9zt\u00fck, eszt\u00e9tikus l\u00e9cker\u00edt\u00e9ssel a k\u00f6rbeker\u00edt\u00e9se is megt\u00f6rt\u00e9nt,<\/p>\n<p>&#8211;\u00a0\u00a0\u00a0\u00a0\u00a0\u00a0\u00a0\u00a0\u00a0 a r\u00e9gi j\u00e1r\u00f3lapok helyett t\u00e9rburkol\u00f3t kapott a f\u00fcrd\u0151 ter\u00fclete 150 m2-en, a bej\u00e1ratt\u00f3l a hideg vizes medenc\u00e9ig,<\/p>\n<p>&#8211;\u00a0\u00a0\u00a0\u00a0\u00a0\u00a0\u00a0\u00a0\u00a0 a r\u00e9gi j\u00e1r\u00f3lapok kijav\u00edt\u00e1sra ker\u00fcltek, de szeretn\u00e9nk tov\u00e1bb folytatni a t\u00e9rburkol\u00e1st, melyet saj\u00e1t er\u0151nkb\u0151l k\u00edv\u00e1nunk megoldani, mert rendelkez\u00fcnk olyan g\u00e9ppel, amellyel meg tudjuk oldani a t\u00e9rburkol\u00f3 lapok gy\u00e1rt\u00e1s\u00e1t,<\/p>\n<p>&#8211;\u00a0\u00a0\u00a0\u00a0\u00a0\u00a0\u00a0\u00a0\u00a0 a f\u00fcrd\u0151 ter\u00fclet\u00e9n 123 db tusk\u00f3 kiszed\u00e9se megt\u00f6rt\u00e9nt, hely\u00fckre facsemet\u00e9t \u00fcltett\u00fcnk,<\/p>\n<p>&#8211;\u00a0\u00a0\u00a0\u00a0\u00a0\u00a0\u00a0\u00a0\u00a0 a v\u00edzt\u00e1rol\u00f3n\u00e1l minden \u00e9vben a n\u00e1d kiv\u00e1g\u00e1sa is megt\u00f6rt\u00e9nik, ez\u00fattal zavartalanul meg tudjuk rendezni a Csege Napokra a horg\u00e1szversenyt,<\/p>\n<p>&#8211;\u00a0\u00a0\u00a0\u00a0\u00a0\u00a0\u00a0\u00a0\u00a0 a kemping ter\u00fclet\u00e9n is \u00e1talak\u00edt\u00e1sok t\u00f6rt\u00e9ntek, ker\u00edt\u00e9seket sz\u00fcntett\u00fcnk meg, ez\u00e1ltal a kemping ter\u00fclete j\u00f3val nagyobb lett,<\/p>\n<p>&#8211;\u00a0\u00a0\u00a0\u00a0\u00a0\u00a0\u00a0\u00a0\u00a0 visszav\u00e1s\u00e1roltuk J\u00f3n\u00e1s S\u00e1ndort\u00f3l a \u201eK\u00e9k B\u00fcf\u00e9t\u201d, alkalmank\u00e9nt itt is rendezv\u00e9nyt tudunk szervezni,<\/p>\n<p>&#8211;\u00a0\u00a0\u00a0\u00a0\u00a0\u00a0\u00a0\u00a0\u00a0 a meleg vizes medenc\u00e9hez \u00e1rny\u00e9kol\u00f3t alak\u00edtottunk ki, napoz\u00f3\u00e1gyakat, napoz\u00f3 erny\u0151ket v\u00e1s\u00e1roltunk, hogy a vend\u00e9gek min\u00e9l kultur\u00e1ltabb k\u00f6r\u00fclm\u00e9nyek k\u00f6z\u00f6tt tudjanak pihenni,<\/p>\n<p>&#8211;\u00a0\u00a0\u00a0\u00a0\u00a0\u00a0\u00a0\u00a0\u00a0 a gyermek medenc\u00e9n\u00e9l a gyerekeknek j\u00e1tsz\u00f3teret alak\u00edtottunk ki,<\/p>\n<p>&#8211;\u00a0\u00a0\u00a0\u00a0\u00a0\u00a0\u00a0\u00a0\u00a0 \u00faj \u00f6nj\u00e1r\u00f3 f\u0171ny\u00edr\u00f3 g\u00e9pet is v\u00e1s\u00e1roltunk,\u00a0<\/p>\n<p>&#8211;\u00a0\u00a0\u00a0\u00a0\u00a0\u00a0\u00a0\u00a0\u00a0 vir\u00e1gos\u00edt\u00e1st v\u00e9gezt\u00fcnk.<\/p>\n<p>&nbsp;<\/p>\n<p>&nbsp;<\/p>\n<ul>\n<li><b>\u00dcd\u00fcl\u0151falu<\/b><\/li>\n<\/ul>\n<p>&#8211;\u00a0\u00a0\u00a0\u00a0\u00a0\u00a0\u00a0\u00a0\u00a0 2010-ben a csapad\u00e9kv\u00edz elvezet\u00e9se miatt az eg\u00e9sz \u00fcd\u00fcl\u0151falu v\u00edz al\u00e1 ker\u00fclt, 2011 \u0151sz\u00e9n szint\u00e9n, amelyet egy szombat-vas\u00e1rnapi nap egy kotr\u00f3g\u00e9ppel megoldottunk \u00fagy, hogy az eg\u00e9sz \u00fcd\u00fcl\u0151faluban az eg\u00e9sz ter\u00fclet v\u00edztelen\u00edt\u00e9se megt\u00f6rt\u00e9nt,<\/p>\n<p>&#8211;\u00a0\u00a0\u00a0\u00a0\u00a0\u00a0\u00a0\u00a0\u00a0 az \u00fcd\u00fcl\u0151faluban az \u00e1rkok \u00e9s a bej\u00e1r\u00f3 hidak kitiszt\u00edt\u00e1s\u00e1t is elv\u00e9gezt\u00fck,<\/p>\n<p>&#8211;\u00a0\u00a0\u00a0\u00a0\u00a0\u00a0\u00a0\u00a0\u00a0 az \u00fcd\u00fcl\u0151faluban minden \u00fatnak a murv\u00e1z\u00e1sa megt\u00f6rt\u00e9nt,<\/p>\n<p>&#8211;\u00a0\u00a0\u00a0\u00a0\u00a0\u00a0\u00a0\u00a0\u00a0 az \u00fcd\u00fcl\u0151falu gallyaz\u00e1s\u00e1t folyamatosan v\u00e9gezz\u00fck, nem lakott ter\u00fcleteken a kasz\u00e1l\u00e1st v\u00e9gezz\u00fck, parlagf\u0171-mentes\u00edt\u00e9st v\u00e9gezt\u00fcnk a lakatlan ingatlanokn\u00e1l.<\/p>\n<p>&#8211;\u00a0\u00a0\u00a0\u00a0\u00a0\u00a0\u00a0\u00a0\u00a0 A Honv\u00e9d\u00fcd\u00fcl\u0151t visszakaptuk, annak a karbantart\u00e1s\u00e1t folyamatosan v\u00e9gezz\u00fck.<\/p>\n<p>&nbsp;<\/p>\n<ul>\n<li><b>K\u00f6zter\u00fcleteken v\u00e9gzett munk\u00e1latok<\/b><\/li>\n<\/ul>\n<p>&#8211;\u00a0\u00a0\u00a0\u00a0\u00a0\u00a0\u00a0\u00a0\u00a0 A Z\u00e1tony ter\u00fclet\u00e9n a csapad\u00e9kelvezet\u0151 \u00e1rkokat kitiszt\u00edtottuk (\u00faj bej\u00e1r\u00f3 hidak \u00e9p\u00edt\u00e9se, t\u00e1mfalak jav\u00edt\u00e1sa), a 2010 \u0151sz\u00e9n tapasztalt belvizes helyzethez viszony\u00edtva elmondhat\u00f3, hogy nem volt belv\u00edzhelyzet a ter\u00fcleten,<b><\/b><\/p>\n<p>&#8211;\u00a0\u00a0\u00a0\u00a0\u00a0\u00a0\u00a0\u00a0\u00a0 a Kismajorban a J\u00f3zsef Attila \u00e9s a Bercs\u00e9nyi utca kaotikus \u00e1llapot\u00e1t is siker\u00fclt megsz\u00fcntetn\u00fcnk \u00e9s most elfogadhat\u00f3 a k\u00f6zleked\u00e9s,<b><\/b><\/p>\n<p>&#8211;\u00a0\u00a0\u00a0\u00a0\u00a0\u00a0\u00a0\u00a0\u00a0 A kismajorban jelenleg is folynak az \u00e1rkok beton elemekkel val\u00f3 fel\u00faj\u00edt\u00e1sa<\/p>\n<p>&#8211;\u00a0\u00a0\u00a0\u00a0\u00a0\u00a0\u00a0\u00a0\u00a0 a Hataj ter\u00fclet\u00e9n is megsz\u0171ntek az \u00e1rv\u00edz- belv\u00edz probl\u00e9m\u00e1ink, miut\u00e1n a levezet\u0151 \u00e1rkok tiszt\u00edt\u00e1sa megt\u00f6rt\u00e9nt, itt szeretn\u00e9m megjegyezni, hogy t\u00f6bb, mint 23 km \u00e1rok karbantart\u00e1s\u00e1t v\u00e9gezt\u00fck el \u00e9s 870 db beton\u00e1tereszt fektett\u00fcnk le,<\/p>\n<p>&#8211;\u00a0\u00a0\u00a0\u00a0\u00a0\u00a0\u00a0\u00a0\u00a0 A Toldi utca \u00e9s az Erzs\u00e9bet utca k\u00e1ty\u00faz\u00e1s\u00e1t folyamatosan v\u00e9gezz\u00fck, most jelenleg az \u00dcltet\u00e9st utca k\u00e1ty\u00faz\u00e1sa van folyamatban, z\u00fazott k\u0151vel ter\u00edtj\u00fck.<\/p>\n<p>&#8211;\u00a0\u00a0\u00a0\u00a0\u00a0\u00a0\u00a0\u00a0\u00a0 Folyamatban van a T\u00f6r\u00f6k B\u00e1lint utc\u00e1n a j\u00e1rda\u00e9p\u00edt\u00e9s, \u00e9s az \u00fat\u00e9p\u00edt\u00e9s,<\/p>\n<p>&#8211;\u00a0\u00a0\u00a0\u00a0\u00a0\u00a0\u00a0\u00a0\u00a0 a Polg\u00e1rmesteri Hivatal el\u0151tti t\u00e9ren vir\u00e1goskert kialak\u00edt\u00e1s\u00e1t tervezz\u00fck.\u00a0<\/p>\n<p>&nbsp;<\/p>\n<ul>\n<li><b>Orvosi rendel\u0151k<\/b><\/li>\n<\/ul>\n<p>&#8211;\u00a0\u00a0\u00a0\u00a0\u00a0\u00a0\u00a0\u00a0\u00a0 az orvosi rendel\u0151k bels\u0151 fel\u00faj\u00edt\u00e1s\u00e1t, karbantart\u00e1s\u00e1t folyamatosan v\u00e9gezz\u00fck, <b><\/b><\/p>\n<p>&#8211;\u00a0\u00a0\u00a0\u00a0\u00a0\u00a0\u00a0\u00a0\u00a0 a Balmaz\u00fajv\u00e1rosi Kist\u00e9rs\u00e9g Hum\u00e1n Szolg\u00e1ltat\u00f3 K\u00f6zpont Gyermekj\u00f3l\u00e9ti \u00e9s Csal\u00e1dseg\u00edt\u0151 Szolg\u00e1lat r\u00e9sz\u00e9re \u00e1tadott Tompa utcai \u00e9p\u00fclet bels\u0151 fel\u00faj\u00edt\u00e1sa is megt\u00f6rt\u00e9nt, \u00e9s folyamatos karbantart\u00e1s\u00e1t v\u00e9gezz\u00fck.<b><\/b><\/p>\n<p><b>\u00a0<\/b><\/p>\n<ul>\n<li><b>Int\u00e9zm\u00e9nyi \u00e9p\u00fcletek<\/b><\/li>\n<\/ul>\n<p>&#8211;\u00a0\u00a0\u00a0\u00a0\u00a0\u00a0\u00a0\u00a0\u00a0 M\u0171vel\u0151d\u00e9si H\u00e1z \u00e9p\u00fclet\u00e9t, valamint a F\u0151 utca 57 sz\u00e1m alatti iroda\u00e9p\u00fcletet fel\u00faj\u00edtottuk,<\/p>\n<p>&#8211;\u00a0\u00a0\u00a0\u00a0\u00a0\u00a0\u00a0\u00a0\u00a0 az \u00f6nkorm\u00e1nyzat tulajdon\u00e1ban \u00e1ll\u00f3 k\u00f6zponti iskola \u00e9p\u00fcletben (F\u0151 u. 71.) tal\u00e1lhat\u00f3 tantermek bels\u0151 fel\u00faj\u00edt\u00e1si munk\u00e1latait elv\u00e9gezt\u00fck, amely tartalmazta a vakol\u00e1st, hideg-meleg burkol\u00e1st, falfest\u00e9st, vizesblokk kialak\u00edt\u00e1st, ajt\u00f3 ablak cser\u00e9t. Az \u00e9p\u00fcletr\u00e9sz 2014-ben a Fekete Istv\u00e1n \u00c1ltal\u00e1nos Iskola r\u00e9sz\u00e9re \u00e1tad\u00e1sra ker\u00fclt, ahol a tanul\u00f3k r\u00e9sz\u00e9re k\u00fcl\u00f6nb\u00f6z\u0151 szakk\u00f6r\u00f6ket (agyagoz\u00e1s, k\u00e9zm\u0171vess\u00e9g, t\u00e1ncoktat\u00e1s) tartanak, az udvaron pedig gyakorl\u00f3kert ker\u00fclt kialak\u00edt\u00e1sra.\u00a0<\/p>\n<p>&nbsp;<\/p>\n<ul>\n<li><b>Iskola<\/b><\/li>\n<\/ul>\n<p>&#8211;\u00a0\u00a0\u00a0\u00a0\u00a0\u00a0\u00a0\u00a0\u00a0 az emeletes iskola ter\u00fclet\u00e9n v\u00e9gezt\u00fck ebben az \u00e9vben a legnagyobb fel\u00faj\u00edt\u00e1sokat, karbantart\u00e1sokat,<\/p>\n<p>&#8211;\u00a0\u00a0\u00a0\u00a0\u00a0\u00a0\u00a0\u00a0\u00a0 kialak\u00edt\u00e1sra ker\u00fclt egy j\u00e1tsz\u00f3t\u00e9r, amely a gyerekek nagy \u00f6r\u00f6m\u00e9re elk\u00e9sz\u00fclt, Tiszacsege legmodernebb j\u00e1tsz\u00f3ter\u00e9vel rendelkez\u00fcnk, a kivitelez\u00e9si munk\u00e1latokat a v\u00e1ros \u00f6nkorm\u00e1nyzata v\u00e9gezte, csak az elemek be\u00e9p\u00edt\u00e9s\u00e9re alkalmaztunk szakembert,<\/p>\n<p>&#8211;\u00a0\u00a0\u00a0\u00a0\u00a0\u00a0\u00a0\u00a0\u00a0 a volt szakiskola \u00e9p\u00fclet\u00e9ben 10 db ajt\u00f3t cser\u00e9lt\u00fcnk, \u00e9s teljes bels\u0151 fel\u00faj\u00edt\u00e1st v\u00e9gezt\u00fcnk,<\/p>\n<p>&#8211;\u00a0\u00a0\u00a0\u00a0\u00a0\u00a0\u00a0\u00a0\u00a0 az iskola \u00e9p\u00fclet\u00e9ben a tantermek, folyos\u00f3k fest\u00e9s\u00e9t, parketta felcsiszol\u00e1s\u00e1t, lakkoz\u00e1s\u00e1t v\u00e9gezt\u00fck el,<\/p>\n<p>&#8211;\u00a0\u00a0\u00a0\u00a0\u00a0\u00a0\u00a0\u00a0\u00a0 az \u00faj tan\u00e1ri szoba \u00e9s \u00e9tkez\u0151 kialak\u00edt\u00e1s\u00e1t is elv\u00e9gezt\u00fck, melybe \u00faj mikrohull\u00e1m\u00fa s\u00fct\u0151t, k\u00e1v\u00e9f\u0151z\u0151t, h\u0171t\u0151szekr\u00e9nyt v\u00e1s\u00e1rolt \u00f6nkorm\u00e1nyzatunk,<\/p>\n<p>&#8211;\u00a0\u00a0\u00a0\u00a0\u00a0\u00a0\u00a0\u00a0\u00a0 az iskola\u00e9p\u00fclet bels\u0151 homlokzat fal\u00e1nak a fest\u00e9s\u00e9t is elv\u00e9gezt\u00fck,<\/p>\n<p>&#8211;\u00a0\u00a0\u00a0\u00a0\u00a0\u00a0\u00a0\u00a0\u00a0 az iskola \u00e1ltal szervezett rendezv\u00e9nyek lebonyol\u00edt\u00e1s\u00e1ban is nagy seg\u00edts\u00e9get ny\u00fajtott \u00f6nkorm\u00e1nyzatunk,<\/p>\n<p>&#8211;\u00a0\u00a0\u00a0\u00a0\u00a0\u00a0\u00a0\u00a0\u00a0 \u00f6nkorm\u00e1nyzatunk az iskol\u00e1val szemben telket v\u00e1s\u00e1rolt parkol\u00f3 kialak\u00edt\u00e1sa c\u00e9lj\u00e1b\u00f3l, a parkol\u00f3 rendeltet\u00e9s\u00e9nek megfelel\u0151en kialak\u00edt\u00e1sra ker\u00fclt \u00e9s k\u00f6zmegel\u00e9ged\u00e9ssel haszn\u00e1lj\u00e1k.<\/p>\n<p>&nbsp;<\/p>\n<ul>\n<li><b>\u00d3voda<\/b><\/li>\n<\/ul>\n<p>&#8211;\u00a0\u00a0\u00a0\u00a0\u00a0\u00a0\u00a0\u00a0\u00a0 az \u00faj \u00f3voda karbantart\u00e1s\u00e1t folyamatosan v\u00e9gezz\u00fck,<\/p>\n<p>&#8211;\u00a0\u00a0\u00a0\u00a0\u00a0\u00a0\u00a0\u00a0\u00a0 az \u00e9p\u00fclet bels\u0151 fest\u00e9se minden \u00e9vben megt\u00f6rt\u00e9nik,<\/p>\n<p>&#8211;\u00a0\u00a0\u00a0\u00a0\u00a0\u00a0\u00a0\u00a0\u00a0 a k\u00fcls\u0151 szakmunk\u00e1kat is elv\u00e9gezz\u00fck,<\/p>\n<p>&#8211;\u00a0\u00a0\u00a0\u00a0\u00a0\u00a0\u00a0\u00a0\u00a0 az \u00e9p\u00fcletre naprol\u00f3, a homokoz\u00f3hoz \u00e1rny\u00e9kol\u00f3 ker\u00fclt felszerel\u00e9sre.<\/p>\n<p>&nbsp;<\/p>\n<ul>\n<li><b>Polg\u00e1rmesteri Hivatal \u00e9p\u00fclete<\/b><\/li>\n<\/ul>\n<p>&#8211;\u00a0\u00a0\u00a0\u00a0\u00a0\u00a0\u00a0\u00a0\u00a0 a 3 p\u00e9nz\u00fcgyi irod\u00e1t \u00f6sszenyitottuk,<\/p>\n<p>&#8211;\u00a0\u00a0\u00a0\u00a0\u00a0\u00a0\u00a0\u00a0\u00a0 az als\u00f3 szinte a Korm\u00e1nyhivatal idek\u00f6lt\u00f6z\u00e9s\u00e9vel teljesen \u00fajj\u00e1 alakult,<\/p>\n<p>&#8211;\u00a0\u00a0\u00a0\u00a0\u00a0\u00a0\u00a0\u00a0\u00a0 a homlokzati fest\u00e9s megt\u00f6rt\u00e9nt.<\/p>\n<p>&nbsp;<\/p>\n<ul>\n<li><b>R\u00e9gi \u00d3voda \u00e9p\u00fclete<\/b><\/li>\n<\/ul>\n<p>&#8211;\u00a0\u00a0\u00a0\u00a0\u00a0\u00a0\u00a0\u00a0\u00a0 a r\u00e9gi \u00f3voda \u00e9p\u00fclete \u00e9s konyh\u00e1ja fel\u00faj\u00edt\u00e1sra ker\u00fclt, k\u00e9t csoportszob\u00e1t a helyi kultur\u00e1lis csoportok r\u00e9sz\u00e9re alak\u00edtottunk ki,\u00a0<\/p>\n<p>&#8211;\u00a0\u00a0\u00a0\u00a0\u00a0\u00a0\u00a0\u00a0\u00a0 a r\u00e9gi \u00f3voda \u00e9p\u00fclet\u00e9ben beindult a Tiszacsegei Szoci\u00e1lis Sz\u00f6vetkezet \u00e1ltal l\u00e9trehozott t\u00e9szta\u00fczem.<b><\/b><\/p>\n<p><b>\u00a0<\/b><\/p>\n<ul>\n<li><b>F\u0171t\u00e9skorszer\u0171s\u00edt\u00e9s az \u00f6nkorm\u00e1nyzati \u00e9p\u00fcletekben<\/b><\/li>\n<\/ul>\n<p>&#8211;\u00a0\u00a0\u00a0\u00a0\u00a0\u00a0\u00a0\u00a0\u00a0 a f\u0171t\u00e9skorszer\u0171s\u00edt\u00e9s \u00e9rdek\u00e9ben a M\u0171vel\u0151d\u00e9si H\u00e1zban, az emeletes iskol\u00e1ban, a Polg\u00e1rmesteri Hivatalban perlit kaz\u00e1nok ker\u00fcltek elhelyez\u00e9sre, amelyet apr\u00edt\u00e9kkal \u00e9s f\u00e1val f\u0171t\u00fcnk, ez\u00e1ltal a f\u0171t\u00e9si k\u00f6lts\u00e9geink 70%-kal cs\u00f6kkentek.<\/p>\n<p>&nbsp;<\/p>\n<ul>\n<li><b>Sportp\u00e1lya<\/b><\/li>\n<\/ul>\n<p>&#8211;\u00a0\u00a0\u00a0\u00a0\u00a0\u00a0\u00a0\u00a0\u00a0 Tiszacsege V\u00e1rosi sportp\u00e1ly\u00e1kat folyamatosan karbantartjuk, a sportol\u00f3k \u00f6r\u00f6m\u00e9re szer\u00e9ny k\u00f6r\u00fclm\u00e9nyek k\u00f6z\u00f6tt meg\u00e9p\u00edtett\u00fck az esti vil\u00e1g\u00edt\u00e1st, \u00edgy a sportol\u00f3k esti edz\u00e9s lehet\u0151s\u00e9g\u00e9t is biztos\u00edtani tudjuk,<\/p>\n<p>&#8211;\u00a0\u00a0\u00a0\u00a0\u00a0\u00a0\u00a0\u00a0\u00a0 A Hataj utcai sporttelep \u00faj \u00f6lt\u00f6z\u0151 \u00e9p\u00fcletet kapott, mely Eur\u00f3pai Uni\u00f3s t\u00e1mogat\u00e1ssal val\u00f3sult meg,<\/p>\n<p>&#8211;\u00a0\u00a0\u00a0\u00a0\u00a0\u00a0\u00a0\u00a0\u00a0 a sportp\u00e1ly\u00e1t dr\u00f3tker\u00edt\u00e9ssel k\u00f6rbeker\u00edtett\u00fck, hogy a labd\u00e1k ne menjenek a kan\u00e1lisba,<\/p>\n<p>&#8211;\u00a0\u00a0\u00a0\u00a0\u00a0\u00a0\u00a0\u00a0\u00a0 olyan ter\u00fcletet tudtunk biztos\u00edtani, ahol kisebb rendezv\u00e9nyeket is meg tudunk oldani,\u00a0<\/p>\n<p>&#8211;\u00a0\u00a0\u00a0\u00a0\u00a0\u00a0\u00a0\u00a0\u00a0 14 milli\u00f3s p\u00e1ly\u00e1zatot nyert\u00fcnk, melyb\u0151l 200 f\u0151s mobil lel\u00e1t\u00f3t tudunk \u00e9p\u00edteni, magasabb ker\u00edt\u00e9ssel tudjuk k\u00f6rbevenni a sportp\u00e1ly\u00e1t \u00e9s \u00f6nt\u00f6z\u0151 berendez\u00e9st tudunk v\u00e1s\u00e1rolni.<\/p>\n<p>&#8211;\u00a0\u00a0\u00a0\u00a0\u00a0\u00a0\u00a0\u00a0\u00a0 a Bocskai utcai sportp\u00e1ly\u00e1n\u00e1l a romos \u00e9p\u00fclet elbont\u00e1sra ker\u00fclt. A telepen tal\u00e1lhat\u00f3 6 fa kiv\u00e1g\u00e1s\u00e1t 200.000 Ft\/db \u00e1ron v\u00e1llalt\u00e1k volna, de helyi Kommun\u00e1lis Szolg\u00e1ltat\u00f3 Szervezet dolgoz\u00f3ival probl\u00e9mamentesen kiv\u00e1l\u00f3 szakmunka v\u00e9gz\u00e9ssel kiv\u00e1gtuk, \u00edgy 1.200.000 Ft-ot sp\u00f3roltunk az \u00f6nkorm\u00e1nyzatnak.<\/p>\n<p>&nbsp;<\/p>\n<p>&nbsp;<\/p>\n<ul>\n<li><b>Mez\u0151gazdas\u00e1gi start mintaprogram<\/b><\/li>\n<\/ul>\n<p>A sz\u00e1nt\u00f3f\u00f6ldi m\u0171vel\u00e9s 12,1 ha, f\u00f3liah\u00e1z 300 m<sup>2<\/sup>, \u00e9s 200 db-os toj\u00f3\u00e1llom\u00e1ny gondoz\u00e1s\u00e1t v\u00e9gezz\u00fck. A gazd\u00e1lkod\u00e1shoz sz\u00fcks\u00e9ges eszk\u00f6z\u00f6k nagy r\u00e9sze m\u00e1r 2012-ben beszerz\u00e9sre ker\u00fclt, 2013-ban egy t\u00e1rol\u00f3 \u00e9p\u00fcletet, valamint a toj\u00f3 \u00e1llom\u00e1ny r\u00e9sz\u00e9re egy, a nevel\u00e9s\u00e9hez sz\u00fcks\u00e9ges \u00e9p\u00fcletet \u00e9p\u00edtett\u00fcnk. A termel\u00e9s biztons\u00e1ga \u00e9rdek\u00e9ben egy 300 m\u00e9ter cs\u0151vel rendelkez\u0151 \u00f6nt\u00f6z\u0151dobot, valamint a hozz\u00e1 tartoz\u00f3 kard\u00e1n-hajt\u00e1s\u00fa szivatty\u00fat v\u00e1s\u00e1roltunk. A f\u00f3liah\u00e1zban z\u00f6ldhagym\u00e1t, sal\u00e1t\u00e1t, retket, ubork\u00e1t, paprik\u00e1t \u00e9s t\u00f6bbfajta pal\u00e1nt\u00e1t nevelt\u00fcnk. A sz\u00e1nt\u00f3 ter\u00fcleten hagym\u00e1t, bors\u00f3t, burgony\u00e1t, c\u00e9klar\u00e9p\u00e1t, kukoric\u00e1t, napraforg\u00f3t, paprik\u00e1t, z\u00f6ld- \u00e9s sz\u00e1razbabot, s\u00fct\u0151t\u00f6k\u00f6t \u00e9s k\u00e1poszt\u00e1t termelt\u00fcnk. Minden megtermelt z\u00f6lds\u00e9gf\u00e9l\u00e9b\u0151l r\u00e9szes\u00fcltek a k\u00f6zmunk\u00e1ban dolgoz\u00f3k. A kukorica \u00e9s a napraforg\u00f3, valamint a z\u00f6lds\u00e9gf\u00e9l\u00e9k hullad\u00e9kai a toj\u00f3\u00e1llom\u00e1ny takarm\u00e1nyoz\u00e1s\u00e1t szolg\u00e1lj\u00e1k. A z\u00f6lds\u00e9gf\u00e9l\u00e9ket a gyermek\u00e9tkeztet\u00e9sben, a f\u00f6l\u00f6sleget pedig kereskedelmi forgalomban \u00e9rt\u00e9kes\u00edtett\u00fck.<\/p>\n<p>&nbsp;<\/p>\n<ul>\n<li><b>T\u00e9li \u00e9s egy\u00e9b \u00e9rt\u00e9kteremt\u0151 mintaprogram<\/b><\/li>\n<\/ul>\n<p>A t\u00e9li \u00e9s egy\u00e9b \u00e9rt\u00e9kteremt\u0151 programon bel\u00fcl a sz\u00e1razt\u00e9szta k\u00e9sz\u00edt\u00e9ssel, dr\u00f3th\u00e1l\u00f3 k\u00e9sz\u00edt\u00e9ssel foglalkozunk, valamint a programon bel\u00fcl fel\u00e1ll\u00edt\u00e1sra ker\u00fclt egy karbantart\u00f3 csoport.<\/p>\n<p>A sz\u00e1razt\u00e9szta k\u00e9sz\u00edt\u0151 helyis\u00e9gek a r\u00e9gi \u00f3voda \u00e9p\u00fclet\u00e9ben ker\u00fcltek kialak\u00edt\u00e1sra, az \u00e9lelmiszer el\u0151\u00e1ll\u00edt\u00e1s szab\u00e1lyainak megfelel\u0151en. Beszerz\u00e9sre ker\u00fcltek rozsdamentes asztalok, k\u00e9zi \u00e9s g\u00e9pi t\u00e9sztak\u00e9sz\u00edt\u0151k, csomagol\u00f3g\u00e9p, m\u00e9rlegek, \u00e9s egy\u00e9b apr\u00f3 eszk\u00f6z\u00f6k, valamint t\u00e9sztaliszt a sz\u00e1razt\u00e9szta k\u00e9sz\u00edt\u00e9s\u00e9hez.<\/p>\n<p>A t\u00e9sztak\u00e9sz\u00edt\u00e9shez saj\u00e1t termel\u00e9s\u00fcnkb\u0151l sz\u00e1rmaz\u00f3 toj\u00e1st haszn\u00e1lunk. A kereskedelmi forgalomban megtal\u00e1lhat\u00f3 fajt\u00e1k nagy r\u00e9sz\u00e9t mi is k\u00e9sz\u00edtj\u00fck. Az el\u0151\u00e1ll\u00edtott t\u00e9szt\u00e1b\u00f3l a k\u00f6zmunka programban r\u00e9sztvev\u0151k r\u00e9szes\u00fcltek, a marad\u00e9kot pedig \u00e9rt\u00e9kes\u00edtett\u00fck.<\/p>\n<p>2014-t\u0151l a sz\u00e1razt\u00e9szta k\u00e9sz\u00edt\u00e9st Szoci\u00e1lis Sz\u00f6vetkezeti form\u00e1ban k\u00e9sz\u00edtj\u00fck. Az \u00f6nkorm\u00e1nyzat a mez\u0151gazdas\u00e1gi kieg\u00e9sz\u00edt\u0151 t\u00e1mogat\u00e1sb\u00f3l pavilon \u00e9p\u00edtett, mellyel a sz\u00e1razt\u00e9szta \u00e9rt\u00e9kes\u00edt\u00e9se biztons\u00e1gosan (id\u0151j\u00e1r\u00e1st\u00f3l f\u00fcggetlen\u00fcl), higi\u00e9nikus k\u00f6r\u00fclm\u00e9nyek k\u00f6z\u00f6tt t\u00f6rt\u00e9nhet. A sz\u00e1razt\u00e9szta k\u00e9sz\u00edt\u00e9se a jelenlegi el\u0151\u00edr\u00e1soknak teljes m\u00e9rt\u00e9kben megfelel\u0151en k\u00e9sz\u00fcl, a HCCP rendszer biztons\u00e1gos alkalmaz\u00e1sa mellett. A sz\u00e1razt\u00e9szt\u00e1t id\u0151szakonk\u00e9nt f\u00fcggetlen laborat\u00f3riumban bevizsg\u00e1ltatjuk.<\/p>\n<p>A dr\u00f3th\u00e1l\u00f3t a tornyos iskol\u00e1ban berendezett helyis\u00e9gben k\u00e9sz\u00edtett\u00fck, k\u00e9zi dr\u00f3tfon\u00f3val, k\u00e9t m\u0171szakban, naponta 40 fm-t.<\/p>\n<p>A karbantart\u00f3 csoport az \u00f6nkorm\u00e1nyzat tulajdon\u00e1ban l\u00e9v\u0151 ingatlanokon v\u00e9gzett karbantart\u00e1si munk\u00e1latokat, valamint 3 db t\u00e1r\u00f3l\u00f3sz\u00edn \u00e9p\u00edt\u00e9s\u00e9ben vett r\u00e9szt.<\/p>\n<p>&nbsp;<\/p>\n<ul>\n<li><b>Bio- \u00e9s meg\u00fajul\u00f3 energia felhaszn\u00e1l\u00e1s projekt<\/b><\/li>\n<\/ul>\n<p>Az \u00f6nkorm\u00e1nyzat 4 db biomassza t\u00fczel\u00e9s\u0171 kaz\u00e1nt nyert p\u00e1ly\u00e1zaton, \u00e9s az ehhez sz\u00fcks\u00e9ges t\u00fczel\u0151anyag el\u0151\u00e1ll\u00edt\u00e1s\u00e1t v\u00e9gezte a brig\u00e1d, melyhez Skorpion 160R\/90 t\u00e1rcs\u00e1s faapr\u00edt\u00f3t v\u00e1s\u00e1roltunk.<\/p>\n<p>A p\u00e1ly\u00e1zatban el\u0151\u00edrt ter\u00fcltekr\u0151l a gallyfa behord\u00e1sa folyamatos volt a F\u0151 u. 57. sz\u00e1m alatti telephelyre, a fa apr\u00edt\u00e9kol\u00e1sa az el\u0151\u00edrt helyrajzi sz\u00e1mokon megt\u00f6rt\u00e9nt, melynek mennyis\u00e9ge 303 m<sup>3<\/sup>, az apr\u00edt\u00e9k a t\u00e1rol\u00f3kban lett elhelyezve.<\/p>\n<p>&nbsp;<\/p>\n<ul>\n<li><b>Egyebek<\/b><\/li>\n<\/ul>\n<p>&#8211;\u00a0\u00a0\u00a0\u00a0\u00a0\u00a0\u00a0\u00a0\u00a0 a templomok ter\u00fclet\u00e9n l\u00e9v\u0151 karbantart\u00e1sokban is akt\u00edvan r\u00e9szt v\u00e1llalunk,<\/p>\n<p>&#8211;\u00a0\u00a0\u00a0\u00a0\u00a0\u00a0\u00a0\u00a0\u00a0 hossz\u00fa \u00e9vek ut\u00e1n az \u00e1llom\u00e1s ter\u00fclet\u00e9r\u0151l siker\u00fclt a t\u00f6rmel\u00e9ket elsz\u00e1ll\u00edtatni,<\/p>\n<p>&#8211;\u00a0\u00a0\u00a0\u00a0\u00a0\u00a0\u00a0\u00a0\u00a0 a mez\u0151gazdas\u00e1gi utak gr\u00e9derez\u00e9s\u00e9t, gyalul\u00e1s\u00e1t elv\u00e9gezt\u00fck,<\/p>\n<p>&#8211;\u00a0\u00a0\u00a0\u00a0\u00a0\u00a0\u00a0\u00a0\u00a0 a Tiszacseg\u00e9t v\u00e9d\u0151 k\u00f6rg\u00e1taknak a takar\u00edt\u00e1s\u00e1t folyamatosan v\u00e9gezz\u00fck,<\/p>\n<p>&#8211;\u00a0\u00a0\u00a0\u00a0\u00a0\u00a0\u00a0\u00a0\u00a0 a v\u00e1ros k\u00f6zigazgat\u00e1si ter\u00fclet\u00e9n m\u0171k\u00f6d\u0151 Nemzeti Doh\u00e1nyboltok (3 db) el\u0151tt a parkol\u00f3 kialak\u00edt\u00e1s\u00e1ban is akt\u00edvan r\u00e9szt vett\u00fcnk, aszfaltoz\u00e1s \u00e9s z\u00fazottk\u0151 ter\u00edt\u00e9ssel seg\u00edtett\u00fck.<\/p>\n<p>&nbsp;<\/p>\n<ul>\n<li><b>Rendezv\u00e9nyek, belf\u00f6ldi \u00e9s nemzetk\u00f6zi kapcsolatok<\/b><\/li>\n<\/ul>\n<p>&nbsp;<\/p>\n<p>&#8211;\u00a0\u00a0\u00a0\u00a0\u00a0\u00a0\u00a0\u00a0\u00a0 2012. m\u00e1jus 18-20-\u00e1n az Eur\u00f3pa a Polg\u00e1rok\u00e9rt Program keret\u00e9n bel\u00fcl val\u00f3sult meg a \u201eTestv\u00e9rv\u00e1rosi kapcsolat er\u0151s\u00edt\u00e9se az \u00f6nk\u00e9ntess\u00e9g jegy\u00e9ben\u201d c\u00edm\u0171 rendezv\u00e9nysorozat, melyen Tiszacsege, valamint Szal\u00e1rd telep\u00fcl\u00e9sek polg\u00e1rai tal\u00e1lkozhattak.<\/p>\n<p>&#8211;\u00a0\u00a0\u00a0\u00a0\u00a0\u00a0\u00a0\u00a0\u00a0 2012. j\u00fanius 15-\u00e9n szem\u00e9lyes megh\u00edv\u00e1somra dr. Budai Gyula \u00e1llamtitk\u00e1r \u00dar ell\u00e1togatott Tiszacseg\u00e9re, \u00e9s a M\u0171vel\u0151d\u00e9si H\u00e1zban f\u00f3rumot tartott.<\/p>\n<p>&#8211;\u00a0\u00a0\u00a0\u00a0\u00a0\u00a0\u00a0\u00a0\u00a0 A Tisza-parton j\u00falius h\u00f3napokban m\u00e1r hagyom\u00e1nyoss\u00e1 v\u00e1lt Hal\u00e1szl\u00e9 Fesztiv\u00e1l, 2013-2014. szeptember h\u00f3napban a Tiszacsegei Harcsapaprik\u00e1s Fesztiv\u00e1l ker\u00fclt megrendez\u00e9sre, mely nagyon sok \u00e9rdekl\u0151d\u0151t vonzott.\u00a0 A sikeres rendezv\u00e9ny szint\u00e9n \u00f6regb\u00edtette telep\u00fcl\u00e9s\u00fcnk h\u00edrnev\u00e9t. A rendezv\u00e9nyhez \u00f6nkorm\u00e1nyzatunk t\u00e9r\u00edt\u00e9smentesen ter\u00fcletet biztos\u00edtott, \u00f6nkorm\u00e1nyzatunk a komp \u2013 cs\u00e1rda \u2013 kemping \u00e1ltal hat\u00e1rolt beton bor\u00edt\u00e1s\u00fa ter\u00fcletek rendbet\u00e9tel\u00e9r\u0151l gondoskodott.<\/p>\n<p>&#8211;\u00a0\u00a0\u00a0\u00a0\u00a0\u00a0\u00a0\u00a0\u00a0 2011-2013 \u00e9vekben augusztus h\u00f3napban ny\u00e1ri idegenforgalmi rendezv\u00e9ny\u00fcnk, a Csege Napok ker\u00fclt megrendez\u00e9sre.<\/p>\n<p>&#8211;\u00a0\u00a0\u00a0\u00a0\u00a0\u00a0\u00a0\u00a0\u00a0 2012. okt\u00f3ber 20.-\u00e1n Tiszacseg\u00e9n Magyargorb\u00f3 telep\u00fcl\u00e9ssel al\u00e1\u00edr\u00e1sra ker\u00fclt a testv\u00e9rv\u00e1rosi kapcsolat l\u00e9tes\u00edt\u00e9s\u00e9re k\u00f6t\u00f6tt meg\u00e1llapod\u00e1s.<\/p>\n<p>&#8211;\u00a0\u00a0\u00a0\u00a0\u00a0\u00a0\u00a0\u00a0\u00a0 Dr. G\u0151z Lajos professzort fogadtam v\u00e1rosunkban, aki Budapestr\u0151l \u00e9rkezett koll\u00e9g\u00e1j\u00e1val, egyeztet\u0151 t\u00e1rgyal\u00e1sokat folytattunk annak \u00e9rdek\u00e9ben, hogy a meleg vizes kutunk h\u0151hasznos\u00edt\u00e1s\u00e1ra megold\u00e1st keress\u00fcnk.<\/p>\n<p>&#8211;\u00a0\u00a0\u00a0\u00a0\u00a0\u00a0\u00a0\u00a0\u00a0 2013. j\u00fanius 08-\u00e1n a XXI. Megyei Polg\u00e1r\u0151r Nap V\u00e1rosunkban ker\u00fclt megrendez\u00e9sre. Az \u00fcnnep\u00e9lyes megnyit\u00f3n besz\u00e9det mondott: Bod\u00f3 S\u00e1ndor a Hajd\u00fa-Bihar Megyei K\u00f6zgy\u0171l\u00e9s eln\u00f6ke, dr. Gyurosovics J\u00f3zsef dand\u00e1rt\u00e1bornok, Hajd\u00fa-Bihar Megyei rend\u0151rkapit\u00e1ny, T\u00f3th Attila a Hajd\u00fa-Bihar Megyei Polg\u00e1r\u0151r Sz\u00f6vets\u00e9g eln\u00f6ke. Az Orsz\u00e1gos Rend\u0151rkapit\u00e1nys\u00e1g r\u00e9sz\u00e9r\u0151l dr. Hatala J\u00f3zsef alt\u00e1bornagy orsz\u00e1gos rend\u0151rkapit\u00e1ny is r\u00e9szt vett a rendezv\u00e9nyen. Az esem\u00e9nyen k\u00f6zel 50 telep\u00fcl\u00e9s polg\u00e1r\u0151rs\u00e9g csapata volt jelen.<\/p>\n<p>&#8211;\u00a0\u00a0\u00a0\u00a0\u00a0\u00a0\u00a0\u00a0\u00a0 R\u00e9vhaj\u00f3sok Orsz\u00e1gos Sz\u00f6vets\u00e9ge t\u00f6bb alkalommal Tiszacseg\u00e9n tartotta k\u00f6zgy\u0171l\u00e9s\u00e9t.<\/p>\n<p>&#8211;\u00a0\u00a0\u00a0\u00a0\u00a0\u00a0\u00a0\u00a0\u00a0 A hagyom\u00e1nyokhoz h\u00edven, Tiszacseg\u00e9n ker\u00fclt megrendez\u00e9sre a \u201eCserk\u00e9sz Kupa\u201d elnevez\u00e9s\u0171 Nemzetk\u00f6zi szabadfog\u00e1s\u00fa birk\u00f3z\u00f3 verseny is.<\/p>\n<p>&#8211;\u00a0\u00a0\u00a0\u00a0\u00a0\u00a0\u00a0\u00a0\u00a0 A Hajd\u00fa-Bihar Megyei Birk\u00f3z\u00f3 Sz\u00f6vets\u00e9g eln\u00f6ks\u00e9gi tagjaival Tiszacseg\u00e9n folytattunk egyeztet\u0151 megbesz\u00e9l\u00e9st a tervekr\u0151l, elk\u00e9pzel\u00e9sekr\u0151l, p\u00e1ly\u00e1zati lehet\u0151s\u00e9gekr\u0151l.<\/p>\n<p>&#8211;\u00a0\u00a0\u00a0\u00a0\u00a0\u00a0\u00a0\u00a0\u00a0 Telep\u00fcl\u00e9s\u00fcnk\u00f6n fogadtam \u00e9s vend\u00e9g\u00fcl l\u00e1ttam Jakab Istv\u00e1n orsz\u00e1ggy\u0171l\u00e9si Aleln\u00f6k\u00f6t.<\/p>\n<p>&#8211;\u00a0\u00a0\u00a0\u00a0\u00a0\u00a0\u00a0\u00a0\u00a0 2014. \u00e1prilis 4. napj\u00e1n Tiszacsege adott helysz\u00ednt a Hortob\u00e1gyi Laeder p\u00e1ly\u00e1zatb\u00f3l t\u00e1mogatott Lengyel-Magyar tal\u00e1lkoz\u00f3nak. A lengyel deleg\u00e1ci\u00f3 30 f\u0151s\u00a0 r\u00e9sztvev\u0151i k\u00f6z\u00f6tt polg\u00e1rmesterek, civilszervezet k\u00e9pvisel\u0151i, valamint v\u00e1llalkoz\u00f3k voltak jelen (pl.: mez\u0151gazdas\u00e1gi v\u00e1llalkoz\u00f3,\u00a0 m\u0171tr\u00e1gya \u00e9s n\u00f6v\u00e9nyv\u00e9d\u0151szer keresked\u0151, \u00fczemanyag keresked\u0151, falusi vend\u00e9gl\u00e1t\u00f3 \u00e9s sz\u00e1ll\u00e1sad\u00f3, sz\u00e1llodai vend\u00e9gl\u00e1t\u00e1s \u00e9s \u00e9ttermi szolg\u00e1ltat\u00f3, turisztikai szolg\u00e1ltat\u00f3k, \u00edgy gy\u00f3gyturizmus keret\u00e9ben a s\u00f3barlangi ter\u00e1pi\u00e1k, mez\u0151gazdas\u00e1gi szolg\u00e1ltat\u00f3k, m\u0171vel\u0151d\u00e9s szervez\u0151, m\u00e9h\u00e9szeti szakk\u00f6z\u00e9piskola vezet\u0151je,\u00a0 fodr\u00e1sz, stb.). Abb\u00f3l a c\u00e9lb\u00f3l l\u00e1togattak hozz\u00e1nk, hogy min\u00e9l sz\u00e9lesebb k\u00f6r\u0171 egy\u00fcttm\u0171k\u00f6d\u00e9sek j\u00f6jjenek l\u00e9tre, ez\u00e9rt szeretn\u00e9nek testv\u00e9r-telep\u00fcl\u00e9si kapcsolat l\u00e9trehoz\u00e1s\u00e1t kezdem\u00e9nyezni, gy\u00f3gy turizmusban, gyermekek \u00fcd\u00fcltet\u00e9s\u00e9ben, \u00e9s minden egy\u00e9b civil szervezetek \u00e9s v\u00e1llalkoz\u00e1sok k\u00f6z\u00f6tti egy\u00fcttm\u0171k\u00f6d\u00e9sek l\u00e9trehoz\u00e1s\u00e1ban, melyek hozz\u00e1j\u00e1rulnak a hossz\u00fa t\u00e1v\u00fa t\u00e1rsadalmi, gazdas\u00e1gi fejleszt\u00e9s l\u00e9trehoz\u00e1s\u00e1hoz.<\/p>\n<p>&#8211;\u00a0\u00a0\u00a0\u00a0\u00a0\u00a0\u00a0\u00a0\u00a0 2014. m\u00e1jus 11-\u00e9n Tiszacsege-Nagymajor lakosai r\u00e9sz\u00e9re sport d\u00e9lel\u0151ttel egybek\u00f6t\u00f6tt maj\u00e1list szervezett Tiszacsege V\u00e1ros \u00d6nkorm\u00e1nyzata.<\/p>\n<p>&#8211;\u00a0\u00a0\u00a0\u00a0\u00a0\u00a0\u00a0\u00a0\u00a0 2014. m\u00e1jus 16-\u00e1n a V\u00e1rosok, Falvak Sz\u00f6vets\u00e9ge Tiszacseg\u00e9n tartotta rendezv\u00e9ny\u00e9t, Hal\u00e1sz J\u00e1nos \u00e1llamtitk\u00e1r \u00dar, a Sz\u00f6vets\u00e9g eln\u00f6ke, valamint k\u00f6zel 20 telep\u00fcl\u00e9s polg\u00e1rmestere l\u00e1togatott el v\u00e1rosunkba.\u00a0\u00a0<\/p>\n<p>&#8211;\u00a0\u00a0\u00a0\u00a0\u00a0\u00a0\u00a0\u00a0\u00a0 2014. j\u00fanius 12-13-\u00e1n a Nemzeti Agr\u00e1rgazdas\u00e1gi Kamara szervez\u00e9s\u00e9ben Tiszacseg\u00e9n ker\u00fclt megrendez\u00e9sre a Falugazd\u00e1szok tal\u00e1lkoz\u00f3ja.<\/p>\n<p>&#8211;\u00a0\u00a0\u00a0\u00a0\u00a0\u00a0\u00a0\u00a0\u00a0\u00a0\u00a0 Ambrus Tibort Csopak K\u00f6zs\u00e9g polg\u00e1rmester\u00e9t t\u00f6bb alkalommal vend\u00e9g\u00fcl l\u00e1ttam v\u00e1rosunkban. Csopak K\u00f6zs\u00e9g polg\u00e1rmester\u00e9nek megh\u00edv\u00e1s\u00e1ra &#8211; t\u00f6bb telep\u00fcl\u00e9ssel egy\u00fctt &#8211; a Hagyom\u00e1ny\u0151rz\u0151 N\u00e9pt\u00e1nc Egyes\u00fclet 2014. j\u00falius 5-9-ig n\u00e9pt\u00e1nc t\u00e1borban vett r\u00e9szt. Az Egyes\u00fclet a Csopaki Napok rendezv\u00e9nyen sz\u00ednes, sz\u00ednvonalas fell\u00e9p\u00e9s\u00e9vel nagy sikert aratott.\u00a0\u00a0<\/p>\n<p>&#8211;\u00a0\u00a0\u00a0\u00a0\u00a0\u00a0\u00a0\u00a0\u00a0\u00a0\u00a0 2014. j\u00falius 21-25-\u00e9n a tiszacsegei Fekete Istv\u00e1n \u00c1ltal\u00e1nos Iskol\u00e1ban napk\u00f6zis Erzs\u00e9bet-t\u00e1bort szerveztek a pedag\u00f3gusok, \u00f6nkorm\u00e1nyzatunk minden seg\u00edts\u00e9get megadott a t\u00e1bor zavartalan lebonyol\u00edt\u00e1s\u00e1hoz.<\/p>\n<p>&#8211;\u00a0\u00a0\u00a0\u00a0\u00a0\u00a0\u00a0\u00a0\u00a0\u00a0\u00a0 Az ECHO Telev\u00edzi\u00f3 t\u00f6bb alkalommal forgatott telep\u00fcl\u00e9s\u00fcnk\u00f6n, ezzel is n\u00e9pszer\u0171s\u00edtve Tiszacseg\u00e9t.<\/p>\n<p>&#8211;\u00a0\u00a0\u00a0\u00a0\u00a0\u00a0\u00a0\u00a0\u00a0\u00a0\u00a0 <b>A HAJD\u00daS\u00c1GI EXPO keret\u00e9n bel\u00fcl a Tiszacsegei Szoci\u00e1lis Sz\u00f6vetkezet Losonczi J\u00e1nos alpolg\u00e1rmester \u00dar vezet\u00e9s\u00e9vel az \u00e1ltaluk gy\u00e1rtott sz\u00e1razt\u00e9szt\u00e1kb\u00f3l term\u00e9kbemutat\u00f3t tartott, a rendezv\u00e9nyen val\u00f3 sikeres r\u00e9szv\u00e9tel\u00e9rt a Nemzeti Agr\u00e1rgazdas\u00e1gi Kamara Hajd\u00fa-Bihar Megyei Igazgat\u00f3s\u00e1g\u00e1nak k\u00fcl\u00f6nd\u00edj\u00e1ban r\u00e9szes\u00fclt.<\/b> A FARMER EXPO-n a Tiszacsegei Szoci\u00e1lis Sz\u00f6vetkezet szint\u00e9n sikeres term\u00e9kbemutat\u00f3val szerepelt. <b><\/b><\/p>\n<p>&nbsp;<\/p>\n<p><b>Szoci\u00e1lis c\u00e9l\u00fa t\u0171zifa t\u00e1mogat\u00e1s:<\/b><\/p>\n<p>&nbsp;<\/p>\n<p>Az 59\/2011.(XII.23.) BM rendelet alapj\u00e1n \u00d6nkorm\u00e1nyzatunk kieg\u00e9sz\u00edt\u0151 t\u00e1mogat\u00e1sban r\u00e9szes\u00fclt 1476 m3 szoci\u00e1lis c\u00e9l\u00fa t\u0171zifa v\u00e1s\u00e1rl\u00e1s\u00e1hoz. A t\u0171zifa teljes v\u00e9tel\u00e1ra 26.243.280 Ft volt, melyb\u0151l a t\u00e1mogat\u00e1s \u00f6sszege 22.494.240 Ft, az \u00f6nkorm\u00e1nyzat saj\u00e1t er\u0151k\u00e9nt 3.750.000 Ft-ot biztos\u00edtott.<\/p>\n<p>&nbsp;<\/p>\n<p>Tiszacsege V\u00e1ros \u00d6nkorm\u00e1nyzata K\u00e9pvisel\u0151-test\u00fclete a helyi \u00f6nkorm\u00e1nyzatok szoci\u00e1lis c\u00e9l\u00fa t\u0171zifa v\u00e1s\u00e1rl\u00e1s\u00e1hoz kapcsol\u00f3d\u00f3 kieg\u00e9sz\u00edt\u0151 t\u00e1mogat\u00e1s felhaszn\u00e1l\u00e1s\u00e1ra rendeletet alkotott.<\/p>\n<p>&nbsp;<\/p>\n<ul>\n<li>2012. janu\u00e1r 11. napj\u00e1t\u00f3l t\u0171zifa ig\u00e9nyl\u00e9s c\u00edm\u00e9n a Polg\u00e1rmesteri Hivatalhoz 1532 k\u00e9relem \u00e9rkezett. T\u00e1mogat\u00e1sba r\u00e9szes\u00edtett szem\u00e9lyek sz\u00e1ma \u00f6sszesen: 1419 f\u0151, melyb\u0151l 114 f\u0151 1,5 m3, 1305 f\u0151 1 m3 t\u0171zif\u00e1ban r\u00e9szes\u00fclt. \u00a0<\/li>\n<\/ul>\n<p>A fa oszt\u00e1s\u00e1t h\u00e1rom telephelyen v\u00e9gezt\u00fck a Vas\u00fat\u00e1llom\u00e1sn\u00e1l, a Kismajori Kast\u00e9lyban, valamint a Kommun\u00e1lis Szolg\u00e1ltat\u00f3 Szervezet k\u00f6zponti telephely\u00e9n.<\/p>\n<p>&nbsp;<\/p>\n<ul>\n<li>2012. december\u00e9ben 150 m3 szoci\u00e1lis c\u00e9l\u00fa t\u0171zifa v\u00e1s\u00e1rl\u00e1s\u00e1hoz kaptunk vissza nem t\u00e9r\u00edtend\u0151 t\u00e1mogat\u00e1st. A t\u0171zifa teljes v\u00e9tel\u00e1ra 2.667.000 Ft volt, melyb\u0151l a t\u00e1mogat\u00e1s: 2.286.000 Ft, az \u00f6nkorm\u00e1nyzat \u00e1ltal biztos\u00edtott saj\u00e1t er\u0151 \u00f6sszege pedig 381.000 Ft. A t\u00e1mogat\u00e1sban r\u00e9szes\u00edtett szem\u00e9lyek sz\u00e1ma \u00f6sszesen: 150 f\u0151 volt.<\/li>\n<\/ul>\n<p>&nbsp;<\/p>\n<ul>\n<li>2014. janu\u00e1r-febru\u00e1r h\u00f3napban Tiszacsege V\u00e1ros \u00d6nkorm\u00e1nyzata orsz\u00e1gos szinten szint\u00e9n jelent\u0151s mennyis\u00e9g\u0171 t\u0171zifa t\u00e1mogat\u00e1sban r\u00e9szes\u00fclt. A 813 m3 t\u0171zifa teljes v\u00e9tel\u00e1ra 14.456.791 Ft volt, melyb\u0151l a vissza nem t\u00e9r\u00edtend\u0151 t\u00e1mogat\u00e1s \u00f6sszege: 13.424.281 Ft, az \u00f6nkorm\u00e1nyzat \u00e1ltal biztos\u00edtott saj\u00e1t er\u0151 \u00f6sszege 1.032.510 Ft. T\u00e1mogat\u00e1sban r\u00e9szes\u00edtett szem\u00e9lyek sz\u00e1ma \u00f6sszesen: 903 f\u0151 volt, a kiosztott t\u0171zifa mennyis\u00e9ge pedig 0,9 m3.<\/li>\n<\/ul>\n<p>&nbsp;<\/p>\n<p><b>EU \u00c9lelmiszerseg\u00e9ly programban val\u00f3 r\u00e9szv\u00e9tel:<\/b><\/p>\n<p>Tiszacsege V\u00e1ros \u00d6nkorm\u00e1nyzata 2012 \u00e9s 2013 \u00e9vben r\u00e9szt vett az EU \u00c9lelmiszerseg\u00e9ly programban. A program c\u00e9lja, hogy az Eur\u00f3pai Uni\u00f3 \u00e1ltal biztos\u00edtott \u00e9lelmiszerseg\u00e9ly az MVH koordin\u00e1l\u00e1s\u00e1val a Seg\u00e9lyszervezet k\u00f6zrem\u0171k\u00f6d\u00e9s\u00e9vel eljusson a Magyarorsz\u00e1gon \u00e9l\u0151 legr\u00e1szorul\u00f3bb szem\u00e9lyek r\u00e9sz\u00e9re. Az \u00e9lelmiszerseg\u00e9ly programok alkalm\u00e1val kb. 800-900 f\u0151 r\u00e9szes\u00fclt t\u00e1mogat\u00e1sban, melyet nagy \u00f6r\u00f6mmel fogadott a lakoss\u00e1g.<\/p>\n<p>&nbsp;<\/p>\n<p>2011. szeptember 20. napj\u00e1n al\u00e1\u00edrt egy\u00fcttm\u0171k\u00f6d\u00e9si meg\u00e1llapod\u00e1s alapj\u00e1n az<b> <\/b>EU \u00c9lelmiszerseg\u00e9ly program 2011. II. fordul\u00f3j\u00e1ban:<\/p>\n<p>Liszt BL55: 1600 kg<\/p>\n<p>R\u00f6vidcs\u0151 t\u00e9szta: 3240 kg<\/p>\n<p>Olaj: 810 liter<\/p>\n<p>Gabon\u00e1s oml\u00f3s keksz erdei gy\u00fcm\u00f6lcs\u00f6s: 1080 kg<\/p>\n<p>\u00e9lelmiszerseg\u00e9ly ker\u00fclt kioszt\u00e1sra.<\/p>\n<p>&nbsp;<\/p>\n<p>2012. szeptember 20. napj\u00e1n al\u00e1\u00edrt egy\u00fcttm\u0171k\u00f6d\u00e9si meg\u00e1llapod\u00e1s alapj\u00e1n az<b> <\/b>EU \u00c9lelmiszerseg\u00e9ly program 2012. II. fordul\u00f3j\u00e1ban:<\/p>\n<p>Uht kaka\u00f3s ital 4320 liter<\/p>\n<p>Liszt BL 55: 2640 kg<\/p>\n<p>Taralyoscs\u0151 t\u00e9szta: 1350 kg<\/p>\n<p>\u00e9lelmiszerseg\u00e9ly ker\u00fclt kioszt\u00e1sra.<\/p>\n<p>&nbsp;<\/p>\n<p>2012. december 17. napj\u00e1n al\u00e1\u00edrt egy\u00fcttm\u0171k\u00f6d\u00e9si meg\u00e1llapod\u00e1s alapj\u00e1n az<b> <\/b>EU \u00c9lelmiszerseg\u00e9ly program 2012. III. fordul\u00f3j\u00e1ban:<\/p>\n<p>Spagetti t\u00e9szta: 2592 kg<\/p>\n<p>Tarhonya: 1200 kg<\/p>\n<p>Van\u00edli\u00e1s karika: 1470 kg<\/p>\n<p>Krist\u00e1lycukor: 960 kg<\/p>\n<p>\u00e9lelmiszerseg\u00e9ly ker\u00fclt kioszt\u00e1sra.<\/p>\n<p>&nbsp;<\/p>\n<p>2013. \u00e1prilis h\u00f3 26. napj\u00e1n al\u00e1\u00edrt egy\u00fcttm\u0171k\u00f6d\u00e9si meg\u00e1llapod\u00e1s alapj\u00e1n az<b> <\/b>EU \u00c9lelmiszerseg\u00e9ly program 2013. I. fordul\u00f3j\u00e1ban:<\/p>\n<p>Liszt BL55: 900 kg<\/p>\n<p>Fodros nagykocka t\u00e9szta: 1920 kg<\/p>\n<p>Ors\u00f3 t\u00e9szta: 1680 kg<\/p>\n<p>Krist\u00e1lycukor: 960 kg<\/p>\n<p>Pir\u00edtott keny\u00e9rlap: 336 kg<\/p>\n<p>\u00e9lelmiszerseg\u00e9ly ker\u00fclt kioszt\u00e1sra.<\/p>\n<p>&nbsp;<\/p>\n<p><b>Bursa Hungarica Fels\u0151oktat\u00e1si \u00d6szt\u00f6nd\u00edjp\u00e1ly\u00e1zat:<\/b><\/p>\n<p>Tiszacsege V\u00e1ros \u00d6nkorm\u00e1nyzata t\u00e1mogat\u00f3k\u00e9nt minden \u00e9vben csatlakozik a Bursa Hungarica \u00d6szt\u00f6nd\u00edjrendszerhez, mellyel a tiszacsegei h\u00e1tr\u00e1nyos helyzet\u0171, szoci\u00e1lisan r\u00e1szorul\u00f3 fiatalok fels\u0151oktat\u00e1si tanulm\u00e1nyainak t\u00e1mogat\u00e1s\u00e1t tudjuk biztos\u00edtani.<\/p>\n<p>&#8222;A&#8221; t\u00edpus\u00fa p\u00e1ly\u00e1zatok eset\u00e9n 10 h\u00f3napos &#8211; azaz k\u00e9t f\u00e9l\u00e9ves, &#8222;B&#8221; t\u00edpus\u00fa p\u00e1ly\u00e1zatok eset\u00e9n 30 h\u00f3napos &#8211; azaz hat f\u00e9l\u00e9ves &#8211; id\u0151tartamra ny\u00fajt a k\u00e9pvisel\u0151-test\u00fclet \u00f6nkorm\u00e1nyzati \u00f6szt\u00f6nd\u00edjat.<\/p>\n<p>&nbsp;<\/p>\n<p>&#8211;\u00a0\u00a0\u00a0\u00a0\u00a0\u00a0\u00a0\u00a0\u00a0 2011. \u00e9vben \u00a0\u00a0 \u201eA\u201d t\u00edpus\u00fa p\u00e1ly\u00e1zatra 38 f\u0151<\/p>\n<p>\u201eB\u201d t\u00edpus\u00fa p\u00e1ly\u00e1zatra 5 f\u0151 ny\u00fajtotta be p\u00e1ly\u00e1zat\u00e1t.<\/p>\n<p>Az \u00f6szt\u00f6nd\u00edjp\u00e1ly\u00e1zat elb\u00edr\u00e1l\u00e1sa sor\u00e1n 2.650 ezer Ft ker\u00fclt feloszt\u00e1sra.<\/p>\n<p>&nbsp;<\/p>\n<p>&#8211;\u00a0\u00a0\u00a0\u00a0\u00a0\u00a0\u00a0\u00a0\u00a0 2012. \u00e9vben \u00a0\u00a0 \u201eA\u201d t\u00edpus\u00fa p\u00e1ly\u00e1zatra 41 f\u0151<\/p>\n<p>\u201eB\u201d t\u00edpus\u00fa p\u00e1ly\u00e1zatra 7 f\u0151 ny\u00fajtotta be p\u00e1ly\u00e1zat\u00e1t.<\/p>\n<p>Az \u00f6szt\u00f6nd\u00edjp\u00e1ly\u00e1zat elb\u00edr\u00e1l\u00e1sa sor\u00e1n 3.100 ezer Ft ker\u00fclt feloszt\u00e1sra.<\/p>\n<p>&nbsp;<\/p>\n<p>&#8211;\u00a0\u00a0\u00a0\u00a0\u00a0\u00a0\u00a0\u00a0\u00a0 2013. \u00e9vben \u00a0\u00a0 \u201eA\u201d t\u00edpus\u00fa p\u00e1ly\u00e1zatra 37 f\u0151<\/p>\n<p>\u201eB\u201d t\u00edpus\u00fa p\u00e1ly\u00e1zatra 3 f\u0151 ny\u00fajtotta be p\u00e1ly\u00e1zat\u00e1t.<\/p>\n<p>Az \u00f6szt\u00f6nd\u00edjp\u00e1ly\u00e1zat elb\u00edr\u00e1l\u00e1sa sor\u00e1n 2.300 ezer Ft ker\u00fclt feloszt\u00e1sra.<\/p>\n<p>&nbsp;<\/p>\n<p><b>H\u00e1tr\u00e1nyos Helyzet\u0171 Tanul\u00f3k Arany J\u00e1nos Tehets\u00e9ggondoz\u00f3 Programja:<\/b><\/p>\n<p>Tiszacsege V\u00e1ros \u00d6nkorm\u00e1nyzata 2011 \u00e9s 2013 \u00e9vben beny\u00fajtotta p\u00e1ly\u00e1zat\u00e1t a H\u00e1tr\u00e1nyos Helyzet\u0171 Tanul\u00f3k Arany J\u00e1nos Tehets\u00e9ggondoz\u00f3 Programj\u00e1ban val\u00f3 r\u00e9szv\u00e9telre.<\/p>\n<p>A programban az \u00f6nkorm\u00e1nyzat t\u00e1mogatja, hogy az iskola \u00e1ltal javasolt nyolcadik \u00e9vfolyamos tanul\u00f3 Tiszacsege telep\u00fcl\u00e9s k\u00e9pviselet\u00e9ben r\u00e9szt vegyen a H\u00e1tr\u00e1nyos Helyzet\u0171 Tanul\u00f3k Arany J\u00e1nos Tehets\u00e9ggondoz\u00f3 Programj\u00e1ban. Az \u00f6nkorm\u00e1nyzat v\u00e1llalja, hogy az \u00e1ltala deleg\u00e1lt di\u00e1k sz\u00e1m\u00e1ra a programban val\u00f3 r\u00e9szv\u00e9tele idej\u00e9re (maximum 5 tan\u00e9vre, tan\u00e9venk\u00e9nt 10 h\u00f3napra) 5.000 Ft havi \u00f6szt\u00f6nd\u00edjat ny\u00fajt. A p\u00e1ly\u00e1zatot a tanul\u00f3 \u00e1ltal az els\u0151 helyen kiv\u00e1lasztott k\u00f6z\u00e9piskola r\u00e9sz\u00e9re k\u00fcldi meg.<\/p>\n<p>&nbsp;<\/p>\n<p><b>T\u00e1rsadalmi szervezetek t\u00e1mogat\u00e1sa: <\/b><\/p>\n<p>&nbsp;<\/p>\n<p>2011-2014 \u00e9vben az \u00d6nkorm\u00e1nyzat \u00e1ltal t\u00e1mogatott t\u00e1rsadalmi szervezetek:<\/p>\n<p>&#8211;\u00a0\u00a0\u00a0\u00a0\u00a0\u00a0\u00a0\u00a0\u00a0 Tiszacsege V\u00e1rosi Sportegyes\u00fclet (Labdarug\u00f3 \u00e9s Birk\u00f3z\u00f3 Szakoszt\u00e1ly),<\/p>\n<p>&#8211;\u00a0\u00a0\u00a0\u00a0\u00a0\u00a0\u00a0\u00a0\u00a0 Tiszacsegei Polg\u00e1r\u0151r K\u00f6zhaszn\u00fa Egyes\u00fclet<\/p>\n<p>&#8211;\u00a0\u00a0\u00a0\u00a0\u00a0\u00a0\u00a0\u00a0\u00a0 Egyek \u00d6nkorm\u00e1nyzati T\u0171zolt\u00f3s\u00e1g<\/p>\n<p>&#8211;\u00a0\u00a0\u00a0\u00a0\u00a0\u00a0\u00a0\u00a0\u00a0 Tiszacsege Fejl\u0151d\u00e9s\u00e9\u00e9rt Alap\u00edtv\u00e1ny<\/p>\n<p>&#8211;\u00a0\u00a0\u00a0\u00a0\u00a0\u00a0\u00a0\u00a0\u00a0 Tiszacsegei Nyugd\u00edjas Egyes\u00fclet<\/p>\n<p>&#8211;\u00a0\u00a0\u00a0\u00a0\u00a0\u00a0\u00a0\u00a0\u00a0 Tiszacsegei Hagyom\u00e1ny\u0151rz\u0151 N\u00e9pt\u00e1nc Egyes\u00fclet<\/p>\n<p>&#8211;\u00a0\u00a0\u00a0\u00a0\u00a0\u00a0\u00a0\u00a0\u00a0 Tiszacsegei \u00d6nk\u00e9ntes T\u0171zolt\u00f3 Egyes\u00fclet<\/p>\n<p>&#8211;\u00a0\u00a0\u00a0\u00a0\u00a0\u00a0\u00a0\u00a0\u00a0 Tiszacsegei \u0150szir\u00f3zsa N\u00e9pdalk\u00f6r<\/p>\n<p>&#8211;\u00a0\u00a0\u00a0\u00a0\u00a0\u00a0\u00a0\u00a0\u00a0 Csegei Pat\u00e1s Pajt\u00e1s Hagyom\u00e1ny\u0151rz\u0151 Egyes\u00fclet<\/p>\n<p>&#8211;\u00a0\u00a0\u00a0\u00a0\u00a0\u00a0\u00a0\u00a0\u00a0 Tiszacsegei Szoci\u00e1lis Sz\u00f6vetkezet<\/p>\n<p>az elm\u00falt \u00e9vekben is a t\u00e1mogatott c\u00e9lnak megfelel\u0151en haszn\u00e1lt\u00e1k fel az \u00e1tadott p\u00e9nzeszk\u00f6z\u00f6ket.<\/p>\n<p>&nbsp;<\/p>\n<p>A t\u00e1rsadalmi szervezetek:<\/p>\n<p>&#8211;\u00a0\u00a0\u00a0\u00a0\u00a0\u00a0\u00a0\u00a0\u00a0 2011. \u00e9vben\u00a0\u00a0\u00a0\u00a0\u00a0\u00a0\u00a0\u00a0\u00a0\u00a0\u00a0\u00a0\u00a0\u00a0 3.180.000 Ft,<\/p>\n<p>&#8211;\u00a0\u00a0\u00a0\u00a0\u00a0\u00a0\u00a0\u00a0\u00a0 2012. \u00e9vben\u00a0\u00a0\u00a0\u00a0\u00a0\u00a0\u00a0\u00a0\u00a0\u00a0\u00a0\u00a0\u00a0\u00a0 9.540.000 Ft<\/p>\n<p>&#8211;\u00a0\u00a0\u00a0\u00a0\u00a0\u00a0\u00a0\u00a0\u00a0 2013. \u00e9vben\u00a0\u00a0\u00a0\u00a0\u00a0\u00a0\u00a0\u00a0\u00a0\u00a0\u00a0\u00a0\u00a0\u00a0 9.540.000 Ft,<\/p>\n<p>t\u00e1mogat\u00e1sban r\u00e9szes\u00fcltek. K\u00f6lts\u00e9gvet\u00e9s\u00fcnk nagys\u00e1grendj\u00e9t tekintve jelent\u0151s t\u00e1mogat\u00e1st kapott az Egyeki \u00d6nkorm\u00e1nyzati T\u0171zolt\u00f3s\u00e1g<\/p>\n<p>&#8211;\u00a0\u00a0\u00a0\u00a0\u00a0\u00a0\u00a0\u00a0\u00a0 2012 \u00e9vben: 6.000.000 Ft,<\/p>\n<p>&#8211;\u00a0\u00a0\u00a0\u00a0\u00a0\u00a0\u00a0\u00a0\u00a0 2013 \u00e9vben: 6.824.000 Ft.<\/p>\n<p>&nbsp;<\/p>\n<p>Szent J\u00f3zsef Pl\u00e9b\u00e1nia r\u00e9sz\u00e9re 100.000 Ft t\u00e1mogat\u00e1s ker\u00fclt kifizet\u00e9sre. Az \u00f6nkorm\u00e1nyzati t\u00e1mogat\u00e1st a LEADER p\u00e1ly\u00e1zati forr\u00e1sb\u00f3l fel\u00faj\u00edtott tiszacsegei R\u00f3mai Katolikus Templom 2012. december 15-i \u00fcnnep\u00e9lyes \u00e1tad\u00e1sa keret\u00e9ben megrendezett \u00e1ll\u00f3fogad\u00e1shoz haszn\u00e1lt\u00e1k fel.<\/p>\n<p>&nbsp;<\/p>\n<p>\u00d6nkorm\u00e1nyzatunk K\u00e9pvisel\u0151-test\u00fclete 2014 \u00e9vben a Reform\u00e1tus Egyh\u00e1z r\u00e9sz\u00e9re Czet\u0151 Norbert lelk\u00e9sz beiktat\u00e1s\u00e1ra, valamint gyermekek ny\u00e1ri napk\u00f6zis t\u00e1boroztat\u00e1s\u00e1ra 300.000 Ft vissza nem t\u00e9r\u00edtend\u0151 t\u00e1mogat\u00e1st biztos\u00edtott.<\/p>\n<p>&nbsp;<\/p>\n<p>\u00d6sszes\u00edtve meg\u00e1llap\u00edthat\u00f3, hogy saj\u00e1t forr\u00e1sainkkal el tudtuk \u00e9rni, hogy az a p\u00e1ly\u00e1zatokhoz \u00f6ner\u0151k\u00e9nt rendelkez\u00e9sre \u00e1llt. A sikeres p\u00e1ly\u00e1zatok \u00fatj\u00e1n kapott t\u00e1mogat\u00e1sok fedezetet ny\u00fajtottak feladataink r\u00e9szbeni megval\u00f3s\u00edt\u00e1s\u00e1hoz.<\/p>\n<p>&nbsp;<\/p>\n<p>Tiszacsege, 2014. szeptember 19.<\/p>\n<p style=\"text-align: right;\" align=\"center\">\u00a0\u00a0\u00a0\u00a0\u00a0\u00a0\u00a0\u00a0\u00a0\u00a0\u00a0\u00a0\u00a0\u00a0\u00a0\u00a0\u00a0\u00a0\u00a0\u00a0\u00a0\u00a0\u00a0\u00a0\u00a0\u00a0\u00a0\u00a0\u00a0\u00a0\u00a0\u00a0\u00a0\u00a0\u00a0\u00a0\u00a0\u00a0\u00a0\u00a0\u00a0\u00a0\u00a0\u00a0\u00a0\u00a0\u00a0\u00a0\u00a0\u00a0\u00a0\u00a0\u00a0\u00a0\u00a0\u00a0\u00a0\u00a0\u00a0\u00a0\u00a0\u00a0\u00a0\u00a0\u00a0\u00a0\u00a0\u00a0\u00a0\u00a0\u00a0\u00a0\u00a0\u00a0\u00a0\u00a0\u00a0\u00a0\u00a0\u00a0\u00a0\u00a0\u00a0\u00a0\u00a0\u00a0\u00a0\u00a0\u00a0\u00a0\u00a0\u00a0\u00a0\u00a0\u00a0\u00a0\u00a0\u00a0\u00a0\u00a0\u00a0\u00a0\u00a0\u00a0\u00a0\u00a0\u00a0\u00a0\u00a0\u00a0\u00a0\u00a0\u00a0\u00a0\u00a0\u00a0\u00a0\u00a0\u00a0\u00a0 Szil\u00e1gyi S\u00e1ndor\u00a0polg\u00e1rmester<\/p>\n<p style=\"text-align: left;\" align=\"center\">\u00a0<\/p>\n<p style=\"text-align: left;\" align=\"center\"><strong>Let\u00f6lthet\u0151 besz\u00e1mol\u00f3:<\/strong><\/p>\n<p style=\"text-align: left;\" align=\"center\"><strong> \u00a0<a href=\"http:\/\/tiszacsege.hu\/wp-content\/uploads\/2014\/09\/Besz\u00e1mol\u00f3-a-K\u00e9pvisel\u0151-test\u00fclet-3-\u00e9ves-2011-2014-ciklusa-alatt-v\u00e9gzett-munk\u00e1j\u00e1r\u00f3l.pdf\">Besz\u00e1mol\u00f3 a K\u00e9pvisel\u0151-test\u00fclet 3 \u00e9ves 2011-2014 ciklusa alatt v\u00e9gzett munk\u00e1j\u00e1r\u00f3l<\/a> (pdf)<\/strong><\/p>\n","protected":false},"excerpt":{"rendered":"<p>A v\u00e1laszt\u00e1si ciklus 2010. okt\u00f3ber 3-\u00e1n kezd\u0151d\u00f6tt, ahol a telep\u00fcl\u00e9s \u00e1llampolg\u00e1rai megv\u00e1lasztott\u00e1k az \u00d6nkorm\u00e1nyzat polg\u00e1rmester\u00e9t \u00e9s 6 f\u0151 k\u00e9pvisel\u0151j\u00e9t. 2011. \u00e1prilis 15-\u00e9n J\u00f3n\u00e1s S\u00e1ndor polg\u00e1rmester lemondott tiszts\u00e9g\u00e9r\u0151l. A Helyi V\u00e1laszt\u00e1si Bizotts\u00e1g Tiszacsege telep\u00fcl\u00e9sen az id\u0151k\u00f6zi polg\u00e1rmester v\u00e1laszt\u00e1st 2011. j\u00falius 10-\u00e9re t\u0171zte ki, Tiszacsege \u00faj polg\u00e1rmester\u00e9nek a lakoss\u00e1g engem v\u00e1lasztott. \u00a0 A polg\u00e1rmester v\u00e1laszt\u00e1st k\u00f6vet\u0151en javaslatot [&hellip;]<\/p>\n","protected":false},"author":1,"featured_media":1423,"comment_status":"closed","ping_status":"open","sticky":false,"template":"","format":"standard","meta":{"_editorskit_title_hidden":false,"_editorskit_reading_time":0,"_editorskit_is_block_options_detached":false,"_editorskit_block_options_position":"{}","_crdt_document":"","footnotes":""},"categories":[1],"tags":[],"post_folder":[],"class_list":["post-5995","post","type-post","status-publish","format-standard","has-post-thumbnail","hentry","category-hirek"],"yoast_head":"<!-- This site is optimized with the Yoast SEO plugin v27.4 - https:\/\/yoast.com\/product\/yoast-seo-wordpress\/ -->\n<title>Besz\u00e1mol\u00f3 Tiszacsege V\u00e1ros K\u00e9pvisel\u0151-test\u00fclete 3 \u00e9ves (2011-2014) ciklusa alatt v\u00e9gzett munk\u00e1j\u00e1r\u00f3l<\/title>\n<meta name=\"robots\" content=\"index, follow, max-snippet:-1, max-image-preview:large, max-video-preview:-1\" \/>\n<link rel=\"canonical\" href=\"https:\/\/tiszacsege.hu\/?p=5995\" \/>\n<meta property=\"og:locale\" content=\"hu_HU\" \/>\n<meta property=\"og:type\" content=\"article\" \/>\n<meta property=\"og:title\" content=\"Besz\u00e1mol\u00f3 Tiszacsege V\u00e1ros K\u00e9pvisel\u0151-test\u00fclete 3 \u00e9ves (2011-2014) ciklusa alatt v\u00e9gzett munk\u00e1j\u00e1r\u00f3l\" \/>\n<meta property=\"og:description\" content=\"A v\u00e1laszt\u00e1si ciklus 2010. okt\u00f3ber 3-\u00e1n kezd\u0151d\u00f6tt, ahol a telep\u00fcl\u00e9s \u00e1llampolg\u00e1rai megv\u00e1lasztott\u00e1k az \u00d6nkorm\u00e1nyzat polg\u00e1rmester\u00e9t \u00e9s 6 f\u0151 k\u00e9pvisel\u0151j\u00e9t. 2011. \u00e1prilis 15-\u00e9n J\u00f3n\u00e1s S\u00e1ndor polg\u00e1rmester lemondott tiszts\u00e9g\u00e9r\u0151l. A Helyi V\u00e1laszt\u00e1si Bizotts\u00e1g Tiszacsege telep\u00fcl\u00e9sen az id\u0151k\u00f6zi polg\u00e1rmester v\u00e1laszt\u00e1st 2011. j\u00falius 10-\u00e9re t\u0171zte ki, Tiszacsege \u00faj polg\u00e1rmester\u00e9nek a lakoss\u00e1g engem v\u00e1lasztott. \u00a0 A polg\u00e1rmester v\u00e1laszt\u00e1st k\u00f6vet\u0151en javaslatot [&hellip;]\" \/>\n<meta property=\"og:url\" content=\"https:\/\/tiszacsege.hu\/?p=5995\" \/>\n<meta property=\"og:site_name\" content=\"Tiszacsege\" \/>\n<meta property=\"article:publisher\" content=\"https:\/\/www.facebook.com\/tiszacsegeonkormanyzata\" \/>\n<meta property=\"article:published_time\" content=\"2014-09-30T11:24:03+00:00\" \/>\n<meta property=\"article:modified_time\" content=\"2015-05-28T19:50:37+00:00\" \/>\n<meta property=\"og:image\" content=\"https:\/\/tiszacsege.hu\/wp-content\/uploads\/2012\/11\/tiszacsege_onkormanyzat.jpg\" \/>\n\t<meta property=\"og:image:width\" content=\"300\" \/>\n\t<meta property=\"og:image:height\" content=\"165\" \/>\n\t<meta property=\"og:image:type\" content=\"image\/jpeg\" \/>\n<meta name=\"author\" content=\"admin\" \/>\n<meta name=\"twitter:card\" content=\"summary_large_image\" \/>\n<script type=\"application\/ld+json\" class=\"yoast-schema-graph\">{\"@context\":\"https:\\\/\\\/schema.org\",\"@graph\":[{\"@type\":\"Article\",\"@id\":\"https:\\\/\\\/tiszacsege.hu\\\/?p=5995#article\",\"isPartOf\":{\"@id\":\"https:\\\/\\\/tiszacsege.hu\\\/?p=5995\"},\"author\":{\"name\":\"admin\",\"@id\":\"https:\\\/\\\/tiszacsege.hu\\\/#\\\/schema\\\/person\\\/ff2f4e3a9747199f545a2cf351f25334\"},\"headline\":\"Besz\u00e1mol\u00f3 Tiszacsege V\u00e1ros K\u00e9pvisel\u0151-test\u00fclete 3 \u00e9ves (2011-2014) ciklusa alatt v\u00e9gzett munk\u00e1j\u00e1r\u00f3l\",\"datePublished\":\"2014-09-30T11:24:03+00:00\",\"dateModified\":\"2015-05-28T19:50:37+00:00\",\"mainEntityOfPage\":{\"@id\":\"https:\\\/\\\/tiszacsege.hu\\\/?p=5995\"},\"wordCount\":7926,\"publisher\":{\"@id\":\"https:\\\/\\\/tiszacsege.hu\\\/#organization\"},\"image\":{\"@id\":\"https:\\\/\\\/tiszacsege.hu\\\/?p=5995#primaryimage\"},\"thumbnailUrl\":\"https:\\\/\\\/tiszacsege.hu\\\/wp-content\\\/uploads\\\/2012\\\/11\\\/tiszacsege_onkormanyzat.jpg\",\"articleSection\":[\"Helyi h\u00edrek, t\u00e1j\u00e9koztat\u00f3k\"],\"inLanguage\":\"hu\"},{\"@type\":\"WebPage\",\"@id\":\"https:\\\/\\\/tiszacsege.hu\\\/?p=5995\",\"url\":\"https:\\\/\\\/tiszacsege.hu\\\/?p=5995\",\"name\":\"Besz\u00e1mol\u00f3 Tiszacsege V\u00e1ros K\u00e9pvisel\u0151-test\u00fclete 3 \u00e9ves (2011-2014) ciklusa alatt v\u00e9gzett munk\u00e1j\u00e1r\u00f3l\",\"isPartOf\":{\"@id\":\"https:\\\/\\\/tiszacsege.hu\\\/#website\"},\"primaryImageOfPage\":{\"@id\":\"https:\\\/\\\/tiszacsege.hu\\\/?p=5995#primaryimage\"},\"image\":{\"@id\":\"https:\\\/\\\/tiszacsege.hu\\\/?p=5995#primaryimage\"},\"thumbnailUrl\":\"https:\\\/\\\/tiszacsege.hu\\\/wp-content\\\/uploads\\\/2012\\\/11\\\/tiszacsege_onkormanyzat.jpg\",\"datePublished\":\"2014-09-30T11:24:03+00:00\",\"dateModified\":\"2015-05-28T19:50:37+00:00\",\"breadcrumb\":{\"@id\":\"https:\\\/\\\/tiszacsege.hu\\\/?p=5995#breadcrumb\"},\"inLanguage\":\"hu\",\"potentialAction\":[{\"@type\":\"ReadAction\",\"target\":[\"https:\\\/\\\/tiszacsege.hu\\\/?p=5995\"]}]},{\"@type\":\"ImageObject\",\"inLanguage\":\"hu\",\"@id\":\"https:\\\/\\\/tiszacsege.hu\\\/?p=5995#primaryimage\",\"url\":\"https:\\\/\\\/tiszacsege.hu\\\/wp-content\\\/uploads\\\/2012\\\/11\\\/tiszacsege_onkormanyzat.jpg\",\"contentUrl\":\"https:\\\/\\\/tiszacsege.hu\\\/wp-content\\\/uploads\\\/2012\\\/11\\\/tiszacsege_onkormanyzat.jpg\",\"width\":\"300\",\"height\":\"165\"},{\"@type\":\"BreadcrumbList\",\"@id\":\"https:\\\/\\\/tiszacsege.hu\\\/?p=5995#breadcrumb\",\"itemListElement\":[{\"@type\":\"ListItem\",\"position\":1,\"name\":\"Kezd\u0151lap\",\"item\":\"https:\\\/\\\/tiszacsege.hu\\\/\"},{\"@type\":\"ListItem\",\"position\":2,\"name\":\"Besz\u00e1mol\u00f3 Tiszacsege V\u00e1ros K\u00e9pvisel\u0151-test\u00fclete 3 \u00e9ves (2011-2014) ciklusa alatt v\u00e9gzett munk\u00e1j\u00e1r\u00f3l\"}]},{\"@type\":\"WebSite\",\"@id\":\"https:\\\/\\\/tiszacsege.hu\\\/#website\",\"url\":\"https:\\\/\\\/tiszacsege.hu\\\/\",\"name\":\"Tiszacsege\",\"description\":\"Tiszacsege hivatalos honlapja\",\"publisher\":{\"@id\":\"https:\\\/\\\/tiszacsege.hu\\\/#organization\"},\"potentialAction\":[{\"@type\":\"SearchAction\",\"target\":{\"@type\":\"EntryPoint\",\"urlTemplate\":\"https:\\\/\\\/tiszacsege.hu\\\/?s={search_term_string}\"},\"query-input\":{\"@type\":\"PropertyValueSpecification\",\"valueRequired\":true,\"valueName\":\"search_term_string\"}}],\"inLanguage\":\"hu\"},{\"@type\":\"Organization\",\"@id\":\"https:\\\/\\\/tiszacsege.hu\\\/#organization\",\"name\":\"Tiszacsege\",\"url\":\"https:\\\/\\\/tiszacsege.hu\\\/\",\"logo\":{\"@type\":\"ImageObject\",\"inLanguage\":\"hu\",\"@id\":\"https:\\\/\\\/tiszacsege.hu\\\/#\\\/schema\\\/logo\\\/image\\\/\",\"url\":\"https:\\\/\\\/tiszacsege.hu\\\/wp-content\\\/uploads\\\/2020\\\/10\\\/tiszacsege_logo_rovid2-1.png\",\"contentUrl\":\"https:\\\/\\\/tiszacsege.hu\\\/wp-content\\\/uploads\\\/2020\\\/10\\\/tiszacsege_logo_rovid2-1.png\",\"width\":500,\"height\":150,\"caption\":\"Tiszacsege\"},\"image\":{\"@id\":\"https:\\\/\\\/tiszacsege.hu\\\/#\\\/schema\\\/logo\\\/image\\\/\"},\"sameAs\":[\"https:\\\/\\\/www.facebook.com\\\/tiszacsegeonkormanyzata\"]},{\"@type\":\"Person\",\"@id\":\"https:\\\/\\\/tiszacsege.hu\\\/#\\\/schema\\\/person\\\/ff2f4e3a9747199f545a2cf351f25334\",\"name\":\"admin\",\"image\":{\"@type\":\"ImageObject\",\"inLanguage\":\"hu\",\"@id\":\"https:\\\/\\\/secure.gravatar.com\\\/avatar\\\/52224ccae048f9be8fd8d745a33eff630818f8bd5c43790479a2754dcef4b69b?s=96&d=mm&r=g\",\"url\":\"https:\\\/\\\/secure.gravatar.com\\\/avatar\\\/52224ccae048f9be8fd8d745a33eff630818f8bd5c43790479a2754dcef4b69b?s=96&d=mm&r=g\",\"contentUrl\":\"https:\\\/\\\/secure.gravatar.com\\\/avatar\\\/52224ccae048f9be8fd8d745a33eff630818f8bd5c43790479a2754dcef4b69b?s=96&d=mm&r=g\",\"caption\":\"admin\"},\"url\":\"https:\\\/\\\/tiszacsege.hu\\\/?author=1\"}]}<\/script>\n<!-- \/ Yoast SEO plugin. -->","yoast_head_json":{"title":"Besz\u00e1mol\u00f3 Tiszacsege V\u00e1ros K\u00e9pvisel\u0151-test\u00fclete 3 \u00e9ves (2011-2014) ciklusa alatt v\u00e9gzett munk\u00e1j\u00e1r\u00f3l","robots":{"index":"index","follow":"follow","max-snippet":"max-snippet:-1","max-image-preview":"max-image-preview:large","max-video-preview":"max-video-preview:-1"},"canonical":"https:\/\/tiszacsege.hu\/?p=5995","og_locale":"hu_HU","og_type":"article","og_title":"Besz\u00e1mol\u00f3 Tiszacsege V\u00e1ros K\u00e9pvisel\u0151-test\u00fclete 3 \u00e9ves (2011-2014) ciklusa alatt v\u00e9gzett munk\u00e1j\u00e1r\u00f3l","og_description":"A v\u00e1laszt\u00e1si ciklus 2010. okt\u00f3ber 3-\u00e1n kezd\u0151d\u00f6tt, ahol a telep\u00fcl\u00e9s \u00e1llampolg\u00e1rai megv\u00e1lasztott\u00e1k az \u00d6nkorm\u00e1nyzat polg\u00e1rmester\u00e9t \u00e9s 6 f\u0151 k\u00e9pvisel\u0151j\u00e9t. 2011. \u00e1prilis 15-\u00e9n J\u00f3n\u00e1s S\u00e1ndor polg\u00e1rmester lemondott tiszts\u00e9g\u00e9r\u0151l. A Helyi V\u00e1laszt\u00e1si Bizotts\u00e1g Tiszacsege telep\u00fcl\u00e9sen az id\u0151k\u00f6zi polg\u00e1rmester v\u00e1laszt\u00e1st 2011. j\u00falius 10-\u00e9re t\u0171zte ki, Tiszacsege \u00faj polg\u00e1rmester\u00e9nek a lakoss\u00e1g engem v\u00e1lasztott. \u00a0 A polg\u00e1rmester v\u00e1laszt\u00e1st k\u00f6vet\u0151en javaslatot [&hellip;]","og_url":"https:\/\/tiszacsege.hu\/?p=5995","og_site_name":"Tiszacsege","article_publisher":"https:\/\/www.facebook.com\/tiszacsegeonkormanyzata","article_published_time":"2014-09-30T11:24:03+00:00","article_modified_time":"2015-05-28T19:50:37+00:00","og_image":[{"width":300,"height":165,"url":"https:\/\/tiszacsege.hu\/wp-content\/uploads\/2012\/11\/tiszacsege_onkormanyzat.jpg","type":"image\/jpeg"}],"author":"admin","twitter_card":"summary_large_image","schema":{"@context":"https:\/\/schema.org","@graph":[{"@type":"Article","@id":"https:\/\/tiszacsege.hu\/?p=5995#article","isPartOf":{"@id":"https:\/\/tiszacsege.hu\/?p=5995"},"author":{"name":"admin","@id":"https:\/\/tiszacsege.hu\/#\/schema\/person\/ff2f4e3a9747199f545a2cf351f25334"},"headline":"Besz\u00e1mol\u00f3 Tiszacsege V\u00e1ros K\u00e9pvisel\u0151-test\u00fclete 3 \u00e9ves (2011-2014) ciklusa alatt v\u00e9gzett munk\u00e1j\u00e1r\u00f3l","datePublished":"2014-09-30T11:24:03+00:00","dateModified":"2015-05-28T19:50:37+00:00","mainEntityOfPage":{"@id":"https:\/\/tiszacsege.hu\/?p=5995"},"wordCount":7926,"publisher":{"@id":"https:\/\/tiszacsege.hu\/#organization"},"image":{"@id":"https:\/\/tiszacsege.hu\/?p=5995#primaryimage"},"thumbnailUrl":"https:\/\/tiszacsege.hu\/wp-content\/uploads\/2012\/11\/tiszacsege_onkormanyzat.jpg","articleSection":["Helyi h\u00edrek, t\u00e1j\u00e9koztat\u00f3k"],"inLanguage":"hu"},{"@type":"WebPage","@id":"https:\/\/tiszacsege.hu\/?p=5995","url":"https:\/\/tiszacsege.hu\/?p=5995","name":"Besz\u00e1mol\u00f3 Tiszacsege V\u00e1ros K\u00e9pvisel\u0151-test\u00fclete 3 \u00e9ves (2011-2014) ciklusa alatt v\u00e9gzett munk\u00e1j\u00e1r\u00f3l","isPartOf":{"@id":"https:\/\/tiszacsege.hu\/#website"},"primaryImageOfPage":{"@id":"https:\/\/tiszacsege.hu\/?p=5995#primaryimage"},"image":{"@id":"https:\/\/tiszacsege.hu\/?p=5995#primaryimage"},"thumbnailUrl":"https:\/\/tiszacsege.hu\/wp-content\/uploads\/2012\/11\/tiszacsege_onkormanyzat.jpg","datePublished":"2014-09-30T11:24:03+00:00","dateModified":"2015-05-28T19:50:37+00:00","breadcrumb":{"@id":"https:\/\/tiszacsege.hu\/?p=5995#breadcrumb"},"inLanguage":"hu","potentialAction":[{"@type":"ReadAction","target":["https:\/\/tiszacsege.hu\/?p=5995"]}]},{"@type":"ImageObject","inLanguage":"hu","@id":"https:\/\/tiszacsege.hu\/?p=5995#primaryimage","url":"https:\/\/tiszacsege.hu\/wp-content\/uploads\/2012\/11\/tiszacsege_onkormanyzat.jpg","contentUrl":"https:\/\/tiszacsege.hu\/wp-content\/uploads\/2012\/11\/tiszacsege_onkormanyzat.jpg","width":"300","height":"165"},{"@type":"BreadcrumbList","@id":"https:\/\/tiszacsege.hu\/?p=5995#breadcrumb","itemListElement":[{"@type":"ListItem","position":1,"name":"Kezd\u0151lap","item":"https:\/\/tiszacsege.hu\/"},{"@type":"ListItem","position":2,"name":"Besz\u00e1mol\u00f3 Tiszacsege V\u00e1ros K\u00e9pvisel\u0151-test\u00fclete 3 \u00e9ves (2011-2014) ciklusa alatt v\u00e9gzett munk\u00e1j\u00e1r\u00f3l"}]},{"@type":"WebSite","@id":"https:\/\/tiszacsege.hu\/#website","url":"https:\/\/tiszacsege.hu\/","name":"Tiszacsege","description":"Tiszacsege hivatalos honlapja","publisher":{"@id":"https:\/\/tiszacsege.hu\/#organization"},"potentialAction":[{"@type":"SearchAction","target":{"@type":"EntryPoint","urlTemplate":"https:\/\/tiszacsege.hu\/?s={search_term_string}"},"query-input":{"@type":"PropertyValueSpecification","valueRequired":true,"valueName":"search_term_string"}}],"inLanguage":"hu"},{"@type":"Organization","@id":"https:\/\/tiszacsege.hu\/#organization","name":"Tiszacsege","url":"https:\/\/tiszacsege.hu\/","logo":{"@type":"ImageObject","inLanguage":"hu","@id":"https:\/\/tiszacsege.hu\/#\/schema\/logo\/image\/","url":"https:\/\/tiszacsege.hu\/wp-content\/uploads\/2020\/10\/tiszacsege_logo_rovid2-1.png","contentUrl":"https:\/\/tiszacsege.hu\/wp-content\/uploads\/2020\/10\/tiszacsege_logo_rovid2-1.png","width":500,"height":150,"caption":"Tiszacsege"},"image":{"@id":"https:\/\/tiszacsege.hu\/#\/schema\/logo\/image\/"},"sameAs":["https:\/\/www.facebook.com\/tiszacsegeonkormanyzata"]},{"@type":"Person","@id":"https:\/\/tiszacsege.hu\/#\/schema\/person\/ff2f4e3a9747199f545a2cf351f25334","name":"admin","image":{"@type":"ImageObject","inLanguage":"hu","@id":"https:\/\/secure.gravatar.com\/avatar\/52224ccae048f9be8fd8d745a33eff630818f8bd5c43790479a2754dcef4b69b?s=96&d=mm&r=g","url":"https:\/\/secure.gravatar.com\/avatar\/52224ccae048f9be8fd8d745a33eff630818f8bd5c43790479a2754dcef4b69b?s=96&d=mm&r=g","contentUrl":"https:\/\/secure.gravatar.com\/avatar\/52224ccae048f9be8fd8d745a33eff630818f8bd5c43790479a2754dcef4b69b?s=96&d=mm&r=g","caption":"admin"},"url":"https:\/\/tiszacsege.hu\/?author=1"}]}},"_links":{"self":[{"href":"https:\/\/tiszacsege.hu\/index.php?rest_route=\/wp\/v2\/posts\/5995","targetHints":{"allow":["GET"]}}],"collection":[{"href":"https:\/\/tiszacsege.hu\/index.php?rest_route=\/wp\/v2\/posts"}],"about":[{"href":"https:\/\/tiszacsege.hu\/index.php?rest_route=\/wp\/v2\/types\/post"}],"author":[{"embeddable":true,"href":"https:\/\/tiszacsege.hu\/index.php?rest_route=\/wp\/v2\/users\/1"}],"replies":[{"embeddable":true,"href":"https:\/\/tiszacsege.hu\/index.php?rest_route=%2Fwp%2Fv2%2Fcomments&post=5995"}],"version-history":[{"count":6,"href":"https:\/\/tiszacsege.hu\/index.php?rest_route=\/wp\/v2\/posts\/5995\/revisions"}],"predecessor-version":[{"id":6002,"href":"https:\/\/tiszacsege.hu\/index.php?rest_route=\/wp\/v2\/posts\/5995\/revisions\/6002"}],"wp:featuredmedia":[{"embeddable":true,"href":"https:\/\/tiszacsege.hu\/index.php?rest_route=\/wp\/v2\/media\/1423"}],"wp:attachment":[{"href":"https:\/\/tiszacsege.hu\/index.php?rest_route=%2Fwp%2Fv2%2Fmedia&parent=5995"}],"wp:term":[{"taxonomy":"category","embeddable":true,"href":"https:\/\/tiszacsege.hu\/index.php?rest_route=%2Fwp%2Fv2%2Fcategories&post=5995"},{"taxonomy":"post_tag","embeddable":true,"href":"https:\/\/tiszacsege.hu\/index.php?rest_route=%2Fwp%2Fv2%2Ftags&post=5995"},{"taxonomy":"post_folder","embeddable":true,"href":"https:\/\/tiszacsege.hu\/index.php?rest_route=%2Fwp%2Fv2%2Fpost_folder&post=5995"}],"curies":[{"name":"wp","href":"https:\/\/api.w.org\/{rel}","templated":true}]}}