{"id":6918,"date":"2015-02-23T11:50:51","date_gmt":"2015-02-23T10:50:51","guid":{"rendered":"http:\/\/tiszacsege.hu\/?p=6918"},"modified":"2015-02-23T11:50:51","modified_gmt":"2015-02-23T10:50:51","slug":"tajekoztato-a-birosagi-ulnokok-valasztasarol","status":"publish","type":"post","link":"https:\/\/tiszacsege.hu\/?p=6918","title":{"rendered":"T\u00c1J\u00c9KOZTAT\u00d3 a b\u00edr\u00f3s\u00e1gi \u00fcln\u00f6k\u00f6k v\u00e1laszt\u00e1s\u00e1r\u00f3l"},"content":{"rendered":"<p>&nbsp;<\/p>\n<h1 style=\"text-align: center;\">T \u00c1 J \u00c9 K O Z T A T \u00d3<\/h1>\n<p style=\"text-align: center;\"><strong>a b\u00edr\u00f3s\u00e1gi \u00fcln\u00f6k\u00f6k v\u00e1laszt\u00e1s\u00e1r\u00f3l<\/strong><\/p>\n<p>&nbsp;<\/p>\n<p>&nbsp;<\/p>\n<p style=\"text-align: justify;\">Magyarorsz\u00e1g k\u00f6zt\u00e1rsas\u00e1gi eln\u00f6ke az Orsz\u00e1gos B\u00edr\u00f3s\u00e1gi Hivatal eln\u00f6k\u00e9nek el\u0151terjeszt\u00e9s\u00e9re az ez \u00e9vi \u00fcln\u00f6kv\u00e1laszt\u00e1st v\u00e1rhat\u00f3an 2015. m\u00e1rcius 7. napja \u00e9s 2015. \u00e1prilis 30. napja k\u00f6z\u00e9 es\u0151\u00a0\u00a0 id\u0151tartamra t\u0171zi ki.<\/p>\n<p>&nbsp;<\/p>\n<p style=\"text-align: justify;\">A b\u00edr\u00f3s\u00e1gok sz\u00e1m\u00e1ra rendk\u00edv\u00fcl fontos, hogy &#8211; az Alapt\u00f6rv\u00e9nyben r\u00f6gz\u00edtett t\u00e1rsasb\u00edr\u00e1skod\u00e1s elv\u00e9nek megfelel\u0151en &#8211; az \u00edt\u00e9lkez\u00e9s menet\u00e9ben megfelel\u0151 sz\u00e1m\u00fa \u00fcln\u00f6k\u00f6t tudjanak foglalkoztatni.<\/p>\n<p>&nbsp;<\/p>\n<p style=\"text-align: justify;\">A megyei (f\u0151v\u00e1rosi) k\u00f6zgy\u0171l\u00e9sre \u00e9s a telep\u00fcl\u00e9si \u00f6nkorm\u00e1nyzatok, illetve a ter\u00fcleti \u00e9s telep\u00fcl\u00e9si nemzetis\u00e9gi \u00f6nkorm\u00e1nyzatok k\u00e9pvisel\u0151-test\u00fcleteire, mint v\u00e1laszt\u00f3 szervekre kiemelt feladatot jelent az \u00fcln\u00f6kv\u00e1laszt\u00e1s lebonyol\u00edt\u00e1sa.<\/p>\n<p>&nbsp;<\/p>\n<p style=\"text-align: justify;\">A kor\u00e1bbi \u00e9vek gyakorlat\u00e1nak megfelel\u0151en id\u00e9n is szeretn\u00e9nk az \u00f6nkorm\u00e1nyzatok munk\u00e1j\u00e1t seg\u00edteni a jel\u00f6l\u00e9si \u00e9s v\u00e1laszt\u00e1si elj\u00e1r\u00e1sok lefolytat\u00e1shoz. Erre figyelemmel k\u00e9sz\u00edtett\u00fck el a T\u00e1j\u00e9koztat\u00f3t, aktualiz\u00e1lva a jogszab\u00e1ly-m\u00f3dos\u00edt\u00e1sokb\u00f3l ered\u0151 rendelkez\u00e9seket, rem\u00e9lve, hogy az abban foglaltak munk\u00e1jukat megk\u00f6nny\u00edtik.<\/p>\n<p>&nbsp;<\/p>\n<p style=\"text-align: justify;\">A v\u00e1laszt\u00e1sok el\u0151k\u00e9sz\u00edt\u00e9s\u00e9hez \u00e9s lebonyol\u00edt\u00e1s\u00e1hoz az \u00e9rintett \u00f6nkorm\u00e1nyzati szerveknek sok sikert k\u00edv\u00e1nunk.<\/p>\n<p>&nbsp;<\/p>\n<p style=\"text-align: justify;\">Magyarorsz\u00e1g Alapt\u00f6rv\u00e9nye B\u00edr\u00f3s\u00e1g fejezet\u00e9nek 27. cikk (2) bekezd\u00e9se \u00e9rtelm\u00e9ben t\u00f6rv\u00e9ny \u00e1ltal meghat\u00e1rozott \u00fcgyekben \u00e9s m\u00f3don nem hivat\u00e1sos b\u00edr\u00e1k is r\u00e9szt vesznek az \u00edt\u00e9lkez\u00e9sben.<\/p>\n<p>&nbsp;<\/p>\n<p style=\"text-align: justify;\">A b\u00edr\u00f3s\u00e1gok \u00fcln\u00f6keit az \u00f6nkorm\u00e1nyzati k\u00e9pvisel\u0151-test\u00fcletek 2011. \u00e9vben v\u00e1lasztott\u00e1k utolj\u00e1ra, megb\u00edzat\u00e1suk az \u00faj \u00fcln\u00f6kv\u00e1laszt\u00e1st\u00f3l sz\u00e1m\u00edtott 30 nap eltelt\u00e9vel j\u00e1r le.<\/p>\n<p>&nbsp;<\/p>\n<p style=\"text-align: justify;\">A b\u00edr\u00e1k jog\u00e1ll\u00e1s\u00e1r\u00f3l \u00e9s javadalmaz\u00e1s\u00e1r\u00f3l sz\u00f3l\u00f3 2011. \u00e9vi CLXII. t\u00f6rv\u00e9ny (Bjt.) rendelkezik az \u00fcln\u00f6kjel\u00f6l\u00e9s \u00e9s v\u00e1laszt\u00e1s szab\u00e1lyair\u00f3l.<\/p>\n<p>&nbsp;<\/p>\n<p style=\"text-align: justify;\">A Bjt. 212. \u00a7 (1) bekezd\u00e9se szerint \u00fcln\u00f6knek az a 30. \u00e9v\u00e9t bet\u00f6lt\u00f6tt magyar \u00e1llampolg\u00e1r v\u00e1laszthat\u00f3 meg, aki nem \u00e1ll a cselekv\u0151k\u00e9pess\u00e9get \u00e9rint\u0151 gondnoks\u00e1g, vagy t\u00e1mogatott d\u00f6nt\u00e9shozatal hat\u00e1lya alatt, tov\u00e1bb\u00e1 b\u00fcntetlen el\u0151\u00e9let\u0171 \u00e9s nem \u00e1ll k\u00f6z\u00fcgyekt\u0151l eltilt\u00e1s hat\u00e1lya alatt sem.<\/p>\n<p>&nbsp;<\/p>\n<p><strong>I. <span style=\"text-decoration: underline;\">Az \u00fcln\u00f6k\u00f6k jel\u00f6l\u00e9se<\/span><\/strong><\/p>\n<p>&nbsp;<\/p>\n<p style=\"text-align: justify;\">1. A Bjt. 213. \u00a7 (1) bekezd\u00e9se \u00e9rtelm\u00e9ben az \u00fcln\u00f6k\u00f6ket a b\u00edr\u00f3s\u00e1g illet\u00e9kess\u00e9gi ter\u00fclet\u00e9n lak\u00f3hellyel \u00e9s v\u00e1laszt\u00f3joggal rendelkez\u0151 nagykor\u00fa magyar \u00e1llampolg\u00e1rok, a b\u00edr\u00f3s\u00e1g illet\u00e9kess\u00e9gi ter\u00fclet\u00e9n m\u0171k\u00f6d\u0151 helyi \u00f6nkorm\u00e1nyzatok \u00e9s az egyes\u00fcletek\u00a0\u00a0 &#8211; kiv\u00e9ve a p\u00e1rtokat &#8211; jel\u00f6lik.<\/p>\n<p>&nbsp;<\/p>\n<p style=\"text-align: justify;\">A fiatalkor\u00faak b\u00fcntet\u0151 \u00fcgy\u00e9ben elj\u00e1r\u00f3 b\u00edr\u00f3s\u00e1g pedag\u00f3gus \u00fcln\u00f6kei a b\u00edr\u00f3s\u00e1g illet\u00e9kess\u00e9gi ter\u00fclet\u00e9n m\u0171k\u00f6d\u0151 alapfok\u00fa \u00e9s k\u00f6z\u00e9pfok\u00fa nevel\u00e9si-oktat\u00e1si int\u00e9zm\u00e9nyek tantest\u00fcletei jel\u00f6lik. A k\u00f6zigazgat\u00e1si \u00e9s munka\u00fcgyi b\u00edr\u00f3s\u00e1g \u00fcln\u00f6keit els\u0151sorban a munkav\u00e1llal\u00f3k \u00e9s munkaad\u00f3k \u00e9rdek-k\u00e9pviseleti szervei jel\u00f6lik.<\/p>\n<p>&nbsp;<\/p>\n<p style=\"text-align: justify;\">2. Annak \u00e9rdek\u00e9ben, hogy a jel\u00f6l\u00e9s lehet\u0151s\u00e9geir\u0151l az \u00e9rdekeltek tudom\u00e1st szerezzenek, javasoljuk, hogy az \u00e9rintett telep\u00fcl\u00e9si \u00f6nkorm\u00e1nyzat polg\u00e1rmestere<\/p>\n<p>&nbsp;<\/p>\n<p>a.) a helyben szok\u00e1sos m\u00f3don (hirdetm\u00e9ny, helyi f\u00f3rumok, stb. \u00fatj\u00e1n) t\u00e1j\u00e9koztassa a lakoss\u00e1got a jel\u00f6l\u00e9s lehet\u0151s\u00e9g\u00e9r\u0151l,<\/p>\n<p>&nbsp;<\/p>\n<p>b.) a telep\u00fcl\u00e9sen m\u0171k\u00f6d\u0151 civil szervezeteket pedig k\u00f6zvetlen\u00fcl, lehet\u0151leg \u00edr\u00e1sban h\u00edvja fel a jel\u00f6l\u00e9sre.<\/p>\n<p>&nbsp;<\/p>\n<p style=\"text-align: justify;\">A min\u00e9l sz\u00e9lesebb k\u00f6r\u0171 ismertet\u00e9s \u00e9rdek\u00e9ben a jel\u00f6l\u00e9sr\u0151l az adott id\u0151szakban megtartott lakoss\u00e1gi vagy egy\u00e9b \u00f6nkorm\u00e1nyzati f\u00f3rumokon is c\u00e9lszer\u0171 sz\u00f3lni, illetve az \u00f6nkorm\u00e1nyzatok honlapj\u00e1n is megjelentetni a t\u00e1j\u00e9koztat\u00e1st.<\/p>\n<p>&nbsp;<\/p>\n<p>3. A jel\u00f6l\u00e9sr\u0151l sz\u00f3l\u00f3 hirdetm\u00e9ny, \u00e9rtes\u00edt\u00e9s tartalmazza, hogy<\/p>\n<p>&nbsp;<\/p>\n<p>a.) melyik b\u00edr\u00f3s\u00e1gra (j\u00e1r\u00e1sb\u00edr\u00f3s\u00e1g, t\u00f6rv\u00e9nysz\u00e9k, k\u00f6zigazgat\u00e1si \u00e9s munka\u00fcgyi b\u00edr\u00f3s\u00e1gra) lehet jel\u00f6lni;<\/p>\n<p>&nbsp;<\/p>\n<p>b.) ki \u00e1ll\u00edthat jel\u00f6ltet (Bjt. 213. \u00a7), \u00e9s kit lehet jel\u00f6lni a Bjt. 212. \u00a7 (1) bek.<\/p>\n<p>&nbsp;<\/p>\n<p style=\"text-align: justify;\">c.) a polg\u00e1rmesteri hivatalban, illetve az \u00f6nkorm\u00e1nyzat honlapj\u00e1n az \u00fcln\u00f6k jogaira \u00e9s k\u00f6telezetts\u00e9geire vonatkoz\u00f3 t\u00e1j\u00e9koztat\u00f3 megismerhet\u0151;<\/p>\n<p>&nbsp;<\/p>\n<p style=\"text-align: justify;\">d.) a jel\u00f6l\u00e9shez csatolni kell az azt elfogad\u00f3 nyilatkozatot, amelynek tartalmaznia kell a Bjt. 214. \u00a7 (1) bekezd\u00e9s\u00e9ben felsorol adatokat.<\/p>\n<p>&nbsp;<\/p>\n<p style=\"text-align: justify;\">A jel\u00f6lt a jel\u00f6l\u00e9s elfogad\u00e1s\u00e1t k\u00f6vet\u0151en halad\u00e9ktalanul, az \u00fcln\u00f6kk\u00e9 t\u00f6rt\u00e9n\u0151 megv\u00e1laszt\u00e1s\u00e1ra jogosult k\u00e9pvisel\u0151-test\u00fclet r\u00e9sz\u00e9re hat\u00f3s\u00e1gi erk\u00f6lcsi bizony\u00edtv\u00e1nnyal igazolja b\u00fcntetlen el\u0151\u00e9let\u00e9t. Amennyiben ezen igazol\u00e1si k\u00f6telezetts\u00e9g\u00e9t elmulasztja, \u00fcln\u00f6kk\u00e9 megv\u00e1lasztani nem lehet.<\/p>\n<p>&nbsp;<\/p>\n<p>e.) a jel\u00f6l\u00e9st meddig \u00e9s hova lehet bejelenteni.<\/p>\n<p>&nbsp;<\/p>\n<p style=\"text-align: justify;\">\n<p style=\"text-align: justify;\">A <strong><em>c) pontban<\/em><\/strong> eml\u00edtett t\u00e1j\u00e9koztat\u00e1s e t\u00e1j\u00e9koztat\u00f3 1. sz\u00e1m\u00fa mell\u00e9klete.<\/p>\n<p>&nbsp;<\/p>\n<p style=\"text-align: justify;\">A <strong><em>d) ponthoz:<\/em><\/strong> a b\u00edr\u00f3s\u00e1gi \u00fcln\u00f6kk\u00e9 jel\u00f6l\u00e9s mint\u00e1j\u00e1t a t\u00e1j\u00e9koztat\u00f3 2. sz\u00e1m\u00fa, a jel\u00f6l\u00e9st elfogad\u00f3 nyilatkozat mint\u00e1j\u00e1t a t\u00e1j\u00e9koztat\u00f3 3. sz\u00e1m\u00fa mell\u00e9klete tartalmazza.<\/p>\n<p>&nbsp;<\/p>\n<p style=\"text-align: justify;\">Az <strong><em>e) ponthoz:<\/em><\/strong> a jel\u00f6l\u00e9s bejelent\u00e9se tartalmazza a jel\u00f6l\u0151re vonatkoz\u00f3 adatokat is (n\u00e9v, lakc\u00edm, illet\u0151leg \u00f6nkorm\u00e1nyzat, t\u00e1rsadalmi szervezet, oktat\u00e1si int\u00e9zm\u00e9ny neve, c\u00edme), valamint a jel\u00f6l\u0151 (szervezetn\u00e9l a k\u00e9pvisel\u0151je) al\u00e1\u00edr\u00e1s\u00e1t.<\/p>\n<p>&nbsp;<\/p>\n<p style=\"text-align: justify;\">4. A telep\u00fcl\u00e9si \u00f6nkorm\u00e1nyzat k\u00e9pvisel\u0151-test\u00fclete, a f\u0151v\u00e1rosi, megyei k\u00f6zgy\u0171l\u00e9s is jogosult \u00fcln\u00f6k\u00f6t jel\u00f6lni. A jel\u00f6l\u00e9sre javaslatot b\u00e1rmelyik k\u00e9pvisel\u0151 tehet.<\/p>\n<p>&nbsp;<\/p>\n<p style=\"text-align: justify;\">5. A polg\u00e1rmester a jel\u00f6l\u00e9seket, az elfogad\u00f3 nyilatkozatokat megk\u00fcldi a b\u00edr\u00f3s\u00e1g sz\u00e9khelye szerinti telep\u00fcl\u00e9si \u00f6nkorm\u00e1nyzat polg\u00e1rmester\u00e9nek, illet\u0151leg a megyei k\u00f6zgy\u0171l\u00e9s eln\u00f6k\u00e9nek, a f\u0151polg\u00e1rmesternek, att\u00f3l f\u00fcgg\u0151en, hogy melyik b\u00edr\u00f3s\u00e1ghoz t\u00f6rt\u00e9nt a jel\u00f6l\u00e9s. Hasonl\u00f3k\u00e9ppen j\u00e1rjanak el, ha a megyei vagy f\u0151v\u00e1rosi k\u00f6zgy\u0171l\u00e9s esetleg helyi b\u00edr\u00f3s\u00e1gra jel\u00f6lt \u00fcln\u00f6k\u00f6t. A Bjt. 214. \u00a7 (5) bekezd\u00e9se \u00e9rtelm\u00e9ben egy jel\u00f6lt kiz\u00e1r\u00f3lag egy b\u00edr\u00f3s\u00e1ghoz v\u00e1laszthat\u00f3 meg \u00fcln\u00f6kk\u00e9.<\/p>\n<p>&nbsp;<\/p>\n<p style=\"text-align: justify;\">6. A telep\u00fcl\u00e9si (ter\u00fcleti) nemzetis\u00e9gi \u00f6nkorm\u00e1nyzat eln\u00f6ke a jel\u00f6l\u00e9seket \u00e9s az elfogad\u00f3 nyilatkozatot a b\u00edr\u00f3s\u00e1g sz\u00e9khelye szerint illet\u00e9kes telep\u00fcl\u00e9si (ter\u00fcleti) nemzetis\u00e9gi \u00f6nkorm\u00e1nyzat eln\u00f6k\u00e9nek k\u00fcldi meg, aki azokat a v\u00e1laszt\u00f3 k\u00e9pvisel\u0151-test\u00fclet el\u00e9 terjeszti.<\/p>\n<p>&nbsp;<\/p>\n<p style=\"text-align: justify;\">A megyei jog\u00fa v\u00e1ros polg\u00e1rmester\u00e9nek a v\u00e1ros ter\u00fclet\u00e9r\u0151l kapott (ak\u00e1r a v\u00e1rosi k\u00f6zgy\u0171l\u00e9s \u00e1ltal tett) t\u00f6rv\u00e9nysz\u00e9ki \u00fcln\u00f6ki jel\u00f6l\u00e9st nem sz\u00fcks\u00e9ges tov\u00e1bb\u00edtania a megyei k\u00f6zgy\u0171l\u00e9s eln\u00f6k\u00e9hez, mert a megyei v\u00e1rosi k\u00f6zgy\u0171l\u00e9s is v\u00e1laszt a t\u00f6rv\u00e9nysz\u00e9kre, illetve a k\u00f6zigazgat\u00e1si \u00e9s munka\u00fcgyi b\u00edr\u00f3s\u00e1gra \u00fcln\u00f6k\u00f6t. Tekintettel azonban arra, hogy a Bjt. 215. \u00a7 (1) bekezd\u00e9se a jel\u00f6l\u00e9sre egys\u00e9gesen ad lehet\u0151s\u00e9get a t\u00f6rv\u00e9nysz\u00e9khez t\u00f6rt\u00e9n\u0151 v\u00e1laszt\u00e1sra, nincs akad\u00e1lya annak, hogy a megyei k\u00f6zgy\u0171l\u00e9s eln\u00f6ke \u00e9s a megyei v\u00e1ros polg\u00e1rmestere a jel\u00f6l\u00e9sek el\u0151terjeszt\u00e9s\u00e9r\u0151l meg\u00e1llapodjon (ha valamelyik test\u00fcletnek a megv\u00e1laszthat\u00f3n\u00e1l t\u00f6bb, a m\u00e1sikn\u00e1l pedig kevesebb jel\u00f6ltet lehetne javasolni).<\/p>\n<p>&nbsp;<\/p>\n<p style=\"text-align: justify;\">7. Ha a megv\u00e1lasztand\u00f3 \u00fcln\u00f6k\u00f6k sz\u00e1m\u00e1n\u00e1l kevesebb jel\u00f6lt van, a v\u00e1laszt\u00e1sra kit\u0171z\u00f6tt id\u0151tartamon bel\u00fcl \u00fajabb jel\u00f6l\u00e9sre \u00e9s v\u00e1laszt\u00e1sra van sz\u00fcks\u00e9g.<\/p>\n<p>&nbsp;<\/p>\n<p>&nbsp;<\/p>\n<p><strong>II. <span style=\"text-decoration: underline;\">Az \u00fcln\u00f6k v\u00e1laszt\u00e1sa<\/span><\/strong><\/p>\n<p>&nbsp;<\/p>\n<p>A Bjt. 215. \u00a7 (1) bekezd\u00e9se szerint:<\/p>\n<p>&nbsp;<\/p>\n<ul>\n<li style=\"text-align: justify;\">a <strong>j\u00e1r\u00e1sb\u00edr\u00f3s\u00e1g \u00fcln\u00f6keit<\/strong> a b\u00edr\u00f3s\u00e1g sz\u00e9khelye szerint illet\u00e9kes helyi \u00f6nkorm\u00e1nyzat illetve telep\u00fcl\u00e9si nemzetis\u00e9gi \u00f6nkorm\u00e1nyzat k\u00e9pvisel\u0151-test\u00fclete,<\/li>\n<li style=\"text-align: justify;\">a <strong>t\u00f6rv\u00e9nysz\u00e9k, valamint a k\u00f6zigazgat\u00e1si \u00e9s munka\u00fcgyi b\u00edr\u00f3s\u00e1g \u00fcln\u00f6keit<\/strong> a megyei (f\u0151v\u00e1rosi)\u00a0\u00a0 illetve megyei v\u00e1rosi k\u00e9pvisel\u0151-test\u00fclet \u00e9s a ter\u00fcleti nemzetis\u00e9gi \u00f6nkorm\u00e1nyzatok k\u00e9pvisel\u0151-test\u00fcletei,<\/li>\n<li style=\"text-align: justify;\">a <strong>Budapest ter\u00fclet\u00e9n m\u0171k\u00f6d\u0151 j\u00e1r\u00e1sb\u00edr\u00f3s\u00e1gok<\/strong> \u00fcln\u00f6keit a b\u00edr\u00f3s\u00e1g illet\u00e9kess\u00e9gi ter\u00fclete szerinti helyi \u00f6nkorm\u00e1nyzatok \u00e9s telep\u00fcl\u00e9si nemzetis\u00e9gi \u00f6nkorm\u00e1nyzatok k\u00e9pvisel\u0151-test\u00fcletei v\u00e1lasztj\u00e1k meg,<\/li>\n<li style=\"text-align: justify;\"><strong>olyan J\u00e1r\u00e1sb\u00edr\u00f3s\u00e1g eset\u00e9n, amelynek sz\u00e9khelye nem az illet\u00e9kess\u00e9gi ter\u00fclet\u00e9n helyezkedik el,<\/strong> <strong>az \u00fcln\u00f6k\u00f6ket<\/strong> az illet\u00e9kess\u00e9gi ter\u00fclet szerinti megyei k\u00e9pvisel\u0151-test\u00fclet \u00e9s a ter\u00fcleti nemzetis\u00e9gi \u00f6nkorm\u00e1nyzatok k\u00e9pvisel\u0151-test\u00fcletei<\/li>\n<\/ul>\n<p>v\u00e1lasztj\u00e1k meg.<\/p>\n<p>&nbsp;<\/p>\n<p style=\"text-align: justify;\">A megv\u00e1lasztand\u00f3 \u00fcln\u00f6k\u00f6k sz\u00e1m\u00e1t az Orsz\u00e1gos B\u00edr\u00f3s\u00e1gi Hivatal eln\u00f6ke \u00e1llap\u00edtja meg, err\u0151l a v\u00e1laszt\u00f3 \u00f6nkorm\u00e1nyzatok polg\u00e1rmesterei, a f\u0151polg\u00e1rmester \u00e9s a megyei k\u00f6zgy\u0171l\u00e9sek eln\u00f6kei t\u00e1j\u00e9koztat\u00e1st kapnak. A v\u00e1laszt\u00e1sra jogosult nemzetis\u00e9gi \u00f6nkorm\u00e1nyzatok eln\u00f6kei r\u00e9sz\u00e9re is k\u00fcld\u00fcnk t\u00e1j\u00e9koztat\u00e1st.<\/p>\n<p><strong><em>\u00a0<\/em><\/strong><\/p>\n<p style=\"text-align: justify;\">1. A v\u00e1laszt\u00f3 test\u00fcleti \u00fcl\u00e9seket a k\u00f6zt\u00e1rsas\u00e1gi eln\u00f6k v\u00e1rhat\u00f3 hat\u00e1rozat\u00e1ban foglalt id\u0151szakra figyelemmel <strong><span style=\"text-decoration: underline;\"> m\u00e1rcius 7. napja \u00e9s 2011. \u00e1prilis 30. napja k\u00f6z\u00e9 es\u0151 id\u0151tartamban <\/span><\/strong>kell megtartani.<\/p>\n<p>&nbsp;<\/p>\n<p style=\"text-align: justify;\">\n<p style=\"text-align: justify;\">\n<p>2. K\u00fcl\u00f6n kell szavazni a fiatalkor\u00faak b\u00fcntet\u0151 \u00fcgyeiben elj\u00e1r\u00f3 pedag\u00f3gus \u00fcln\u00f6k\u00f6kr\u0151l.<\/p>\n<p style=\"text-align: justify;\">\n<p style=\"text-align: justify;\">\n<p>&nbsp;<\/p>\n<p style=\"text-align: justify;\">3. A megv\u00e1lasztott \u00fcln\u00f6k\u00f6k n\u00e9vjegyz\u00e9k\u00e9t \u00e9s a jel\u00f6ltek elfogad\u00f3 nyilatkozatait a polg\u00e1rmester, a f\u0151polg\u00e1rmester, a k\u00f6zgy\u0171l\u00e9s eln\u00f6ke, a nemzetis\u00e9gi \u00f6nkorm\u00e1nyzatok eln\u00f6ke halad\u00e9ktalanul \u00e1tadja a b\u00edr\u00f3s\u00e1g eln\u00f6k\u00e9nek.<\/p>\n<p style=\"text-align: justify;\">\n<p style=\"text-align: justify;\">\n<p>&nbsp;<\/p>\n<p style=\"text-align: justify;\">4. Az \u00fcln\u00f6k\u00f6k megb\u00edz\u00f3level\u00e9t az \u00fcln\u00f6k\u00f6t megv\u00e1laszt\u00f3 \u00f6nkorm\u00e1nyzat polg\u00e1rmestere, a f\u0151polg\u00e1rmester, a k\u00f6zgy\u0171l\u00e9s eln\u00f6ke, a nemzetis\u00e9gi \u00f6nkorm\u00e1nyzat eln\u00f6ke \u00e1ll\u00edtja ki. (A megb\u00edz\u00f3lev\u00e9l nyomtatv\u00e1nyt a v\u00e1laszt\u00f3 \u00f6nkorm\u00e1nyzatoknak az Orsz\u00e1gos B\u00edr\u00f3s\u00e1gi Hivatal k\u00f6zvetlen\u00fcl meg fogja k\u00fcldeni.)<\/p>\n<p>&nbsp;<\/p>\n<p style=\"text-align: justify;\">Az \u00fcln\u00f6k\u00f6k esk\u00fct\u00e9tel\u00e9nek megszervez\u00e9s\u00e9r\u0151l az illet\u00e9kes b\u00edr\u00f3s\u00e1g eln\u00f6ke gondoskodik. (Erre &#8211; a polg\u00e1rmesterrel, f\u0151polg\u00e1rmesterrel, a k\u00f6zgy\u0171l\u00e9s eln\u00f6k\u00e9vel \u00e9s a kisebbs\u00e9gi \u00f6nkorm\u00e1nyzat eln\u00f6k\u00e9vel val\u00f3 meg\u00e1llapod\u00e1s alapj\u00e1n &#8211; sor ker\u00fclhet a megb\u00edz\u00f3lev\u00e9l \u00e1tad\u00e1s\u00e1val egyidej\u0171leg is.)<\/p>\n<p>&nbsp;<\/p>\n<p style=\"text-align: justify;\">A b\u00edr\u00f3s\u00e1gi \u00fcln\u00f6k\u00f6k megv\u00e1laszt\u00e1sa \u00e9rdek\u00e9ben a ter\u00fcletileg illet\u00e9kes b\u00edr\u00f3s\u00e1gok eln\u00f6kei \u00e9s a v\u00e1laszt\u00f3 k\u00e9pvisel\u0151-test\u00fcletek polg\u00e1rmesterei, a k\u00f6zgy\u0171l\u00e9sek eln\u00f6kei, a ter\u00fcleti kisebbs\u00e9gi \u00f6nkorm\u00e1nyzatok eln\u00f6kei, a f\u0151polg\u00e1rmester egym\u00e1ssal egy\u00fcttm\u0171k\u00f6dve j\u00e1rjanak el az egyes feladatok megold\u00e1sa sor\u00e1n. Ugyancsak szoros egy\u00fcttm\u0171k\u00f6d\u00e9sre van sz\u00fcks\u00e9g a b\u00edr\u00f3s\u00e1gi sz\u00e9khelyek telep\u00fcl\u00e9si \u00f6nkorm\u00e1nyzat\u00e1nak a polg\u00e1rmesterei \u00e9s a b\u00edr\u00f3s\u00e1g illet\u00e9kess\u00e9gi ter\u00fclet\u00e9hez tartoz\u00f3 t\u00f6bbi telep\u00fcl\u00e9s polg\u00e1rmesterei k\u00f6z\u00f6tt, illet\u0151leg a k\u00f6zgy\u0171l\u00e9s eln\u00f6ke \u00e9s a telep\u00fcl\u00e9si \u00f6nkorm\u00e1nyzatok polg\u00e1rmesterei \u00e9s a telep\u00fcl\u00e9si nemzetis\u00e9gi \u00f6nkorm\u00e1nyzatok eln\u00f6kei k\u00f6z\u00f6tt. C\u00e9lszer\u0171, ha a k\u00f6z\u00f6s teend\u0151kr\u0151l, tudnival\u00f3kr\u00f3l egy-egy k\u00f6rzetben k\u00f6z\u00f6s megbesz\u00e9l\u00e9st tartanak, amire a helyi b\u00edr\u00f3s\u00e1g eln\u00f6k\u00e9t is megh\u00edvhatj\u00e1k.<\/p>\n<p>&nbsp;<\/p>\n<p style=\"text-align: justify;\">Az \u00fcln\u00f6kv\u00e1laszt\u00e1ssal kapcsolatban a k\u00f6vetkez\u0151 telefonsz\u00e1mon \u00e9s e-mail c\u00edmen lehet \u00e9rdekl\u0151dni:<\/p>\n<p style=\"text-align: justify;\">Orsz\u00e1gos B\u00edr\u00f3s\u00e1gi Hivatal<\/p>\n<p style=\"text-align: justify;\">H\u0151nich Gyul\u00e1n\u00e9 dr. Ga\u00e1l \u00c9va b\u00edr\u00f3, oszt\u00e1lyvezet\u0151<\/p>\n<p style=\"text-align: justify;\">(O6 (1) 3544113, e-mail: ulnok@obh.birosag.hu)<\/p>\n<p>&nbsp;<\/p>\n<p>&nbsp;<\/p>\n<p>Budapest, 2015. janu\u00e1r 30.<\/p>\n<p>&nbsp;<\/p>\n<p>&nbsp;<\/p>\n<p><strong>\u00a0<\/strong><\/p>\n<table cellspacing=\"20\">\n<tbody>\n<tr>\n<td>\n<p style=\"text-align: center;\"><strong>Pog\u00e1cs\u00e1s Tibor s.k.<\/strong><\/p>\n<p style=\"text-align: center;\"><strong>\u00f6nkorm\u00e1nyzati \u00e1llamtitk\u00e1r<br \/>\n<\/strong><\/p>\n<p style=\"text-align: center;\"><strong>BM<\/strong><\/p>\n<\/td>\n<td><\/td>\n<td>\n<p style=\"text-align: center;\"><strong>dr. Hand\u00f3 T\u00fcnde s.k.<\/strong><\/p>\n<p style=\"text-align: center;\"><strong>eln\u00f6k<\/strong><\/p>\n<p style=\"text-align: center;\"><strong>OBH<\/strong><\/p>\n<\/td>\n<\/tr>\n<\/tbody>\n<\/table>\n<p>&nbsp;<\/p>\n<hr \/>\n<p>&nbsp;<\/p>\n<p style=\"text-align: right;\"><strong>1. sz\u00e1m\u00fa mell\u00e9klet<\/strong><\/p>\n<p style=\"text-align: right;\"><strong>\u00a0<\/strong><\/p>\n<h3 style=\"text-align: center;\"><strong>A b\u00edr\u00f3s\u00e1gi \u00fcln\u00f6k\u00f6k jogai \u00e9s k\u00f6telezetts\u00e9gei<\/strong><\/h3>\n<p>&nbsp;<\/p>\n<p style=\"text-align: justify;\">\n\u00dcln\u00f6knek az a 30. \u00e9v\u00e9t bet\u00f6lt\u00f6tt magyar \u00e1llampolg\u00e1r v\u00e1laszthat\u00f3 meg, aki nem \u00e1ll a cselekv\u0151k\u00e9pess\u00e9get \u00e9rint\u0151 gondnoks\u00e1g, vagy t\u00e1mogatott d\u00f6nt\u00e9shozatal hat\u00e1lya alatt, tov\u00e1bb\u00e1 b\u00fcntetlen el\u0151\u00e9let\u0171 \u00e9s nem \u00e1ll k\u00f6z\u00fcgyekt\u0151l eltilt\u00e1s hat\u00e1lya alatt sem.<\/p>\n<p>&nbsp;<\/p>\n<p>Az \u00fcln\u00f6k\u00f6knek az \u00edt\u00e9lkez\u00e9sben a hivat\u00e1sos b\u00edr\u00e1kkal azonos jogaik \u00e9s k\u00f6telezetts\u00e9geik vannak.<\/p>\n<p>&nbsp;<\/p>\n<p style=\"text-align: justify;\">Az \u00fcln\u00f6k\u00f6k a megb\u00edzat\u00e1suk id\u0151tartama alatt nem lehetnek tagjai p\u00e1rtnak \u00e9s politikai tev\u00e9kenys\u00e9get sem folytathatnak (Bjt. 212. \u00a7 (3) bek.) Az orsz\u00e1ggy\u0171l\u00e9si k\u00e9pvisel\u0151i megb\u00edzat\u00e1s, az \u00f6nkorm\u00e1nyzati k\u00e9pvisel\u0151-test\u00fcleti tags\u00e1g politikai tev\u00e9kenys\u00e9gnek tekintend\u0151. Nem politikai tev\u00e9kenys\u00e9g a munkav\u00e1llal\u00f3i &#8211; szakmai, \u00e9rdekv\u00e9delmi &#8211; szervezetben val\u00f3 r\u00e9szv\u00e9tel.<\/p>\n<p>&nbsp;<\/p>\n<p style=\"text-align: justify;\">Az \u00fcln\u00f6k\u00f6t az igazs\u00e1gszolg\u00e1ltat\u00e1sban val\u00f3 r\u00e9szv\u00e9tel\u00e9vel \u00f6sszef\u00fcgg\u0151 cselekm\u00e9nye tekintet\u00e9ben mentelmi jog illeti meg. A mentess\u00e9g terjedelm\u00e9re \u00e9s az \u00fcln\u00f6k mentelmi jog\u00e1nak felf\u00fcggeszt\u00e9s\u00e9re vonatkoz\u00f3 szab\u00e1lyokat a Bjt. 2. \u00a7 (4) \u00e9s (5) bekezd\u00e9se tartalmazza.<\/p>\n<p>&nbsp;<\/p>\n<p>A megv\u00e1lasztott \u00fcln\u00f6knek b\u00edr\u00f3i esk\u00fct kell tennie.<\/p>\n<p>&nbsp;<\/p>\n<p style=\"text-align: justify;\">Az \u00fcln\u00f6k\u00f6t a b\u00edr\u00f3s\u00e1g eln\u00f6ke h\u00edvja be \u00e9s osztja be az \u00edt\u00e9lkez\u0151 tan\u00e1csba. E tiszts\u00e9ge gyakorl\u00e1s\u00e1nak idej\u00e9re az \u00fcln\u00f6k\u00f6t a Bjt. 221. \u00a7 rendelkez\u00e9sei szerint t\u00e1voll\u00e9ti d\u00edj, illet\u0151leg tiszteletd\u00edj illeti meg, amelyet a b\u00edr\u00f3s\u00e1gok k\u00f6lts\u00e9gvet\u00e9s\u00fckb\u0151l t\u00e9r\u00edtenek meg.<\/p>\n<p>&nbsp;<\/p>\n<p style=\"text-align: justify;\">A Bjt. 221.\u00a7 (1) bekezd\u00e9s\u00e9ben foglaltak szerint a munkaviszonyban, korm\u00e1nytisztvisel\u0151i, k\u00f6zszolg\u00e1lati vagy k\u00f6zalkalmazotti jogviszonyban, a fegyveres szervekn\u00e9l \u00e9s a Magyar Honv\u00e9ds\u00e9gn\u00e9l szolg\u00e1lati viszonyban, vagy foglalkoztat\u00e1sra ir\u00e1nyul\u00f3 m\u00e1s jogviszonyban (sz\u00f6vetkezetn\u00e9l munkaviszony jelleg\u0171 jogviszonyban stb.) \u00e1ll\u00f3 \u00fcln\u00f6k\u00f6t \u00fcln\u00f6ki m\u0171k\u00f6d\u00e9s\u00e9nek id\u0151tartam\u00e1ra a t\u00e1voll\u00e9ti d\u00edja illeti meg.<\/p>\n<p>&nbsp;<\/p>\n<p style=\"text-align: justify;\">A (3) bekezd\u00e9s alapj\u00e1n az (1) bekezd\u00e9sben meghat\u00e1rozott jogviszonyokban nem \u00e1ll\u00f3, vagy az \u00fcln\u00f6ki m\u0171k\u00f6d\u00e9se idej\u00e9re munkab\u00e9rben (d\u00edjaz\u00e1sban) nem r\u00e9szes\u00fcl\u0151 \u00fcln\u00f6k\u00f6t tiszteletd\u00edj illeti meg. A tiszteletd\u00edj m\u00e9rt\u00e9ke az \u00fcln\u00f6k m\u0171k\u00f6d\u00e9s\u00e9nek minden napj\u00e1ra a b\u00edr\u00f3i illetm\u00e9nyalap ( 396.000, ft) egy munkanapra es\u0151 \u00f6sszeg\u00e9nek a 25 sz\u00e1zal\u00e9ka.<\/p>\n<p>&nbsp;<\/p>\n<p style=\"text-align: justify;\">Az (5) bekezd\u00e9s szerint az \u00fcln\u00f6k a hivatalos kik\u00fcldet\u00e9s\u00e9vel j\u00e1r\u00f3 k\u00f6lts\u00e9geket a b\u00edr\u00e1kra ir\u00e1nyad\u00f3 rendelkez\u00e9sek megfelel\u0151 alkalmaz\u00e1s\u00e1val sz\u00e1molhatja el.<\/p>\n<p>&nbsp;<\/p>\n<p style=\"text-align: justify;\">Joga az \u00fcln\u00f6knek, hogy a beh\u00edv\u00e1s\u00e1r\u00f3l legal\u00e1bb egy h\u00f3nappal kor\u00e1bban \u00e9rtes\u00fclj\u00f6n, illetve, hogy k\u00e9r\u00e9s\u00e9re, fontos okb\u00f3l a b\u00edr\u00f3s\u00e1g eln\u00f6ke elhalaszthassa a m\u0171k\u00f6d\u00e9se megkezd\u00e9s\u00e9nek id\u0151pontj\u00e1t.<\/p>\n<p>&nbsp;<\/p>\n<p style=\"text-align: justify;\">Az \u00edt\u00e9lkez\u0151 tan\u00e1cshoz beosztott \u00fcln\u00f6k joga, hogy a t\u00e1rgyaland\u00f3 \u00fcgyek t\u00e9ny- \u00e9s joganyag\u00e1t megismerhesse, arr\u00f3l \u0151t az \u00edt\u00e9lkez\u0151 tan\u00e1cs eln\u00f6ke t\u00e1j\u00e9koztassa.<\/p>\n<p>&nbsp;<\/p>\n<p style=\"text-align: justify;\">Az \u00edt\u00e9let meghozatal\u00e1t megel\u0151z\u0151 z\u00e1rt tan\u00e1cskoz\u00e1ssal kapcsolatos tan\u00e1cskoz\u00e1si titok meg\u0151rz\u00e9se az \u00fcln\u00f6k sz\u00e1m\u00e1ra is k\u00f6telez\u0151. Ez vonatkozik a szolg\u00e1lati, illetve az \u00e1llamtitokra is.<\/p>\n<p>&nbsp;<\/p>\n<p style=\"text-align: justify;\">Az \u00fcln\u00f6k\u00f6kre vonatkoz\u00f3 legfontosabb rendelkez\u00e9seket a b\u00edr\u00f3s\u00e1gok szervezet\u00e9r\u0151l \u00e9s igazgat\u00e1s\u00e1r\u00f3l sz\u00f3l\u00f3 2011. \u00e9vi CLXI. t\u00f6rv\u00e9ny \u00e9s a b\u00edr\u00e1k jog\u00e1ll\u00e1s\u00e1r\u00f3l \u00e9s javadalmaz\u00e1s\u00e1r\u00f3l sz\u00f3l\u00f3 2011. \u00e9vi CLXII. t\u00f6rv\u00e9ny tartalmazza.<\/p>\n<hr \/>\n<p style=\"text-align: justify;\"><a href=\"http:\/\/tiszacsege.hu\/wp-content\/uploads\/2015\/02\/2-Birosagi_ulnokke_jeloles.pdf\">2. sz\u00e1m\u00fa mell\u00e9klet &#8211; B\u00edr\u00f3s\u00e1gi \u00fcln\u00f6kk\u00e9 jel\u00f6l\u00e9s<\/a><\/p>\n<p style=\"text-align: justify;\">\n<p style=\"text-align: justify;\"><a href=\"http:\/\/tiszacsege.hu\/wp-content\/uploads\/2015\/02\/3-Nyilatkozat.pdf\">3. sz\u00e1m\u00fa mell\u00e9klet &#8211; Nyilatkozat b\u00edr\u00f3s\u00e1gi \u00fcln\u00f6kk\u00e9 jel\u00f6l\u00e9s elfogad\u00e1s\u00e1r\u00f3l<\/a><\/p>\n","protected":false},"excerpt":{"rendered":"<p>&nbsp; T \u00c1 J \u00c9 K O Z T A T \u00d3 a b\u00edr\u00f3s\u00e1gi \u00fcln\u00f6k\u00f6k v\u00e1laszt\u00e1s\u00e1r\u00f3l &nbsp; &nbsp; Magyarorsz\u00e1g k\u00f6zt\u00e1rsas\u00e1gi eln\u00f6ke az Orsz\u00e1gos B\u00edr\u00f3s\u00e1gi Hivatal eln\u00f6k\u00e9nek el\u0151terjeszt\u00e9s\u00e9re az ez \u00e9vi \u00fcln\u00f6kv\u00e1laszt\u00e1st v\u00e1rhat\u00f3an 2015. m\u00e1rcius 7. napja \u00e9s 2015. \u00e1prilis 30. napja k\u00f6z\u00e9 es\u0151\u00a0\u00a0 id\u0151tartamra t\u0171zi ki. &nbsp; A b\u00edr\u00f3s\u00e1gok sz\u00e1m\u00e1ra rendk\u00edv\u00fcl fontos, hogy &#8211; az [&hellip;]<\/p>\n","protected":false},"author":1,"featured_media":6961,"comment_status":"closed","ping_status":"open","sticky":false,"template":"","format":"standard","meta":{"_editorskit_title_hidden":false,"_editorskit_reading_time":0,"_editorskit_is_block_options_detached":false,"_editorskit_block_options_position":"{}","_crdt_document":"","footnotes":""},"categories":[7],"tags":[],"post_folder":[],"class_list":["post-6918","post","type-post","status-publish","format-standard","has-post-thumbnail","hentry","category-hirdetmenyek"],"yoast_head":"<!-- This site is optimized with the Yoast SEO plugin v27.4 - https:\/\/yoast.com\/product\/yoast-seo-wordpress\/ -->\n<title>T\u00c1J\u00c9KOZTAT\u00d3 a b\u00edr\u00f3s\u00e1gi \u00fcln\u00f6k\u00f6k v\u00e1laszt\u00e1s\u00e1r\u00f3l<\/title>\n<meta name=\"robots\" content=\"index, follow, max-snippet:-1, max-image-preview:large, max-video-preview:-1\" \/>\n<link rel=\"canonical\" href=\"https:\/\/tiszacsege.hu\/?p=6918\" \/>\n<meta property=\"og:locale\" content=\"hu_HU\" \/>\n<meta property=\"og:type\" content=\"article\" \/>\n<meta property=\"og:title\" content=\"T\u00c1J\u00c9KOZTAT\u00d3 a b\u00edr\u00f3s\u00e1gi \u00fcln\u00f6k\u00f6k v\u00e1laszt\u00e1s\u00e1r\u00f3l\" \/>\n<meta property=\"og:description\" content=\"&nbsp; T \u00c1 J \u00c9 K O Z T A T \u00d3 a b\u00edr\u00f3s\u00e1gi \u00fcln\u00f6k\u00f6k v\u00e1laszt\u00e1s\u00e1r\u00f3l &nbsp; &nbsp; Magyarorsz\u00e1g k\u00f6zt\u00e1rsas\u00e1gi eln\u00f6ke az Orsz\u00e1gos B\u00edr\u00f3s\u00e1gi Hivatal eln\u00f6k\u00e9nek el\u0151terjeszt\u00e9s\u00e9re az ez \u00e9vi \u00fcln\u00f6kv\u00e1laszt\u00e1st v\u00e1rhat\u00f3an 2015. m\u00e1rcius 7. napja \u00e9s 2015. \u00e1prilis 30. napja k\u00f6z\u00e9 es\u0151\u00a0\u00a0 id\u0151tartamra t\u0171zi ki. &nbsp; A b\u00edr\u00f3s\u00e1gok sz\u00e1m\u00e1ra rendk\u00edv\u00fcl fontos, hogy &#8211; az [&hellip;]\" \/>\n<meta property=\"og:url\" content=\"https:\/\/tiszacsege.hu\/?p=6918\" \/>\n<meta property=\"og:site_name\" content=\"Tiszacsege\" \/>\n<meta property=\"article:publisher\" content=\"https:\/\/www.facebook.com\/tiszacsegeonkormanyzata\" \/>\n<meta property=\"article:published_time\" content=\"2015-02-23T10:50:51+00:00\" \/>\n<meta property=\"og:image\" content=\"https:\/\/tiszacsege.hu\/wp-content\/uploads\/2015\/02\/kalapacs_1.jpg\" \/>\n\t<meta property=\"og:image:width\" content=\"460\" \/>\n\t<meta property=\"og:image:height\" content=\"300\" \/>\n\t<meta property=\"og:image:type\" content=\"image\/jpeg\" \/>\n<meta name=\"author\" content=\"admin\" \/>\n<meta name=\"twitter:card\" content=\"summary_large_image\" \/>\n<script type=\"application\/ld+json\" class=\"yoast-schema-graph\">{\"@context\":\"https:\\\/\\\/schema.org\",\"@graph\":[{\"@type\":\"Article\",\"@id\":\"https:\\\/\\\/tiszacsege.hu\\\/?p=6918#article\",\"isPartOf\":{\"@id\":\"https:\\\/\\\/tiszacsege.hu\\\/?p=6918\"},\"author\":{\"name\":\"admin\",\"@id\":\"https:\\\/\\\/tiszacsege.hu\\\/#\\\/schema\\\/person\\\/ff2f4e3a9747199f545a2cf351f25334\"},\"headline\":\"T\u00c1J\u00c9KOZTAT\u00d3 a b\u00edr\u00f3s\u00e1gi \u00fcln\u00f6k\u00f6k v\u00e1laszt\u00e1s\u00e1r\u00f3l\",\"datePublished\":\"2015-02-23T10:50:51+00:00\",\"mainEntityOfPage\":{\"@id\":\"https:\\\/\\\/tiszacsege.hu\\\/?p=6918\"},\"wordCount\":2888,\"publisher\":{\"@id\":\"https:\\\/\\\/tiszacsege.hu\\\/#organization\"},\"image\":{\"@id\":\"https:\\\/\\\/tiszacsege.hu\\\/?p=6918#primaryimage\"},\"thumbnailUrl\":\"https:\\\/\\\/tiszacsege.hu\\\/wp-content\\\/uploads\\\/2015\\\/02\\\/kalapacs_1.jpg\",\"articleSection\":[\"Felh\u00edv\u00e1sok, t\u00e1j\u00e9koztat\u00f3k\"],\"inLanguage\":\"hu\"},{\"@type\":\"WebPage\",\"@id\":\"https:\\\/\\\/tiszacsege.hu\\\/?p=6918\",\"url\":\"https:\\\/\\\/tiszacsege.hu\\\/?p=6918\",\"name\":\"T\u00c1J\u00c9KOZTAT\u00d3 a b\u00edr\u00f3s\u00e1gi \u00fcln\u00f6k\u00f6k v\u00e1laszt\u00e1s\u00e1r\u00f3l\",\"isPartOf\":{\"@id\":\"https:\\\/\\\/tiszacsege.hu\\\/#website\"},\"primaryImageOfPage\":{\"@id\":\"https:\\\/\\\/tiszacsege.hu\\\/?p=6918#primaryimage\"},\"image\":{\"@id\":\"https:\\\/\\\/tiszacsege.hu\\\/?p=6918#primaryimage\"},\"thumbnailUrl\":\"https:\\\/\\\/tiszacsege.hu\\\/wp-content\\\/uploads\\\/2015\\\/02\\\/kalapacs_1.jpg\",\"datePublished\":\"2015-02-23T10:50:51+00:00\",\"breadcrumb\":{\"@id\":\"https:\\\/\\\/tiszacsege.hu\\\/?p=6918#breadcrumb\"},\"inLanguage\":\"hu\",\"potentialAction\":[{\"@type\":\"ReadAction\",\"target\":[\"https:\\\/\\\/tiszacsege.hu\\\/?p=6918\"]}]},{\"@type\":\"ImageObject\",\"inLanguage\":\"hu\",\"@id\":\"https:\\\/\\\/tiszacsege.hu\\\/?p=6918#primaryimage\",\"url\":\"https:\\\/\\\/tiszacsege.hu\\\/wp-content\\\/uploads\\\/2015\\\/02\\\/kalapacs_1.jpg\",\"contentUrl\":\"https:\\\/\\\/tiszacsege.hu\\\/wp-content\\\/uploads\\\/2015\\\/02\\\/kalapacs_1.jpg\",\"width\":460,\"height\":300},{\"@type\":\"BreadcrumbList\",\"@id\":\"https:\\\/\\\/tiszacsege.hu\\\/?p=6918#breadcrumb\",\"itemListElement\":[{\"@type\":\"ListItem\",\"position\":1,\"name\":\"Kezd\u0151lap\",\"item\":\"https:\\\/\\\/tiszacsege.hu\\\/\"},{\"@type\":\"ListItem\",\"position\":2,\"name\":\"T\u00c1J\u00c9KOZTAT\u00d3 a b\u00edr\u00f3s\u00e1gi \u00fcln\u00f6k\u00f6k v\u00e1laszt\u00e1s\u00e1r\u00f3l\"}]},{\"@type\":\"WebSite\",\"@id\":\"https:\\\/\\\/tiszacsege.hu\\\/#website\",\"url\":\"https:\\\/\\\/tiszacsege.hu\\\/\",\"name\":\"Tiszacsege\",\"description\":\"Tiszacsege hivatalos honlapja\",\"publisher\":{\"@id\":\"https:\\\/\\\/tiszacsege.hu\\\/#organization\"},\"potentialAction\":[{\"@type\":\"SearchAction\",\"target\":{\"@type\":\"EntryPoint\",\"urlTemplate\":\"https:\\\/\\\/tiszacsege.hu\\\/?s={search_term_string}\"},\"query-input\":{\"@type\":\"PropertyValueSpecification\",\"valueRequired\":true,\"valueName\":\"search_term_string\"}}],\"inLanguage\":\"hu\"},{\"@type\":\"Organization\",\"@id\":\"https:\\\/\\\/tiszacsege.hu\\\/#organization\",\"name\":\"Tiszacsege\",\"url\":\"https:\\\/\\\/tiszacsege.hu\\\/\",\"logo\":{\"@type\":\"ImageObject\",\"inLanguage\":\"hu\",\"@id\":\"https:\\\/\\\/tiszacsege.hu\\\/#\\\/schema\\\/logo\\\/image\\\/\",\"url\":\"https:\\\/\\\/tiszacsege.hu\\\/wp-content\\\/uploads\\\/2020\\\/10\\\/tiszacsege_logo_rovid2-1.png\",\"contentUrl\":\"https:\\\/\\\/tiszacsege.hu\\\/wp-content\\\/uploads\\\/2020\\\/10\\\/tiszacsege_logo_rovid2-1.png\",\"width\":500,\"height\":150,\"caption\":\"Tiszacsege\"},\"image\":{\"@id\":\"https:\\\/\\\/tiszacsege.hu\\\/#\\\/schema\\\/logo\\\/image\\\/\"},\"sameAs\":[\"https:\\\/\\\/www.facebook.com\\\/tiszacsegeonkormanyzata\"]},{\"@type\":\"Person\",\"@id\":\"https:\\\/\\\/tiszacsege.hu\\\/#\\\/schema\\\/person\\\/ff2f4e3a9747199f545a2cf351f25334\",\"name\":\"admin\",\"image\":{\"@type\":\"ImageObject\",\"inLanguage\":\"hu\",\"@id\":\"https:\\\/\\\/secure.gravatar.com\\\/avatar\\\/52224ccae048f9be8fd8d745a33eff630818f8bd5c43790479a2754dcef4b69b?s=96&d=mm&r=g\",\"url\":\"https:\\\/\\\/secure.gravatar.com\\\/avatar\\\/52224ccae048f9be8fd8d745a33eff630818f8bd5c43790479a2754dcef4b69b?s=96&d=mm&r=g\",\"contentUrl\":\"https:\\\/\\\/secure.gravatar.com\\\/avatar\\\/52224ccae048f9be8fd8d745a33eff630818f8bd5c43790479a2754dcef4b69b?s=96&d=mm&r=g\",\"caption\":\"admin\"},\"url\":\"https:\\\/\\\/tiszacsege.hu\\\/?author=1\"}]}<\/script>\n<!-- \/ Yoast SEO plugin. -->","yoast_head_json":{"title":"T\u00c1J\u00c9KOZTAT\u00d3 a b\u00edr\u00f3s\u00e1gi \u00fcln\u00f6k\u00f6k v\u00e1laszt\u00e1s\u00e1r\u00f3l","robots":{"index":"index","follow":"follow","max-snippet":"max-snippet:-1","max-image-preview":"max-image-preview:large","max-video-preview":"max-video-preview:-1"},"canonical":"https:\/\/tiszacsege.hu\/?p=6918","og_locale":"hu_HU","og_type":"article","og_title":"T\u00c1J\u00c9KOZTAT\u00d3 a b\u00edr\u00f3s\u00e1gi \u00fcln\u00f6k\u00f6k v\u00e1laszt\u00e1s\u00e1r\u00f3l","og_description":"&nbsp; T \u00c1 J \u00c9 K O Z T A T \u00d3 a b\u00edr\u00f3s\u00e1gi \u00fcln\u00f6k\u00f6k v\u00e1laszt\u00e1s\u00e1r\u00f3l &nbsp; &nbsp; Magyarorsz\u00e1g k\u00f6zt\u00e1rsas\u00e1gi eln\u00f6ke az Orsz\u00e1gos B\u00edr\u00f3s\u00e1gi Hivatal eln\u00f6k\u00e9nek el\u0151terjeszt\u00e9s\u00e9re az ez \u00e9vi \u00fcln\u00f6kv\u00e1laszt\u00e1st v\u00e1rhat\u00f3an 2015. m\u00e1rcius 7. napja \u00e9s 2015. \u00e1prilis 30. napja k\u00f6z\u00e9 es\u0151\u00a0\u00a0 id\u0151tartamra t\u0171zi ki. &nbsp; A b\u00edr\u00f3s\u00e1gok sz\u00e1m\u00e1ra rendk\u00edv\u00fcl fontos, hogy &#8211; az [&hellip;]","og_url":"https:\/\/tiszacsege.hu\/?p=6918","og_site_name":"Tiszacsege","article_publisher":"https:\/\/www.facebook.com\/tiszacsegeonkormanyzata","article_published_time":"2015-02-23T10:50:51+00:00","og_image":[{"width":460,"height":300,"url":"https:\/\/tiszacsege.hu\/wp-content\/uploads\/2015\/02\/kalapacs_1.jpg","type":"image\/jpeg"}],"author":"admin","twitter_card":"summary_large_image","schema":{"@context":"https:\/\/schema.org","@graph":[{"@type":"Article","@id":"https:\/\/tiszacsege.hu\/?p=6918#article","isPartOf":{"@id":"https:\/\/tiszacsege.hu\/?p=6918"},"author":{"name":"admin","@id":"https:\/\/tiszacsege.hu\/#\/schema\/person\/ff2f4e3a9747199f545a2cf351f25334"},"headline":"T\u00c1J\u00c9KOZTAT\u00d3 a b\u00edr\u00f3s\u00e1gi \u00fcln\u00f6k\u00f6k v\u00e1laszt\u00e1s\u00e1r\u00f3l","datePublished":"2015-02-23T10:50:51+00:00","mainEntityOfPage":{"@id":"https:\/\/tiszacsege.hu\/?p=6918"},"wordCount":2888,"publisher":{"@id":"https:\/\/tiszacsege.hu\/#organization"},"image":{"@id":"https:\/\/tiszacsege.hu\/?p=6918#primaryimage"},"thumbnailUrl":"https:\/\/tiszacsege.hu\/wp-content\/uploads\/2015\/02\/kalapacs_1.jpg","articleSection":["Felh\u00edv\u00e1sok, t\u00e1j\u00e9koztat\u00f3k"],"inLanguage":"hu"},{"@type":"WebPage","@id":"https:\/\/tiszacsege.hu\/?p=6918","url":"https:\/\/tiszacsege.hu\/?p=6918","name":"T\u00c1J\u00c9KOZTAT\u00d3 a b\u00edr\u00f3s\u00e1gi \u00fcln\u00f6k\u00f6k v\u00e1laszt\u00e1s\u00e1r\u00f3l","isPartOf":{"@id":"https:\/\/tiszacsege.hu\/#website"},"primaryImageOfPage":{"@id":"https:\/\/tiszacsege.hu\/?p=6918#primaryimage"},"image":{"@id":"https:\/\/tiszacsege.hu\/?p=6918#primaryimage"},"thumbnailUrl":"https:\/\/tiszacsege.hu\/wp-content\/uploads\/2015\/02\/kalapacs_1.jpg","datePublished":"2015-02-23T10:50:51+00:00","breadcrumb":{"@id":"https:\/\/tiszacsege.hu\/?p=6918#breadcrumb"},"inLanguage":"hu","potentialAction":[{"@type":"ReadAction","target":["https:\/\/tiszacsege.hu\/?p=6918"]}]},{"@type":"ImageObject","inLanguage":"hu","@id":"https:\/\/tiszacsege.hu\/?p=6918#primaryimage","url":"https:\/\/tiszacsege.hu\/wp-content\/uploads\/2015\/02\/kalapacs_1.jpg","contentUrl":"https:\/\/tiszacsege.hu\/wp-content\/uploads\/2015\/02\/kalapacs_1.jpg","width":460,"height":300},{"@type":"BreadcrumbList","@id":"https:\/\/tiszacsege.hu\/?p=6918#breadcrumb","itemListElement":[{"@type":"ListItem","position":1,"name":"Kezd\u0151lap","item":"https:\/\/tiszacsege.hu\/"},{"@type":"ListItem","position":2,"name":"T\u00c1J\u00c9KOZTAT\u00d3 a b\u00edr\u00f3s\u00e1gi \u00fcln\u00f6k\u00f6k v\u00e1laszt\u00e1s\u00e1r\u00f3l"}]},{"@type":"WebSite","@id":"https:\/\/tiszacsege.hu\/#website","url":"https:\/\/tiszacsege.hu\/","name":"Tiszacsege","description":"Tiszacsege hivatalos honlapja","publisher":{"@id":"https:\/\/tiszacsege.hu\/#organization"},"potentialAction":[{"@type":"SearchAction","target":{"@type":"EntryPoint","urlTemplate":"https:\/\/tiszacsege.hu\/?s={search_term_string}"},"query-input":{"@type":"PropertyValueSpecification","valueRequired":true,"valueName":"search_term_string"}}],"inLanguage":"hu"},{"@type":"Organization","@id":"https:\/\/tiszacsege.hu\/#organization","name":"Tiszacsege","url":"https:\/\/tiszacsege.hu\/","logo":{"@type":"ImageObject","inLanguage":"hu","@id":"https:\/\/tiszacsege.hu\/#\/schema\/logo\/image\/","url":"https:\/\/tiszacsege.hu\/wp-content\/uploads\/2020\/10\/tiszacsege_logo_rovid2-1.png","contentUrl":"https:\/\/tiszacsege.hu\/wp-content\/uploads\/2020\/10\/tiszacsege_logo_rovid2-1.png","width":500,"height":150,"caption":"Tiszacsege"},"image":{"@id":"https:\/\/tiszacsege.hu\/#\/schema\/logo\/image\/"},"sameAs":["https:\/\/www.facebook.com\/tiszacsegeonkormanyzata"]},{"@type":"Person","@id":"https:\/\/tiszacsege.hu\/#\/schema\/person\/ff2f4e3a9747199f545a2cf351f25334","name":"admin","image":{"@type":"ImageObject","inLanguage":"hu","@id":"https:\/\/secure.gravatar.com\/avatar\/52224ccae048f9be8fd8d745a33eff630818f8bd5c43790479a2754dcef4b69b?s=96&d=mm&r=g","url":"https:\/\/secure.gravatar.com\/avatar\/52224ccae048f9be8fd8d745a33eff630818f8bd5c43790479a2754dcef4b69b?s=96&d=mm&r=g","contentUrl":"https:\/\/secure.gravatar.com\/avatar\/52224ccae048f9be8fd8d745a33eff630818f8bd5c43790479a2754dcef4b69b?s=96&d=mm&r=g","caption":"admin"},"url":"https:\/\/tiszacsege.hu\/?author=1"}]}},"_links":{"self":[{"href":"https:\/\/tiszacsege.hu\/index.php?rest_route=\/wp\/v2\/posts\/6918","targetHints":{"allow":["GET"]}}],"collection":[{"href":"https:\/\/tiszacsege.hu\/index.php?rest_route=\/wp\/v2\/posts"}],"about":[{"href":"https:\/\/tiszacsege.hu\/index.php?rest_route=\/wp\/v2\/types\/post"}],"author":[{"embeddable":true,"href":"https:\/\/tiszacsege.hu\/index.php?rest_route=\/wp\/v2\/users\/1"}],"replies":[{"embeddable":true,"href":"https:\/\/tiszacsege.hu\/index.php?rest_route=%2Fwp%2Fv2%2Fcomments&post=6918"}],"version-history":[{"count":40,"href":"https:\/\/tiszacsege.hu\/index.php?rest_route=\/wp\/v2\/posts\/6918\/revisions"}],"predecessor-version":[{"id":6960,"href":"https:\/\/tiszacsege.hu\/index.php?rest_route=\/wp\/v2\/posts\/6918\/revisions\/6960"}],"wp:featuredmedia":[{"embeddable":true,"href":"https:\/\/tiszacsege.hu\/index.php?rest_route=\/wp\/v2\/media\/6961"}],"wp:attachment":[{"href":"https:\/\/tiszacsege.hu\/index.php?rest_route=%2Fwp%2Fv2%2Fmedia&parent=6918"}],"wp:term":[{"taxonomy":"category","embeddable":true,"href":"https:\/\/tiszacsege.hu\/index.php?rest_route=%2Fwp%2Fv2%2Fcategories&post=6918"},{"taxonomy":"post_tag","embeddable":true,"href":"https:\/\/tiszacsege.hu\/index.php?rest_route=%2Fwp%2Fv2%2Ftags&post=6918"},{"taxonomy":"post_folder","embeddable":true,"href":"https:\/\/tiszacsege.hu\/index.php?rest_route=%2Fwp%2Fv2%2Fpost_folder&post=6918"}],"curies":[{"name":"wp","href":"https:\/\/api.w.org\/{rel}","templated":true}]}}