{"id":7344,"date":"2015-05-15T11:40:28","date_gmt":"2015-05-15T09:40:28","guid":{"rendered":"http:\/\/tiszacsege.hu\/?p=7344"},"modified":"2015-05-15T11:48:10","modified_gmt":"2015-05-15T09:48:10","slug":"sajtokozlemeny-tiszacsegere-erkezik-csege-ms-szemelyhajo","status":"publish","type":"post","link":"https:\/\/tiszacsege.hu\/?p=7344","title":{"rendered":"Sajt\u00f3k\u00f6zlem\u00e9ny &#8211; Tiszacseg\u00e9re \u00e9rkezik a Csege M\/S szem\u00e9lyhaj\u00f3"},"content":{"rendered":"<p><strong><u>\u00daj szem\u00e9lyhaj\u00f3 kik\u00f6t\u0151vel b\u0151v\u00fcl a Haj\u00f3kir\u00e1ndul\u00e1s.hu k\u00edn\u00e1lata<\/u><\/strong><\/p>\n<p>&nbsp;<\/p>\n<p style=\"text-align: justify;\">T\u00e1rsas\u00e1gunk 2015. m\u00e1jus 1-t\u0151l, \u00faj desztin\u00e1ci\u00f3val b\u0151v\u00edti k\u00edn\u00e1lat\u00e1t, melyben ezt megel\u0151z\u0151en Tokaj, Szolnok \u00e9s Szeged szerepelt. Az \u00faj kik\u00f6t\u0151 Tiszacsege, ahonnan egyenl\u0151re heti h\u00e1rom nap (p\u00e9nteken, szombaton, vas\u00e1rnap) indulnak 1 \u00f3r\u00e1s s\u00e9tahaj\u00f3 j\u00e1ratok, melyek \u00fatvonala a v\u00e1ros k\u00f6rny\u00e9ki vizeket \u00e9rinti.<\/p>\n<p>&nbsp;<\/p>\n<p style=\"text-align: justify;\">A ny\u00e1ri idegenforgalmi szezonban szeretn\u00e9nk hosszabb t\u00e1v\u00fa utakat is meghirdetni, ak\u00e1r Tiszaf\u00fcredre vagy Poroszl\u00f3ra. V\u00e1llalkoz\u00e1sunk c\u00e9lkit\u0171z\u00e9se, hogy a 90-es \u00e9vek v\u00e9g\u00e9ig nagy haj\u00f3s hagyom\u00e1nyokkal rendelkez\u0151 v\u00e1rosokba \u00fajra ind\u00edtsa a menetrend szerinti s\u00e9tahaj\u00f3 forgalmat. Ennek eredm\u00e9nyek\u00e9pp el\u0151sz\u00f6r Tokajban, ezt k\u00f6vet\u0151en Szegeden, tavalyel\u0151tt pedig Szolnokon kezdt\u00fck meg a szem\u00e9lyhaj\u00f3z\u00e1st.<\/p>\n<p>&nbsp;<\/p>\n<p style=\"text-align: justify;\">\u00c9vek \u00f3ta kac\u00e9rkodtunk a gondolattal, hogy a nagy hagyom\u00e1nyokkal rendelkez\u0151 csegei kik\u00f6t\u0151b\u0151l is ind\u00edtsunk j\u00e1ratokat, azonban ez id\u00e1ig, erre nem volt lehet\u0151s\u00e9g\u00fcnk. A \u201eMahartos\u201d id\u0151kben, ez az \u00e1llom\u00e1s rendelkezett a legnagyobb vend\u00e9gforgalommal, melyben nem kis r\u00e9sze volt Kiss Laci b\u00e1csi tiszteletbeli kapit\u00e1nynak, aki kiv\u00e1l\u00f3 marketingesk\u00e9nt, sz\u00e1mos csoportot \u00e9s rendezv\u00e9nyt hozott az itteni haj\u00f3kra \u00e9s a v\u00e1rosba.<\/p>\n<p>&nbsp;<\/p>\n<p style=\"text-align: justify;\">Jelenlegi flott\u00e1nkat k\u00e9t 120 f\u00e9r\u0151helyes v\u00edzibusz, egy 50 f\u00e9r\u0151helyes szem\u00e9lyhaj\u00f3, \u00e9s egy darab k\u00e9tszintes s\u00e9ta- \u00e9s rendezv\u00e9nyhaj\u00f3 alkotja. Term\u00e9szetesen nem v\u00e9letlen, hogy n\u00e9vad\u00f3 telep\u00fcl\u00e9s\u00e9re haza\u00e9rkezik a Csege motoros, mivel mind m\u00e9ret\u00e9ben mind adotts\u00e1gaival ez volt a legmegfelel\u0151bb v\u00e1laszt\u00e1s.<\/p>\n<p>&nbsp;<\/p>\n<p style=\"text-align: justify;\">Itt Tiszacseg\u00e9n is a m\u00e1r j\u00f3l bev\u00e1lt recept szerint szeretn\u00e9nk haj\u00f3zni, teh\u00e1t pontosan betartani a menetrendet, garant\u00e1lt j\u00e1rataink alkalm\u00e1val ak\u00e1r 1 utassal is elindulni, de megfelel\u0151en rugalmasnak lenni az utaz\u00f3k\u00f6z\u00f6ns\u00e9ggel.<\/p>\n<p>&nbsp;<\/p>\n<p style=\"text-align: justify;\">A menetjegy \u00e1rak \u00e9s felt\u00e9telek minden haj\u00f3nkon azonosak, legkedveltebbek a csal\u00e1di jegyeink, melyek k\u00e9t feln\u0151tt \u00e9s maximum h\u00e1rom gyerek erej\u00e9ig \u00e9rv\u00e9nyesek.<\/p>\n<p>&nbsp;<\/p>\n<p style=\"text-align: justify;\">Ezen kiv\u00e9teles lehet\u0151s\u00e9g term\u00e9szetesen nem j\u00f6hetett volna l\u00e9tre, a v\u00e1ros pozit\u00edv hozz\u00e1\u00e1ll\u00e1sa n\u00e9lk\u00fcl, amit ism\u00e9telten szeretn\u00e9nk megk\u00f6sz\u00f6nni a v\u00e1ros polg\u00e1rmester\u00e9nek Szil\u00e1gyi S\u00e1ndornak, tov\u00e1bb\u00e1 a v\u00e1ros k\u00e9pvisel\u0151 test\u00fclet\u00e9nek.<\/p>\n<p>&nbsp;<\/p>\n<p><u>El\u00e9rhet\u0151s\u00e9geink:<\/u><\/p>\n<p>Haj\u00f3kir\u00e1ndul\u00e1s.hu Tiszacsege<\/p>\n<p>4066 Tiszacsege<\/p>\n<p>R\u00e9v u. 2.<\/p>\n<p><a href=\"http:\/\/www.hajokirandulas.hu\">www.hajokirandulas.hu<\/a><\/p>\n<p>info@hajokirandulas.hu<\/p>\n<p>&nbsp;<\/p>\n        <div id=\"kp-single-slider-6245\" class=\"flexslider kp-single-slider loading\" data-carousel-id=\"#kp-single-carousel-30\">\r\n            <ul class=\"slides\">\r\n                            <li>\r\n                    <img fetchpriority=\"high\" decoding=\"async\" width=\"911\" height=\"683\" src=\"https:\/\/tiszacsege.hu\/wp-content\/uploads\/2015\/05\/DSCN3217-1280x960.jpg\" class=\"attachment-large size-large\" alt=\"\" srcset=\"https:\/\/tiszacsege.hu\/wp-content\/uploads\/2015\/05\/DSCN3217-1280x960.jpg 1280w, https:\/\/tiszacsege.hu\/wp-content\/uploads\/2015\/05\/DSCN3217-300x225.jpg 300w\" sizes=\"(max-width: 911px) 100vw, 911px\" \/>                <\/li>\r\n                            <li>\r\n                    <img decoding=\"async\" width=\"911\" height=\"683\" src=\"https:\/\/tiszacsege.hu\/wp-content\/uploads\/2015\/05\/DSCN3213-1280x960.jpg\" class=\"attachment-large size-large\" alt=\"\" srcset=\"https:\/\/tiszacsege.hu\/wp-content\/uploads\/2015\/05\/DSCN3213-1280x960.jpg 1280w, https:\/\/tiszacsege.hu\/wp-content\/uploads\/2015\/05\/DSCN3213-300x225.jpg 300w\" sizes=\"(max-width: 911px) 100vw, 911px\" \/>                <\/li>\r\n                            <li>\r\n                    <img decoding=\"async\" width=\"911\" height=\"683\" src=\"https:\/\/tiszacsege.hu\/wp-content\/uploads\/2015\/05\/DSCN3209-1280x960.jpg\" class=\"attachment-large size-large\" alt=\"\" srcset=\"https:\/\/tiszacsege.hu\/wp-content\/uploads\/2015\/05\/DSCN3209-1280x960.jpg 1280w, https:\/\/tiszacsege.hu\/wp-content\/uploads\/2015\/05\/DSCN3209-300x225.jpg 300w\" sizes=\"(max-width: 911px) 100vw, 911px\" \/>                <\/li>\r\n                        <\/ul>\r\n        <\/div>\r\n        <div id=\"kp-single-carousel-30\" class=\"flexslider kp-single-carousel\" data-main-slider-id=\"#kp-single-slider-6245\">\r\n            <ul class=\"slides\">\r\n                            <li>\r\n                    <img fetchpriority=\"high\" decoding=\"async\" width=\"911\" height=\"683\" src=\"https:\/\/tiszacsege.hu\/wp-content\/uploads\/2015\/05\/DSCN3217-1280x960.jpg\" class=\"attachment-large size-large\" alt=\"\" srcset=\"https:\/\/tiszacsege.hu\/wp-content\/uploads\/2015\/05\/DSCN3217-1280x960.jpg 1280w, https:\/\/tiszacsege.hu\/wp-content\/uploads\/2015\/05\/DSCN3217-300x225.jpg 300w\" sizes=\"(max-width: 911px) 100vw, 911px\" \/>                <\/li>\r\n                            <li>\r\n                    <img decoding=\"async\" width=\"911\" height=\"683\" src=\"https:\/\/tiszacsege.hu\/wp-content\/uploads\/2015\/05\/DSCN3213-1280x960.jpg\" class=\"attachment-large size-large\" alt=\"\" srcset=\"https:\/\/tiszacsege.hu\/wp-content\/uploads\/2015\/05\/DSCN3213-1280x960.jpg 1280w, https:\/\/tiszacsege.hu\/wp-content\/uploads\/2015\/05\/DSCN3213-300x225.jpg 300w\" sizes=\"(max-width: 911px) 100vw, 911px\" \/>                <\/li>\r\n                            <li>\r\n                    <img decoding=\"async\" width=\"911\" height=\"683\" src=\"https:\/\/tiszacsege.hu\/wp-content\/uploads\/2015\/05\/DSCN3209-1280x960.jpg\" class=\"attachment-large size-large\" alt=\"\" srcset=\"https:\/\/tiszacsege.hu\/wp-content\/uploads\/2015\/05\/DSCN3209-1280x960.jpg 1280w, https:\/\/tiszacsege.hu\/wp-content\/uploads\/2015\/05\/DSCN3209-300x225.jpg 300w\" sizes=\"(max-width: 911px) 100vw, 911px\" \/>                <\/li>\r\n                        <\/ul>\r\n        <\/div><!--kp-gallery-slider-->\r\n        \n<p>&nbsp;<\/p>\n","protected":false},"excerpt":{"rendered":"<p>T\u00e1rsas\u00e1gunk 2015. m\u00e1jus 1-t\u0151l, \u00faj desztin\u00e1ci\u00f3val b\u0151v\u00edti k\u00edn\u00e1lat\u00e1t, melyben ezt megel\u0151z\u0151en Tokaj, Szolnok \u00e9s Szeged szerepelt. Az \u00faj kik\u00f6t\u0151 Tiszacsege, ahonnan egyenl\u0151re heti h\u00e1rom nap (p\u00e9nteken, szombaton, vas\u00e1rnap) indulnak 1 \u00f3r\u00e1s s\u00e9tahaj\u00f3 j\u00e1ratok, melyek \u00fatvonala a v\u00e1ros k\u00f6rny\u00e9ki vizeket \u00e9rinti.<\/p>\n","protected":false},"author":1,"featured_media":7356,"comment_status":"closed","ping_status":"open","sticky":false,"template":"","format":"standard","meta":{"_editorskit_title_hidden":false,"_editorskit_reading_time":0,"_editorskit_is_block_options_detached":false,"_editorskit_block_options_position":"{}","_crdt_document":"","footnotes":""},"categories":[1],"tags":[],"post_folder":[],"class_list":["post-7344","post","type-post","status-publish","format-standard","has-post-thumbnail","hentry","category-hirek"],"yoast_head":"<!-- This site is optimized with the Yoast SEO plugin v27.5 - https:\/\/yoast.com\/product\/yoast-seo-wordpress\/ -->\n<title>Sajt\u00f3k\u00f6zlem\u00e9ny - Tiszacseg\u00e9re \u00e9rkezik a Csege M\/S szem\u00e9lyhaj\u00f3<\/title>\n<meta name=\"robots\" content=\"index, follow, max-snippet:-1, max-image-preview:large, max-video-preview:-1\" \/>\n<link rel=\"canonical\" href=\"https:\/\/tiszacsege.hu\/?p=7344\" \/>\n<meta property=\"og:locale\" content=\"hu_HU\" \/>\n<meta property=\"og:type\" content=\"article\" \/>\n<meta property=\"og:title\" content=\"Sajt\u00f3k\u00f6zlem\u00e9ny - Tiszacseg\u00e9re \u00e9rkezik a Csege M\/S szem\u00e9lyhaj\u00f3\" \/>\n<meta property=\"og:description\" content=\"T\u00e1rsas\u00e1gunk 2015. m\u00e1jus 1-t\u0151l, \u00faj desztin\u00e1ci\u00f3val b\u0151v\u00edti k\u00edn\u00e1lat\u00e1t, melyben ezt megel\u0151z\u0151en Tokaj, Szolnok \u00e9s Szeged szerepelt. Az \u00faj kik\u00f6t\u0151 Tiszacsege, ahonnan egyenl\u0151re heti h\u00e1rom nap (p\u00e9nteken, szombaton, vas\u00e1rnap) indulnak 1 \u00f3r\u00e1s s\u00e9tahaj\u00f3 j\u00e1ratok, melyek \u00fatvonala a v\u00e1ros k\u00f6rny\u00e9ki vizeket \u00e9rinti.\" \/>\n<meta property=\"og:url\" content=\"https:\/\/tiszacsege.hu\/?p=7344\" \/>\n<meta property=\"og:site_name\" content=\"Tiszacsege\" \/>\n<meta property=\"article:publisher\" content=\"https:\/\/www.facebook.com\/tiszacsegeonkormanyzata\" \/>\n<meta property=\"article:published_time\" content=\"2015-05-15T09:40:28+00:00\" \/>\n<meta property=\"article:modified_time\" content=\"2015-05-15T09:48:10+00:00\" \/>\n<meta property=\"og:image\" content=\"https:\/\/tiszacsege.hu\/wp-content\/uploads\/2015\/05\/teszt.png\" \/>\n\t<meta property=\"og:image:width\" content=\"600\" \/>\n\t<meta property=\"og:image:height\" content=\"366\" \/>\n\t<meta property=\"og:image:type\" content=\"image\/png\" \/>\n<meta name=\"author\" content=\"admin\" \/>\n<meta name=\"twitter:card\" content=\"summary_large_image\" \/>\n<script type=\"application\/ld+json\" class=\"yoast-schema-graph\">{\"@context\":\"https:\\\/\\\/schema.org\",\"@graph\":[{\"@type\":\"Article\",\"@id\":\"https:\\\/\\\/tiszacsege.hu\\\/?p=7344#article\",\"isPartOf\":{\"@id\":\"https:\\\/\\\/tiszacsege.hu\\\/?p=7344\"},\"author\":{\"name\":\"admin\",\"@id\":\"https:\\\/\\\/tiszacsege.hu\\\/#\\\/schema\\\/person\\\/ff2f4e3a9747199f545a2cf351f25334\"},\"headline\":\"Sajt\u00f3k\u00f6zlem\u00e9ny &#8211; Tiszacseg\u00e9re \u00e9rkezik a Csege M\\\/S szem\u00e9lyhaj\u00f3\",\"datePublished\":\"2015-05-15T09:40:28+00:00\",\"dateModified\":\"2015-05-15T09:48:10+00:00\",\"mainEntityOfPage\":{\"@id\":\"https:\\\/\\\/tiszacsege.hu\\\/?p=7344\"},\"wordCount\":470,\"publisher\":{\"@id\":\"https:\\\/\\\/tiszacsege.hu\\\/#organization\"},\"image\":{\"@id\":\"https:\\\/\\\/tiszacsege.hu\\\/?p=7344#primaryimage\"},\"thumbnailUrl\":\"https:\\\/\\\/tiszacsege.hu\\\/wp-content\\\/uploads\\\/2015\\\/05\\\/teszt.png\",\"articleSection\":[\"Helyi h\u00edrek, t\u00e1j\u00e9koztat\u00f3k\"],\"inLanguage\":\"hu\"},{\"@type\":\"WebPage\",\"@id\":\"https:\\\/\\\/tiszacsege.hu\\\/?p=7344\",\"url\":\"https:\\\/\\\/tiszacsege.hu\\\/?p=7344\",\"name\":\"Sajt\u00f3k\u00f6zlem\u00e9ny - Tiszacseg\u00e9re \u00e9rkezik a Csege M\\\/S szem\u00e9lyhaj\u00f3\",\"isPartOf\":{\"@id\":\"https:\\\/\\\/tiszacsege.hu\\\/#website\"},\"primaryImageOfPage\":{\"@id\":\"https:\\\/\\\/tiszacsege.hu\\\/?p=7344#primaryimage\"},\"image\":{\"@id\":\"https:\\\/\\\/tiszacsege.hu\\\/?p=7344#primaryimage\"},\"thumbnailUrl\":\"https:\\\/\\\/tiszacsege.hu\\\/wp-content\\\/uploads\\\/2015\\\/05\\\/teszt.png\",\"datePublished\":\"2015-05-15T09:40:28+00:00\",\"dateModified\":\"2015-05-15T09:48:10+00:00\",\"breadcrumb\":{\"@id\":\"https:\\\/\\\/tiszacsege.hu\\\/?p=7344#breadcrumb\"},\"inLanguage\":\"hu\",\"potentialAction\":[{\"@type\":\"ReadAction\",\"target\":[\"https:\\\/\\\/tiszacsege.hu\\\/?p=7344\"]}]},{\"@type\":\"ImageObject\",\"inLanguage\":\"hu\",\"@id\":\"https:\\\/\\\/tiszacsege.hu\\\/?p=7344#primaryimage\",\"url\":\"https:\\\/\\\/tiszacsege.hu\\\/wp-content\\\/uploads\\\/2015\\\/05\\\/teszt.png\",\"contentUrl\":\"https:\\\/\\\/tiszacsege.hu\\\/wp-content\\\/uploads\\\/2015\\\/05\\\/teszt.png\",\"width\":600,\"height\":366},{\"@type\":\"BreadcrumbList\",\"@id\":\"https:\\\/\\\/tiszacsege.hu\\\/?p=7344#breadcrumb\",\"itemListElement\":[{\"@type\":\"ListItem\",\"position\":1,\"name\":\"Kezd\u0151lap\",\"item\":\"https:\\\/\\\/tiszacsege.hu\\\/\"},{\"@type\":\"ListItem\",\"position\":2,\"name\":\"Sajt\u00f3k\u00f6zlem\u00e9ny &#8211; Tiszacseg\u00e9re \u00e9rkezik a Csege M\\\/S szem\u00e9lyhaj\u00f3\"}]},{\"@type\":\"WebSite\",\"@id\":\"https:\\\/\\\/tiszacsege.hu\\\/#website\",\"url\":\"https:\\\/\\\/tiszacsege.hu\\\/\",\"name\":\"Tiszacsege\",\"description\":\"Tiszacsege hivatalos honlapja\",\"publisher\":{\"@id\":\"https:\\\/\\\/tiszacsege.hu\\\/#organization\"},\"potentialAction\":[{\"@type\":\"SearchAction\",\"target\":{\"@type\":\"EntryPoint\",\"urlTemplate\":\"https:\\\/\\\/tiszacsege.hu\\\/?s={search_term_string}\"},\"query-input\":{\"@type\":\"PropertyValueSpecification\",\"valueRequired\":true,\"valueName\":\"search_term_string\"}}],\"inLanguage\":\"hu\"},{\"@type\":\"Organization\",\"@id\":\"https:\\\/\\\/tiszacsege.hu\\\/#organization\",\"name\":\"Tiszacsege\",\"url\":\"https:\\\/\\\/tiszacsege.hu\\\/\",\"logo\":{\"@type\":\"ImageObject\",\"inLanguage\":\"hu\",\"@id\":\"https:\\\/\\\/tiszacsege.hu\\\/#\\\/schema\\\/logo\\\/image\\\/\",\"url\":\"https:\\\/\\\/tiszacsege.hu\\\/wp-content\\\/uploads\\\/2020\\\/10\\\/tiszacsege_logo_rovid2-1.png\",\"contentUrl\":\"https:\\\/\\\/tiszacsege.hu\\\/wp-content\\\/uploads\\\/2020\\\/10\\\/tiszacsege_logo_rovid2-1.png\",\"width\":500,\"height\":150,\"caption\":\"Tiszacsege\"},\"image\":{\"@id\":\"https:\\\/\\\/tiszacsege.hu\\\/#\\\/schema\\\/logo\\\/image\\\/\"},\"sameAs\":[\"https:\\\/\\\/www.facebook.com\\\/tiszacsegeonkormanyzata\"]},{\"@type\":\"Person\",\"@id\":\"https:\\\/\\\/tiszacsege.hu\\\/#\\\/schema\\\/person\\\/ff2f4e3a9747199f545a2cf351f25334\",\"name\":\"admin\",\"image\":{\"@type\":\"ImageObject\",\"inLanguage\":\"hu\",\"@id\":\"https:\\\/\\\/secure.gravatar.com\\\/avatar\\\/52224ccae048f9be8fd8d745a33eff630818f8bd5c43790479a2754dcef4b69b?s=96&d=mm&r=g\",\"url\":\"https:\\\/\\\/secure.gravatar.com\\\/avatar\\\/52224ccae048f9be8fd8d745a33eff630818f8bd5c43790479a2754dcef4b69b?s=96&d=mm&r=g\",\"contentUrl\":\"https:\\\/\\\/secure.gravatar.com\\\/avatar\\\/52224ccae048f9be8fd8d745a33eff630818f8bd5c43790479a2754dcef4b69b?s=96&d=mm&r=g\",\"caption\":\"admin\"},\"url\":\"https:\\\/\\\/tiszacsege.hu\\\/?author=1\"}]}<\/script>\n<!-- \/ Yoast SEO plugin. -->","yoast_head_json":{"title":"Sajt\u00f3k\u00f6zlem\u00e9ny - Tiszacseg\u00e9re \u00e9rkezik a Csege M\/S szem\u00e9lyhaj\u00f3","robots":{"index":"index","follow":"follow","max-snippet":"max-snippet:-1","max-image-preview":"max-image-preview:large","max-video-preview":"max-video-preview:-1"},"canonical":"https:\/\/tiszacsege.hu\/?p=7344","og_locale":"hu_HU","og_type":"article","og_title":"Sajt\u00f3k\u00f6zlem\u00e9ny - Tiszacseg\u00e9re \u00e9rkezik a Csege M\/S szem\u00e9lyhaj\u00f3","og_description":"T\u00e1rsas\u00e1gunk 2015. m\u00e1jus 1-t\u0151l, \u00faj desztin\u00e1ci\u00f3val b\u0151v\u00edti k\u00edn\u00e1lat\u00e1t, melyben ezt megel\u0151z\u0151en Tokaj, Szolnok \u00e9s Szeged szerepelt. Az \u00faj kik\u00f6t\u0151 Tiszacsege, ahonnan egyenl\u0151re heti h\u00e1rom nap (p\u00e9nteken, szombaton, vas\u00e1rnap) indulnak 1 \u00f3r\u00e1s s\u00e9tahaj\u00f3 j\u00e1ratok, melyek \u00fatvonala a v\u00e1ros k\u00f6rny\u00e9ki vizeket \u00e9rinti.","og_url":"https:\/\/tiszacsege.hu\/?p=7344","og_site_name":"Tiszacsege","article_publisher":"https:\/\/www.facebook.com\/tiszacsegeonkormanyzata","article_published_time":"2015-05-15T09:40:28+00:00","article_modified_time":"2015-05-15T09:48:10+00:00","og_image":[{"width":600,"height":366,"url":"https:\/\/tiszacsege.hu\/wp-content\/uploads\/2015\/05\/teszt.png","type":"image\/png"}],"author":"admin","twitter_card":"summary_large_image","schema":{"@context":"https:\/\/schema.org","@graph":[{"@type":"Article","@id":"https:\/\/tiszacsege.hu\/?p=7344#article","isPartOf":{"@id":"https:\/\/tiszacsege.hu\/?p=7344"},"author":{"name":"admin","@id":"https:\/\/tiszacsege.hu\/#\/schema\/person\/ff2f4e3a9747199f545a2cf351f25334"},"headline":"Sajt\u00f3k\u00f6zlem\u00e9ny &#8211; Tiszacseg\u00e9re \u00e9rkezik a Csege M\/S szem\u00e9lyhaj\u00f3","datePublished":"2015-05-15T09:40:28+00:00","dateModified":"2015-05-15T09:48:10+00:00","mainEntityOfPage":{"@id":"https:\/\/tiszacsege.hu\/?p=7344"},"wordCount":470,"publisher":{"@id":"https:\/\/tiszacsege.hu\/#organization"},"image":{"@id":"https:\/\/tiszacsege.hu\/?p=7344#primaryimage"},"thumbnailUrl":"https:\/\/tiszacsege.hu\/wp-content\/uploads\/2015\/05\/teszt.png","articleSection":["Helyi h\u00edrek, t\u00e1j\u00e9koztat\u00f3k"],"inLanguage":"hu"},{"@type":"WebPage","@id":"https:\/\/tiszacsege.hu\/?p=7344","url":"https:\/\/tiszacsege.hu\/?p=7344","name":"Sajt\u00f3k\u00f6zlem\u00e9ny - Tiszacseg\u00e9re \u00e9rkezik a Csege M\/S szem\u00e9lyhaj\u00f3","isPartOf":{"@id":"https:\/\/tiszacsege.hu\/#website"},"primaryImageOfPage":{"@id":"https:\/\/tiszacsege.hu\/?p=7344#primaryimage"},"image":{"@id":"https:\/\/tiszacsege.hu\/?p=7344#primaryimage"},"thumbnailUrl":"https:\/\/tiszacsege.hu\/wp-content\/uploads\/2015\/05\/teszt.png","datePublished":"2015-05-15T09:40:28+00:00","dateModified":"2015-05-15T09:48:10+00:00","breadcrumb":{"@id":"https:\/\/tiszacsege.hu\/?p=7344#breadcrumb"},"inLanguage":"hu","potentialAction":[{"@type":"ReadAction","target":["https:\/\/tiszacsege.hu\/?p=7344"]}]},{"@type":"ImageObject","inLanguage":"hu","@id":"https:\/\/tiszacsege.hu\/?p=7344#primaryimage","url":"https:\/\/tiszacsege.hu\/wp-content\/uploads\/2015\/05\/teszt.png","contentUrl":"https:\/\/tiszacsege.hu\/wp-content\/uploads\/2015\/05\/teszt.png","width":600,"height":366},{"@type":"BreadcrumbList","@id":"https:\/\/tiszacsege.hu\/?p=7344#breadcrumb","itemListElement":[{"@type":"ListItem","position":1,"name":"Kezd\u0151lap","item":"https:\/\/tiszacsege.hu\/"},{"@type":"ListItem","position":2,"name":"Sajt\u00f3k\u00f6zlem\u00e9ny &#8211; Tiszacseg\u00e9re \u00e9rkezik a Csege M\/S szem\u00e9lyhaj\u00f3"}]},{"@type":"WebSite","@id":"https:\/\/tiszacsege.hu\/#website","url":"https:\/\/tiszacsege.hu\/","name":"Tiszacsege","description":"Tiszacsege hivatalos honlapja","publisher":{"@id":"https:\/\/tiszacsege.hu\/#organization"},"potentialAction":[{"@type":"SearchAction","target":{"@type":"EntryPoint","urlTemplate":"https:\/\/tiszacsege.hu\/?s={search_term_string}"},"query-input":{"@type":"PropertyValueSpecification","valueRequired":true,"valueName":"search_term_string"}}],"inLanguage":"hu"},{"@type":"Organization","@id":"https:\/\/tiszacsege.hu\/#organization","name":"Tiszacsege","url":"https:\/\/tiszacsege.hu\/","logo":{"@type":"ImageObject","inLanguage":"hu","@id":"https:\/\/tiszacsege.hu\/#\/schema\/logo\/image\/","url":"https:\/\/tiszacsege.hu\/wp-content\/uploads\/2020\/10\/tiszacsege_logo_rovid2-1.png","contentUrl":"https:\/\/tiszacsege.hu\/wp-content\/uploads\/2020\/10\/tiszacsege_logo_rovid2-1.png","width":500,"height":150,"caption":"Tiszacsege"},"image":{"@id":"https:\/\/tiszacsege.hu\/#\/schema\/logo\/image\/"},"sameAs":["https:\/\/www.facebook.com\/tiszacsegeonkormanyzata"]},{"@type":"Person","@id":"https:\/\/tiszacsege.hu\/#\/schema\/person\/ff2f4e3a9747199f545a2cf351f25334","name":"admin","image":{"@type":"ImageObject","inLanguage":"hu","@id":"https:\/\/secure.gravatar.com\/avatar\/52224ccae048f9be8fd8d745a33eff630818f8bd5c43790479a2754dcef4b69b?s=96&d=mm&r=g","url":"https:\/\/secure.gravatar.com\/avatar\/52224ccae048f9be8fd8d745a33eff630818f8bd5c43790479a2754dcef4b69b?s=96&d=mm&r=g","contentUrl":"https:\/\/secure.gravatar.com\/avatar\/52224ccae048f9be8fd8d745a33eff630818f8bd5c43790479a2754dcef4b69b?s=96&d=mm&r=g","caption":"admin"},"url":"https:\/\/tiszacsege.hu\/?author=1"}]}},"_links":{"self":[{"href":"https:\/\/tiszacsege.hu\/index.php?rest_route=\/wp\/v2\/posts\/7344","targetHints":{"allow":["GET"]}}],"collection":[{"href":"https:\/\/tiszacsege.hu\/index.php?rest_route=\/wp\/v2\/posts"}],"about":[{"href":"https:\/\/tiszacsege.hu\/index.php?rest_route=\/wp\/v2\/types\/post"}],"author":[{"embeddable":true,"href":"https:\/\/tiszacsege.hu\/index.php?rest_route=\/wp\/v2\/users\/1"}],"replies":[{"embeddable":true,"href":"https:\/\/tiszacsege.hu\/index.php?rest_route=%2Fwp%2Fv2%2Fcomments&post=7344"}],"version-history":[{"count":6,"href":"https:\/\/tiszacsege.hu\/index.php?rest_route=\/wp\/v2\/posts\/7344\/revisions"}],"predecessor-version":[{"id":7354,"href":"https:\/\/tiszacsege.hu\/index.php?rest_route=\/wp\/v2\/posts\/7344\/revisions\/7354"}],"wp:featuredmedia":[{"embeddable":true,"href":"https:\/\/tiszacsege.hu\/index.php?rest_route=\/wp\/v2\/media\/7356"}],"wp:attachment":[{"href":"https:\/\/tiszacsege.hu\/index.php?rest_route=%2Fwp%2Fv2%2Fmedia&parent=7344"}],"wp:term":[{"taxonomy":"category","embeddable":true,"href":"https:\/\/tiszacsege.hu\/index.php?rest_route=%2Fwp%2Fv2%2Fcategories&post=7344"},{"taxonomy":"post_tag","embeddable":true,"href":"https:\/\/tiszacsege.hu\/index.php?rest_route=%2Fwp%2Fv2%2Ftags&post=7344"},{"taxonomy":"post_folder","embeddable":true,"href":"https:\/\/tiszacsege.hu\/index.php?rest_route=%2Fwp%2Fv2%2Fpost_folder&post=7344"}],"curies":[{"name":"wp","href":"https:\/\/api.w.org\/{rel}","templated":true}]}}