{"id":7612,"date":"2015-07-15T08:51:30","date_gmt":"2015-07-15T06:51:30","guid":{"rendered":"http:\/\/tiszacsege.hu\/?p=7612"},"modified":"2015-07-15T08:51:30","modified_gmt":"2015-07-15T06:51:30","slug":"igazgatasi-szunet-a-polgarmesteri-hivatalban-2","status":"publish","type":"post","link":"https:\/\/tiszacsege.hu\/?p=7612","title":{"rendered":"Igazgat\u00e1si sz\u00fcnet a Polg\u00e1rmesteri Hivatalban"},"content":{"rendered":"<p style=\"text-align: center;\"><strong><span style=\"font-size: 14pt;\">Tisztelt \u00dcgyfeleink!<\/span><\/strong><\/p>\n<p>&nbsp;<\/p>\n<p style=\"text-align: justify;\"><span style=\"font-size: 14pt;\"><strong>T\u00e1j\u00e9koztatjuk \u00d6n\u00f6ket, hogy Tiszacsege V\u00e1ros\u00a0\u00d6nkorm\u00e1nyzat\u00e1nak K\u00e9pvisel\u0151-test\u00fclete\u00a0<\/strong><\/span><span style=\"font-size: 14pt;\"><strong>20\/2015.(II. 25.) KT.\u00a0<\/strong><\/span><span style=\"font-size: 14pt;\"><strong>sz\u00e1m\u00fa hat\u00e1rozat\u00e1val\u00a0a Tiszacsegei Polg\u00e1rmesteri Hivatalban<\/strong><\/span><\/p>\n<p style=\"text-align: center;\">\n<p style=\"text-align: center;\"><span style=\"font-size: 14pt;\"><strong>2015. j\u00falius 20. napj\u00e1t\u00f3l &#8211; 2015.<\/strong><\/span><span style=\"font-size: 14pt;\"><strong>j\u00falius 31. napj\u00e1ig\u00a0<\/strong><\/span><\/p>\n<p style=\"text-align: center;\"><span style=\"font-size: 14pt;\"><strong>tart\u00f3 igazgat\u00e1si sz\u00fcnetet rendelt el, mely\u00a0id\u0151szak alatt a Hivatalunk z\u00e1rva tart.<\/strong><\/span><\/p>\n<p>&nbsp;<\/p>\n<p style=\"text-align: center;\">\n<p style=\"text-align: center;\"><span style=\"font-size: 14pt;\"><strong>Halaszthatatlan esetben az al\u00e1bbi telefonsz\u00e1mok h\u00edvhat\u00f3ak:<\/strong><\/span><\/p>\n<p style=\"text-align: center;\"><span style=\"font-size: 14pt;\"><strong>K\u00f6zponti \u00fcgyeleti telefonsz\u00e1munk:\u00a006 52\/588-400.<\/strong><\/span><\/p>\n<p style=\"text-align: center;\"><span style=\"font-size: 14pt;\"><strong>Szil\u00e1gyi S\u00e1ndor polg\u00e1rmester\u00a006 30\/577-54-82 \/\u00a006 70\/902-09-40<\/strong><\/span><\/p>\n<p style=\"text-align: center;\"><span style=\"font-size: 14pt;\"><strong>Dr. Kert\u00e9sz Marianna jegyz\u0151\u00a006 30\/516-44-16 \/\u00a006 70\/902-09-41<\/strong><\/span><\/p>\n<p>&nbsp;<\/p>\n<p>Sz\u00edves meg\u00e9rt\u00e9s\u00fcket el\u0151re is k\u00f6sz\u00f6nj\u00fck!<\/p>\n<p>Tisztelettel:\u00a0Szil\u00e1gyi S\u00e1ndor\u00a0polg\u00e1rmester<\/p>\n","protected":false},"excerpt":{"rendered":"<p>Tisztelt \u00dcgyfeleink! &nbsp; T\u00e1j\u00e9koztatjuk \u00d6n\u00f6ket, hogy Tiszacsege V\u00e1ros\u00a0\u00d6nkorm\u00e1nyzat\u00e1nak K\u00e9pvisel\u0151-test\u00fclete\u00a020\/2015.(II. 25.) KT.\u00a0sz\u00e1m\u00fa hat\u00e1rozat\u00e1val\u00a0a Tiszacsegei Polg\u00e1rmesteri Hivatalban 2015. j\u00falius 20. napj\u00e1t\u00f3l &#8211; 2015.j\u00falius 31. napj\u00e1ig\u00a0 tart\u00f3 igazgat\u00e1si sz\u00fcnetet rendelt el, mely\u00a0id\u0151szak alatt a Hivatalunk z\u00e1rva tart. &nbsp; Halaszthatatlan esetben az al\u00e1bbi telefonsz\u00e1mok h\u00edvhat\u00f3ak: K\u00f6zponti \u00fcgyeleti telefonsz\u00e1munk:\u00a006 52\/588-400. Szil\u00e1gyi S\u00e1ndor polg\u00e1rmester\u00a006 30\/577-54-82 \/\u00a006 70\/902-09-40 Dr. Kert\u00e9sz Marianna jegyz\u0151\u00a006 [&hellip;]<\/p>\n","protected":false},"author":1,"featured_media":6995,"comment_status":"closed","ping_status":"open","sticky":false,"template":"","format":"standard","meta":{"_editorskit_title_hidden":false,"_editorskit_reading_time":0,"_editorskit_is_block_options_detached":false,"_editorskit_block_options_position":"{}","_crdt_document":"","footnotes":""},"categories":[1],"tags":[],"post_folder":[],"class_list":["post-7612","post","type-post","status-publish","format-standard","has-post-thumbnail","hentry","category-hirek"],"yoast_head":"<!-- This site is optimized with the Yoast SEO plugin v27.5 - https:\/\/yoast.com\/product\/yoast-seo-wordpress\/ -->\n<title>Igazgat\u00e1si sz\u00fcnet a Polg\u00e1rmesteri Hivatalban<\/title>\n<meta name=\"robots\" content=\"index, follow, max-snippet:-1, max-image-preview:large, max-video-preview:-1\" \/>\n<link rel=\"canonical\" href=\"https:\/\/tiszacsege.hu\/?p=7612\" \/>\n<meta property=\"og:locale\" content=\"hu_HU\" \/>\n<meta property=\"og:type\" content=\"article\" \/>\n<meta property=\"og:title\" content=\"Igazgat\u00e1si sz\u00fcnet a Polg\u00e1rmesteri Hivatalban\" \/>\n<meta property=\"og:description\" content=\"Tisztelt \u00dcgyfeleink! &nbsp; T\u00e1j\u00e9koztatjuk \u00d6n\u00f6ket, hogy Tiszacsege V\u00e1ros\u00a0\u00d6nkorm\u00e1nyzat\u00e1nak K\u00e9pvisel\u0151-test\u00fclete\u00a020\/2015.(II. 25.) KT.\u00a0sz\u00e1m\u00fa hat\u00e1rozat\u00e1val\u00a0a Tiszacsegei Polg\u00e1rmesteri Hivatalban 2015. j\u00falius 20. napj\u00e1t\u00f3l &#8211; 2015.j\u00falius 31. napj\u00e1ig\u00a0 tart\u00f3 igazgat\u00e1si sz\u00fcnetet rendelt el, mely\u00a0id\u0151szak alatt a Hivatalunk z\u00e1rva tart. &nbsp; Halaszthatatlan esetben az al\u00e1bbi telefonsz\u00e1mok h\u00edvhat\u00f3ak: K\u00f6zponti \u00fcgyeleti telefonsz\u00e1munk:\u00a006 52\/588-400. Szil\u00e1gyi S\u00e1ndor polg\u00e1rmester\u00a006 30\/577-54-82 \/\u00a006 70\/902-09-40 Dr. Kert\u00e9sz Marianna jegyz\u0151\u00a006 [&hellip;]\" \/>\n<meta property=\"og:url\" content=\"https:\/\/tiszacsege.hu\/?p=7612\" \/>\n<meta property=\"og:site_name\" content=\"Tiszacsege\" \/>\n<meta property=\"article:publisher\" content=\"https:\/\/www.facebook.com\/tiszacsegeonkormanyzata\" \/>\n<meta property=\"article:published_time\" content=\"2015-07-15T06:51:30+00:00\" \/>\n<meta property=\"og:image\" content=\"https:\/\/tiszacsege.hu\/wp-content\/uploads\/2015\/03\/cimeres_onkormanyzat.png\" \/>\n\t<meta property=\"og:image:width\" content=\"300\" \/>\n\t<meta property=\"og:image:height\" content=\"170\" \/>\n\t<meta property=\"og:image:type\" content=\"image\/png\" \/>\n<meta name=\"author\" content=\"admin\" \/>\n<meta name=\"twitter:card\" content=\"summary_large_image\" \/>\n<script type=\"application\/ld+json\" class=\"yoast-schema-graph\">{\"@context\":\"https:\\\/\\\/schema.org\",\"@graph\":[{\"@type\":\"Article\",\"@id\":\"https:\\\/\\\/tiszacsege.hu\\\/?p=7612#article\",\"isPartOf\":{\"@id\":\"https:\\\/\\\/tiszacsege.hu\\\/?p=7612\"},\"author\":{\"name\":\"admin\",\"@id\":\"https:\\\/\\\/tiszacsege.hu\\\/#\\\/schema\\\/person\\\/ff2f4e3a9747199f545a2cf351f25334\"},\"headline\":\"Igazgat\u00e1si sz\u00fcnet a Polg\u00e1rmesteri Hivatalban\",\"datePublished\":\"2015-07-15T06:51:30+00:00\",\"mainEntityOfPage\":{\"@id\":\"https:\\\/\\\/tiszacsege.hu\\\/?p=7612\"},\"wordCount\":122,\"publisher\":{\"@id\":\"https:\\\/\\\/tiszacsege.hu\\\/#organization\"},\"image\":{\"@id\":\"https:\\\/\\\/tiszacsege.hu\\\/?p=7612#primaryimage\"},\"thumbnailUrl\":\"https:\\\/\\\/tiszacsege.hu\\\/wp-content\\\/uploads\\\/2015\\\/03\\\/cimeres_onkormanyzat.png\",\"articleSection\":[\"Helyi h\u00edrek, t\u00e1j\u00e9koztat\u00f3k\"],\"inLanguage\":\"hu\"},{\"@type\":\"WebPage\",\"@id\":\"https:\\\/\\\/tiszacsege.hu\\\/?p=7612\",\"url\":\"https:\\\/\\\/tiszacsege.hu\\\/?p=7612\",\"name\":\"Igazgat\u00e1si sz\u00fcnet a Polg\u00e1rmesteri Hivatalban\",\"isPartOf\":{\"@id\":\"https:\\\/\\\/tiszacsege.hu\\\/#website\"},\"primaryImageOfPage\":{\"@id\":\"https:\\\/\\\/tiszacsege.hu\\\/?p=7612#primaryimage\"},\"image\":{\"@id\":\"https:\\\/\\\/tiszacsege.hu\\\/?p=7612#primaryimage\"},\"thumbnailUrl\":\"https:\\\/\\\/tiszacsege.hu\\\/wp-content\\\/uploads\\\/2015\\\/03\\\/cimeres_onkormanyzat.png\",\"datePublished\":\"2015-07-15T06:51:30+00:00\",\"breadcrumb\":{\"@id\":\"https:\\\/\\\/tiszacsege.hu\\\/?p=7612#breadcrumb\"},\"inLanguage\":\"hu\",\"potentialAction\":[{\"@type\":\"ReadAction\",\"target\":[\"https:\\\/\\\/tiszacsege.hu\\\/?p=7612\"]}]},{\"@type\":\"ImageObject\",\"inLanguage\":\"hu\",\"@id\":\"https:\\\/\\\/tiszacsege.hu\\\/?p=7612#primaryimage\",\"url\":\"https:\\\/\\\/tiszacsege.hu\\\/wp-content\\\/uploads\\\/2015\\\/03\\\/cimeres_onkormanyzat.png\",\"contentUrl\":\"https:\\\/\\\/tiszacsege.hu\\\/wp-content\\\/uploads\\\/2015\\\/03\\\/cimeres_onkormanyzat.png\",\"width\":300,\"height\":170},{\"@type\":\"BreadcrumbList\",\"@id\":\"https:\\\/\\\/tiszacsege.hu\\\/?p=7612#breadcrumb\",\"itemListElement\":[{\"@type\":\"ListItem\",\"position\":1,\"name\":\"Kezd\u0151lap\",\"item\":\"https:\\\/\\\/tiszacsege.hu\\\/\"},{\"@type\":\"ListItem\",\"position\":2,\"name\":\"Igazgat\u00e1si sz\u00fcnet a Polg\u00e1rmesteri Hivatalban\"}]},{\"@type\":\"WebSite\",\"@id\":\"https:\\\/\\\/tiszacsege.hu\\\/#website\",\"url\":\"https:\\\/\\\/tiszacsege.hu\\\/\",\"name\":\"Tiszacsege\",\"description\":\"Tiszacsege hivatalos honlapja\",\"publisher\":{\"@id\":\"https:\\\/\\\/tiszacsege.hu\\\/#organization\"},\"potentialAction\":[{\"@type\":\"SearchAction\",\"target\":{\"@type\":\"EntryPoint\",\"urlTemplate\":\"https:\\\/\\\/tiszacsege.hu\\\/?s={search_term_string}\"},\"query-input\":{\"@type\":\"PropertyValueSpecification\",\"valueRequired\":true,\"valueName\":\"search_term_string\"}}],\"inLanguage\":\"hu\"},{\"@type\":\"Organization\",\"@id\":\"https:\\\/\\\/tiszacsege.hu\\\/#organization\",\"name\":\"Tiszacsege\",\"url\":\"https:\\\/\\\/tiszacsege.hu\\\/\",\"logo\":{\"@type\":\"ImageObject\",\"inLanguage\":\"hu\",\"@id\":\"https:\\\/\\\/tiszacsege.hu\\\/#\\\/schema\\\/logo\\\/image\\\/\",\"url\":\"https:\\\/\\\/tiszacsege.hu\\\/wp-content\\\/uploads\\\/2020\\\/10\\\/tiszacsege_logo_rovid2-1.png\",\"contentUrl\":\"https:\\\/\\\/tiszacsege.hu\\\/wp-content\\\/uploads\\\/2020\\\/10\\\/tiszacsege_logo_rovid2-1.png\",\"width\":500,\"height\":150,\"caption\":\"Tiszacsege\"},\"image\":{\"@id\":\"https:\\\/\\\/tiszacsege.hu\\\/#\\\/schema\\\/logo\\\/image\\\/\"},\"sameAs\":[\"https:\\\/\\\/www.facebook.com\\\/tiszacsegeonkormanyzata\"]},{\"@type\":\"Person\",\"@id\":\"https:\\\/\\\/tiszacsege.hu\\\/#\\\/schema\\\/person\\\/ff2f4e3a9747199f545a2cf351f25334\",\"name\":\"admin\",\"image\":{\"@type\":\"ImageObject\",\"inLanguage\":\"hu\",\"@id\":\"https:\\\/\\\/secure.gravatar.com\\\/avatar\\\/52224ccae048f9be8fd8d745a33eff630818f8bd5c43790479a2754dcef4b69b?s=96&d=mm&r=g\",\"url\":\"https:\\\/\\\/secure.gravatar.com\\\/avatar\\\/52224ccae048f9be8fd8d745a33eff630818f8bd5c43790479a2754dcef4b69b?s=96&d=mm&r=g\",\"contentUrl\":\"https:\\\/\\\/secure.gravatar.com\\\/avatar\\\/52224ccae048f9be8fd8d745a33eff630818f8bd5c43790479a2754dcef4b69b?s=96&d=mm&r=g\",\"caption\":\"admin\"},\"url\":\"https:\\\/\\\/tiszacsege.hu\\\/?author=1\"}]}<\/script>\n<!-- \/ Yoast SEO plugin. -->","yoast_head_json":{"title":"Igazgat\u00e1si sz\u00fcnet a Polg\u00e1rmesteri Hivatalban","robots":{"index":"index","follow":"follow","max-snippet":"max-snippet:-1","max-image-preview":"max-image-preview:large","max-video-preview":"max-video-preview:-1"},"canonical":"https:\/\/tiszacsege.hu\/?p=7612","og_locale":"hu_HU","og_type":"article","og_title":"Igazgat\u00e1si sz\u00fcnet a Polg\u00e1rmesteri Hivatalban","og_description":"Tisztelt \u00dcgyfeleink! &nbsp; T\u00e1j\u00e9koztatjuk \u00d6n\u00f6ket, hogy Tiszacsege V\u00e1ros\u00a0\u00d6nkorm\u00e1nyzat\u00e1nak K\u00e9pvisel\u0151-test\u00fclete\u00a020\/2015.(II. 25.) KT.\u00a0sz\u00e1m\u00fa hat\u00e1rozat\u00e1val\u00a0a Tiszacsegei Polg\u00e1rmesteri Hivatalban 2015. j\u00falius 20. napj\u00e1t\u00f3l &#8211; 2015.j\u00falius 31. napj\u00e1ig\u00a0 tart\u00f3 igazgat\u00e1si sz\u00fcnetet rendelt el, mely\u00a0id\u0151szak alatt a Hivatalunk z\u00e1rva tart. &nbsp; Halaszthatatlan esetben az al\u00e1bbi telefonsz\u00e1mok h\u00edvhat\u00f3ak: K\u00f6zponti \u00fcgyeleti telefonsz\u00e1munk:\u00a006 52\/588-400. Szil\u00e1gyi S\u00e1ndor polg\u00e1rmester\u00a006 30\/577-54-82 \/\u00a006 70\/902-09-40 Dr. Kert\u00e9sz Marianna jegyz\u0151\u00a006 [&hellip;]","og_url":"https:\/\/tiszacsege.hu\/?p=7612","og_site_name":"Tiszacsege","article_publisher":"https:\/\/www.facebook.com\/tiszacsegeonkormanyzata","article_published_time":"2015-07-15T06:51:30+00:00","og_image":[{"width":300,"height":170,"url":"https:\/\/tiszacsege.hu\/wp-content\/uploads\/2015\/03\/cimeres_onkormanyzat.png","type":"image\/png"}],"author":"admin","twitter_card":"summary_large_image","schema":{"@context":"https:\/\/schema.org","@graph":[{"@type":"Article","@id":"https:\/\/tiszacsege.hu\/?p=7612#article","isPartOf":{"@id":"https:\/\/tiszacsege.hu\/?p=7612"},"author":{"name":"admin","@id":"https:\/\/tiszacsege.hu\/#\/schema\/person\/ff2f4e3a9747199f545a2cf351f25334"},"headline":"Igazgat\u00e1si sz\u00fcnet a Polg\u00e1rmesteri Hivatalban","datePublished":"2015-07-15T06:51:30+00:00","mainEntityOfPage":{"@id":"https:\/\/tiszacsege.hu\/?p=7612"},"wordCount":122,"publisher":{"@id":"https:\/\/tiszacsege.hu\/#organization"},"image":{"@id":"https:\/\/tiszacsege.hu\/?p=7612#primaryimage"},"thumbnailUrl":"https:\/\/tiszacsege.hu\/wp-content\/uploads\/2015\/03\/cimeres_onkormanyzat.png","articleSection":["Helyi h\u00edrek, t\u00e1j\u00e9koztat\u00f3k"],"inLanguage":"hu"},{"@type":"WebPage","@id":"https:\/\/tiszacsege.hu\/?p=7612","url":"https:\/\/tiszacsege.hu\/?p=7612","name":"Igazgat\u00e1si sz\u00fcnet a Polg\u00e1rmesteri Hivatalban","isPartOf":{"@id":"https:\/\/tiszacsege.hu\/#website"},"primaryImageOfPage":{"@id":"https:\/\/tiszacsege.hu\/?p=7612#primaryimage"},"image":{"@id":"https:\/\/tiszacsege.hu\/?p=7612#primaryimage"},"thumbnailUrl":"https:\/\/tiszacsege.hu\/wp-content\/uploads\/2015\/03\/cimeres_onkormanyzat.png","datePublished":"2015-07-15T06:51:30+00:00","breadcrumb":{"@id":"https:\/\/tiszacsege.hu\/?p=7612#breadcrumb"},"inLanguage":"hu","potentialAction":[{"@type":"ReadAction","target":["https:\/\/tiszacsege.hu\/?p=7612"]}]},{"@type":"ImageObject","inLanguage":"hu","@id":"https:\/\/tiszacsege.hu\/?p=7612#primaryimage","url":"https:\/\/tiszacsege.hu\/wp-content\/uploads\/2015\/03\/cimeres_onkormanyzat.png","contentUrl":"https:\/\/tiszacsege.hu\/wp-content\/uploads\/2015\/03\/cimeres_onkormanyzat.png","width":300,"height":170},{"@type":"BreadcrumbList","@id":"https:\/\/tiszacsege.hu\/?p=7612#breadcrumb","itemListElement":[{"@type":"ListItem","position":1,"name":"Kezd\u0151lap","item":"https:\/\/tiszacsege.hu\/"},{"@type":"ListItem","position":2,"name":"Igazgat\u00e1si sz\u00fcnet a Polg\u00e1rmesteri Hivatalban"}]},{"@type":"WebSite","@id":"https:\/\/tiszacsege.hu\/#website","url":"https:\/\/tiszacsege.hu\/","name":"Tiszacsege","description":"Tiszacsege hivatalos honlapja","publisher":{"@id":"https:\/\/tiszacsege.hu\/#organization"},"potentialAction":[{"@type":"SearchAction","target":{"@type":"EntryPoint","urlTemplate":"https:\/\/tiszacsege.hu\/?s={search_term_string}"},"query-input":{"@type":"PropertyValueSpecification","valueRequired":true,"valueName":"search_term_string"}}],"inLanguage":"hu"},{"@type":"Organization","@id":"https:\/\/tiszacsege.hu\/#organization","name":"Tiszacsege","url":"https:\/\/tiszacsege.hu\/","logo":{"@type":"ImageObject","inLanguage":"hu","@id":"https:\/\/tiszacsege.hu\/#\/schema\/logo\/image\/","url":"https:\/\/tiszacsege.hu\/wp-content\/uploads\/2020\/10\/tiszacsege_logo_rovid2-1.png","contentUrl":"https:\/\/tiszacsege.hu\/wp-content\/uploads\/2020\/10\/tiszacsege_logo_rovid2-1.png","width":500,"height":150,"caption":"Tiszacsege"},"image":{"@id":"https:\/\/tiszacsege.hu\/#\/schema\/logo\/image\/"},"sameAs":["https:\/\/www.facebook.com\/tiszacsegeonkormanyzata"]},{"@type":"Person","@id":"https:\/\/tiszacsege.hu\/#\/schema\/person\/ff2f4e3a9747199f545a2cf351f25334","name":"admin","image":{"@type":"ImageObject","inLanguage":"hu","@id":"https:\/\/secure.gravatar.com\/avatar\/52224ccae048f9be8fd8d745a33eff630818f8bd5c43790479a2754dcef4b69b?s=96&d=mm&r=g","url":"https:\/\/secure.gravatar.com\/avatar\/52224ccae048f9be8fd8d745a33eff630818f8bd5c43790479a2754dcef4b69b?s=96&d=mm&r=g","contentUrl":"https:\/\/secure.gravatar.com\/avatar\/52224ccae048f9be8fd8d745a33eff630818f8bd5c43790479a2754dcef4b69b?s=96&d=mm&r=g","caption":"admin"},"url":"https:\/\/tiszacsege.hu\/?author=1"}]}},"_links":{"self":[{"href":"https:\/\/tiszacsege.hu\/index.php?rest_route=\/wp\/v2\/posts\/7612","targetHints":{"allow":["GET"]}}],"collection":[{"href":"https:\/\/tiszacsege.hu\/index.php?rest_route=\/wp\/v2\/posts"}],"about":[{"href":"https:\/\/tiszacsege.hu\/index.php?rest_route=\/wp\/v2\/types\/post"}],"author":[{"embeddable":true,"href":"https:\/\/tiszacsege.hu\/index.php?rest_route=\/wp\/v2\/users\/1"}],"replies":[{"embeddable":true,"href":"https:\/\/tiszacsege.hu\/index.php?rest_route=%2Fwp%2Fv2%2Fcomments&post=7612"}],"version-history":[{"count":13,"href":"https:\/\/tiszacsege.hu\/index.php?rest_route=\/wp\/v2\/posts\/7612\/revisions"}],"predecessor-version":[{"id":7625,"href":"https:\/\/tiszacsege.hu\/index.php?rest_route=\/wp\/v2\/posts\/7612\/revisions\/7625"}],"wp:featuredmedia":[{"embeddable":true,"href":"https:\/\/tiszacsege.hu\/index.php?rest_route=\/wp\/v2\/media\/6995"}],"wp:attachment":[{"href":"https:\/\/tiszacsege.hu\/index.php?rest_route=%2Fwp%2Fv2%2Fmedia&parent=7612"}],"wp:term":[{"taxonomy":"category","embeddable":true,"href":"https:\/\/tiszacsege.hu\/index.php?rest_route=%2Fwp%2Fv2%2Fcategories&post=7612"},{"taxonomy":"post_tag","embeddable":true,"href":"https:\/\/tiszacsege.hu\/index.php?rest_route=%2Fwp%2Fv2%2Ftags&post=7612"},{"taxonomy":"post_folder","embeddable":true,"href":"https:\/\/tiszacsege.hu\/index.php?rest_route=%2Fwp%2Fv2%2Fpost_folder&post=7612"}],"curies":[{"name":"wp","href":"https:\/\/api.w.org\/{rel}","templated":true}]}}