{"id":8314,"date":"2015-10-22T11:49:57","date_gmt":"2015-10-22T09:49:57","guid":{"rendered":"http:\/\/tiszacsege.hu\/?p=8314"},"modified":"2015-10-22T22:05:54","modified_gmt":"2015-10-22T20:05:54","slug":"meghivo-anyanyelvi-neveles-kisgyermekkorban","status":"publish","type":"post","link":"https:\/\/tiszacsege.hu\/?p=8314","title":{"rendered":"Megh\u00edv\u00f3 &#8211; Anyanyelvi nevel\u00e9s kisgyermekkorban"},"content":{"rendered":"<h3 style=\"text-align: left;\">Tisztelt kisgyermekes Sz\u00fcl\u0151k \u00e9s gyermekeik!<\/h3>\n<p style=\"text-align: left;\">Szeretettel megh\u00edvjuk \u00f6n\u00f6ket 2015. okt\u00f3ber 26.-\u00e1n. \/h\u00e9tf\u0151n\/ 15<sup>30<\/sup>-16<sup>30<\/sup>-ig megrendez\u00e9sre ker\u00fcl\u0151 Csal\u00e1di d\u00e9lut\u00e1nra, melynek programja:<\/p>\n<h4 style=\"padding-left: 60px;\">Hogyan seg\u00edts\u00fck el\u0151 gyermek\u00fcnk\u00a0Sz\u00f3k\u00e9szlet\u00e9nek b\u0151v\u00fcl\u00e9s\u00e9t ?<\/h4>\n<h4 style=\"padding-left: 60px;\">Anyanyelvi nevel\u00e9s kisgyermekkorban.<\/h4>\n<p style=\"text-align: left;\">Szeretettel v\u00e1rjuk az \u00e9rdekl\u0151d\u0151ket!<\/p>\n<p style=\"text-align: left;\">0-6 \u00e9ves kor\u00fa gyermekek \u00e9s sz\u00fcleik megjelen\u00e9s\u00e9re sz\u00e1m\u00edtunk.<\/p>\n<p>Helysz\u00edn: Napsug\u00e1r B\u00f6lcs\u0151de-cica csoport.<\/p>\n","protected":false},"excerpt":{"rendered":"<p>Tisztelt kisgyermekes Sz\u00fcl\u0151k \u00e9s gyermekeik! Szeretettel megh\u00edvjuk \u00f6n\u00f6ket 2015. okt\u00f3ber 26.-\u00e1n. \/h\u00e9tf\u0151n\/ 1530-1630-ig megrendez\u00e9sre ker\u00fcl\u0151 Csal\u00e1di d\u00e9lut\u00e1nra, melynek programja: Hogyan seg\u00edts\u00fck el\u0151 gyermek\u00fcnk\u00a0Sz\u00f3k\u00e9szlet\u00e9nek b\u0151v\u00fcl\u00e9s\u00e9t ? Anyanyelvi nevel\u00e9s kisgyermekkorban. Szeretettel v\u00e1rjuk az \u00e9rdekl\u0151d\u0151ket! 0-6 \u00e9ves kor\u00fa gyermekek \u00e9s sz\u00fcleik megjelen\u00e9s\u00e9re sz\u00e1m\u00edtunk. Helysz\u00edn: Napsug\u00e1r B\u00f6lcs\u0151de-cica csoport.<\/p>\n","protected":false},"author":1,"featured_media":8325,"comment_status":"closed","ping_status":"open","sticky":false,"template":"","format":"standard","meta":{"_editorskit_title_hidden":false,"_editorskit_reading_time":0,"_editorskit_is_block_options_detached":false,"_editorskit_block_options_position":"{}","_crdt_document":"","footnotes":""},"categories":[1,6],"tags":[],"post_folder":[],"class_list":["post-8314","post","type-post","status-publish","format-standard","has-post-thumbnail","hentry","category-hirek","category-programok"],"yoast_head":"<!-- This site is optimized with the Yoast SEO plugin v27.5 - https:\/\/yoast.com\/product\/yoast-seo-wordpress\/ -->\n<title>Megh\u00edv\u00f3 - Anyanyelvi nevel\u00e9s kisgyermekkorban<\/title>\n<meta name=\"robots\" content=\"index, follow, max-snippet:-1, max-image-preview:large, max-video-preview:-1\" \/>\n<link rel=\"canonical\" href=\"https:\/\/tiszacsege.hu\/?p=8314\" \/>\n<meta property=\"og:locale\" content=\"hu_HU\" \/>\n<meta property=\"og:type\" content=\"article\" \/>\n<meta property=\"og:title\" content=\"Megh\u00edv\u00f3 - Anyanyelvi nevel\u00e9s kisgyermekkorban\" \/>\n<meta property=\"og:description\" content=\"Tisztelt kisgyermekes Sz\u00fcl\u0151k \u00e9s gyermekeik! Szeretettel megh\u00edvjuk \u00f6n\u00f6ket 2015. okt\u00f3ber 26.-\u00e1n. \/h\u00e9tf\u0151n\/ 1530-1630-ig megrendez\u00e9sre ker\u00fcl\u0151 Csal\u00e1di d\u00e9lut\u00e1nra, melynek programja: Hogyan seg\u00edts\u00fck el\u0151 gyermek\u00fcnk\u00a0Sz\u00f3k\u00e9szlet\u00e9nek b\u0151v\u00fcl\u00e9s\u00e9t ? Anyanyelvi nevel\u00e9s kisgyermekkorban. Szeretettel v\u00e1rjuk az \u00e9rdekl\u0151d\u0151ket! 0-6 \u00e9ves kor\u00fa gyermekek \u00e9s sz\u00fcleik megjelen\u00e9s\u00e9re sz\u00e1m\u00edtunk. Helysz\u00edn: Napsug\u00e1r B\u00f6lcs\u0151de-cica csoport.\" \/>\n<meta property=\"og:url\" content=\"https:\/\/tiszacsege.hu\/?p=8314\" \/>\n<meta property=\"og:site_name\" content=\"Tiszacsege\" \/>\n<meta property=\"article:publisher\" content=\"https:\/\/www.facebook.com\/tiszacsegeonkormanyzata\" \/>\n<meta property=\"article:published_time\" content=\"2015-10-22T09:49:57+00:00\" \/>\n<meta property=\"article:modified_time\" content=\"2015-10-22T20:05:54+00:00\" \/>\n<meta property=\"og:image\" content=\"https:\/\/tiszacsege.hu\/wp-content\/uploads\/2015\/10\/DSCF2729.1681754_std.jpg\" \/>\n\t<meta property=\"og:image:width\" content=\"800\" \/>\n\t<meta property=\"og:image:height\" content=\"600\" \/>\n\t<meta property=\"og:image:type\" content=\"image\/jpeg\" \/>\n<meta name=\"author\" content=\"admin\" \/>\n<meta name=\"twitter:card\" content=\"summary_large_image\" \/>\n<script type=\"application\/ld+json\" class=\"yoast-schema-graph\">{\"@context\":\"https:\\\/\\\/schema.org\",\"@graph\":[{\"@type\":\"Article\",\"@id\":\"https:\\\/\\\/tiszacsege.hu\\\/?p=8314#article\",\"isPartOf\":{\"@id\":\"https:\\\/\\\/tiszacsege.hu\\\/?p=8314\"},\"author\":{\"name\":\"admin\",\"@id\":\"https:\\\/\\\/tiszacsege.hu\\\/#\\\/schema\\\/person\\\/ff2f4e3a9747199f545a2cf351f25334\"},\"headline\":\"Megh\u00edv\u00f3 &#8211; Anyanyelvi nevel\u00e9s kisgyermekkorban\",\"datePublished\":\"2015-10-22T09:49:57+00:00\",\"dateModified\":\"2015-10-22T20:05:54+00:00\",\"mainEntityOfPage\":{\"@id\":\"https:\\\/\\\/tiszacsege.hu\\\/?p=8314\"},\"wordCount\":87,\"publisher\":{\"@id\":\"https:\\\/\\\/tiszacsege.hu\\\/#organization\"},\"image\":{\"@id\":\"https:\\\/\\\/tiszacsege.hu\\\/?p=8314#primaryimage\"},\"thumbnailUrl\":\"https:\\\/\\\/tiszacsege.hu\\\/wp-content\\\/uploads\\\/2015\\\/10\\\/DSCF2729.1681754_std.jpg\",\"articleSection\":[\"Helyi h\u00edrek, t\u00e1j\u00e9koztat\u00f3k\",\"Programok\"],\"inLanguage\":\"hu\"},{\"@type\":\"WebPage\",\"@id\":\"https:\\\/\\\/tiszacsege.hu\\\/?p=8314\",\"url\":\"https:\\\/\\\/tiszacsege.hu\\\/?p=8314\",\"name\":\"Megh\u00edv\u00f3 - Anyanyelvi nevel\u00e9s kisgyermekkorban\",\"isPartOf\":{\"@id\":\"https:\\\/\\\/tiszacsege.hu\\\/#website\"},\"primaryImageOfPage\":{\"@id\":\"https:\\\/\\\/tiszacsege.hu\\\/?p=8314#primaryimage\"},\"image\":{\"@id\":\"https:\\\/\\\/tiszacsege.hu\\\/?p=8314#primaryimage\"},\"thumbnailUrl\":\"https:\\\/\\\/tiszacsege.hu\\\/wp-content\\\/uploads\\\/2015\\\/10\\\/DSCF2729.1681754_std.jpg\",\"datePublished\":\"2015-10-22T09:49:57+00:00\",\"dateModified\":\"2015-10-22T20:05:54+00:00\",\"breadcrumb\":{\"@id\":\"https:\\\/\\\/tiszacsege.hu\\\/?p=8314#breadcrumb\"},\"inLanguage\":\"hu\",\"potentialAction\":[{\"@type\":\"ReadAction\",\"target\":[\"https:\\\/\\\/tiszacsege.hu\\\/?p=8314\"]}]},{\"@type\":\"ImageObject\",\"inLanguage\":\"hu\",\"@id\":\"https:\\\/\\\/tiszacsege.hu\\\/?p=8314#primaryimage\",\"url\":\"https:\\\/\\\/tiszacsege.hu\\\/wp-content\\\/uploads\\\/2015\\\/10\\\/DSCF2729.1681754_std.jpg\",\"contentUrl\":\"https:\\\/\\\/tiszacsege.hu\\\/wp-content\\\/uploads\\\/2015\\\/10\\\/DSCF2729.1681754_std.jpg\",\"width\":800,\"height\":600},{\"@type\":\"BreadcrumbList\",\"@id\":\"https:\\\/\\\/tiszacsege.hu\\\/?p=8314#breadcrumb\",\"itemListElement\":[{\"@type\":\"ListItem\",\"position\":1,\"name\":\"Kezd\u0151lap\",\"item\":\"https:\\\/\\\/tiszacsege.hu\\\/\"},{\"@type\":\"ListItem\",\"position\":2,\"name\":\"Megh\u00edv\u00f3 &#8211; Anyanyelvi nevel\u00e9s kisgyermekkorban\"}]},{\"@type\":\"WebSite\",\"@id\":\"https:\\\/\\\/tiszacsege.hu\\\/#website\",\"url\":\"https:\\\/\\\/tiszacsege.hu\\\/\",\"name\":\"Tiszacsege\",\"description\":\"Tiszacsege hivatalos honlapja\",\"publisher\":{\"@id\":\"https:\\\/\\\/tiszacsege.hu\\\/#organization\"},\"potentialAction\":[{\"@type\":\"SearchAction\",\"target\":{\"@type\":\"EntryPoint\",\"urlTemplate\":\"https:\\\/\\\/tiszacsege.hu\\\/?s={search_term_string}\"},\"query-input\":{\"@type\":\"PropertyValueSpecification\",\"valueRequired\":true,\"valueName\":\"search_term_string\"}}],\"inLanguage\":\"hu\"},{\"@type\":\"Organization\",\"@id\":\"https:\\\/\\\/tiszacsege.hu\\\/#organization\",\"name\":\"Tiszacsege\",\"url\":\"https:\\\/\\\/tiszacsege.hu\\\/\",\"logo\":{\"@type\":\"ImageObject\",\"inLanguage\":\"hu\",\"@id\":\"https:\\\/\\\/tiszacsege.hu\\\/#\\\/schema\\\/logo\\\/image\\\/\",\"url\":\"https:\\\/\\\/tiszacsege.hu\\\/wp-content\\\/uploads\\\/2020\\\/10\\\/tiszacsege_logo_rovid2-1.png\",\"contentUrl\":\"https:\\\/\\\/tiszacsege.hu\\\/wp-content\\\/uploads\\\/2020\\\/10\\\/tiszacsege_logo_rovid2-1.png\",\"width\":500,\"height\":150,\"caption\":\"Tiszacsege\"},\"image\":{\"@id\":\"https:\\\/\\\/tiszacsege.hu\\\/#\\\/schema\\\/logo\\\/image\\\/\"},\"sameAs\":[\"https:\\\/\\\/www.facebook.com\\\/tiszacsegeonkormanyzata\"]},{\"@type\":\"Person\",\"@id\":\"https:\\\/\\\/tiszacsege.hu\\\/#\\\/schema\\\/person\\\/ff2f4e3a9747199f545a2cf351f25334\",\"name\":\"admin\",\"image\":{\"@type\":\"ImageObject\",\"inLanguage\":\"hu\",\"@id\":\"https:\\\/\\\/secure.gravatar.com\\\/avatar\\\/52224ccae048f9be8fd8d745a33eff630818f8bd5c43790479a2754dcef4b69b?s=96&d=mm&r=g\",\"url\":\"https:\\\/\\\/secure.gravatar.com\\\/avatar\\\/52224ccae048f9be8fd8d745a33eff630818f8bd5c43790479a2754dcef4b69b?s=96&d=mm&r=g\",\"contentUrl\":\"https:\\\/\\\/secure.gravatar.com\\\/avatar\\\/52224ccae048f9be8fd8d745a33eff630818f8bd5c43790479a2754dcef4b69b?s=96&d=mm&r=g\",\"caption\":\"admin\"},\"url\":\"https:\\\/\\\/tiszacsege.hu\\\/?author=1\"}]}<\/script>\n<!-- \/ Yoast SEO plugin. -->","yoast_head_json":{"title":"Megh\u00edv\u00f3 - Anyanyelvi nevel\u00e9s kisgyermekkorban","robots":{"index":"index","follow":"follow","max-snippet":"max-snippet:-1","max-image-preview":"max-image-preview:large","max-video-preview":"max-video-preview:-1"},"canonical":"https:\/\/tiszacsege.hu\/?p=8314","og_locale":"hu_HU","og_type":"article","og_title":"Megh\u00edv\u00f3 - Anyanyelvi nevel\u00e9s kisgyermekkorban","og_description":"Tisztelt kisgyermekes Sz\u00fcl\u0151k \u00e9s gyermekeik! Szeretettel megh\u00edvjuk \u00f6n\u00f6ket 2015. okt\u00f3ber 26.-\u00e1n. \/h\u00e9tf\u0151n\/ 1530-1630-ig megrendez\u00e9sre ker\u00fcl\u0151 Csal\u00e1di d\u00e9lut\u00e1nra, melynek programja: Hogyan seg\u00edts\u00fck el\u0151 gyermek\u00fcnk\u00a0Sz\u00f3k\u00e9szlet\u00e9nek b\u0151v\u00fcl\u00e9s\u00e9t ? Anyanyelvi nevel\u00e9s kisgyermekkorban. Szeretettel v\u00e1rjuk az \u00e9rdekl\u0151d\u0151ket! 0-6 \u00e9ves kor\u00fa gyermekek \u00e9s sz\u00fcleik megjelen\u00e9s\u00e9re sz\u00e1m\u00edtunk. Helysz\u00edn: Napsug\u00e1r B\u00f6lcs\u0151de-cica csoport.","og_url":"https:\/\/tiszacsege.hu\/?p=8314","og_site_name":"Tiszacsege","article_publisher":"https:\/\/www.facebook.com\/tiszacsegeonkormanyzata","article_published_time":"2015-10-22T09:49:57+00:00","article_modified_time":"2015-10-22T20:05:54+00:00","og_image":[{"width":800,"height":600,"url":"https:\/\/tiszacsege.hu\/wp-content\/uploads\/2015\/10\/DSCF2729.1681754_std.jpg","type":"image\/jpeg"}],"author":"admin","twitter_card":"summary_large_image","schema":{"@context":"https:\/\/schema.org","@graph":[{"@type":"Article","@id":"https:\/\/tiszacsege.hu\/?p=8314#article","isPartOf":{"@id":"https:\/\/tiszacsege.hu\/?p=8314"},"author":{"name":"admin","@id":"https:\/\/tiszacsege.hu\/#\/schema\/person\/ff2f4e3a9747199f545a2cf351f25334"},"headline":"Megh\u00edv\u00f3 &#8211; Anyanyelvi nevel\u00e9s kisgyermekkorban","datePublished":"2015-10-22T09:49:57+00:00","dateModified":"2015-10-22T20:05:54+00:00","mainEntityOfPage":{"@id":"https:\/\/tiszacsege.hu\/?p=8314"},"wordCount":87,"publisher":{"@id":"https:\/\/tiszacsege.hu\/#organization"},"image":{"@id":"https:\/\/tiszacsege.hu\/?p=8314#primaryimage"},"thumbnailUrl":"https:\/\/tiszacsege.hu\/wp-content\/uploads\/2015\/10\/DSCF2729.1681754_std.jpg","articleSection":["Helyi h\u00edrek, t\u00e1j\u00e9koztat\u00f3k","Programok"],"inLanguage":"hu"},{"@type":"WebPage","@id":"https:\/\/tiszacsege.hu\/?p=8314","url":"https:\/\/tiszacsege.hu\/?p=8314","name":"Megh\u00edv\u00f3 - Anyanyelvi nevel\u00e9s kisgyermekkorban","isPartOf":{"@id":"https:\/\/tiszacsege.hu\/#website"},"primaryImageOfPage":{"@id":"https:\/\/tiszacsege.hu\/?p=8314#primaryimage"},"image":{"@id":"https:\/\/tiszacsege.hu\/?p=8314#primaryimage"},"thumbnailUrl":"https:\/\/tiszacsege.hu\/wp-content\/uploads\/2015\/10\/DSCF2729.1681754_std.jpg","datePublished":"2015-10-22T09:49:57+00:00","dateModified":"2015-10-22T20:05:54+00:00","breadcrumb":{"@id":"https:\/\/tiszacsege.hu\/?p=8314#breadcrumb"},"inLanguage":"hu","potentialAction":[{"@type":"ReadAction","target":["https:\/\/tiszacsege.hu\/?p=8314"]}]},{"@type":"ImageObject","inLanguage":"hu","@id":"https:\/\/tiszacsege.hu\/?p=8314#primaryimage","url":"https:\/\/tiszacsege.hu\/wp-content\/uploads\/2015\/10\/DSCF2729.1681754_std.jpg","contentUrl":"https:\/\/tiszacsege.hu\/wp-content\/uploads\/2015\/10\/DSCF2729.1681754_std.jpg","width":800,"height":600},{"@type":"BreadcrumbList","@id":"https:\/\/tiszacsege.hu\/?p=8314#breadcrumb","itemListElement":[{"@type":"ListItem","position":1,"name":"Kezd\u0151lap","item":"https:\/\/tiszacsege.hu\/"},{"@type":"ListItem","position":2,"name":"Megh\u00edv\u00f3 &#8211; Anyanyelvi nevel\u00e9s kisgyermekkorban"}]},{"@type":"WebSite","@id":"https:\/\/tiszacsege.hu\/#website","url":"https:\/\/tiszacsege.hu\/","name":"Tiszacsege","description":"Tiszacsege hivatalos honlapja","publisher":{"@id":"https:\/\/tiszacsege.hu\/#organization"},"potentialAction":[{"@type":"SearchAction","target":{"@type":"EntryPoint","urlTemplate":"https:\/\/tiszacsege.hu\/?s={search_term_string}"},"query-input":{"@type":"PropertyValueSpecification","valueRequired":true,"valueName":"search_term_string"}}],"inLanguage":"hu"},{"@type":"Organization","@id":"https:\/\/tiszacsege.hu\/#organization","name":"Tiszacsege","url":"https:\/\/tiszacsege.hu\/","logo":{"@type":"ImageObject","inLanguage":"hu","@id":"https:\/\/tiszacsege.hu\/#\/schema\/logo\/image\/","url":"https:\/\/tiszacsege.hu\/wp-content\/uploads\/2020\/10\/tiszacsege_logo_rovid2-1.png","contentUrl":"https:\/\/tiszacsege.hu\/wp-content\/uploads\/2020\/10\/tiszacsege_logo_rovid2-1.png","width":500,"height":150,"caption":"Tiszacsege"},"image":{"@id":"https:\/\/tiszacsege.hu\/#\/schema\/logo\/image\/"},"sameAs":["https:\/\/www.facebook.com\/tiszacsegeonkormanyzata"]},{"@type":"Person","@id":"https:\/\/tiszacsege.hu\/#\/schema\/person\/ff2f4e3a9747199f545a2cf351f25334","name":"admin","image":{"@type":"ImageObject","inLanguage":"hu","@id":"https:\/\/secure.gravatar.com\/avatar\/52224ccae048f9be8fd8d745a33eff630818f8bd5c43790479a2754dcef4b69b?s=96&d=mm&r=g","url":"https:\/\/secure.gravatar.com\/avatar\/52224ccae048f9be8fd8d745a33eff630818f8bd5c43790479a2754dcef4b69b?s=96&d=mm&r=g","contentUrl":"https:\/\/secure.gravatar.com\/avatar\/52224ccae048f9be8fd8d745a33eff630818f8bd5c43790479a2754dcef4b69b?s=96&d=mm&r=g","caption":"admin"},"url":"https:\/\/tiszacsege.hu\/?author=1"}]}},"_links":{"self":[{"href":"https:\/\/tiszacsege.hu\/index.php?rest_route=\/wp\/v2\/posts\/8314","targetHints":{"allow":["GET"]}}],"collection":[{"href":"https:\/\/tiszacsege.hu\/index.php?rest_route=\/wp\/v2\/posts"}],"about":[{"href":"https:\/\/tiszacsege.hu\/index.php?rest_route=\/wp\/v2\/types\/post"}],"author":[{"embeddable":true,"href":"https:\/\/tiszacsege.hu\/index.php?rest_route=\/wp\/v2\/users\/1"}],"replies":[{"embeddable":true,"href":"https:\/\/tiszacsege.hu\/index.php?rest_route=%2Fwp%2Fv2%2Fcomments&post=8314"}],"version-history":[{"count":10,"href":"https:\/\/tiszacsege.hu\/index.php?rest_route=\/wp\/v2\/posts\/8314\/revisions"}],"predecessor-version":[{"id":8324,"href":"https:\/\/tiszacsege.hu\/index.php?rest_route=\/wp\/v2\/posts\/8314\/revisions\/8324"}],"wp:featuredmedia":[{"embeddable":true,"href":"https:\/\/tiszacsege.hu\/index.php?rest_route=\/wp\/v2\/media\/8325"}],"wp:attachment":[{"href":"https:\/\/tiszacsege.hu\/index.php?rest_route=%2Fwp%2Fv2%2Fmedia&parent=8314"}],"wp:term":[{"taxonomy":"category","embeddable":true,"href":"https:\/\/tiszacsege.hu\/index.php?rest_route=%2Fwp%2Fv2%2Fcategories&post=8314"},{"taxonomy":"post_tag","embeddable":true,"href":"https:\/\/tiszacsege.hu\/index.php?rest_route=%2Fwp%2Fv2%2Ftags&post=8314"},{"taxonomy":"post_folder","embeddable":true,"href":"https:\/\/tiszacsege.hu\/index.php?rest_route=%2Fwp%2Fv2%2Fpost_folder&post=8314"}],"curies":[{"name":"wp","href":"https:\/\/api.w.org\/{rel}","templated":true}]}}