{"id":9352,"date":"2016-04-07T09:13:12","date_gmt":"2016-04-07T07:13:12","guid":{"rendered":"http:\/\/tiszacsege.hu\/?p=9352"},"modified":"2016-04-07T09:13:12","modified_gmt":"2016-04-07T07:13:12","slug":"lakossagi-felhivas-az-erdo-es-szabadteri-tuzek-megelozesere","status":"publish","type":"post","link":"https:\/\/tiszacsege.hu\/?p=9352","title":{"rendered":"Lakoss\u00e1gi felh\u00edv\u00e1s az erd\u0151- \u00e9s szabadt\u00e9ri t\u00fczek megel\u0151z\u00e9s\u00e9re"},"content":{"rendered":"<h2 style=\"text-align: center;\"><strong>LAKOSS\u00c1GI FELH\u00cdV\u00c1S<\/strong><\/h2>\n<h2 style=\"text-align: center;\"><strong>\u00a0<\/strong><\/h2>\n<h2 style=\"text-align: center;\"><strong>az erd\u0151- \u00e9s szabadt\u00e9ri t\u00fczek megel\u0151z\u00e9s\u00e9re<\/strong><\/h2>\n<p>&nbsp;<\/p>\n<p>&nbsp;<\/p>\n<p style=\"text-align: justify;\">Az enyh\u00e9bb tavaszi id\u0151j\u00e1r\u00e1s bek\u00f6sz\u00f6nt\u00e9vel egyre t\u00f6bben v\u00e1lasztanak szabadt\u00e9ri programot \u00e9s tev\u00e9kenys\u00e9get, ennek sor\u00e1n fokozottabb figyelmet kell ford\u00edtani a szabadban keletkez\u0151 t\u00fczek megel\u0151z\u00e9s\u00e9re. A vesz\u00e9lyt a sz\u00e1raz aljn\u00f6v\u00e9nyzet \u00e9s avar jelenti, amelyben k\u00f6nnyen \u00e9s gyorsan terjed a t\u0171z, k\u00fcl\u00f6n\u00f6sen er\u0151s sz\u00e9l eset\u00e9n. A szabadt\u00e9ri t\u0171zesetek keletkez\u00e9s\u00e9nek f\u0151 oka az emberi gondatlans\u00e1g. A k\u00e1rok akkor el\u0151zhet\u0151ek meg a legk\u00f6nnyebben, ha tiszt\u00e1ban vagyunk a biztons\u00e1gos szabadt\u00e9ri t\u0171zgy\u00fajt\u00e1s \u00e9s a t\u0171zmegel\u0151z\u00e9s alapvet\u0151 szab\u00e1lyaival.<\/p>\n<p>&nbsp;<\/p>\n<p style=\"text-align: justify;\">A leveg\u0151 v\u00e9delm\u00e9r\u0151l sz\u00f3l\u00f3 306\/2010. (XII. 23.) Korm. rendelet \u00e9rtelm\u00e9ben tilos a n\u00f6v\u00e9nyzet, illetve a n\u00f6v\u00e9nytermeszt\u00e9ssel \u00f6sszef\u00fcgg\u00e9sben keletkezett, vagy kerti hullad\u00e9k szabadt\u00e9ri \u00e9get\u00e9se, kiv\u00e9ve, ha azt k\u00fcl\u00f6n jogszab\u00e1ly \u2013 pl. n\u00f6v\u00e9ny eg\u00e9szs\u00e9g\u00fcgyi okb\u00f3l hat\u00f3s\u00e1gi enged\u00e9ly beszerz\u00e9se mellett \u2013 megengedi. <strong>Avar \u00e9s kerti hullad\u00e9k \u00e9get\u00e9s\u00e9t csak az adott telep\u00fcl\u00e9s \u00f6nkorm\u00e1nyzata enged\u00e9lyezheti rendelet\u00e9ben<\/strong>, <strong>de \u00e9getni ebben az esetben is csak a rendeletben meghat\u00e1rozott helyen, napokon \u00e9s m\u00f3don szabad<\/strong>. K\u00fclter\u00fcleti ingatlanok eset\u00e9ben, amennyiben az \u00e9get\u00e9st jogszab\u00e1ly megengedi, el\u0151zetesen enged\u00e9lyeztetni kell a t\u0171zv\u00e9delmi hat\u00f3s\u00e1ggal (ir\u00e1ny\u00edtott \u00e9get\u00e9s). Tov\u00e1bbra is megengedett a kerti grillez\u00e9s \u00e9s a t\u0171z\u00f6n t\u00f6rt\u00e9n\u0151 s\u00fct\u00e9s-f\u0151z\u00e9s a t\u0171z \u00e1lland\u00f3 fel\u00fcgyelete mellett.<\/p>\n<p>&nbsp;<\/p>\n<p style=\"text-align: justify;\">A szabadt\u00e9ri t\u0171zgy\u00fajt\u00e1s felt\u00e9teleit az Orsz\u00e1gos T\u0171zv\u00e9delmi Szab\u00e1lyzatr\u00f3l sz\u00f3l\u00f3 54\/2014. (XII. 5.) BM rendelet tartalmazza. A szabadban meggy\u00fajtott t\u00fczet soha ne hagyjuk fel\u00fcgyelet n\u00e9lk\u00fcl \u00e9s minden esetben gondoskodjunk megfelel\u0151 mennyis\u00e9g\u0171 olt\u00f3anyagr\u00f3l. Mindig legyen n\u00e1lunk a t\u0171z olt\u00e1s\u00e1ra alkalmas k\u00e9zi szersz\u00e1m, \u00e9s csak akkora t\u00fczet gy\u00fajtsunk, amekkor\u00e1t folyamatosan fel\u00fcgyelet\u00fcnk alatt tudunk tartani. T\u00e1j\u00e9koz\u00f3djunk a v\u00e1rhat\u00f3 id\u0151j\u00e1r\u00e1sr\u00f3l, mert a sz\u00e9l kedvez a t\u0171z gyors tov\u00e1bbterjed\u00e9s\u00e9nek. A fel\u00fcgyelet n\u00e9lk\u00fcl hagyott t\u0171z k\u00f6nnyen tov\u00e1bbterjedhet \u00e9s \u00e9letvesz\u00e9lyt jelent\u0151, vagy s\u00falyos k\u00e1rt okoz\u00f3 t\u00fczek forr\u00e1s\u00e1v\u00e1 v\u00e1lhat.<\/p>\n<p>&nbsp;<\/p>\n<p style=\"text-align: justify;\">A szabadt\u00e9ri t\u0171z kock\u00e1zata jelent\u0151sen f\u00fcgg az id\u0151j\u00e1r\u00e1si viszonyokt\u00f3l, a sz\u00e1raz \u00e9s szeles id\u0151j\u00e1r\u00e1s el\u0151seg\u00edti a t\u0171z kialakul\u00e1s\u00e1t, tov\u00e1bbterjed\u00e9s\u00e9t. Erd\u0151t\u0171z-vesz\u00e9lyes id\u0151szakban orsz\u00e1gos szinten a vid\u00e9kfejleszt\u00e9si miniszter, ter\u00fcleti szinten az erd\u00e9szeti hat\u00f3s\u00e1g t\u0171zgy\u00fajt\u00e1si tilalmat rendelhet el, mely eset\u00e9n az \u00e9rintett ter\u00fcleten akkor is tilos a t\u0171zgy\u00fajt\u00e1s \u2013 bele\u00e9rtve a kijel\u00f6lt t\u0171zrak\u00f3helyeket is \u2013, ha azt egy\u00e9bk\u00e9nt m\u00e1s jogszab\u00e1ly megengedi.<\/p>\n<p>&nbsp;<\/p>\n<p style=\"text-align: justify;\">A jogszab\u00e1lyi tilalom ellen\u00e9re, illetve jogszab\u00e1lyt\u00f3l elt\u00e9r\u0151 vagy hat\u00f3s\u00e1gi enged\u00e9ly hi\u00e1ny\u00e1ban v\u00e9gzett t\u0171zgy\u00fajt\u00e1si tev\u00e9kenys\u00e9g miatt az \u00f6nkorm\u00e1nyzat, a k\u00f6rnyezetv\u00e9delmi hat\u00f3s\u00e1g \u00e9s a t\u0171zv\u00e9delmi hat\u00f3s\u00e1g b\u00edrs\u00e1got szabhat ki.<\/p>\n<p>&nbsp;<\/p>\n<p style=\"text-align: justify;\">T\u0171zgy\u00fajt\u00e1si tilalommal \u00e9s erd\u0151t\u00fczekkel kapcsolatos tov\u00e1bbi inform\u00e1ci\u00f3k\u00e9rt keresse fel a katasztr\u00f3fav\u00e9delem oldalait (<a href=\"http:\/\/www.katasztrofavedelem.hu\/\">http:\/\/www.katasztrofavedelem.hu<\/a>, <a href=\"http:\/\/.....katasztrofavedelem.hu\">http:\/\/katasztrofavedelem.hu<\/a> ), vagy a N\u00c9BIH Erd\u00e9szeti Igazgat\u00f3s\u00e1g honlapj\u00e1t (<a href=\"http:\/\/www.erdotuz.hu\">www.erdotuz.hu<\/a>). Az Orsz\u00e1gos T\u0171zmegel\u0151z\u00e9si Bizotts\u00e1g t\u00e1j\u00e9koztat\u00f3 kisfilmjei az al\u00e1bbi linkeken tekinthet\u0151ek meg:<\/p>\n<p><a href=\"http:\/\/www.katasztrofavedelem.hu\/index2.php?pageid=press_video_index2&amp;vid=39\">http:\/\/www.katasztrofavedelem.hu\/index2.php?pageid=press_video_index2&amp;vid=39<\/a><\/p>\n<p><a href=\"http:\/\/www.katasztrofavedelem.hu\/index2.php?pageid=press_video_index2&amp;vid=32\">http:\/\/www.katasztrofavedelem.hu\/index2.php?pageid=press_video_index2&amp;vid=32<\/a><\/p>\n","protected":false},"excerpt":{"rendered":"<p>LAKOSS\u00c1GI FELH\u00cdV\u00c1S \u00a0 az erd\u0151- \u00e9s szabadt\u00e9ri t\u00fczek megel\u0151z\u00e9s\u00e9re &nbsp; &nbsp; Az enyh\u00e9bb tavaszi id\u0151j\u00e1r\u00e1s bek\u00f6sz\u00f6nt\u00e9vel egyre t\u00f6bben v\u00e1lasztanak szabadt\u00e9ri programot \u00e9s tev\u00e9kenys\u00e9get, ennek sor\u00e1n fokozottabb figyelmet kell ford\u00edtani a szabadban keletkez\u0151 t\u00fczek megel\u0151z\u00e9s\u00e9re. A vesz\u00e9lyt a sz\u00e1raz aljn\u00f6v\u00e9nyzet \u00e9s avar jelenti, amelyben k\u00f6nnyen \u00e9s gyorsan terjed a t\u0171z, k\u00fcl\u00f6n\u00f6sen er\u0151s sz\u00e9l eset\u00e9n. A szabadt\u00e9ri [&hellip;]<\/p>\n","protected":false},"author":1,"featured_media":9355,"comment_status":"closed","ping_status":"open","sticky":false,"template":"","format":"standard","meta":{"_editorskit_title_hidden":false,"_editorskit_reading_time":0,"_editorskit_is_block_options_detached":false,"_editorskit_block_options_position":"{}","_crdt_document":"","footnotes":""},"categories":[1],"tags":[],"post_folder":[],"class_list":["post-9352","post","type-post","status-publish","format-standard","has-post-thumbnail","hentry","category-hirek"],"yoast_head":"<!-- This site is optimized with the Yoast SEO plugin v27.4 - https:\/\/yoast.com\/product\/yoast-seo-wordpress\/ -->\n<title>Lakoss\u00e1gi felh\u00edv\u00e1s az erd\u0151- \u00e9s szabadt\u00e9ri t\u00fczek megel\u0151z\u00e9s\u00e9re<\/title>\n<meta name=\"robots\" content=\"index, follow, max-snippet:-1, max-image-preview:large, max-video-preview:-1\" \/>\n<link rel=\"canonical\" href=\"https:\/\/tiszacsege.hu\/?p=9352\" \/>\n<meta property=\"og:locale\" content=\"hu_HU\" \/>\n<meta property=\"og:type\" content=\"article\" \/>\n<meta property=\"og:title\" content=\"Lakoss\u00e1gi felh\u00edv\u00e1s az erd\u0151- \u00e9s szabadt\u00e9ri t\u00fczek megel\u0151z\u00e9s\u00e9re\" \/>\n<meta property=\"og:description\" content=\"LAKOSS\u00c1GI FELH\u00cdV\u00c1S \u00a0 az erd\u0151- \u00e9s szabadt\u00e9ri t\u00fczek megel\u0151z\u00e9s\u00e9re &nbsp; &nbsp; Az enyh\u00e9bb tavaszi id\u0151j\u00e1r\u00e1s bek\u00f6sz\u00f6nt\u00e9vel egyre t\u00f6bben v\u00e1lasztanak szabadt\u00e9ri programot \u00e9s tev\u00e9kenys\u00e9get, ennek sor\u00e1n fokozottabb figyelmet kell ford\u00edtani a szabadban keletkez\u0151 t\u00fczek megel\u0151z\u00e9s\u00e9re. A vesz\u00e9lyt a sz\u00e1raz aljn\u00f6v\u00e9nyzet \u00e9s avar jelenti, amelyben k\u00f6nnyen \u00e9s gyorsan terjed a t\u0171z, k\u00fcl\u00f6n\u00f6sen er\u0151s sz\u00e9l eset\u00e9n. A szabadt\u00e9ri [&hellip;]\" \/>\n<meta property=\"og:url\" content=\"https:\/\/tiszacsege.hu\/?p=9352\" \/>\n<meta property=\"og:site_name\" content=\"Tiszacsege\" \/>\n<meta property=\"article:publisher\" content=\"https:\/\/www.facebook.com\/tiszacsegeonkormanyzata\" \/>\n<meta property=\"article:published_time\" content=\"2016-04-07T07:13:12+00:00\" \/>\n<meta property=\"og:image\" content=\"https:\/\/tiszacsege.hu\/wp-content\/uploads\/2016\/04\/tarlo.jpg\" \/>\n\t<meta property=\"og:image:width\" content=\"640\" \/>\n\t<meta property=\"og:image:height\" content=\"473\" \/>\n\t<meta property=\"og:image:type\" content=\"image\/jpeg\" \/>\n<meta name=\"author\" content=\"admin\" \/>\n<meta name=\"twitter:card\" content=\"summary_large_image\" \/>\n<script type=\"application\/ld+json\" class=\"yoast-schema-graph\">{\"@context\":\"https:\\\/\\\/schema.org\",\"@graph\":[{\"@type\":\"Article\",\"@id\":\"https:\\\/\\\/tiszacsege.hu\\\/?p=9352#article\",\"isPartOf\":{\"@id\":\"https:\\\/\\\/tiszacsege.hu\\\/?p=9352\"},\"author\":{\"name\":\"admin\",\"@id\":\"https:\\\/\\\/tiszacsege.hu\\\/#\\\/schema\\\/person\\\/ff2f4e3a9747199f545a2cf351f25334\"},\"headline\":\"Lakoss\u00e1gi felh\u00edv\u00e1s az erd\u0151- \u00e9s szabadt\u00e9ri t\u00fczek megel\u0151z\u00e9s\u00e9re\",\"datePublished\":\"2016-04-07T07:13:12+00:00\",\"mainEntityOfPage\":{\"@id\":\"https:\\\/\\\/tiszacsege.hu\\\/?p=9352\"},\"wordCount\":699,\"publisher\":{\"@id\":\"https:\\\/\\\/tiszacsege.hu\\\/#organization\"},\"image\":{\"@id\":\"https:\\\/\\\/tiszacsege.hu\\\/?p=9352#primaryimage\"},\"thumbnailUrl\":\"https:\\\/\\\/tiszacsege.hu\\\/wp-content\\\/uploads\\\/2016\\\/04\\\/tarlo.jpg\",\"articleSection\":[\"Helyi h\u00edrek, t\u00e1j\u00e9koztat\u00f3k\"],\"inLanguage\":\"hu\"},{\"@type\":\"WebPage\",\"@id\":\"https:\\\/\\\/tiszacsege.hu\\\/?p=9352\",\"url\":\"https:\\\/\\\/tiszacsege.hu\\\/?p=9352\",\"name\":\"Lakoss\u00e1gi felh\u00edv\u00e1s az erd\u0151- \u00e9s szabadt\u00e9ri t\u00fczek megel\u0151z\u00e9s\u00e9re\",\"isPartOf\":{\"@id\":\"https:\\\/\\\/tiszacsege.hu\\\/#website\"},\"primaryImageOfPage\":{\"@id\":\"https:\\\/\\\/tiszacsege.hu\\\/?p=9352#primaryimage\"},\"image\":{\"@id\":\"https:\\\/\\\/tiszacsege.hu\\\/?p=9352#primaryimage\"},\"thumbnailUrl\":\"https:\\\/\\\/tiszacsege.hu\\\/wp-content\\\/uploads\\\/2016\\\/04\\\/tarlo.jpg\",\"datePublished\":\"2016-04-07T07:13:12+00:00\",\"breadcrumb\":{\"@id\":\"https:\\\/\\\/tiszacsege.hu\\\/?p=9352#breadcrumb\"},\"inLanguage\":\"hu\",\"potentialAction\":[{\"@type\":\"ReadAction\",\"target\":[\"https:\\\/\\\/tiszacsege.hu\\\/?p=9352\"]}]},{\"@type\":\"ImageObject\",\"inLanguage\":\"hu\",\"@id\":\"https:\\\/\\\/tiszacsege.hu\\\/?p=9352#primaryimage\",\"url\":\"https:\\\/\\\/tiszacsege.hu\\\/wp-content\\\/uploads\\\/2016\\\/04\\\/tarlo.jpg\",\"contentUrl\":\"https:\\\/\\\/tiszacsege.hu\\\/wp-content\\\/uploads\\\/2016\\\/04\\\/tarlo.jpg\",\"width\":640,\"height\":473},{\"@type\":\"BreadcrumbList\",\"@id\":\"https:\\\/\\\/tiszacsege.hu\\\/?p=9352#breadcrumb\",\"itemListElement\":[{\"@type\":\"ListItem\",\"position\":1,\"name\":\"Kezd\u0151lap\",\"item\":\"https:\\\/\\\/tiszacsege.hu\\\/\"},{\"@type\":\"ListItem\",\"position\":2,\"name\":\"Lakoss\u00e1gi felh\u00edv\u00e1s az erd\u0151- \u00e9s szabadt\u00e9ri t\u00fczek megel\u0151z\u00e9s\u00e9re\"}]},{\"@type\":\"WebSite\",\"@id\":\"https:\\\/\\\/tiszacsege.hu\\\/#website\",\"url\":\"https:\\\/\\\/tiszacsege.hu\\\/\",\"name\":\"Tiszacsege\",\"description\":\"Tiszacsege hivatalos honlapja\",\"publisher\":{\"@id\":\"https:\\\/\\\/tiszacsege.hu\\\/#organization\"},\"potentialAction\":[{\"@type\":\"SearchAction\",\"target\":{\"@type\":\"EntryPoint\",\"urlTemplate\":\"https:\\\/\\\/tiszacsege.hu\\\/?s={search_term_string}\"},\"query-input\":{\"@type\":\"PropertyValueSpecification\",\"valueRequired\":true,\"valueName\":\"search_term_string\"}}],\"inLanguage\":\"hu\"},{\"@type\":\"Organization\",\"@id\":\"https:\\\/\\\/tiszacsege.hu\\\/#organization\",\"name\":\"Tiszacsege\",\"url\":\"https:\\\/\\\/tiszacsege.hu\\\/\",\"logo\":{\"@type\":\"ImageObject\",\"inLanguage\":\"hu\",\"@id\":\"https:\\\/\\\/tiszacsege.hu\\\/#\\\/schema\\\/logo\\\/image\\\/\",\"url\":\"https:\\\/\\\/tiszacsege.hu\\\/wp-content\\\/uploads\\\/2020\\\/10\\\/tiszacsege_logo_rovid2-1.png\",\"contentUrl\":\"https:\\\/\\\/tiszacsege.hu\\\/wp-content\\\/uploads\\\/2020\\\/10\\\/tiszacsege_logo_rovid2-1.png\",\"width\":500,\"height\":150,\"caption\":\"Tiszacsege\"},\"image\":{\"@id\":\"https:\\\/\\\/tiszacsege.hu\\\/#\\\/schema\\\/logo\\\/image\\\/\"},\"sameAs\":[\"https:\\\/\\\/www.facebook.com\\\/tiszacsegeonkormanyzata\"]},{\"@type\":\"Person\",\"@id\":\"https:\\\/\\\/tiszacsege.hu\\\/#\\\/schema\\\/person\\\/ff2f4e3a9747199f545a2cf351f25334\",\"name\":\"admin\",\"image\":{\"@type\":\"ImageObject\",\"inLanguage\":\"hu\",\"@id\":\"https:\\\/\\\/secure.gravatar.com\\\/avatar\\\/52224ccae048f9be8fd8d745a33eff630818f8bd5c43790479a2754dcef4b69b?s=96&d=mm&r=g\",\"url\":\"https:\\\/\\\/secure.gravatar.com\\\/avatar\\\/52224ccae048f9be8fd8d745a33eff630818f8bd5c43790479a2754dcef4b69b?s=96&d=mm&r=g\",\"contentUrl\":\"https:\\\/\\\/secure.gravatar.com\\\/avatar\\\/52224ccae048f9be8fd8d745a33eff630818f8bd5c43790479a2754dcef4b69b?s=96&d=mm&r=g\",\"caption\":\"admin\"},\"url\":\"https:\\\/\\\/tiszacsege.hu\\\/?author=1\"}]}<\/script>\n<!-- \/ Yoast SEO plugin. -->","yoast_head_json":{"title":"Lakoss\u00e1gi felh\u00edv\u00e1s az erd\u0151- \u00e9s szabadt\u00e9ri t\u00fczek megel\u0151z\u00e9s\u00e9re","robots":{"index":"index","follow":"follow","max-snippet":"max-snippet:-1","max-image-preview":"max-image-preview:large","max-video-preview":"max-video-preview:-1"},"canonical":"https:\/\/tiszacsege.hu\/?p=9352","og_locale":"hu_HU","og_type":"article","og_title":"Lakoss\u00e1gi felh\u00edv\u00e1s az erd\u0151- \u00e9s szabadt\u00e9ri t\u00fczek megel\u0151z\u00e9s\u00e9re","og_description":"LAKOSS\u00c1GI FELH\u00cdV\u00c1S \u00a0 az erd\u0151- \u00e9s szabadt\u00e9ri t\u00fczek megel\u0151z\u00e9s\u00e9re &nbsp; &nbsp; Az enyh\u00e9bb tavaszi id\u0151j\u00e1r\u00e1s bek\u00f6sz\u00f6nt\u00e9vel egyre t\u00f6bben v\u00e1lasztanak szabadt\u00e9ri programot \u00e9s tev\u00e9kenys\u00e9get, ennek sor\u00e1n fokozottabb figyelmet kell ford\u00edtani a szabadban keletkez\u0151 t\u00fczek megel\u0151z\u00e9s\u00e9re. A vesz\u00e9lyt a sz\u00e1raz aljn\u00f6v\u00e9nyzet \u00e9s avar jelenti, amelyben k\u00f6nnyen \u00e9s gyorsan terjed a t\u0171z, k\u00fcl\u00f6n\u00f6sen er\u0151s sz\u00e9l eset\u00e9n. A szabadt\u00e9ri [&hellip;]","og_url":"https:\/\/tiszacsege.hu\/?p=9352","og_site_name":"Tiszacsege","article_publisher":"https:\/\/www.facebook.com\/tiszacsegeonkormanyzata","article_published_time":"2016-04-07T07:13:12+00:00","og_image":[{"width":640,"height":473,"url":"https:\/\/tiszacsege.hu\/wp-content\/uploads\/2016\/04\/tarlo.jpg","type":"image\/jpeg"}],"author":"admin","twitter_card":"summary_large_image","schema":{"@context":"https:\/\/schema.org","@graph":[{"@type":"Article","@id":"https:\/\/tiszacsege.hu\/?p=9352#article","isPartOf":{"@id":"https:\/\/tiszacsege.hu\/?p=9352"},"author":{"name":"admin","@id":"https:\/\/tiszacsege.hu\/#\/schema\/person\/ff2f4e3a9747199f545a2cf351f25334"},"headline":"Lakoss\u00e1gi felh\u00edv\u00e1s az erd\u0151- \u00e9s szabadt\u00e9ri t\u00fczek megel\u0151z\u00e9s\u00e9re","datePublished":"2016-04-07T07:13:12+00:00","mainEntityOfPage":{"@id":"https:\/\/tiszacsege.hu\/?p=9352"},"wordCount":699,"publisher":{"@id":"https:\/\/tiszacsege.hu\/#organization"},"image":{"@id":"https:\/\/tiszacsege.hu\/?p=9352#primaryimage"},"thumbnailUrl":"https:\/\/tiszacsege.hu\/wp-content\/uploads\/2016\/04\/tarlo.jpg","articleSection":["Helyi h\u00edrek, t\u00e1j\u00e9koztat\u00f3k"],"inLanguage":"hu"},{"@type":"WebPage","@id":"https:\/\/tiszacsege.hu\/?p=9352","url":"https:\/\/tiszacsege.hu\/?p=9352","name":"Lakoss\u00e1gi felh\u00edv\u00e1s az erd\u0151- \u00e9s szabadt\u00e9ri t\u00fczek megel\u0151z\u00e9s\u00e9re","isPartOf":{"@id":"https:\/\/tiszacsege.hu\/#website"},"primaryImageOfPage":{"@id":"https:\/\/tiszacsege.hu\/?p=9352#primaryimage"},"image":{"@id":"https:\/\/tiszacsege.hu\/?p=9352#primaryimage"},"thumbnailUrl":"https:\/\/tiszacsege.hu\/wp-content\/uploads\/2016\/04\/tarlo.jpg","datePublished":"2016-04-07T07:13:12+00:00","breadcrumb":{"@id":"https:\/\/tiszacsege.hu\/?p=9352#breadcrumb"},"inLanguage":"hu","potentialAction":[{"@type":"ReadAction","target":["https:\/\/tiszacsege.hu\/?p=9352"]}]},{"@type":"ImageObject","inLanguage":"hu","@id":"https:\/\/tiszacsege.hu\/?p=9352#primaryimage","url":"https:\/\/tiszacsege.hu\/wp-content\/uploads\/2016\/04\/tarlo.jpg","contentUrl":"https:\/\/tiszacsege.hu\/wp-content\/uploads\/2016\/04\/tarlo.jpg","width":640,"height":473},{"@type":"BreadcrumbList","@id":"https:\/\/tiszacsege.hu\/?p=9352#breadcrumb","itemListElement":[{"@type":"ListItem","position":1,"name":"Kezd\u0151lap","item":"https:\/\/tiszacsege.hu\/"},{"@type":"ListItem","position":2,"name":"Lakoss\u00e1gi felh\u00edv\u00e1s az erd\u0151- \u00e9s szabadt\u00e9ri t\u00fczek megel\u0151z\u00e9s\u00e9re"}]},{"@type":"WebSite","@id":"https:\/\/tiszacsege.hu\/#website","url":"https:\/\/tiszacsege.hu\/","name":"Tiszacsege","description":"Tiszacsege hivatalos honlapja","publisher":{"@id":"https:\/\/tiszacsege.hu\/#organization"},"potentialAction":[{"@type":"SearchAction","target":{"@type":"EntryPoint","urlTemplate":"https:\/\/tiszacsege.hu\/?s={search_term_string}"},"query-input":{"@type":"PropertyValueSpecification","valueRequired":true,"valueName":"search_term_string"}}],"inLanguage":"hu"},{"@type":"Organization","@id":"https:\/\/tiszacsege.hu\/#organization","name":"Tiszacsege","url":"https:\/\/tiszacsege.hu\/","logo":{"@type":"ImageObject","inLanguage":"hu","@id":"https:\/\/tiszacsege.hu\/#\/schema\/logo\/image\/","url":"https:\/\/tiszacsege.hu\/wp-content\/uploads\/2020\/10\/tiszacsege_logo_rovid2-1.png","contentUrl":"https:\/\/tiszacsege.hu\/wp-content\/uploads\/2020\/10\/tiszacsege_logo_rovid2-1.png","width":500,"height":150,"caption":"Tiszacsege"},"image":{"@id":"https:\/\/tiszacsege.hu\/#\/schema\/logo\/image\/"},"sameAs":["https:\/\/www.facebook.com\/tiszacsegeonkormanyzata"]},{"@type":"Person","@id":"https:\/\/tiszacsege.hu\/#\/schema\/person\/ff2f4e3a9747199f545a2cf351f25334","name":"admin","image":{"@type":"ImageObject","inLanguage":"hu","@id":"https:\/\/secure.gravatar.com\/avatar\/52224ccae048f9be8fd8d745a33eff630818f8bd5c43790479a2754dcef4b69b?s=96&d=mm&r=g","url":"https:\/\/secure.gravatar.com\/avatar\/52224ccae048f9be8fd8d745a33eff630818f8bd5c43790479a2754dcef4b69b?s=96&d=mm&r=g","contentUrl":"https:\/\/secure.gravatar.com\/avatar\/52224ccae048f9be8fd8d745a33eff630818f8bd5c43790479a2754dcef4b69b?s=96&d=mm&r=g","caption":"admin"},"url":"https:\/\/tiszacsege.hu\/?author=1"}]}},"_links":{"self":[{"href":"https:\/\/tiszacsege.hu\/index.php?rest_route=\/wp\/v2\/posts\/9352","targetHints":{"allow":["GET"]}}],"collection":[{"href":"https:\/\/tiszacsege.hu\/index.php?rest_route=\/wp\/v2\/posts"}],"about":[{"href":"https:\/\/tiszacsege.hu\/index.php?rest_route=\/wp\/v2\/types\/post"}],"author":[{"embeddable":true,"href":"https:\/\/tiszacsege.hu\/index.php?rest_route=\/wp\/v2\/users\/1"}],"replies":[{"embeddable":true,"href":"https:\/\/tiszacsege.hu\/index.php?rest_route=%2Fwp%2Fv2%2Fcomments&post=9352"}],"version-history":[{"count":1,"href":"https:\/\/tiszacsege.hu\/index.php?rest_route=\/wp\/v2\/posts\/9352\/revisions"}],"predecessor-version":[{"id":9353,"href":"https:\/\/tiszacsege.hu\/index.php?rest_route=\/wp\/v2\/posts\/9352\/revisions\/9353"}],"wp:featuredmedia":[{"embeddable":true,"href":"https:\/\/tiszacsege.hu\/index.php?rest_route=\/wp\/v2\/media\/9355"}],"wp:attachment":[{"href":"https:\/\/tiszacsege.hu\/index.php?rest_route=%2Fwp%2Fv2%2Fmedia&parent=9352"}],"wp:term":[{"taxonomy":"category","embeddable":true,"href":"https:\/\/tiszacsege.hu\/index.php?rest_route=%2Fwp%2Fv2%2Fcategories&post=9352"},{"taxonomy":"post_tag","embeddable":true,"href":"https:\/\/tiszacsege.hu\/index.php?rest_route=%2Fwp%2Fv2%2Ftags&post=9352"},{"taxonomy":"post_folder","embeddable":true,"href":"https:\/\/tiszacsege.hu\/index.php?rest_route=%2Fwp%2Fv2%2Fpost_folder&post=9352"}],"curies":[{"name":"wp","href":"https:\/\/api.w.org\/{rel}","templated":true}]}}